{"id":441252,"date":"2026-04-12T07:47:09","date_gmt":"2026-04-12T10:47:09","guid":{"rendered":"https:\/\/portaltela.pt\/noticias\/2026\/04\/12\/famosos-portugueses-marcam-presenca-no-coachella\/"},"modified":"2026-04-12T07:47:09","modified_gmt":"2026-04-12T10:47:09","slug":"famosos-portugueses-marcam-presenca-no-coachella","status":"publish","type":"post","link":"https:\/\/portaltela.pt\/celebridades\/2026\/04\/12\/famosos-portugueses-marcam-presenca-no-coachella\/","title":{"rendered":"Famosos portugueses marcam presen\u00e7a no Coachella"},"content":{"rendered":"<p>O Coachella Valley Music &amp; Arts Festival come\u00e7ou o primeiro fim de semana da edi\u00e7\u00e3o de 2026, na cidade de Indio, Calif\u00f3rnia, EUA. O festival abriu com Sabrina Carpenter como cabe\u00e7a de cartaz na sexta-feira, 10 de abril. No s\u00e1bado, o palco principal recebeu Justin Bieber, em um dos concertos mais aguardados do evento.<\/p>\n<p>A edi\u00e7\u00e3o mant\u00e9m a tradi\u00e7\u00e3o de atrair celebridades de todo o mundo para al\u00e9m da m\u00fasica, incluindo figuras bem conhecidas do p\u00fablico portugu\u00eas. O ambiente no recinto tem sido descrito pelas redes sociais como de grande anima\u00e7\u00e3o e estilo, com f\u00e3s a acompanhar em tempo real as atua\u00e7\u00f5es e apari\u00e7\u00f5es.<\/p>\n<h3>Celebridades portuguesas em destaque<\/h3>\n<p>Entre os nomes nacionais presentes, destacam-se Kika Cerqueira Gomes, o casal Mel Jord\u00e3o e Diogo Pi\u00e7arra, bem como Liliana Filipa. Mafalda Castro e Rui Sim\u00f5es tamb\u00e9m viajaram at\u00e9 aos Estados Unidos, juntando-se a Catarina Maia, Ana Marta Ferreira e \u00e0 supermodelo Sara Sampaio.<\/p>\n","protected":false},"excerpt":{"rendered":"<ul>\n<li>O Coachella Valley Music &amp; Arts Festival arrancou na edi\u00e7\u00e3o de 2026, em Indio, Calif\u00f3rnia, EUA, com Sabrina Carpenter a cabe\u00e7a de cartaz na sexta-feira, 10 de abril.<\/li>\n<li>No s\u00e1bado houve atua\u00e7\u00e3o de Justin Bieber no palco principal, num dos momentos mais aguardados do festival.<\/li>\n<li>Entre os celebridades portuguesas presentes destacam-se Kika Cerqueira Gomes, o casal Mel Jord\u00e3o e Diogo Pi\u00e7arra, Liliana Filipa, Mafalda Castro, Rui Sim\u00f5es, Catarina Maia, Ana Marta Ferreira e Sara Sampaio.<\/li>\n<li>As imagens partilhadas nas redes sociais mostram os famosos a aproveitar o ambiente e o estilo do evento, conhecido pela passadeira vermelha ao ar livre.<\/li>\n<li>O destaque da cobertura \u00e9 a presen\u00e7a de figuras nacionais que aderem ao glamour e \u00e0 atmosfera do Coachella, j\u00e1 nos primeiros dias do fim de semana.<\/li>\n<\/ul>\n","protected":false},"author":2,"featured_media":441256,"comment_status":"closed","ping_status":"closed","sticky":false,"template":"","format":"standard","meta":{"footnotes":""},"categories":[6675],"tags":[3259,145,78,81,5661,6037],"class_list":["post-441252","post","type-post","status-publish","format-standard","has-post-thumbnail","hentry","category-celebridades","tag-celebidades","tag-cultura","tag-famosos","tag-internacionais","tag-pessoas-publicas","tag-viagens-internacionais"],"yoast_head":"<!-- This site is optimized with the Yoast SEO plugin v27.2 - https:\/\/yoast.com\/product\/yoast-seo-wordpress\/ -->\n<title>Famosos portugueses marcam presen\u00e7a no Coachella - Portal Tela Portugal<\/title>\n<meta name=\"robots\" content=\"index, follow, max-snippet:-1, max-image-preview:large, max-video-preview:-1\" \/>\n<meta property=\"og:locale\" content=\"pt_PT\" \/>\n<meta property=\"og:type\" content=\"article\" \/>\n<meta property=\"og:title\" content=\"Famosos portugueses marcam presen\u00e7a no Coachella - Portal Tela Portugal\" \/>\n<meta property=\"og:description\" content=\"O Coachella Valley Music &amp; Arts Festival arrancou na edi\u00e7\u00e3o de 2026, em Indio, Calif\u00f3rnia, EUA, com Sabrina Carpenter a cabe\u00e7a de cartaz na sexta-feira, 10 de abril. No s\u00e1bado houve atua\u00e7\u00e3o de Justin Bieber no palco principal, num dos momentos mais aguardados do festival. Entre os celebridades portuguesas presentes destacam-se Kika Cerqueira Gomes, o casal Mel Jord\u00e3o e Diogo Pi\u00e7arra, Liliana Filipa, Mafalda Castro, Rui Sim\u00f5es, Catarina Maia, Ana Marta Ferreira e Sara Sampaio. As imagens partilhadas nas redes sociais mostram os famosos a aproveitar o ambiente e o estilo do evento, conhecido pela passadeira vermelha ao ar livre. O destaque da cobertura \u00e9 a presen\u00e7a de figuras nacionais que aderem ao glamour e \u00e0 atmosfera do Coachella, j\u00e1 nos primeiros dias do fim de semana.\" \/>\n<meta property=\"og:url\" content=\"https:\/\/portaltela.pt\/noticias\/2026\/04\/12\/famosos-portugueses-marcam-presenca-no-coachella\/\" \/>\n<meta property=\"og:site_name\" content=\"Portal Tela Portugal\" \/>\n<meta property=\"article:published_time\" content=\"2026-04-12T10:47:09+00:00\" \/>\n<meta name=\"author\" content=\"Telinha\" \/>\n<meta name=\"twitter:card\" content=\"summary_large_image\" \/>\n<meta name=\"twitter:label1\" content=\"Escrito por\" \/>\n\t<meta name=\"twitter:data1\" content=\"Telinha\" \/>\n\t<meta name=\"twitter:label2\" content=\"Tempo estimado de leitura\" \/>\n\t<meta name=\"twitter:data2\" content=\"1 minuto\" \/>\n<script type=\"application\/ld+json\" class=\"yoast-schema-graph\">{\"@context\":\"https:\/\/schema.org\",\"@graph\":[{\"@type\":\"Article\",\"@id\":\"https:\/\/portaltela.pt\/noticias\/2026\/04\/12\/famosos-portugueses-marcam-presenca-no-coachella\/#article\",\"isPartOf\":{\"@id\":\"https:\/\/portaltela.pt\/noticias\/2026\/04\/12\/famosos-portugueses-marcam-presenca-no-coachella\/\"},\"author\":{\"name\":\"Telinha\",\"@id\":\"https:\/\/portaltela.pt\/#\/schema\/person\/c4278d4a6028830caff9ee44b42d32ed\"},\"headline\":\"Famosos portugueses marcam presen\u00e7a no Coachella\",\"datePublished\":\"2026-04-12T10:47:09+00:00\",\"mainEntityOfPage\":{\"@id\":\"https:\/\/portaltela.pt\/noticias\/2026\/04\/12\/famosos-portugueses-marcam-presenca-no-coachella\/\"},\"wordCount\":175,\"image\":{\"@id\":\"https:\/\/portaltela.pt\/noticias\/2026\/04\/12\/famosos-portugueses-marcam-presenca-no-coachella\/#primaryimage\"},\"thumbnailUrl\":\"https:\/\/portaltela.pt\/s.01k8rhncp4jt1\/2026\/04\/img_1280x718uu2025-04-22-22-45-35-2204482-im-638822048239269166.jpg\",\"keywords\":[\"celebidades\",\"cultura\",\"famosos\",\"internacionais\",\"pessoas p\u00fablicas\",\"viagens internacionais\"],\"articleSection\":[\"Celebridades\"],\"inLanguage\":\"pt-PT\"},{\"@type\":\"WebPage\",\"@id\":\"https:\/\/portaltela.pt\/noticias\/2026\/04\/12\/famosos-portugueses-marcam-presenca-no-coachella\/\",\"url\":\"https:\/\/portaltela.pt\/noticias\/2026\/04\/12\/famosos-portugueses-marcam-presenca-no-coachella\/\",\"name\":\"Famosos portugueses marcam presen\u00e7a no Coachella - Portal Tela Portugal\",\"isPartOf\":{\"@id\":\"https:\/\/portaltela.pt\/#website\"},\"primaryImageOfPage\":{\"@id\":\"https:\/\/portaltela.pt\/noticias\/2026\/04\/12\/famosos-portugueses-marcam-presenca-no-coachella\/#primaryimage\"},\"image\":{\"@id\":\"https:\/\/portaltela.pt\/noticias\/2026\/04\/12\/famosos-portugueses-marcam-presenca-no-coachella\/#primaryimage\"},\"thumbnailUrl\":\"https:\/\/portaltela.pt\/s.01k8rhncp4jt1\/2026\/04\/img_1280x718uu2025-04-22-22-45-35-2204482-im-638822048239269166.jpg\",\"datePublished\":\"2026-04-12T10:47:09+00:00\",\"author\":{\"@id\":\"https:\/\/portaltela.pt\/#\/schema\/person\/c4278d4a6028830caff9ee44b42d32ed\"},\"breadcrumb\":{\"@id\":\"https:\/\/portaltela.pt\/noticias\/2026\/04\/12\/famosos-portugueses-marcam-presenca-no-coachella\/#breadcrumb\"},\"inLanguage\":\"pt-PT\",\"potentialAction\":[{\"@type\":\"ReadAction\",\"target\":[\"https:\/\/portaltela.pt\/noticias\/2026\/04\/12\/famosos-portugueses-marcam-presenca-no-coachella\/\"]}]},{\"@type\":\"ImageObject\",\"inLanguage\":\"pt-PT\",\"@id\":\"https:\/\/portaltela.pt\/noticias\/2026\/04\/12\/famosos-portugueses-marcam-presenca-no-coachella\/#primaryimage\",\"url\":\"https:\/\/portaltela.pt\/s.01k8rhncp4jt1\/2026\/04\/img_1280x718uu2025-04-22-22-45-35-2204482-im-638822048239269166.jpg\",\"contentUrl\":\"https:\/\/portaltela.pt\/s.01k8rhncp4jt1\/2026\/04\/img_1280x718uu2025-04-22-22-45-35-2204482-im-638822048239269166.jpg\",\"width\":796,\"height\":448,\"caption\":\"Photo\"},{\"@type\":\"BreadcrumbList\",\"@id\":\"https:\/\/portaltela.pt\/noticias\/2026\/04\/12\/famosos-portugueses-marcam-presenca-no-coachella\/#breadcrumb\",\"itemListElement\":[{\"@type\":\"ListItem\",\"position\":1,\"name\":\"In\u00edcio\",\"item\":\"https:\/\/portaltela.pt\/\"},{\"@type\":\"ListItem\",\"position\":2,\"name\":\"Famosos portugueses marcam presen\u00e7a no Coachella\"}]},{\"@type\":\"WebSite\",\"@id\":\"https:\/\/portaltela.pt\/#website\",\"url\":\"https:\/\/portaltela.pt\/\",\"name\":\"Portal Tela Portugal\",\"description\":\"\",\"potentialAction\":[{\"@type\":\"SearchAction\",\"target\":{\"@type\":\"EntryPoint\",\"urlTemplate\":\"https:\/\/portaltela.pt\/?s={search_term_string}\"},\"query-input\":{\"@type\":\"PropertyValueSpecification\",\"valueRequired\":true,\"valueName\":\"search_term_string\"}}],\"inLanguage\":\"pt-PT\"},{\"@type\":\"Person\",\"@id\":\"https:\/\/portaltela.pt\/#\/schema\/person\/c4278d4a6028830caff9ee44b42d32ed\",\"name\":\"Telinha\",\"image\":{\"@type\":\"ImageObject\",\"inLanguage\":\"pt-PT\",\"@id\":\"https:\/\/portaltela.pt\/s.01k8rhncp4jt1\/2025\/11\/talking-bot-125x125.png\",\"url\":\"https:\/\/portaltela.pt\/s.01k8rhncp4jt1\/2025\/11\/talking-bot-125x125.png\",\"contentUrl\":\"https:\/\/portaltela.pt\/s.01k8rhncp4jt1\/2025\/11\/talking-bot-125x125.png\",\"caption\":\"Telinha\"},\"sameAs\":[\"https:\/\/portaltela.pt\/\"],\"url\":\"https:\/\/portaltela.pt\/por\/367410592786\/\"}]}<\/script>\n<!-- \/ Yoast SEO plugin. -->","yoast_head_json":{"title":"Famosos portugueses marcam presen\u00e7a no Coachella - Portal Tela Portugal","robots":{"index":"index","follow":"follow","max-snippet":"max-snippet:-1","max-image-preview":"max-image-preview:large","max-video-preview":"max-video-preview:-1"},"og_locale":"pt_PT","og_type":"article","og_title":"Famosos portugueses marcam presen\u00e7a no Coachella - Portal Tela Portugal","og_description":"O Coachella Valley Music &amp; Arts Festival arrancou na edi\u00e7\u00e3o de 2026, em Indio, Calif\u00f3rnia, EUA, com Sabrina Carpenter a cabe\u00e7a de cartaz na sexta-feira, 10 de abril. No s\u00e1bado houve atua\u00e7\u00e3o de Justin Bieber no palco principal, num dos momentos mais aguardados do festival. Entre os celebridades portuguesas presentes destacam-se Kika Cerqueira Gomes, o casal Mel Jord\u00e3o e Diogo Pi\u00e7arra, Liliana Filipa, Mafalda Castro, Rui Sim\u00f5es, Catarina Maia, Ana Marta Ferreira e Sara Sampaio. As imagens partilhadas nas redes sociais mostram os famosos a aproveitar o ambiente e o estilo do evento, conhecido pela passadeira vermelha ao ar livre. O destaque da cobertura \u00e9 a presen\u00e7a de figuras nacionais que aderem ao glamour e \u00e0 atmosfera do Coachella, j\u00e1 nos primeiros dias do fim de semana.","og_url":"https:\/\/portaltela.pt\/noticias\/2026\/04\/12\/famosos-portugueses-marcam-presenca-no-coachella\/","og_site_name":"Portal Tela Portugal","article_published_time":"2026-04-12T10:47:09+00:00","author":"Telinha","twitter_card":"summary_large_image","twitter_misc":{"Escrito por":"Telinha","Tempo estimado de leitura":"1 minuto"},"schema":{"@context":"https:\/\/schema.org","@graph":[{"@type":"Article","@id":"https:\/\/portaltela.pt\/noticias\/2026\/04\/12\/famosos-portugueses-marcam-presenca-no-coachella\/#article","isPartOf":{"@id":"https:\/\/portaltela.pt\/noticias\/2026\/04\/12\/famosos-portugueses-marcam-presenca-no-coachella\/"},"author":{"name":"Telinha","@id":"https:\/\/portaltela.pt\/#\/schema\/person\/c4278d4a6028830caff9ee44b42d32ed"},"headline":"Famosos portugueses marcam presen\u00e7a no Coachella","datePublished":"2026-04-12T10:47:09+00:00","mainEntityOfPage":{"@id":"https:\/\/portaltela.pt\/noticias\/2026\/04\/12\/famosos-portugueses-marcam-presenca-no-coachella\/"},"wordCount":175,"image":{"@id":"https:\/\/portaltela.pt\/noticias\/2026\/04\/12\/famosos-portugueses-marcam-presenca-no-coachella\/#primaryimage"},"thumbnailUrl":"https:\/\/portaltela.pt\/s.01k8rhncp4jt1\/2026\/04\/img_1280x718uu2025-04-22-22-45-35-2204482-im-638822048239269166.jpg","keywords":["celebidades","cultura","famosos","internacionais","pessoas p\u00fablicas","viagens internacionais"],"articleSection":["Celebridades"],"inLanguage":"pt-PT"},{"@type":"WebPage","@id":"https:\/\/portaltela.pt\/noticias\/2026\/04\/12\/famosos-portugueses-marcam-presenca-no-coachella\/","url":"https:\/\/portaltela.pt\/noticias\/2026\/04\/12\/famosos-portugueses-marcam-presenca-no-coachella\/","name":"Famosos portugueses marcam presen\u00e7a no Coachella - Portal Tela Portugal","isPartOf":{"@id":"https:\/\/portaltela.pt\/#website"},"primaryImageOfPage":{"@id":"https:\/\/portaltela.pt\/noticias\/2026\/04\/12\/famosos-portugueses-marcam-presenca-no-coachella\/#primaryimage"},"image":{"@id":"https:\/\/portaltela.pt\/noticias\/2026\/04\/12\/famosos-portugueses-marcam-presenca-no-coachella\/#primaryimage"},"thumbnailUrl":"https:\/\/portaltela.pt\/s.01k8rhncp4jt1\/2026\/04\/img_1280x718uu2025-04-22-22-45-35-2204482-im-638822048239269166.jpg","datePublished":"2026-04-12T10:47:09+00:00","author":{"@id":"https:\/\/portaltela.pt\/#\/schema\/person\/c4278d4a6028830caff9ee44b42d32ed"},"breadcrumb":{"@id":"https:\/\/portaltela.pt\/noticias\/2026\/04\/12\/famosos-portugueses-marcam-presenca-no-coachella\/#breadcrumb"},"inLanguage":"pt-PT","potentialAction":[{"@type":"ReadAction","target":["https:\/\/portaltela.pt\/noticias\/2026\/04\/12\/famosos-portugueses-marcam-presenca-no-coachella\/"]}]},{"@type":"ImageObject","inLanguage":"pt-PT","@id":"https:\/\/portaltela.pt\/noticias\/2026\/04\/12\/famosos-portugueses-marcam-presenca-no-coachella\/#primaryimage","url":"https:\/\/portaltela.pt\/s.01k8rhncp4jt1\/2026\/04\/img_1280x718uu2025-04-22-22-45-35-2204482-im-638822048239269166.jpg","contentUrl":"https:\/\/portaltela.pt\/s.01k8rhncp4jt1\/2026\/04\/img_1280x718uu2025-04-22-22-45-35-2204482-im-638822048239269166.jpg","width":796,"height":448,"caption":"Photo"},{"@type":"BreadcrumbList","@id":"https:\/\/portaltela.pt\/noticias\/2026\/04\/12\/famosos-portugueses-marcam-presenca-no-coachella\/#breadcrumb","itemListElement":[{"@type":"ListItem","position":1,"name":"In\u00edcio","item":"https:\/\/portaltela.pt\/"},{"@type":"ListItem","position":2,"name":"Famosos portugueses marcam presen\u00e7a no Coachella"}]},{"@type":"WebSite","@id":"https:\/\/portaltela.pt\/#website","url":"https:\/\/portaltela.pt\/","name":"Portal Tela Portugal","description":"","potentialAction":[{"@type":"SearchAction","target":{"@type":"EntryPoint","urlTemplate":"https:\/\/portaltela.pt\/?s={search_term_string}"},"query-input":{"@type":"PropertyValueSpecification","valueRequired":true,"valueName":"search_term_string"}}],"inLanguage":"pt-PT"},{"@type":"Person","@id":"https:\/\/portaltela.pt\/#\/schema\/person\/c4278d4a6028830caff9ee44b42d32ed","name":"Telinha","image":{"@type":"ImageObject","inLanguage":"pt-PT","@id":"https:\/\/portaltela.pt\/s.01k8rhncp4jt1\/2025\/11\/talking-bot-125x125.png","url":"https:\/\/portaltela.pt\/s.01k8rhncp4jt1\/2025\/11\/talking-bot-125x125.png","contentUrl":"https:\/\/portaltela.pt\/s.01k8rhncp4jt1\/2025\/11\/talking-bot-125x125.png","caption":"Telinha"},"sameAs":["https:\/\/portaltela.pt\/"],"url":"https:\/\/portaltela.pt\/por\/367410592786\/"}]}},"_links":{"self":[{"href":"https:\/\/portaltela.pt\/api\/wp\/v2\/posts\/441252","targetHints":{"allow":["GET"]}}],"collection":[{"href":"https:\/\/portaltela.pt\/api\/wp\/v2\/posts"}],"about":[{"href":"https:\/\/portaltela.pt\/api\/wp\/v2\/types\/post"}],"author":[{"embeddable":true,"href":"https:\/\/portaltela.pt\/api\/wp\/v2\/users\/2"}],"replies":[{"embeddable":true,"href":"https:\/\/portaltela.pt\/api\/wp\/v2\/comments?post=441252"}],"version-history":[{"count":0,"href":"https:\/\/portaltela.pt\/api\/wp\/v2\/posts\/441252\/revisions"}],"wp:featuredmedia":[{"embeddable":true,"href":"https:\/\/portaltela.pt\/api\/wp\/v2\/media\/441256"}],"wp:attachment":[{"href":"https:\/\/portaltela.pt\/api\/wp\/v2\/media?parent=441252"}],"wp:term":[{"taxonomy":"category","embeddable":true,"href":"https:\/\/portaltela.pt\/api\/wp\/v2\/categories?post=441252"},{"taxonomy":"post_tag","embeddable":true,"href":"https:\/\/portaltela.pt\/api\/wp\/v2\/tags?post=441252"}],"curies":[{"name":"wp","href":"https:\/\/api.w.org\/{rel}","templated":true}]}}