{"id":441251,"date":"2026-04-12T07:47:09","date_gmt":"2026-04-12T10:47:09","guid":{"rendered":"https:\/\/portaltela.pt\/noticias\/2026\/04\/12\/observadores-internacionais-registam-forte-afluencia-as-urnas-na-hungria\/"},"modified":"2026-04-12T07:47:09","modified_gmt":"2026-04-12T10:47:09","slug":"observadores-internacionais-registam-forte-afluencia-as-urnas-na-hungria","status":"publish","type":"post","link":"https:\/\/portaltela.pt\/internacionais\/2026\/04\/12\/observadores-internacionais-registam-forte-afluencia-as-urnas-na-hungria\/","title":{"rendered":"Observadores internacionais registam forte aflu\u00eancia \u00e0s urnas na Hungria"},"content":{"rendered":"<p>Observadores internacionais registaram hoje uma forte aflu\u00eancia \u00e0s urnas na Hungria, onde decorrem as elei\u00e7\u00f5es legislativas. A vota\u00e7\u00e3o acontece numa altura de grande aten\u00e7\u00e3o internacional, com uma miss\u00e3o da OSCE a acompanhar o processo.<\/p>\n<p>A chefe da delega\u00e7\u00e3o da AP-OSCE, a deputada brit\u00e2nica Rupa Huq, destacou o \u201cgrande interesse regional\u201d nas elei\u00e7\u00f5es. Ela acompanhou a abertura de mesas de voto numa escola de Pest, em Budapeste, com outros membros da equipa.<\/p>\n<p>Relatos de campo indicam que as filas eram longas desde as primeiras horas. A ag\u00eancia observadora refere uma participa\u00e7\u00e3o de v\u00e1rias faixas et\u00e1rias, incluindo cidad\u00e3os com 95 anos, sinalizando mobiliza\u00e7\u00e3o p\u00fablica.<\/p>\n<p>A vota\u00e7\u00e3o envolve cerca de oito milh\u00f5es de eleitores, que poder\u00e3o decidir se o atual governo liderado por Viktor Orb\u00e1n mant\u00e9m o poder. O escrut\u00ednio \u00e9 visto como um momento crucial para o cen\u00e1rio pol\u00edtico h\u00fangaro.<\/p>\n<p>Os observadores destacam a import\u00e2ncia da elei\u00e7\u00e3o e o interesse regional, sublinhando que o acompanhamento pretende assegurar transpar\u00eancia e igualdade de condi\u00e7\u00f5es durante o processo.<\/p>\n","protected":false},"excerpt":{"rendered":"<ul>\n<li>Observadores internacionais registaram forte aflu\u00eancia \u00e0s urnas nas legislativas da Hungria neste domingo, numa elei\u00e7\u00e3o acompanhada pela OSCE com uma das maiores miss\u00f5es de sempre.<\/li>\n<li>A deputada brit\u00e2nica Rupa Huq, chefe da delega\u00e7\u00e3o da AP-OSCE, destacou um &#8220;grande interesse regional&#8221; e afirmou que h\u00e1 voto em todas as idades.<\/li>\n<li>A equipa visitou a abertura em uma escola em Pest, acompanhada por outros membros, e observou filas desde as seis da manh\u00e3.<\/li>\n<li>A elei\u00e7\u00e3o \u00e9 considerada importante e parece haver vontade de votar, segundo a chefe da delega\u00e7\u00e3o.<\/li>\n<li>Est\u00e3o chamados aos boletins cerca de oito milh\u00f5es de eleitores, numa vota\u00e7\u00e3o que pode retirar o primeiro-ministro Viktor Orb\u00e1n do poder.<\/li>\n<\/ul>\n","protected":false},"author":2,"featured_media":441255,"comment_status":"closed","ping_status":"closed","sticky":false,"template":"","format":"standard","meta":{"footnotes":""},"categories":[6912],"tags":[68,2579,4756,5259,2832,4536],"class_list":["post-441251","post","type-post","status-publish","format-standard","has-post-thumbnail","hentry","category-internacionais","tag-eleicoes","tag-hungria","tag-observacao-internacional","tag-observadores-internacionais","tag-politica","tag-seguranca"],"yoast_head":"<!-- This site is optimized with the Yoast SEO plugin v27.2 - https:\/\/yoast.com\/product\/yoast-seo-wordpress\/ -->\n<title>Observadores internacionais registam forte aflu\u00eancia \u00e0s urnas na Hungria - Portal Tela Portugal<\/title>\n<meta name=\"robots\" content=\"index, follow, max-snippet:-1, max-image-preview:large, max-video-preview:-1\" \/>\n<meta property=\"og:locale\" content=\"pt_PT\" \/>\n<meta property=\"og:type\" content=\"article\" \/>\n<meta property=\"og:title\" content=\"Observadores internacionais registam forte aflu\u00eancia \u00e0s urnas na Hungria - Portal Tela Portugal\" \/>\n<meta property=\"og:description\" content=\"Observadores internacionais registaram forte aflu\u00eancia \u00e0s urnas nas legislativas da Hungria neste domingo, numa elei\u00e7\u00e3o acompanhada pela OSCE com uma das maiores miss\u00f5es de sempre. A deputada brit\u00e2nica Rupa Huq, chefe da delega\u00e7\u00e3o da AP-OSCE, destacou um &quot;grande interesse regional&quot; e afirmou que h\u00e1 voto em todas as idades. A equipa visitou a abertura em uma escola em Pest, acompanhada por outros membros, e observou filas desde as seis da manh\u00e3. A elei\u00e7\u00e3o \u00e9 considerada importante e parece haver vontade de votar, segundo a chefe da delega\u00e7\u00e3o. Est\u00e3o chamados aos boletins cerca de oito milh\u00f5es de eleitores, numa vota\u00e7\u00e3o que pode retirar o primeiro-ministro Viktor Orb\u00e1n do poder.\" \/>\n<meta property=\"og:url\" content=\"https:\/\/portaltela.pt\/noticias\/2026\/04\/12\/observadores-internacionais-registam-forte-afluencia-as-urnas-na-hungria\/\" \/>\n<meta property=\"og:site_name\" content=\"Portal Tela Portugal\" \/>\n<meta property=\"article:published_time\" content=\"2026-04-12T10:47:09+00:00\" \/>\n<meta name=\"author\" content=\"Telinha\" \/>\n<meta name=\"twitter:card\" content=\"summary_large_image\" \/>\n<meta name=\"twitter:label1\" content=\"Escrito por\" \/>\n\t<meta name=\"twitter:data1\" content=\"Telinha\" \/>\n\t<meta name=\"twitter:label2\" content=\"Tempo estimado de leitura\" \/>\n\t<meta name=\"twitter:data2\" content=\"1 minuto\" \/>\n<script type=\"application\/ld+json\" class=\"yoast-schema-graph\">{\"@context\":\"https:\/\/schema.org\",\"@graph\":[{\"@type\":\"Article\",\"@id\":\"https:\/\/portaltela.pt\/noticias\/2026\/04\/12\/observadores-internacionais-registam-forte-afluencia-as-urnas-na-hungria\/#article\",\"isPartOf\":{\"@id\":\"https:\/\/portaltela.pt\/noticias\/2026\/04\/12\/observadores-internacionais-registam-forte-afluencia-as-urnas-na-hungria\/\"},\"author\":{\"name\":\"Telinha\",\"@id\":\"https:\/\/portaltela.pt\/#\/schema\/person\/c4278d4a6028830caff9ee44b42d32ed\"},\"headline\":\"Observadores internacionais registam forte aflu\u00eancia \u00e0s urnas na Hungria\",\"datePublished\":\"2026-04-12T10:47:09+00:00\",\"mainEntityOfPage\":{\"@id\":\"https:\/\/portaltela.pt\/noticias\/2026\/04\/12\/observadores-internacionais-registam-forte-afluencia-as-urnas-na-hungria\/\"},\"wordCount\":199,\"image\":{\"@id\":\"https:\/\/portaltela.pt\/noticias\/2026\/04\/12\/observadores-internacionais-registam-forte-afluencia-as-urnas-na-hungria\/#primaryimage\"},\"thumbnailUrl\":\"https:\/\/portaltela.pt\/s.01k8rhncp4jt1\/2026\/04\/img_1500x1000uu2026-04-12-11-33-26-2278060.jpg\",\"keywords\":[\"elei\u00e7\u00f5es\",\"Hungria\",\"observa\u00e7\u00e3o internacional\",\"observadores internacionais\",\"pol\u00edtica\",\"seguran\u00e7a\"],\"articleSection\":[\"Internacionais\"],\"inLanguage\":\"pt-PT\"},{\"@type\":\"WebPage\",\"@id\":\"https:\/\/portaltela.pt\/noticias\/2026\/04\/12\/observadores-internacionais-registam-forte-afluencia-as-urnas-na-hungria\/\",\"url\":\"https:\/\/portaltela.pt\/noticias\/2026\/04\/12\/observadores-internacionais-registam-forte-afluencia-as-urnas-na-hungria\/\",\"name\":\"Observadores internacionais registam forte aflu\u00eancia \u00e0s urnas na Hungria - Portal Tela Portugal\",\"isPartOf\":{\"@id\":\"https:\/\/portaltela.pt\/#website\"},\"primaryImageOfPage\":{\"@id\":\"https:\/\/portaltela.pt\/noticias\/2026\/04\/12\/observadores-internacionais-registam-forte-afluencia-as-urnas-na-hungria\/#primaryimage\"},\"image\":{\"@id\":\"https:\/\/portaltela.pt\/noticias\/2026\/04\/12\/observadores-internacionais-registam-forte-afluencia-as-urnas-na-hungria\/#primaryimage\"},\"thumbnailUrl\":\"https:\/\/portaltela.pt\/s.01k8rhncp4jt1\/2026\/04\/img_1500x1000uu2026-04-12-11-33-26-2278060.jpg\",\"datePublished\":\"2026-04-12T10:47:09+00:00\",\"author\":{\"@id\":\"https:\/\/portaltela.pt\/#\/schema\/person\/c4278d4a6028830caff9ee44b42d32ed\"},\"breadcrumb\":{\"@id\":\"https:\/\/portaltela.pt\/noticias\/2026\/04\/12\/observadores-internacionais-registam-forte-afluencia-as-urnas-na-hungria\/#breadcrumb\"},\"inLanguage\":\"pt-PT\",\"potentialAction\":[{\"@type\":\"ReadAction\",\"target\":[\"https:\/\/portaltela.pt\/noticias\/2026\/04\/12\/observadores-internacionais-registam-forte-afluencia-as-urnas-na-hungria\/\"]}]},{\"@type\":\"ImageObject\",\"inLanguage\":\"pt-PT\",\"@id\":\"https:\/\/portaltela.pt\/noticias\/2026\/04\/12\/observadores-internacionais-registam-forte-afluencia-as-urnas-na-hungria\/#primaryimage\",\"url\":\"https:\/\/portaltela.pt\/s.01k8rhncp4jt1\/2026\/04\/img_1500x1000uu2026-04-12-11-33-26-2278060.jpg\",\"contentUrl\":\"https:\/\/portaltela.pt\/s.01k8rhncp4jt1\/2026\/04\/img_1500x1000uu2026-04-12-11-33-26-2278060.jpg\",\"width\":796,\"height\":448,\"caption\":\"H\u00fangaros votam nas elei\u00e7\u00f5es legislativas\"},{\"@type\":\"BreadcrumbList\",\"@id\":\"https:\/\/portaltela.pt\/noticias\/2026\/04\/12\/observadores-internacionais-registam-forte-afluencia-as-urnas-na-hungria\/#breadcrumb\",\"itemListElement\":[{\"@type\":\"ListItem\",\"position\":1,\"name\":\"In\u00edcio\",\"item\":\"https:\/\/portaltela.pt\/\"},{\"@type\":\"ListItem\",\"position\":2,\"name\":\"Observadores internacionais registam forte aflu\u00eancia \u00e0s urnas na Hungria\"}]},{\"@type\":\"WebSite\",\"@id\":\"https:\/\/portaltela.pt\/#website\",\"url\":\"https:\/\/portaltela.pt\/\",\"name\":\"Portal Tela Portugal\",\"description\":\"\",\"potentialAction\":[{\"@type\":\"SearchAction\",\"target\":{\"@type\":\"EntryPoint\",\"urlTemplate\":\"https:\/\/portaltela.pt\/?s={search_term_string}\"},\"query-input\":{\"@type\":\"PropertyValueSpecification\",\"valueRequired\":true,\"valueName\":\"search_term_string\"}}],\"inLanguage\":\"pt-PT\"},{\"@type\":\"Person\",\"@id\":\"https:\/\/portaltela.pt\/#\/schema\/person\/c4278d4a6028830caff9ee44b42d32ed\",\"name\":\"Telinha\",\"image\":{\"@type\":\"ImageObject\",\"inLanguage\":\"pt-PT\",\"@id\":\"https:\/\/portaltela.pt\/s.01k8rhncp4jt1\/2025\/11\/talking-bot-125x125.png\",\"url\":\"https:\/\/portaltela.pt\/s.01k8rhncp4jt1\/2025\/11\/talking-bot-125x125.png\",\"contentUrl\":\"https:\/\/portaltela.pt\/s.01k8rhncp4jt1\/2025\/11\/talking-bot-125x125.png\",\"caption\":\"Telinha\"},\"sameAs\":[\"https:\/\/portaltela.pt\/\"],\"url\":\"https:\/\/portaltela.pt\/por\/367410592786\/\"}]}<\/script>\n<!-- \/ Yoast SEO plugin. -->","yoast_head_json":{"title":"Observadores internacionais registam forte aflu\u00eancia \u00e0s urnas na Hungria - Portal Tela Portugal","robots":{"index":"index","follow":"follow","max-snippet":"max-snippet:-1","max-image-preview":"max-image-preview:large","max-video-preview":"max-video-preview:-1"},"og_locale":"pt_PT","og_type":"article","og_title":"Observadores internacionais registam forte aflu\u00eancia \u00e0s urnas na Hungria - Portal Tela Portugal","og_description":"Observadores internacionais registaram forte aflu\u00eancia \u00e0s urnas nas legislativas da Hungria neste domingo, numa elei\u00e7\u00e3o acompanhada pela OSCE com uma das maiores miss\u00f5es de sempre. A deputada brit\u00e2nica Rupa Huq, chefe da delega\u00e7\u00e3o da AP-OSCE, destacou um \"grande interesse regional\" e afirmou que h\u00e1 voto em todas as idades. A equipa visitou a abertura em uma escola em Pest, acompanhada por outros membros, e observou filas desde as seis da manh\u00e3. A elei\u00e7\u00e3o \u00e9 considerada importante e parece haver vontade de votar, segundo a chefe da delega\u00e7\u00e3o. Est\u00e3o chamados aos boletins cerca de oito milh\u00f5es de eleitores, numa vota\u00e7\u00e3o que pode retirar o primeiro-ministro Viktor Orb\u00e1n do poder.","og_url":"https:\/\/portaltela.pt\/noticias\/2026\/04\/12\/observadores-internacionais-registam-forte-afluencia-as-urnas-na-hungria\/","og_site_name":"Portal Tela Portugal","article_published_time":"2026-04-12T10:47:09+00:00","author":"Telinha","twitter_card":"summary_large_image","twitter_misc":{"Escrito por":"Telinha","Tempo estimado de leitura":"1 minuto"},"schema":{"@context":"https:\/\/schema.org","@graph":[{"@type":"Article","@id":"https:\/\/portaltela.pt\/noticias\/2026\/04\/12\/observadores-internacionais-registam-forte-afluencia-as-urnas-na-hungria\/#article","isPartOf":{"@id":"https:\/\/portaltela.pt\/noticias\/2026\/04\/12\/observadores-internacionais-registam-forte-afluencia-as-urnas-na-hungria\/"},"author":{"name":"Telinha","@id":"https:\/\/portaltela.pt\/#\/schema\/person\/c4278d4a6028830caff9ee44b42d32ed"},"headline":"Observadores internacionais registam forte aflu\u00eancia \u00e0s urnas na Hungria","datePublished":"2026-04-12T10:47:09+00:00","mainEntityOfPage":{"@id":"https:\/\/portaltela.pt\/noticias\/2026\/04\/12\/observadores-internacionais-registam-forte-afluencia-as-urnas-na-hungria\/"},"wordCount":199,"image":{"@id":"https:\/\/portaltela.pt\/noticias\/2026\/04\/12\/observadores-internacionais-registam-forte-afluencia-as-urnas-na-hungria\/#primaryimage"},"thumbnailUrl":"https:\/\/portaltela.pt\/s.01k8rhncp4jt1\/2026\/04\/img_1500x1000uu2026-04-12-11-33-26-2278060.jpg","keywords":["elei\u00e7\u00f5es","Hungria","observa\u00e7\u00e3o internacional","observadores internacionais","pol\u00edtica","seguran\u00e7a"],"articleSection":["Internacionais"],"inLanguage":"pt-PT"},{"@type":"WebPage","@id":"https:\/\/portaltela.pt\/noticias\/2026\/04\/12\/observadores-internacionais-registam-forte-afluencia-as-urnas-na-hungria\/","url":"https:\/\/portaltela.pt\/noticias\/2026\/04\/12\/observadores-internacionais-registam-forte-afluencia-as-urnas-na-hungria\/","name":"Observadores internacionais registam forte aflu\u00eancia \u00e0s urnas na Hungria - Portal Tela Portugal","isPartOf":{"@id":"https:\/\/portaltela.pt\/#website"},"primaryImageOfPage":{"@id":"https:\/\/portaltela.pt\/noticias\/2026\/04\/12\/observadores-internacionais-registam-forte-afluencia-as-urnas-na-hungria\/#primaryimage"},"image":{"@id":"https:\/\/portaltela.pt\/noticias\/2026\/04\/12\/observadores-internacionais-registam-forte-afluencia-as-urnas-na-hungria\/#primaryimage"},"thumbnailUrl":"https:\/\/portaltela.pt\/s.01k8rhncp4jt1\/2026\/04\/img_1500x1000uu2026-04-12-11-33-26-2278060.jpg","datePublished":"2026-04-12T10:47:09+00:00","author":{"@id":"https:\/\/portaltela.pt\/#\/schema\/person\/c4278d4a6028830caff9ee44b42d32ed"},"breadcrumb":{"@id":"https:\/\/portaltela.pt\/noticias\/2026\/04\/12\/observadores-internacionais-registam-forte-afluencia-as-urnas-na-hungria\/#breadcrumb"},"inLanguage":"pt-PT","potentialAction":[{"@type":"ReadAction","target":["https:\/\/portaltela.pt\/noticias\/2026\/04\/12\/observadores-internacionais-registam-forte-afluencia-as-urnas-na-hungria\/"]}]},{"@type":"ImageObject","inLanguage":"pt-PT","@id":"https:\/\/portaltela.pt\/noticias\/2026\/04\/12\/observadores-internacionais-registam-forte-afluencia-as-urnas-na-hungria\/#primaryimage","url":"https:\/\/portaltela.pt\/s.01k8rhncp4jt1\/2026\/04\/img_1500x1000uu2026-04-12-11-33-26-2278060.jpg","contentUrl":"https:\/\/portaltela.pt\/s.01k8rhncp4jt1\/2026\/04\/img_1500x1000uu2026-04-12-11-33-26-2278060.jpg","width":796,"height":448,"caption":"H\u00fangaros votam nas elei\u00e7\u00f5es legislativas"},{"@type":"BreadcrumbList","@id":"https:\/\/portaltela.pt\/noticias\/2026\/04\/12\/observadores-internacionais-registam-forte-afluencia-as-urnas-na-hungria\/#breadcrumb","itemListElement":[{"@type":"ListItem","position":1,"name":"In\u00edcio","item":"https:\/\/portaltela.pt\/"},{"@type":"ListItem","position":2,"name":"Observadores internacionais registam forte aflu\u00eancia \u00e0s urnas na Hungria"}]},{"@type":"WebSite","@id":"https:\/\/portaltela.pt\/#website","url":"https:\/\/portaltela.pt\/","name":"Portal Tela Portugal","description":"","potentialAction":[{"@type":"SearchAction","target":{"@type":"EntryPoint","urlTemplate":"https:\/\/portaltela.pt\/?s={search_term_string}"},"query-input":{"@type":"PropertyValueSpecification","valueRequired":true,"valueName":"search_term_string"}}],"inLanguage":"pt-PT"},{"@type":"Person","@id":"https:\/\/portaltela.pt\/#\/schema\/person\/c4278d4a6028830caff9ee44b42d32ed","name":"Telinha","image":{"@type":"ImageObject","inLanguage":"pt-PT","@id":"https:\/\/portaltela.pt\/s.01k8rhncp4jt1\/2025\/11\/talking-bot-125x125.png","url":"https:\/\/portaltela.pt\/s.01k8rhncp4jt1\/2025\/11\/talking-bot-125x125.png","contentUrl":"https:\/\/portaltela.pt\/s.01k8rhncp4jt1\/2025\/11\/talking-bot-125x125.png","caption":"Telinha"},"sameAs":["https:\/\/portaltela.pt\/"],"url":"https:\/\/portaltela.pt\/por\/367410592786\/"}]}},"_links":{"self":[{"href":"https:\/\/portaltela.pt\/api\/wp\/v2\/posts\/441251","targetHints":{"allow":["GET"]}}],"collection":[{"href":"https:\/\/portaltela.pt\/api\/wp\/v2\/posts"}],"about":[{"href":"https:\/\/portaltela.pt\/api\/wp\/v2\/types\/post"}],"author":[{"embeddable":true,"href":"https:\/\/portaltela.pt\/api\/wp\/v2\/users\/2"}],"replies":[{"embeddable":true,"href":"https:\/\/portaltela.pt\/api\/wp\/v2\/comments?post=441251"}],"version-history":[{"count":0,"href":"https:\/\/portaltela.pt\/api\/wp\/v2\/posts\/441251\/revisions"}],"wp:featuredmedia":[{"embeddable":true,"href":"https:\/\/portaltela.pt\/api\/wp\/v2\/media\/441255"}],"wp:attachment":[{"href":"https:\/\/portaltela.pt\/api\/wp\/v2\/media?parent=441251"}],"wp:term":[{"taxonomy":"category","embeddable":true,"href":"https:\/\/portaltela.pt\/api\/wp\/v2\/categories?post=441251"},{"taxonomy":"post_tag","embeddable":true,"href":"https:\/\/portaltela.pt\/api\/wp\/v2\/tags?post=441251"}],"curies":[{"name":"wp","href":"https:\/\/api.w.org\/{rel}","templated":true}]}}