{"id":441243,"date":"2026-04-12T07:32:12","date_gmt":"2026-04-12T10:32:12","guid":{"rendered":"https:\/\/portaltela.pt\/noticias\/2026\/04\/12\/idoso-fica-em-preventiva-apos-esfaqueamento-em-almada\/"},"modified":"2026-04-12T07:32:12","modified_gmt":"2026-04-12T10:32:12","slug":"idoso-fica-em-preventiva-apos-esfaqueamento-em-almada","status":"publish","type":"post","link":"https:\/\/portaltela.pt\/noticias\/2026\/04\/12\/idoso-fica-em-preventiva-apos-esfaqueamento-em-almada\/","title":{"rendered":"Idoso fica em preventiva ap\u00f3s esfaqueamento em Almada"},"content":{"rendered":"<p>Um idoso de 75 anos foi colocado em pris\u00e3o preventiva pela Justi\u00e7a de Almada, ap\u00f3s esfaquear na barriga um homem de 41 anos. O ataque ocorreu na noite de quinta-feira dentro de um restaurante no Feij\u00f3, Almada.<\/p>\n<p>O agressor alegou ter desconfian\u00e7a de que a v\u00edtima lhe tinha roubado a carteira, o que motivou o ataque com uma navalha. O golpe atingiu a parte baixa do abd\u00f3men da v\u00edtima.<\/p>\n<p>O homem de 41 anos foi transportado de urg\u00eancia para o Hospital Garcia de Orta, em Almada, em estado grave. A apreens\u00e3o da arma do crime foi decisiva para a aplica\u00e7\u00e3o da medida de coa\u00e7\u00e3o mais gravosa.<\/p>\n<p>O tribunal de Almada decidiu manter o idoso em pris\u00e3o preventiva,  alegando risco de fuga e de continuidade de atividade criminosa. A investiga\u00e7\u00e3o permanece em curso pelas autoridades competentes.<\/p>\n","protected":false},"excerpt":{"rendered":"<ul>\n<li>O tribunal de Almada decretou pris\u00e3o preventiva ao homem de 75 anos suspeito de esfaquear um homem de 41 no interior de um restaurante no Feij\u00f3, Almada, no final da noite de quinta-feira.<\/li>\n<li>O agressor alegou desconfian\u00e7a de que a v\u00edtima lhe tinha roubado a carteira.<\/li>\n<li>O ataque ocorreu na regi\u00e3o inferior do abd\u00f3men com uma navalha, deixando a v\u00edtima prostrada e a sangrar bastante.<\/li>\n<li>O homem de 41 anos foi transportado em estado grave para o Hospital Garcia de Orta, em Almada.<\/li>\n<li>A apreens\u00e3o da arma do crime foi determinante para a aplica\u00e7\u00e3o da medida de coa\u00e7\u00e3o mais gravosa.<\/li>\n<\/ul>\n","protected":false},"author":2,"featured_media":441244,"comment_status":"closed","ping_status":"closed","sticky":false,"template":"","format":"standard","meta":{"footnotes":""},"categories":[6815,1],"tags":[2754,1373,147,803,250,939],"class_list":["post-441243","post","type-post","status-publish","format-standard","has-post-thumbnail","hentry","category-justica","category-noticias","tag-agressao","tag-almada","tag-crime","tag-justica","tag-seguranca-publica","tag-violencia"],"yoast_head":"<!-- This site is optimized with the Yoast SEO plugin v27.2 - https:\/\/yoast.com\/product\/yoast-seo-wordpress\/ -->\n<title>Idoso fica em preventiva ap\u00f3s esfaqueamento em Almada - Portal Tela Portugal<\/title>\n<meta name=\"robots\" content=\"index, follow, max-snippet:-1, max-image-preview:large, max-video-preview:-1\" \/>\n<meta property=\"og:locale\" content=\"pt_PT\" \/>\n<meta property=\"og:type\" content=\"article\" \/>\n<meta property=\"og:title\" content=\"Idoso fica em preventiva ap\u00f3s esfaqueamento em Almada - Portal Tela Portugal\" \/>\n<meta property=\"og:description\" content=\"O tribunal de Almada decretou pris\u00e3o preventiva ao homem de 75 anos suspeito de esfaquear um homem de 41 no interior de um restaurante no Feij\u00f3, Almada, no final da noite de quinta-feira. O agressor alegou desconfian\u00e7a de que a v\u00edtima lhe tinha roubado a carteira. O ataque ocorreu na regi\u00e3o inferior do abd\u00f3men com uma navalha, deixando a v\u00edtima prostrada e a sangrar bastante. O homem de 41 anos foi transportado em estado grave para o Hospital Garcia de Orta, em Almada. A apreens\u00e3o da arma do crime foi determinante para a aplica\u00e7\u00e3o da medida de coa\u00e7\u00e3o mais gravosa.\" \/>\n<meta property=\"og:url\" content=\"https:\/\/portaltela.pt\/noticias\/2026\/04\/12\/idoso-fica-em-preventiva-apos-esfaqueamento-em-almada\/\" \/>\n<meta property=\"og:site_name\" content=\"Portal Tela Portugal\" \/>\n<meta property=\"article:published_time\" content=\"2026-04-12T10:32:12+00:00\" \/>\n<meta name=\"author\" content=\"Telinha\" \/>\n<meta name=\"twitter:card\" content=\"summary_large_image\" \/>\n<meta name=\"twitter:label1\" content=\"Escrito por\" \/>\n\t<meta name=\"twitter:data1\" content=\"Telinha\" \/>\n\t<meta name=\"twitter:label2\" content=\"Tempo estimado de leitura\" \/>\n\t<meta name=\"twitter:data2\" content=\"1 minuto\" \/>\n<script type=\"application\/ld+json\" class=\"yoast-schema-graph\">{\"@context\":\"https:\/\/schema.org\",\"@graph\":[{\"@type\":\"Article\",\"@id\":\"https:\/\/portaltela.pt\/noticias\/2026\/04\/12\/idoso-fica-em-preventiva-apos-esfaqueamento-em-almada\/#article\",\"isPartOf\":{\"@id\":\"https:\/\/portaltela.pt\/noticias\/2026\/04\/12\/idoso-fica-em-preventiva-apos-esfaqueamento-em-almada\/\"},\"author\":{\"name\":\"Telinha\",\"@id\":\"https:\/\/portaltela.pt\/#\/schema\/person\/c4278d4a6028830caff9ee44b42d32ed\"},\"headline\":\"Idoso fica em preventiva ap\u00f3s esfaqueamento em Almada\",\"datePublished\":\"2026-04-12T10:32:12+00:00\",\"mainEntityOfPage\":{\"@id\":\"https:\/\/portaltela.pt\/noticias\/2026\/04\/12\/idoso-fica-em-preventiva-apos-esfaqueamento-em-almada\/\"},\"wordCount\":154,\"image\":{\"@id\":\"https:\/\/portaltela.pt\/noticias\/2026\/04\/12\/idoso-fica-em-preventiva-apos-esfaqueamento-em-almada\/#primaryimage\"},\"thumbnailUrl\":\"https:\/\/portaltela.pt\/s.01k8rhncp4jt1\/2026\/04\/img_1500x1000uu2026-04-12-11-17-19-2278057-im-639115898901721170.jpg\",\"keywords\":[\"agress\u00e3o\",\"Almada\",\"crime\",\"justi\u00e7a\",\"seguran\u00e7a p\u00fablica\",\"viol\u00eancia\"],\"articleSection\":[\"Justi\u00e7a\",\"Not\u00edcias\"],\"inLanguage\":\"pt-PT\"},{\"@type\":\"WebPage\",\"@id\":\"https:\/\/portaltela.pt\/noticias\/2026\/04\/12\/idoso-fica-em-preventiva-apos-esfaqueamento-em-almada\/\",\"url\":\"https:\/\/portaltela.pt\/noticias\/2026\/04\/12\/idoso-fica-em-preventiva-apos-esfaqueamento-em-almada\/\",\"name\":\"Idoso fica em preventiva ap\u00f3s esfaqueamento em Almada - Portal Tela Portugal\",\"isPartOf\":{\"@id\":\"https:\/\/portaltela.pt\/#website\"},\"primaryImageOfPage\":{\"@id\":\"https:\/\/portaltela.pt\/noticias\/2026\/04\/12\/idoso-fica-em-preventiva-apos-esfaqueamento-em-almada\/#primaryimage\"},\"image\":{\"@id\":\"https:\/\/portaltela.pt\/noticias\/2026\/04\/12\/idoso-fica-em-preventiva-apos-esfaqueamento-em-almada\/#primaryimage\"},\"thumbnailUrl\":\"https:\/\/portaltela.pt\/s.01k8rhncp4jt1\/2026\/04\/img_1500x1000uu2026-04-12-11-17-19-2278057-im-639115898901721170.jpg\",\"datePublished\":\"2026-04-12T10:32:12+00:00\",\"author\":{\"@id\":\"https:\/\/portaltela.pt\/#\/schema\/person\/c4278d4a6028830caff9ee44b42d32ed\"},\"breadcrumb\":{\"@id\":\"https:\/\/portaltela.pt\/noticias\/2026\/04\/12\/idoso-fica-em-preventiva-apos-esfaqueamento-em-almada\/#breadcrumb\"},\"inLanguage\":\"pt-PT\",\"potentialAction\":[{\"@type\":\"ReadAction\",\"target\":[\"https:\/\/portaltela.pt\/noticias\/2026\/04\/12\/idoso-fica-em-preventiva-apos-esfaqueamento-em-almada\/\"]}]},{\"@type\":\"ImageObject\",\"inLanguage\":\"pt-PT\",\"@id\":\"https:\/\/portaltela.pt\/noticias\/2026\/04\/12\/idoso-fica-em-preventiva-apos-esfaqueamento-em-almada\/#primaryimage\",\"url\":\"https:\/\/portaltela.pt\/s.01k8rhncp4jt1\/2026\/04\/img_1500x1000uu2026-04-12-11-17-19-2278057-im-639115898901721170.jpg\",\"contentUrl\":\"https:\/\/portaltela.pt\/s.01k8rhncp4jt1\/2026\/04\/img_1500x1000uu2026-04-12-11-17-19-2278057-im-639115898901721170.jpg\",\"width\":796,\"height\":448,\"caption\":\"Agress\u00e3o ocorreu no interior deste restaurante, no Feij\u00f3, em Almada\"},{\"@type\":\"BreadcrumbList\",\"@id\":\"https:\/\/portaltela.pt\/noticias\/2026\/04\/12\/idoso-fica-em-preventiva-apos-esfaqueamento-em-almada\/#breadcrumb\",\"itemListElement\":[{\"@type\":\"ListItem\",\"position\":1,\"name\":\"In\u00edcio\",\"item\":\"https:\/\/portaltela.pt\/\"},{\"@type\":\"ListItem\",\"position\":2,\"name\":\"Idoso fica em preventiva ap\u00f3s esfaqueamento em Almada\"}]},{\"@type\":\"WebSite\",\"@id\":\"https:\/\/portaltela.pt\/#website\",\"url\":\"https:\/\/portaltela.pt\/\",\"name\":\"Portal Tela Portugal\",\"description\":\"\",\"potentialAction\":[{\"@type\":\"SearchAction\",\"target\":{\"@type\":\"EntryPoint\",\"urlTemplate\":\"https:\/\/portaltela.pt\/?s={search_term_string}\"},\"query-input\":{\"@type\":\"PropertyValueSpecification\",\"valueRequired\":true,\"valueName\":\"search_term_string\"}}],\"inLanguage\":\"pt-PT\"},{\"@type\":\"Person\",\"@id\":\"https:\/\/portaltela.pt\/#\/schema\/person\/c4278d4a6028830caff9ee44b42d32ed\",\"name\":\"Telinha\",\"image\":{\"@type\":\"ImageObject\",\"inLanguage\":\"pt-PT\",\"@id\":\"https:\/\/portaltela.pt\/s.01k8rhncp4jt1\/2025\/11\/talking-bot-125x125.png\",\"url\":\"https:\/\/portaltela.pt\/s.01k8rhncp4jt1\/2025\/11\/talking-bot-125x125.png\",\"contentUrl\":\"https:\/\/portaltela.pt\/s.01k8rhncp4jt1\/2025\/11\/talking-bot-125x125.png\",\"caption\":\"Telinha\"},\"sameAs\":[\"https:\/\/portaltela.pt\/\"],\"url\":\"https:\/\/portaltela.pt\/por\/367410592786\/\"}]}<\/script>\n<!-- \/ Yoast SEO plugin. -->","yoast_head_json":{"title":"Idoso fica em preventiva ap\u00f3s esfaqueamento em Almada - Portal Tela Portugal","robots":{"index":"index","follow":"follow","max-snippet":"max-snippet:-1","max-image-preview":"max-image-preview:large","max-video-preview":"max-video-preview:-1"},"og_locale":"pt_PT","og_type":"article","og_title":"Idoso fica em preventiva ap\u00f3s esfaqueamento em Almada - Portal Tela Portugal","og_description":"O tribunal de Almada decretou pris\u00e3o preventiva ao homem de 75 anos suspeito de esfaquear um homem de 41 no interior de um restaurante no Feij\u00f3, Almada, no final da noite de quinta-feira. O agressor alegou desconfian\u00e7a de que a v\u00edtima lhe tinha roubado a carteira. O ataque ocorreu na regi\u00e3o inferior do abd\u00f3men com uma navalha, deixando a v\u00edtima prostrada e a sangrar bastante. O homem de 41 anos foi transportado em estado grave para o Hospital Garcia de Orta, em Almada. A apreens\u00e3o da arma do crime foi determinante para a aplica\u00e7\u00e3o da medida de coa\u00e7\u00e3o mais gravosa.","og_url":"https:\/\/portaltela.pt\/noticias\/2026\/04\/12\/idoso-fica-em-preventiva-apos-esfaqueamento-em-almada\/","og_site_name":"Portal Tela Portugal","article_published_time":"2026-04-12T10:32:12+00:00","author":"Telinha","twitter_card":"summary_large_image","twitter_misc":{"Escrito por":"Telinha","Tempo estimado de leitura":"1 minuto"},"schema":{"@context":"https:\/\/schema.org","@graph":[{"@type":"Article","@id":"https:\/\/portaltela.pt\/noticias\/2026\/04\/12\/idoso-fica-em-preventiva-apos-esfaqueamento-em-almada\/#article","isPartOf":{"@id":"https:\/\/portaltela.pt\/noticias\/2026\/04\/12\/idoso-fica-em-preventiva-apos-esfaqueamento-em-almada\/"},"author":{"name":"Telinha","@id":"https:\/\/portaltela.pt\/#\/schema\/person\/c4278d4a6028830caff9ee44b42d32ed"},"headline":"Idoso fica em preventiva ap\u00f3s esfaqueamento em Almada","datePublished":"2026-04-12T10:32:12+00:00","mainEntityOfPage":{"@id":"https:\/\/portaltela.pt\/noticias\/2026\/04\/12\/idoso-fica-em-preventiva-apos-esfaqueamento-em-almada\/"},"wordCount":154,"image":{"@id":"https:\/\/portaltela.pt\/noticias\/2026\/04\/12\/idoso-fica-em-preventiva-apos-esfaqueamento-em-almada\/#primaryimage"},"thumbnailUrl":"https:\/\/portaltela.pt\/s.01k8rhncp4jt1\/2026\/04\/img_1500x1000uu2026-04-12-11-17-19-2278057-im-639115898901721170.jpg","keywords":["agress\u00e3o","Almada","crime","justi\u00e7a","seguran\u00e7a p\u00fablica","viol\u00eancia"],"articleSection":["Justi\u00e7a","Not\u00edcias"],"inLanguage":"pt-PT"},{"@type":"WebPage","@id":"https:\/\/portaltela.pt\/noticias\/2026\/04\/12\/idoso-fica-em-preventiva-apos-esfaqueamento-em-almada\/","url":"https:\/\/portaltela.pt\/noticias\/2026\/04\/12\/idoso-fica-em-preventiva-apos-esfaqueamento-em-almada\/","name":"Idoso fica em preventiva ap\u00f3s esfaqueamento em Almada - Portal Tela Portugal","isPartOf":{"@id":"https:\/\/portaltela.pt\/#website"},"primaryImageOfPage":{"@id":"https:\/\/portaltela.pt\/noticias\/2026\/04\/12\/idoso-fica-em-preventiva-apos-esfaqueamento-em-almada\/#primaryimage"},"image":{"@id":"https:\/\/portaltela.pt\/noticias\/2026\/04\/12\/idoso-fica-em-preventiva-apos-esfaqueamento-em-almada\/#primaryimage"},"thumbnailUrl":"https:\/\/portaltela.pt\/s.01k8rhncp4jt1\/2026\/04\/img_1500x1000uu2026-04-12-11-17-19-2278057-im-639115898901721170.jpg","datePublished":"2026-04-12T10:32:12+00:00","author":{"@id":"https:\/\/portaltela.pt\/#\/schema\/person\/c4278d4a6028830caff9ee44b42d32ed"},"breadcrumb":{"@id":"https:\/\/portaltela.pt\/noticias\/2026\/04\/12\/idoso-fica-em-preventiva-apos-esfaqueamento-em-almada\/#breadcrumb"},"inLanguage":"pt-PT","potentialAction":[{"@type":"ReadAction","target":["https:\/\/portaltela.pt\/noticias\/2026\/04\/12\/idoso-fica-em-preventiva-apos-esfaqueamento-em-almada\/"]}]},{"@type":"ImageObject","inLanguage":"pt-PT","@id":"https:\/\/portaltela.pt\/noticias\/2026\/04\/12\/idoso-fica-em-preventiva-apos-esfaqueamento-em-almada\/#primaryimage","url":"https:\/\/portaltela.pt\/s.01k8rhncp4jt1\/2026\/04\/img_1500x1000uu2026-04-12-11-17-19-2278057-im-639115898901721170.jpg","contentUrl":"https:\/\/portaltela.pt\/s.01k8rhncp4jt1\/2026\/04\/img_1500x1000uu2026-04-12-11-17-19-2278057-im-639115898901721170.jpg","width":796,"height":448,"caption":"Agress\u00e3o ocorreu no interior deste restaurante, no Feij\u00f3, em Almada"},{"@type":"BreadcrumbList","@id":"https:\/\/portaltela.pt\/noticias\/2026\/04\/12\/idoso-fica-em-preventiva-apos-esfaqueamento-em-almada\/#breadcrumb","itemListElement":[{"@type":"ListItem","position":1,"name":"In\u00edcio","item":"https:\/\/portaltela.pt\/"},{"@type":"ListItem","position":2,"name":"Idoso fica em preventiva ap\u00f3s esfaqueamento em Almada"}]},{"@type":"WebSite","@id":"https:\/\/portaltela.pt\/#website","url":"https:\/\/portaltela.pt\/","name":"Portal Tela Portugal","description":"","potentialAction":[{"@type":"SearchAction","target":{"@type":"EntryPoint","urlTemplate":"https:\/\/portaltela.pt\/?s={search_term_string}"},"query-input":{"@type":"PropertyValueSpecification","valueRequired":true,"valueName":"search_term_string"}}],"inLanguage":"pt-PT"},{"@type":"Person","@id":"https:\/\/portaltela.pt\/#\/schema\/person\/c4278d4a6028830caff9ee44b42d32ed","name":"Telinha","image":{"@type":"ImageObject","inLanguage":"pt-PT","@id":"https:\/\/portaltela.pt\/s.01k8rhncp4jt1\/2025\/11\/talking-bot-125x125.png","url":"https:\/\/portaltela.pt\/s.01k8rhncp4jt1\/2025\/11\/talking-bot-125x125.png","contentUrl":"https:\/\/portaltela.pt\/s.01k8rhncp4jt1\/2025\/11\/talking-bot-125x125.png","caption":"Telinha"},"sameAs":["https:\/\/portaltela.pt\/"],"url":"https:\/\/portaltela.pt\/por\/367410592786\/"}]}},"_links":{"self":[{"href":"https:\/\/portaltela.pt\/api\/wp\/v2\/posts\/441243","targetHints":{"allow":["GET"]}}],"collection":[{"href":"https:\/\/portaltela.pt\/api\/wp\/v2\/posts"}],"about":[{"href":"https:\/\/portaltela.pt\/api\/wp\/v2\/types\/post"}],"author":[{"embeddable":true,"href":"https:\/\/portaltela.pt\/api\/wp\/v2\/users\/2"}],"replies":[{"embeddable":true,"href":"https:\/\/portaltela.pt\/api\/wp\/v2\/comments?post=441243"}],"version-history":[{"count":0,"href":"https:\/\/portaltela.pt\/api\/wp\/v2\/posts\/441243\/revisions"}],"wp:featuredmedia":[{"embeddable":true,"href":"https:\/\/portaltela.pt\/api\/wp\/v2\/media\/441244"}],"wp:attachment":[{"href":"https:\/\/portaltela.pt\/api\/wp\/v2\/media?parent=441243"}],"wp:term":[{"taxonomy":"category","embeddable":true,"href":"https:\/\/portaltela.pt\/api\/wp\/v2\/categories?post=441243"},{"taxonomy":"post_tag","embeddable":true,"href":"https:\/\/portaltela.pt\/api\/wp\/v2\/tags?post=441243"}],"curies":[{"name":"wp","href":"https:\/\/api.w.org\/{rel}","templated":true}]}}