{"id":441226,"date":"2026-04-12T06:33:00","date_gmt":"2026-04-12T09:33:00","guid":{"rendered":"https:\/\/portaltela.pt\/noticias\/2026\/04\/12\/negras-costas-do-tempo-o-descontrolo-marca-a-grande-ficcao\/"},"modified":"2026-04-12T06:33:00","modified_gmt":"2026-04-12T09:33:00","slug":"negras-costas-do-tempo-o-descontrolo-marca-a-grande-ficcao","status":"publish","type":"post","link":"https:\/\/portaltela.pt\/noticias\/2026\/04\/12\/negras-costas-do-tempo-o-descontrolo-marca-a-grande-ficcao\/","title":{"rendered":"Negras Costas do Tempo: o descontrolo marca a grande fic\u00e7\u00e3o"},"content":{"rendered":"<p>Negras Costas do Tempo, romance de Javier Mar\u00edas de 1998, ganha uma nova tradu\u00e7\u00e3o pela Alfaguara. Em Portugal, a obra chegou pela primeira vez em 2002, com Jos\u00e9 Bento na tradu\u00e7\u00e3o; a edi\u00e7\u00e3o atual \u00e9 de Ana Maria Pereirinha.<\/p>\n<p>A edi\u00e7\u00e3o surge num contexto de descontrolo tem\u00e1tico da fic\u00e7\u00e3o, ilustrado pela passagem de Todas as Almas, apontada pelo autor como exemplo de como a fic\u00e7\u00e3o, uma vez publicada, pode sair do controlo do escritor.<\/p>\n<p>O lan\u00e7amento ocorre quase quatro anos ap\u00f3s a morte do autor, que passou a ser lembrado pela sua maior fic\u00e7\u00e3o, onde o livro entra em desgoverno por for\u00e7a da pr\u00f3pria narrativa.<\/p>\n<p>A reedi\u00e7\u00e3o mant\u00e9m o foco na ideia de que a fic\u00e7\u00e3o, uma vez publicada, pode evoluir independentemente da autoriza\u00e7\u00e3o do autor, tema central da obra de Mar\u00edas. Fonte: P\u00fablico<\/p>\n","protected":false},"excerpt":{"rendered":"<ul>\n<li>Negras Costas do Tempo, de Javier Mar\u00edas, nasceu em 1998 e teve a sua primeira edi\u00e7\u00e3o em Portugal em 2002, com tradu\u00e7\u00e3o de Jos\u00e9 Bento, agora reeditada pela Alfaguara numa nova tradu\u00e7\u00e3o de Ana Maria Pereirinha.<\/li>\n<li>A edi\u00e7\u00e3o mais recente chega quase quatro anos depois da morte do autor.<\/li>\n<li>O romance parte da ideia de descontrolo da fic\u00e7\u00e3o, mostrando que a hist\u00f3ria continua a desenrolar-se fora do livro, sem autoriza\u00e7\u00e3o ou controlo de quem o escreveu.<\/li>\n<li>O ponto de partida da obra \u00e9 Todas as Almas, um dos grandes romances da carreira de Mar\u00edas, utilizado para evidenciar que a fic\u00e7\u00e3o publicada pode entrar em desgoverno.<\/li>\n<li>A nova tradu\u00e7\u00e3o \u00e9 da responsabilidade de Ana Maria Pereirinha.<\/li>\n<\/ul>\n","protected":false},"author":2,"featured_media":441230,"comment_status":"closed","ping_status":"closed","sticky":false,"template":"","format":"standard","meta":{"footnotes":""},"categories":[7375,1],"tags":[7756,145,2404,3797,106,1014],"class_list":["post-441226","post","type-post","status-publish","format-standard","has-post-thumbnail","hentry","category-cultura","category-noticias","tag-_cultura","tag-cultura","tag-edicao","tag-ficcao","tag-literatura","tag-portugal"],"yoast_head":"<!-- This site is optimized with the Yoast SEO plugin v27.2 - https:\/\/yoast.com\/product\/yoast-seo-wordpress\/ -->\n<title>Negras Costas do Tempo: o descontrolo marca a grande fic\u00e7\u00e3o - Portal Tela Portugal<\/title>\n<meta name=\"robots\" content=\"index, follow, max-snippet:-1, max-image-preview:large, max-video-preview:-1\" \/>\n<meta property=\"og:locale\" content=\"pt_PT\" \/>\n<meta property=\"og:type\" content=\"article\" \/>\n<meta property=\"og:title\" content=\"Negras Costas do Tempo: o descontrolo marca a grande fic\u00e7\u00e3o - Portal Tela Portugal\" \/>\n<meta property=\"og:description\" content=\"Negras Costas do Tempo, de Javier Mar\u00edas, nasceu em 1998 e teve a sua primeira edi\u00e7\u00e3o em Portugal em 2002, com tradu\u00e7\u00e3o de Jos\u00e9 Bento, agora reeditada pela Alfaguara numa nova tradu\u00e7\u00e3o de Ana Maria Pereirinha. A edi\u00e7\u00e3o mais recente chega quase quatro anos depois da morte do autor. O romance parte da ideia de descontrolo da fic\u00e7\u00e3o, mostrando que a hist\u00f3ria continua a desenrolar-se fora do livro, sem autoriza\u00e7\u00e3o ou controlo de quem o escreveu. O ponto de partida da obra \u00e9 Todas as Almas, um dos grandes romances da carreira de Mar\u00edas, utilizado para evidenciar que a fic\u00e7\u00e3o publicada pode entrar em desgoverno. A nova tradu\u00e7\u00e3o \u00e9 da responsabilidade de Ana Maria Pereirinha.\" \/>\n<meta property=\"og:url\" content=\"https:\/\/portaltela.pt\/noticias\/2026\/04\/12\/negras-costas-do-tempo-o-descontrolo-marca-a-grande-ficcao\/\" \/>\n<meta property=\"og:site_name\" content=\"Portal Tela Portugal\" \/>\n<meta property=\"article:published_time\" content=\"2026-04-12T09:33:00+00:00\" \/>\n<meta name=\"author\" content=\"Telinha\" \/>\n<meta name=\"twitter:card\" content=\"summary_large_image\" \/>\n<meta name=\"twitter:label1\" content=\"Escrito por\" \/>\n\t<meta name=\"twitter:data1\" content=\"Telinha\" \/>\n\t<meta name=\"twitter:label2\" content=\"Tempo estimado de leitura\" \/>\n\t<meta name=\"twitter:data2\" content=\"1 minuto\" \/>\n<script type=\"application\/ld+json\" class=\"yoast-schema-graph\">{\"@context\":\"https:\/\/schema.org\",\"@graph\":[{\"@type\":\"Article\",\"@id\":\"https:\/\/portaltela.pt\/noticias\/2026\/04\/12\/negras-costas-do-tempo-o-descontrolo-marca-a-grande-ficcao\/#article\",\"isPartOf\":{\"@id\":\"https:\/\/portaltela.pt\/noticias\/2026\/04\/12\/negras-costas-do-tempo-o-descontrolo-marca-a-grande-ficcao\/\"},\"author\":{\"name\":\"Telinha\",\"@id\":\"https:\/\/portaltela.pt\/#\/schema\/person\/c4278d4a6028830caff9ee44b42d32ed\"},\"headline\":\"Negras Costas do Tempo: o descontrolo marca a grande fic\u00e7\u00e3o\",\"datePublished\":\"2026-04-12T09:33:00+00:00\",\"mainEntityOfPage\":{\"@id\":\"https:\/\/portaltela.pt\/noticias\/2026\/04\/12\/negras-costas-do-tempo-o-descontrolo-marca-a-grande-ficcao\/\"},\"wordCount\":161,\"image\":{\"@id\":\"https:\/\/portaltela.pt\/noticias\/2026\/04\/12\/negras-costas-do-tempo-o-descontrolo-marca-a-grande-ficcao\/#primaryimage\"},\"thumbnailUrl\":\"https:\/\/portaltela.pt\/s.01k8rhncp4jt1\/2026\/04\/2079837.jpg\",\"keywords\":[\"_cultura\",\"cultura\",\"Edi\u00e7\u00e3o\",\"fic\u00e7\u00e3o\",\"literatura\",\"Portugal\"],\"articleSection\":[\"Cultura\",\"Not\u00edcias\"],\"inLanguage\":\"pt-PT\"},{\"@type\":\"WebPage\",\"@id\":\"https:\/\/portaltela.pt\/noticias\/2026\/04\/12\/negras-costas-do-tempo-o-descontrolo-marca-a-grande-ficcao\/\",\"url\":\"https:\/\/portaltela.pt\/noticias\/2026\/04\/12\/negras-costas-do-tempo-o-descontrolo-marca-a-grande-ficcao\/\",\"name\":\"Negras Costas do Tempo: o descontrolo marca a grande fic\u00e7\u00e3o - Portal Tela Portugal\",\"isPartOf\":{\"@id\":\"https:\/\/portaltela.pt\/#website\"},\"primaryImageOfPage\":{\"@id\":\"https:\/\/portaltela.pt\/noticias\/2026\/04\/12\/negras-costas-do-tempo-o-descontrolo-marca-a-grande-ficcao\/#primaryimage\"},\"image\":{\"@id\":\"https:\/\/portaltela.pt\/noticias\/2026\/04\/12\/negras-costas-do-tempo-o-descontrolo-marca-a-grande-ficcao\/#primaryimage\"},\"thumbnailUrl\":\"https:\/\/portaltela.pt\/s.01k8rhncp4jt1\/2026\/04\/2079837.jpg\",\"datePublished\":\"2026-04-12T09:33:00+00:00\",\"author\":{\"@id\":\"https:\/\/portaltela.pt\/#\/schema\/person\/c4278d4a6028830caff9ee44b42d32ed\"},\"breadcrumb\":{\"@id\":\"https:\/\/portaltela.pt\/noticias\/2026\/04\/12\/negras-costas-do-tempo-o-descontrolo-marca-a-grande-ficcao\/#breadcrumb\"},\"inLanguage\":\"pt-PT\",\"potentialAction\":[{\"@type\":\"ReadAction\",\"target\":[\"https:\/\/portaltela.pt\/noticias\/2026\/04\/12\/negras-costas-do-tempo-o-descontrolo-marca-a-grande-ficcao\/\"]}]},{\"@type\":\"ImageObject\",\"inLanguage\":\"pt-PT\",\"@id\":\"https:\/\/portaltela.pt\/noticias\/2026\/04\/12\/negras-costas-do-tempo-o-descontrolo-marca-a-grande-ficcao\/#primaryimage\",\"url\":\"https:\/\/portaltela.pt\/s.01k8rhncp4jt1\/2026\/04\/2079837.jpg\",\"contentUrl\":\"https:\/\/portaltela.pt\/s.01k8rhncp4jt1\/2026\/04\/2079837.jpg\",\"width\":796,\"height\":448,\"caption\":\"Javier Mar\u00edas (1951-2022) era considerado o maior romancista espanhol das \u00faltimas d\u00e9cadas\"},{\"@type\":\"BreadcrumbList\",\"@id\":\"https:\/\/portaltela.pt\/noticias\/2026\/04\/12\/negras-costas-do-tempo-o-descontrolo-marca-a-grande-ficcao\/#breadcrumb\",\"itemListElement\":[{\"@type\":\"ListItem\",\"position\":1,\"name\":\"In\u00edcio\",\"item\":\"https:\/\/portaltela.pt\/\"},{\"@type\":\"ListItem\",\"position\":2,\"name\":\"Negras Costas do Tempo: o descontrolo marca a grande fic\u00e7\u00e3o\"}]},{\"@type\":\"WebSite\",\"@id\":\"https:\/\/portaltela.pt\/#website\",\"url\":\"https:\/\/portaltela.pt\/\",\"name\":\"Portal Tela Portugal\",\"description\":\"\",\"potentialAction\":[{\"@type\":\"SearchAction\",\"target\":{\"@type\":\"EntryPoint\",\"urlTemplate\":\"https:\/\/portaltela.pt\/?s={search_term_string}\"},\"query-input\":{\"@type\":\"PropertyValueSpecification\",\"valueRequired\":true,\"valueName\":\"search_term_string\"}}],\"inLanguage\":\"pt-PT\"},{\"@type\":\"Person\",\"@id\":\"https:\/\/portaltela.pt\/#\/schema\/person\/c4278d4a6028830caff9ee44b42d32ed\",\"name\":\"Telinha\",\"image\":{\"@type\":\"ImageObject\",\"inLanguage\":\"pt-PT\",\"@id\":\"https:\/\/portaltela.pt\/s.01k8rhncp4jt1\/2025\/11\/talking-bot-125x125.png\",\"url\":\"https:\/\/portaltela.pt\/s.01k8rhncp4jt1\/2025\/11\/talking-bot-125x125.png\",\"contentUrl\":\"https:\/\/portaltela.pt\/s.01k8rhncp4jt1\/2025\/11\/talking-bot-125x125.png\",\"caption\":\"Telinha\"},\"sameAs\":[\"https:\/\/portaltela.pt\/\"],\"url\":\"https:\/\/portaltela.pt\/por\/367410592786\/\"}]}<\/script>\n<!-- \/ Yoast SEO plugin. -->","yoast_head_json":{"title":"Negras Costas do Tempo: o descontrolo marca a grande fic\u00e7\u00e3o - Portal Tela Portugal","robots":{"index":"index","follow":"follow","max-snippet":"max-snippet:-1","max-image-preview":"max-image-preview:large","max-video-preview":"max-video-preview:-1"},"og_locale":"pt_PT","og_type":"article","og_title":"Negras Costas do Tempo: o descontrolo marca a grande fic\u00e7\u00e3o - Portal Tela Portugal","og_description":"Negras Costas do Tempo, de Javier Mar\u00edas, nasceu em 1998 e teve a sua primeira edi\u00e7\u00e3o em Portugal em 2002, com tradu\u00e7\u00e3o de Jos\u00e9 Bento, agora reeditada pela Alfaguara numa nova tradu\u00e7\u00e3o de Ana Maria Pereirinha. A edi\u00e7\u00e3o mais recente chega quase quatro anos depois da morte do autor. O romance parte da ideia de descontrolo da fic\u00e7\u00e3o, mostrando que a hist\u00f3ria continua a desenrolar-se fora do livro, sem autoriza\u00e7\u00e3o ou controlo de quem o escreveu. O ponto de partida da obra \u00e9 Todas as Almas, um dos grandes romances da carreira de Mar\u00edas, utilizado para evidenciar que a fic\u00e7\u00e3o publicada pode entrar em desgoverno. A nova tradu\u00e7\u00e3o \u00e9 da responsabilidade de Ana Maria Pereirinha.","og_url":"https:\/\/portaltela.pt\/noticias\/2026\/04\/12\/negras-costas-do-tempo-o-descontrolo-marca-a-grande-ficcao\/","og_site_name":"Portal Tela Portugal","article_published_time":"2026-04-12T09:33:00+00:00","author":"Telinha","twitter_card":"summary_large_image","twitter_misc":{"Escrito por":"Telinha","Tempo estimado de leitura":"1 minuto"},"schema":{"@context":"https:\/\/schema.org","@graph":[{"@type":"Article","@id":"https:\/\/portaltela.pt\/noticias\/2026\/04\/12\/negras-costas-do-tempo-o-descontrolo-marca-a-grande-ficcao\/#article","isPartOf":{"@id":"https:\/\/portaltela.pt\/noticias\/2026\/04\/12\/negras-costas-do-tempo-o-descontrolo-marca-a-grande-ficcao\/"},"author":{"name":"Telinha","@id":"https:\/\/portaltela.pt\/#\/schema\/person\/c4278d4a6028830caff9ee44b42d32ed"},"headline":"Negras Costas do Tempo: o descontrolo marca a grande fic\u00e7\u00e3o","datePublished":"2026-04-12T09:33:00+00:00","mainEntityOfPage":{"@id":"https:\/\/portaltela.pt\/noticias\/2026\/04\/12\/negras-costas-do-tempo-o-descontrolo-marca-a-grande-ficcao\/"},"wordCount":161,"image":{"@id":"https:\/\/portaltela.pt\/noticias\/2026\/04\/12\/negras-costas-do-tempo-o-descontrolo-marca-a-grande-ficcao\/#primaryimage"},"thumbnailUrl":"https:\/\/portaltela.pt\/s.01k8rhncp4jt1\/2026\/04\/2079837.jpg","keywords":["_cultura","cultura","Edi\u00e7\u00e3o","fic\u00e7\u00e3o","literatura","Portugal"],"articleSection":["Cultura","Not\u00edcias"],"inLanguage":"pt-PT"},{"@type":"WebPage","@id":"https:\/\/portaltela.pt\/noticias\/2026\/04\/12\/negras-costas-do-tempo-o-descontrolo-marca-a-grande-ficcao\/","url":"https:\/\/portaltela.pt\/noticias\/2026\/04\/12\/negras-costas-do-tempo-o-descontrolo-marca-a-grande-ficcao\/","name":"Negras Costas do Tempo: o descontrolo marca a grande fic\u00e7\u00e3o - Portal Tela Portugal","isPartOf":{"@id":"https:\/\/portaltela.pt\/#website"},"primaryImageOfPage":{"@id":"https:\/\/portaltela.pt\/noticias\/2026\/04\/12\/negras-costas-do-tempo-o-descontrolo-marca-a-grande-ficcao\/#primaryimage"},"image":{"@id":"https:\/\/portaltela.pt\/noticias\/2026\/04\/12\/negras-costas-do-tempo-o-descontrolo-marca-a-grande-ficcao\/#primaryimage"},"thumbnailUrl":"https:\/\/portaltela.pt\/s.01k8rhncp4jt1\/2026\/04\/2079837.jpg","datePublished":"2026-04-12T09:33:00+00:00","author":{"@id":"https:\/\/portaltela.pt\/#\/schema\/person\/c4278d4a6028830caff9ee44b42d32ed"},"breadcrumb":{"@id":"https:\/\/portaltela.pt\/noticias\/2026\/04\/12\/negras-costas-do-tempo-o-descontrolo-marca-a-grande-ficcao\/#breadcrumb"},"inLanguage":"pt-PT","potentialAction":[{"@type":"ReadAction","target":["https:\/\/portaltela.pt\/noticias\/2026\/04\/12\/negras-costas-do-tempo-o-descontrolo-marca-a-grande-ficcao\/"]}]},{"@type":"ImageObject","inLanguage":"pt-PT","@id":"https:\/\/portaltela.pt\/noticias\/2026\/04\/12\/negras-costas-do-tempo-o-descontrolo-marca-a-grande-ficcao\/#primaryimage","url":"https:\/\/portaltela.pt\/s.01k8rhncp4jt1\/2026\/04\/2079837.jpg","contentUrl":"https:\/\/portaltela.pt\/s.01k8rhncp4jt1\/2026\/04\/2079837.jpg","width":796,"height":448,"caption":"Javier Mar\u00edas (1951-2022) era considerado o maior romancista espanhol das \u00faltimas d\u00e9cadas"},{"@type":"BreadcrumbList","@id":"https:\/\/portaltela.pt\/noticias\/2026\/04\/12\/negras-costas-do-tempo-o-descontrolo-marca-a-grande-ficcao\/#breadcrumb","itemListElement":[{"@type":"ListItem","position":1,"name":"In\u00edcio","item":"https:\/\/portaltela.pt\/"},{"@type":"ListItem","position":2,"name":"Negras Costas do Tempo: o descontrolo marca a grande fic\u00e7\u00e3o"}]},{"@type":"WebSite","@id":"https:\/\/portaltela.pt\/#website","url":"https:\/\/portaltela.pt\/","name":"Portal Tela Portugal","description":"","potentialAction":[{"@type":"SearchAction","target":{"@type":"EntryPoint","urlTemplate":"https:\/\/portaltela.pt\/?s={search_term_string}"},"query-input":{"@type":"PropertyValueSpecification","valueRequired":true,"valueName":"search_term_string"}}],"inLanguage":"pt-PT"},{"@type":"Person","@id":"https:\/\/portaltela.pt\/#\/schema\/person\/c4278d4a6028830caff9ee44b42d32ed","name":"Telinha","image":{"@type":"ImageObject","inLanguage":"pt-PT","@id":"https:\/\/portaltela.pt\/s.01k8rhncp4jt1\/2025\/11\/talking-bot-125x125.png","url":"https:\/\/portaltela.pt\/s.01k8rhncp4jt1\/2025\/11\/talking-bot-125x125.png","contentUrl":"https:\/\/portaltela.pt\/s.01k8rhncp4jt1\/2025\/11\/talking-bot-125x125.png","caption":"Telinha"},"sameAs":["https:\/\/portaltela.pt\/"],"url":"https:\/\/portaltela.pt\/por\/367410592786\/"}]}},"_links":{"self":[{"href":"https:\/\/portaltela.pt\/api\/wp\/v2\/posts\/441226","targetHints":{"allow":["GET"]}}],"collection":[{"href":"https:\/\/portaltela.pt\/api\/wp\/v2\/posts"}],"about":[{"href":"https:\/\/portaltela.pt\/api\/wp\/v2\/types\/post"}],"author":[{"embeddable":true,"href":"https:\/\/portaltela.pt\/api\/wp\/v2\/users\/2"}],"replies":[{"embeddable":true,"href":"https:\/\/portaltela.pt\/api\/wp\/v2\/comments?post=441226"}],"version-history":[{"count":0,"href":"https:\/\/portaltela.pt\/api\/wp\/v2\/posts\/441226\/revisions"}],"wp:featuredmedia":[{"embeddable":true,"href":"https:\/\/portaltela.pt\/api\/wp\/v2\/media\/441230"}],"wp:attachment":[{"href":"https:\/\/portaltela.pt\/api\/wp\/v2\/media?parent=441226"}],"wp:term":[{"taxonomy":"category","embeddable":true,"href":"https:\/\/portaltela.pt\/api\/wp\/v2\/categories?post=441226"},{"taxonomy":"post_tag","embeddable":true,"href":"https:\/\/portaltela.pt\/api\/wp\/v2\/tags?post=441226"}],"curies":[{"name":"wp","href":"https:\/\/api.w.org\/{rel}","templated":true}]}}