{"id":441219,"date":"2026-04-12T06:06:00","date_gmt":"2026-04-12T09:06:00","guid":{"rendered":"https:\/\/portaltela.pt\/noticias\/2026\/04\/12\/delegacao-iraniana-deixa-o-paquistao-uma-hora-apos-os-norte-americanos\/"},"modified":"2026-04-12T06:06:00","modified_gmt":"2026-04-12T09:06:00","slug":"delegacao-iraniana-deixa-o-paquistao-uma-hora-apos-os-norte-americanos","status":"publish","type":"post","link":"https:\/\/portaltela.pt\/noticias\/2026\/04\/12\/delegacao-iraniana-deixa-o-paquistao-uma-hora-apos-os-norte-americanos\/","title":{"rendered":"Delega\u00e7\u00e3o iraniana deixa o Paquist\u00e3o uma hora ap\u00f3s os norte-americanos"},"content":{"rendered":"<p>O delegado iraniano encarregado das negocia\u00e7\u00f5es de paz no Paquist\u00e3o, liderado pelo presidente do Parlamento, Mohammad Bagher Qalibaf, encerrou hoje as conversa\u00e7\u00f5es em Islamabad. A reuni\u00e3o com os Estados Unidos durou mais de 21 horas e terminou sem acordo.<\/p>\n<p>De acordo com fontes oficiais, a parte iraniana abandonou Islamabad ap\u00f3s o fim da sess\u00e3o, sem ter chegado a um entendimento sobre as quest\u00f5es em debate. O encontro teve como objetivo ajustar pontos de coopera\u00e7\u00e3o regional.<\/p>\n<p>Participaram representantes iranianos e americanos, com envolvimento direto de diplomatas de alto n\u00edvel. A reuni\u00e3o ocorreu no contexto de esfor\u00e7os para reduzir tens\u00f5es na regi\u00e3o e h\u00e1 expectativa de novos contatos entre as partes.<\/p>\n<h3>Contexto das negocia\u00e7\u00f5es<\/h3>\n<p>Analistas apontam que, embora n\u00e3o tenha sido alcan\u00e7ado acordo, as negocia\u00e7\u00f5es tornam vis\u00edveis as linhas de posi\u00e7\u00e3o entre Teer\u00e3 e Washington. Autoridades paquistanesas facilitaram o encontro, que ocorreu na capital paquistanesa.<\/p>\n","protected":false},"excerpt":{"rendered":"<ul>\n<li>Delega\u00e7\u00e3o iraniana para negocia\u00e7\u00f5es de paz no Paquist\u00e3o, chefiada pelo presidente do Parlamento, Mohammad Bagher Qalibaf, abandonou Islamabad.<\/li>\n<li>A sa\u00edda ocorreu uma hora depois da parte norte-americana, sem acordo alcan\u00e7ado.<\/li>\n<li>As negocia\u00e7\u00f5es com os Estados Unidos decorreram por mais de 21 horas.<\/li>\n<li>O encontro teve lugar em Islamabad, capital do Paquist\u00e3o.<\/li>\n<li>O objetivo era discutir quest\u00f5es de paz entre o Ir\u00e3o e os Estados Unidos.<\/li>\n<\/ul>\n","protected":false},"author":2,"featured_media":441223,"comment_status":"closed","ping_status":"closed","sticky":false,"template":"","format":"standard","meta":{"footnotes":""},"categories":[6814,1],"tags":[2198,29,1600,3153,3743,27],"class_list":["post-441219","post","type-post","status-publish","format-standard","has-post-thumbnail","hentry","category-geopolitica","category-noticias","tag-conflitos-internacionais","tag-diplomacia","tag-estados-unidos","tag-ira","tag-paquistao","tag-relacoes-internacionais"],"yoast_head":"<!-- This site is optimized with the Yoast SEO plugin v27.2 - https:\/\/yoast.com\/product\/yoast-seo-wordpress\/ -->\n<title>Delega\u00e7\u00e3o iraniana deixa o Paquist\u00e3o uma hora ap\u00f3s os norte-americanos - Portal Tela Portugal<\/title>\n<meta name=\"robots\" content=\"index, follow, max-snippet:-1, max-image-preview:large, max-video-preview:-1\" \/>\n<meta property=\"og:locale\" content=\"pt_PT\" \/>\n<meta property=\"og:type\" content=\"article\" \/>\n<meta property=\"og:title\" content=\"Delega\u00e7\u00e3o iraniana deixa o Paquist\u00e3o uma hora ap\u00f3s os norte-americanos - Portal Tela Portugal\" \/>\n<meta property=\"og:description\" content=\"Delega\u00e7\u00e3o iraniana para negocia\u00e7\u00f5es de paz no Paquist\u00e3o, chefiada pelo presidente do Parlamento, Mohammad Bagher Qalibaf, abandonou Islamabad. A sa\u00edda ocorreu uma hora depois da parte norte-americana, sem acordo alcan\u00e7ado. As negocia\u00e7\u00f5es com os Estados Unidos decorreram por mais de 21 horas. O encontro teve lugar em Islamabad, capital do Paquist\u00e3o. O objetivo era discutir quest\u00f5es de paz entre o Ir\u00e3o e os Estados Unidos.\" \/>\n<meta property=\"og:url\" content=\"https:\/\/portaltela.pt\/noticias\/2026\/04\/12\/delegacao-iraniana-deixa-o-paquistao-uma-hora-apos-os-norte-americanos\/\" \/>\n<meta property=\"og:site_name\" content=\"Portal Tela Portugal\" \/>\n<meta property=\"article:published_time\" content=\"2026-04-12T09:06:00+00:00\" \/>\n<meta name=\"author\" content=\"Telinha\" \/>\n<meta name=\"twitter:card\" content=\"summary_large_image\" \/>\n<meta name=\"twitter:label1\" content=\"Escrito por\" \/>\n\t<meta name=\"twitter:data1\" content=\"Telinha\" \/>\n\t<meta name=\"twitter:label2\" content=\"Tempo estimado de leitura\" \/>\n\t<meta name=\"twitter:data2\" content=\"1 minuto\" \/>\n<script type=\"application\/ld+json\" class=\"yoast-schema-graph\">{\"@context\":\"https:\/\/schema.org\",\"@graph\":[{\"@type\":\"Article\",\"@id\":\"https:\/\/portaltela.pt\/noticias\/2026\/04\/12\/delegacao-iraniana-deixa-o-paquistao-uma-hora-apos-os-norte-americanos\/#article\",\"isPartOf\":{\"@id\":\"https:\/\/portaltela.pt\/noticias\/2026\/04\/12\/delegacao-iraniana-deixa-o-paquistao-uma-hora-apos-os-norte-americanos\/\"},\"author\":{\"name\":\"Telinha\",\"@id\":\"https:\/\/portaltela.pt\/#\/schema\/person\/c4278d4a6028830caff9ee44b42d32ed\"},\"headline\":\"Delega\u00e7\u00e3o iraniana deixa o Paquist\u00e3o uma hora ap\u00f3s os norte-americanos\",\"datePublished\":\"2026-04-12T09:06:00+00:00\",\"mainEntityOfPage\":{\"@id\":\"https:\/\/portaltela.pt\/noticias\/2026\/04\/12\/delegacao-iraniana-deixa-o-paquistao-uma-hora-apos-os-norte-americanos\/\"},\"wordCount\":174,\"image\":{\"@id\":\"https:\/\/portaltela.pt\/noticias\/2026\/04\/12\/delegacao-iraniana-deixa-o-paquistao-uma-hora-apos-os-norte-americanos\/#primaryimage\"},\"thumbnailUrl\":\"https:\/\/portaltela.pt\/s.01k8rhncp4jt1\/2026\/04\/CACHE_780X1200_ANALOG_WATERMARKED_46912519_428165213680677.jpg\",\"keywords\":[\"conflitos internacionais\",\"diplomacia\",\"Estados Unidos\",\"Ir\u00e3\",\"Paquist\u00e3o\",\"rela\u00e7\u00f5es internacionais\"],\"articleSection\":[\"Geopol\u00edtica\",\"Not\u00edcias\"],\"inLanguage\":\"pt-PT\"},{\"@type\":\"WebPage\",\"@id\":\"https:\/\/portaltela.pt\/noticias\/2026\/04\/12\/delegacao-iraniana-deixa-o-paquistao-uma-hora-apos-os-norte-americanos\/\",\"url\":\"https:\/\/portaltela.pt\/noticias\/2026\/04\/12\/delegacao-iraniana-deixa-o-paquistao-uma-hora-apos-os-norte-americanos\/\",\"name\":\"Delega\u00e7\u00e3o iraniana deixa o Paquist\u00e3o uma hora ap\u00f3s os norte-americanos - Portal Tela Portugal\",\"isPartOf\":{\"@id\":\"https:\/\/portaltela.pt\/#website\"},\"primaryImageOfPage\":{\"@id\":\"https:\/\/portaltela.pt\/noticias\/2026\/04\/12\/delegacao-iraniana-deixa-o-paquistao-uma-hora-apos-os-norte-americanos\/#primaryimage\"},\"image\":{\"@id\":\"https:\/\/portaltela.pt\/noticias\/2026\/04\/12\/delegacao-iraniana-deixa-o-paquistao-uma-hora-apos-os-norte-americanos\/#primaryimage\"},\"thumbnailUrl\":\"https:\/\/portaltela.pt\/s.01k8rhncp4jt1\/2026\/04\/CACHE_780X1200_ANALOG_WATERMARKED_46912519_428165213680677.jpg\",\"datePublished\":\"2026-04-12T09:06:00+00:00\",\"author\":{\"@id\":\"https:\/\/portaltela.pt\/#\/schema\/person\/c4278d4a6028830caff9ee44b42d32ed\"},\"breadcrumb\":{\"@id\":\"https:\/\/portaltela.pt\/noticias\/2026\/04\/12\/delegacao-iraniana-deixa-o-paquistao-uma-hora-apos-os-norte-americanos\/#breadcrumb\"},\"inLanguage\":\"pt-PT\",\"potentialAction\":[{\"@type\":\"ReadAction\",\"target\":[\"https:\/\/portaltela.pt\/noticias\/2026\/04\/12\/delegacao-iraniana-deixa-o-paquistao-uma-hora-apos-os-norte-americanos\/\"]}]},{\"@type\":\"ImageObject\",\"inLanguage\":\"pt-PT\",\"@id\":\"https:\/\/portaltela.pt\/noticias\/2026\/04\/12\/delegacao-iraniana-deixa-o-paquistao-uma-hora-apos-os-norte-americanos\/#primaryimage\",\"url\":\"https:\/\/portaltela.pt\/s.01k8rhncp4jt1\/2026\/04\/CACHE_780X1200_ANALOG_WATERMARKED_46912519_428165213680677.jpg\",\"contentUrl\":\"https:\/\/portaltela.pt\/s.01k8rhncp4jt1\/2026\/04\/CACHE_780X1200_ANALOG_WATERMARKED_46912519_428165213680677.jpg\",\"width\":796,\"height\":448,\"caption\":\"Delega\u00e7\u00e3o iraniana abandona o Paquist\u00e3o uma hora ap\u00f3s norte-americanos\"},{\"@type\":\"BreadcrumbList\",\"@id\":\"https:\/\/portaltela.pt\/noticias\/2026\/04\/12\/delegacao-iraniana-deixa-o-paquistao-uma-hora-apos-os-norte-americanos\/#breadcrumb\",\"itemListElement\":[{\"@type\":\"ListItem\",\"position\":1,\"name\":\"In\u00edcio\",\"item\":\"https:\/\/portaltela.pt\/\"},{\"@type\":\"ListItem\",\"position\":2,\"name\":\"Delega\u00e7\u00e3o iraniana deixa o Paquist\u00e3o uma hora ap\u00f3s os norte-americanos\"}]},{\"@type\":\"WebSite\",\"@id\":\"https:\/\/portaltela.pt\/#website\",\"url\":\"https:\/\/portaltela.pt\/\",\"name\":\"Portal Tela Portugal\",\"description\":\"\",\"potentialAction\":[{\"@type\":\"SearchAction\",\"target\":{\"@type\":\"EntryPoint\",\"urlTemplate\":\"https:\/\/portaltela.pt\/?s={search_term_string}\"},\"query-input\":{\"@type\":\"PropertyValueSpecification\",\"valueRequired\":true,\"valueName\":\"search_term_string\"}}],\"inLanguage\":\"pt-PT\"},{\"@type\":\"Person\",\"@id\":\"https:\/\/portaltela.pt\/#\/schema\/person\/c4278d4a6028830caff9ee44b42d32ed\",\"name\":\"Telinha\",\"image\":{\"@type\":\"ImageObject\",\"inLanguage\":\"pt-PT\",\"@id\":\"https:\/\/portaltela.pt\/s.01k8rhncp4jt1\/2025\/11\/talking-bot-125x125.png\",\"url\":\"https:\/\/portaltela.pt\/s.01k8rhncp4jt1\/2025\/11\/talking-bot-125x125.png\",\"contentUrl\":\"https:\/\/portaltela.pt\/s.01k8rhncp4jt1\/2025\/11\/talking-bot-125x125.png\",\"caption\":\"Telinha\"},\"sameAs\":[\"https:\/\/portaltela.pt\/\"],\"url\":\"https:\/\/portaltela.pt\/por\/367410592786\/\"}]}<\/script>\n<!-- \/ Yoast SEO plugin. -->","yoast_head_json":{"title":"Delega\u00e7\u00e3o iraniana deixa o Paquist\u00e3o uma hora ap\u00f3s os norte-americanos - Portal Tela Portugal","robots":{"index":"index","follow":"follow","max-snippet":"max-snippet:-1","max-image-preview":"max-image-preview:large","max-video-preview":"max-video-preview:-1"},"og_locale":"pt_PT","og_type":"article","og_title":"Delega\u00e7\u00e3o iraniana deixa o Paquist\u00e3o uma hora ap\u00f3s os norte-americanos - Portal Tela Portugal","og_description":"Delega\u00e7\u00e3o iraniana para negocia\u00e7\u00f5es de paz no Paquist\u00e3o, chefiada pelo presidente do Parlamento, Mohammad Bagher Qalibaf, abandonou Islamabad. A sa\u00edda ocorreu uma hora depois da parte norte-americana, sem acordo alcan\u00e7ado. As negocia\u00e7\u00f5es com os Estados Unidos decorreram por mais de 21 horas. O encontro teve lugar em Islamabad, capital do Paquist\u00e3o. O objetivo era discutir quest\u00f5es de paz entre o Ir\u00e3o e os Estados Unidos.","og_url":"https:\/\/portaltela.pt\/noticias\/2026\/04\/12\/delegacao-iraniana-deixa-o-paquistao-uma-hora-apos-os-norte-americanos\/","og_site_name":"Portal Tela Portugal","article_published_time":"2026-04-12T09:06:00+00:00","author":"Telinha","twitter_card":"summary_large_image","twitter_misc":{"Escrito por":"Telinha","Tempo estimado de leitura":"1 minuto"},"schema":{"@context":"https:\/\/schema.org","@graph":[{"@type":"Article","@id":"https:\/\/portaltela.pt\/noticias\/2026\/04\/12\/delegacao-iraniana-deixa-o-paquistao-uma-hora-apos-os-norte-americanos\/#article","isPartOf":{"@id":"https:\/\/portaltela.pt\/noticias\/2026\/04\/12\/delegacao-iraniana-deixa-o-paquistao-uma-hora-apos-os-norte-americanos\/"},"author":{"name":"Telinha","@id":"https:\/\/portaltela.pt\/#\/schema\/person\/c4278d4a6028830caff9ee44b42d32ed"},"headline":"Delega\u00e7\u00e3o iraniana deixa o Paquist\u00e3o uma hora ap\u00f3s os norte-americanos","datePublished":"2026-04-12T09:06:00+00:00","mainEntityOfPage":{"@id":"https:\/\/portaltela.pt\/noticias\/2026\/04\/12\/delegacao-iraniana-deixa-o-paquistao-uma-hora-apos-os-norte-americanos\/"},"wordCount":174,"image":{"@id":"https:\/\/portaltela.pt\/noticias\/2026\/04\/12\/delegacao-iraniana-deixa-o-paquistao-uma-hora-apos-os-norte-americanos\/#primaryimage"},"thumbnailUrl":"https:\/\/portaltela.pt\/s.01k8rhncp4jt1\/2026\/04\/CACHE_780X1200_ANALOG_WATERMARKED_46912519_428165213680677.jpg","keywords":["conflitos internacionais","diplomacia","Estados Unidos","Ir\u00e3","Paquist\u00e3o","rela\u00e7\u00f5es internacionais"],"articleSection":["Geopol\u00edtica","Not\u00edcias"],"inLanguage":"pt-PT"},{"@type":"WebPage","@id":"https:\/\/portaltela.pt\/noticias\/2026\/04\/12\/delegacao-iraniana-deixa-o-paquistao-uma-hora-apos-os-norte-americanos\/","url":"https:\/\/portaltela.pt\/noticias\/2026\/04\/12\/delegacao-iraniana-deixa-o-paquistao-uma-hora-apos-os-norte-americanos\/","name":"Delega\u00e7\u00e3o iraniana deixa o Paquist\u00e3o uma hora ap\u00f3s os norte-americanos - Portal Tela Portugal","isPartOf":{"@id":"https:\/\/portaltela.pt\/#website"},"primaryImageOfPage":{"@id":"https:\/\/portaltela.pt\/noticias\/2026\/04\/12\/delegacao-iraniana-deixa-o-paquistao-uma-hora-apos-os-norte-americanos\/#primaryimage"},"image":{"@id":"https:\/\/portaltela.pt\/noticias\/2026\/04\/12\/delegacao-iraniana-deixa-o-paquistao-uma-hora-apos-os-norte-americanos\/#primaryimage"},"thumbnailUrl":"https:\/\/portaltela.pt\/s.01k8rhncp4jt1\/2026\/04\/CACHE_780X1200_ANALOG_WATERMARKED_46912519_428165213680677.jpg","datePublished":"2026-04-12T09:06:00+00:00","author":{"@id":"https:\/\/portaltela.pt\/#\/schema\/person\/c4278d4a6028830caff9ee44b42d32ed"},"breadcrumb":{"@id":"https:\/\/portaltela.pt\/noticias\/2026\/04\/12\/delegacao-iraniana-deixa-o-paquistao-uma-hora-apos-os-norte-americanos\/#breadcrumb"},"inLanguage":"pt-PT","potentialAction":[{"@type":"ReadAction","target":["https:\/\/portaltela.pt\/noticias\/2026\/04\/12\/delegacao-iraniana-deixa-o-paquistao-uma-hora-apos-os-norte-americanos\/"]}]},{"@type":"ImageObject","inLanguage":"pt-PT","@id":"https:\/\/portaltela.pt\/noticias\/2026\/04\/12\/delegacao-iraniana-deixa-o-paquistao-uma-hora-apos-os-norte-americanos\/#primaryimage","url":"https:\/\/portaltela.pt\/s.01k8rhncp4jt1\/2026\/04\/CACHE_780X1200_ANALOG_WATERMARKED_46912519_428165213680677.jpg","contentUrl":"https:\/\/portaltela.pt\/s.01k8rhncp4jt1\/2026\/04\/CACHE_780X1200_ANALOG_WATERMARKED_46912519_428165213680677.jpg","width":796,"height":448,"caption":"Delega\u00e7\u00e3o iraniana abandona o Paquist\u00e3o uma hora ap\u00f3s norte-americanos"},{"@type":"BreadcrumbList","@id":"https:\/\/portaltela.pt\/noticias\/2026\/04\/12\/delegacao-iraniana-deixa-o-paquistao-uma-hora-apos-os-norte-americanos\/#breadcrumb","itemListElement":[{"@type":"ListItem","position":1,"name":"In\u00edcio","item":"https:\/\/portaltela.pt\/"},{"@type":"ListItem","position":2,"name":"Delega\u00e7\u00e3o iraniana deixa o Paquist\u00e3o uma hora ap\u00f3s os norte-americanos"}]},{"@type":"WebSite","@id":"https:\/\/portaltela.pt\/#website","url":"https:\/\/portaltela.pt\/","name":"Portal Tela Portugal","description":"","potentialAction":[{"@type":"SearchAction","target":{"@type":"EntryPoint","urlTemplate":"https:\/\/portaltela.pt\/?s={search_term_string}"},"query-input":{"@type":"PropertyValueSpecification","valueRequired":true,"valueName":"search_term_string"}}],"inLanguage":"pt-PT"},{"@type":"Person","@id":"https:\/\/portaltela.pt\/#\/schema\/person\/c4278d4a6028830caff9ee44b42d32ed","name":"Telinha","image":{"@type":"ImageObject","inLanguage":"pt-PT","@id":"https:\/\/portaltela.pt\/s.01k8rhncp4jt1\/2025\/11\/talking-bot-125x125.png","url":"https:\/\/portaltela.pt\/s.01k8rhncp4jt1\/2025\/11\/talking-bot-125x125.png","contentUrl":"https:\/\/portaltela.pt\/s.01k8rhncp4jt1\/2025\/11\/talking-bot-125x125.png","caption":"Telinha"},"sameAs":["https:\/\/portaltela.pt\/"],"url":"https:\/\/portaltela.pt\/por\/367410592786\/"}]}},"_links":{"self":[{"href":"https:\/\/portaltela.pt\/api\/wp\/v2\/posts\/441219","targetHints":{"allow":["GET"]}}],"collection":[{"href":"https:\/\/portaltela.pt\/api\/wp\/v2\/posts"}],"about":[{"href":"https:\/\/portaltela.pt\/api\/wp\/v2\/types\/post"}],"author":[{"embeddable":true,"href":"https:\/\/portaltela.pt\/api\/wp\/v2\/users\/2"}],"replies":[{"embeddable":true,"href":"https:\/\/portaltela.pt\/api\/wp\/v2\/comments?post=441219"}],"version-history":[{"count":0,"href":"https:\/\/portaltela.pt\/api\/wp\/v2\/posts\/441219\/revisions"}],"wp:featuredmedia":[{"embeddable":true,"href":"https:\/\/portaltela.pt\/api\/wp\/v2\/media\/441223"}],"wp:attachment":[{"href":"https:\/\/portaltela.pt\/api\/wp\/v2\/media?parent=441219"}],"wp:term":[{"taxonomy":"category","embeddable":true,"href":"https:\/\/portaltela.pt\/api\/wp\/v2\/categories?post=441219"},{"taxonomy":"post_tag","embeddable":true,"href":"https:\/\/portaltela.pt\/api\/wp\/v2\/tags?post=441219"}],"curies":[{"name":"wp","href":"https:\/\/api.w.org\/{rel}","templated":true}]}}