{"id":441210,"date":"2026-04-12T07:02:26","date_gmt":"2026-04-12T10:02:26","guid":{"rendered":"https:\/\/portaltela.pt\/noticias\/2026\/04\/12\/peter-magyar-ex-aliado-de-orban-tenta-retirar-no-do-poder\/"},"modified":"2026-04-12T07:02:26","modified_gmt":"2026-04-12T10:02:26","slug":"peter-magyar-ex-aliado-de-orban-tenta-retirar-no-do-poder","status":"publish","type":"post","link":"https:\/\/portaltela.pt\/noticias\/politica\/2026\/04\/12\/peter-magyar-ex-aliado-de-orban-tenta-retirar-no-do-poder\/","title":{"rendered":"P\u00e9ter Magyar, ex-aliado de Orb\u00e1n, tenta retirar-no do poder"},"content":{"rendered":"<p>P\u00e9ter Magyar, ex-aliado de Viktor Orb\u00e1n, tornou-se uma figura central da pol\u00edtica h\u00fangara ap\u00f3s um div\u00f3rcio pol\u00edtico em 2024. Passou a liderar a oposi\u00e7\u00e3o, rompendo com o n\u00facleo duro do atual governo.<\/p>\n<p>Desde ent\u00e3o, Magyar tem sido visto como uma voz-chave entre os eleitores que desejam mudan\u00e7a. Nas sondagens para as legislativas de domingo, aparece como uma das principais figuras na corrida.<\/p>\n<p>A trajet\u00f3ria de aliado a opositor marcou uma mudan\u00e7a de tom cr\u00edtico em rela\u00e7\u00e3o ao governo, especialmente em quest\u00f5es democr\u00e1ticas e de direitos civis. A postura p\u00fablica de Magyar aponta para uma agenda mais liberal e democr\u00e1tica.<\/p>\n<p>Analistas internacionais t\u00eam acompanhado a evolu\u00e7\u00e3o, apontando Magyar como potencial motor de uma transforma\u00e7\u00e3o no panorama pol\u00edtico da Hungria. A elei\u00e7\u00e3o de domingo \u00e9 considerada decisiva para o futuro do pa\u00eds.<\/p>\n<p>Segundo fontes locais, a campanha de Magyar enfatiza a necessidade de maior respeito pelas liberdades fundamentais e por institui\u00e7\u00f5es democr\u00e1ticas, contrastando com o estilo de lideran\u00e7a de Orb\u00e1n. A elei\u00e7\u00e3o poder\u00e1 redefinir o eixo pol\u00edtico h\u00fangaro.<\/p>\n","protected":false},"excerpt":{"rendered":"<ul>\n<li>P\u00e9ter Magyar, ex-aliado de Viktor Orb\u00e1n, rompeu com o primeiro-ministro em 2024 e tornou-se uma figura central da oposi\u00e7\u00e3o na Hungria.<\/li>\n<li>Atualmente lidera as sondagens para as elei\u00e7\u00f5es legislativas que se realizam neste domingo.<\/li>\n<li>Magyar acusa o governo de Orb\u00e1n de autoritarismo e de desrespeitar liberdades fundamentais, defendendo uma pol\u00edtica mais liberal e democr\u00e1tica.<\/li>\n<li>A mudan\u00e7a de posi\u00e7\u00e3o de Magyar atraiu aten\u00e7\u00e3o internacional, com previs\u00f5es de que possa promover uma mudan\u00e7a no panorama pol\u00edtico h\u00fangaro.<\/li>\n<li>A elei\u00e7\u00e3o legislativa \u00e9 vista como decisiva para o futuro pol\u00edtico da Hungria e Magyar \u00e9 uma das principais figuras da corrida.<\/li>\n<\/ul>\n","protected":false},"author":2,"featured_media":441212,"comment_status":"closed","ping_status":"closed","sticky":false,"template":"","format":"standard","meta":{"footnotes":""},"categories":[6912,5],"tags":[2795,5318,68,2579,3767,2832],"class_list":["post-441210","post","type-post","status-publish","format-standard","has-post-thumbnail","hentry","category-internacionais","category-politica","tag-democracia","tag-direitos-civis","tag-eleicoes","tag-hungria","tag-oposicao","tag-politica"],"yoast_head":"<!-- This site is optimized with the Yoast SEO plugin v27.2 - https:\/\/yoast.com\/product\/yoast-seo-wordpress\/ -->\n<title>P\u00e9ter Magyar, ex-aliado de Orb\u00e1n, tenta retirar-no do poder - Portal Tela Portugal<\/title>\n<meta name=\"robots\" content=\"index, follow, max-snippet:-1, max-image-preview:large, max-video-preview:-1\" \/>\n<meta property=\"og:locale\" content=\"pt_PT\" \/>\n<meta property=\"og:type\" content=\"article\" \/>\n<meta property=\"og:title\" content=\"P\u00e9ter Magyar, ex-aliado de Orb\u00e1n, tenta retirar-no do poder - Portal Tela Portugal\" \/>\n<meta property=\"og:description\" content=\"P\u00e9ter Magyar, ex-aliado de Viktor Orb\u00e1n, rompeu com o primeiro-ministro em 2024 e tornou-se uma figura central da oposi\u00e7\u00e3o na Hungria. Atualmente lidera as sondagens para as elei\u00e7\u00f5es legislativas que se realizam neste domingo. Magyar acusa o governo de Orb\u00e1n de autoritarismo e de desrespeitar liberdades fundamentais, defendendo uma pol\u00edtica mais liberal e democr\u00e1tica. A mudan\u00e7a de posi\u00e7\u00e3o de Magyar atraiu aten\u00e7\u00e3o internacional, com previs\u00f5es de que possa promover uma mudan\u00e7a no panorama pol\u00edtico h\u00fangaro. A elei\u00e7\u00e3o legislativa \u00e9 vista como decisiva para o futuro pol\u00edtico da Hungria e Magyar \u00e9 uma das principais figuras da corrida.\" \/>\n<meta property=\"og:url\" content=\"https:\/\/portaltela.pt\/noticias\/2026\/04\/12\/peter-magyar-ex-aliado-de-orban-tenta-retirar-no-do-poder\/\" \/>\n<meta property=\"og:site_name\" content=\"Portal Tela Portugal\" \/>\n<meta property=\"article:published_time\" content=\"2026-04-12T10:02:26+00:00\" \/>\n<meta name=\"author\" content=\"Telinha\" \/>\n<meta name=\"twitter:card\" content=\"summary_large_image\" \/>\n<meta name=\"twitter:label1\" content=\"Escrito por\" \/>\n\t<meta name=\"twitter:data1\" content=\"Telinha\" \/>\n\t<meta name=\"twitter:label2\" content=\"Tempo estimado de leitura\" \/>\n\t<meta name=\"twitter:data2\" content=\"1 minuto\" \/>\n<script type=\"application\/ld+json\" class=\"yoast-schema-graph\">{\"@context\":\"https:\/\/schema.org\",\"@graph\":[{\"@type\":\"Article\",\"@id\":\"https:\/\/portaltela.pt\/noticias\/2026\/04\/12\/peter-magyar-ex-aliado-de-orban-tenta-retirar-no-do-poder\/#article\",\"isPartOf\":{\"@id\":\"https:\/\/portaltela.pt\/noticias\/2026\/04\/12\/peter-magyar-ex-aliado-de-orban-tenta-retirar-no-do-poder\/\"},\"author\":{\"name\":\"Telinha\",\"@id\":\"https:\/\/portaltela.pt\/#\/schema\/person\/c4278d4a6028830caff9ee44b42d32ed\"},\"headline\":\"P\u00e9ter Magyar, ex-aliado de Orb\u00e1n, tenta retirar-no do poder\",\"datePublished\":\"2026-04-12T10:02:26+00:00\",\"mainEntityOfPage\":{\"@id\":\"https:\/\/portaltela.pt\/noticias\/2026\/04\/12\/peter-magyar-ex-aliado-de-orban-tenta-retirar-no-do-poder\/\"},\"wordCount\":207,\"image\":{\"@id\":\"https:\/\/portaltela.pt\/noticias\/2026\/04\/12\/peter-magyar-ex-aliado-de-orban-tenta-retirar-no-do-poder\/#primaryimage\"},\"thumbnailUrl\":\"https:\/\/portaltela.pt\/s.01k8rhncp4jt1\/2026\/04\/img_1280x722uu2026-04-10-19-44-07-2277789.jpg\",\"keywords\":[\"democracia\",\"direitos civis\",\"elei\u00e7\u00f5es\",\"Hungria\",\"oposi\u00e7\u00e3o\",\"pol\u00edtica\"],\"articleSection\":[\"Internacionais\",\"Pol\u00edtica\"],\"inLanguage\":\"pt-PT\"},{\"@type\":\"WebPage\",\"@id\":\"https:\/\/portaltela.pt\/noticias\/2026\/04\/12\/peter-magyar-ex-aliado-de-orban-tenta-retirar-no-do-poder\/\",\"url\":\"https:\/\/portaltela.pt\/noticias\/2026\/04\/12\/peter-magyar-ex-aliado-de-orban-tenta-retirar-no-do-poder\/\",\"name\":\"P\u00e9ter Magyar, ex-aliado de Orb\u00e1n, tenta retirar-no do poder - Portal Tela Portugal\",\"isPartOf\":{\"@id\":\"https:\/\/portaltela.pt\/#website\"},\"primaryImageOfPage\":{\"@id\":\"https:\/\/portaltela.pt\/noticias\/2026\/04\/12\/peter-magyar-ex-aliado-de-orban-tenta-retirar-no-do-poder\/#primaryimage\"},\"image\":{\"@id\":\"https:\/\/portaltela.pt\/noticias\/2026\/04\/12\/peter-magyar-ex-aliado-de-orban-tenta-retirar-no-do-poder\/#primaryimage\"},\"thumbnailUrl\":\"https:\/\/portaltela.pt\/s.01k8rhncp4jt1\/2026\/04\/img_1280x722uu2026-04-10-19-44-07-2277789.jpg\",\"datePublished\":\"2026-04-12T10:02:26+00:00\",\"author\":{\"@id\":\"https:\/\/portaltela.pt\/#\/schema\/person\/c4278d4a6028830caff9ee44b42d32ed\"},\"breadcrumb\":{\"@id\":\"https:\/\/portaltela.pt\/noticias\/2026\/04\/12\/peter-magyar-ex-aliado-de-orban-tenta-retirar-no-do-poder\/#breadcrumb\"},\"inLanguage\":\"pt-PT\",\"potentialAction\":[{\"@type\":\"ReadAction\",\"target\":[\"https:\/\/portaltela.pt\/noticias\/2026\/04\/12\/peter-magyar-ex-aliado-de-orban-tenta-retirar-no-do-poder\/\"]}]},{\"@type\":\"ImageObject\",\"inLanguage\":\"pt-PT\",\"@id\":\"https:\/\/portaltela.pt\/noticias\/2026\/04\/12\/peter-magyar-ex-aliado-de-orban-tenta-retirar-no-do-poder\/#primaryimage\",\"url\":\"https:\/\/portaltela.pt\/s.01k8rhncp4jt1\/2026\/04\/img_1280x722uu2026-04-10-19-44-07-2277789.jpg\",\"contentUrl\":\"https:\/\/portaltela.pt\/s.01k8rhncp4jt1\/2026\/04\/img_1280x722uu2026-04-10-19-44-07-2277789.jpg\",\"width\":796,\"height\":448,\"caption\":\"P\u00e9ter Magyar, o ex-aliado de Viktor Orb\u00e1n que agora o quer retirar do poder\"},{\"@type\":\"BreadcrumbList\",\"@id\":\"https:\/\/portaltela.pt\/noticias\/2026\/04\/12\/peter-magyar-ex-aliado-de-orban-tenta-retirar-no-do-poder\/#breadcrumb\",\"itemListElement\":[{\"@type\":\"ListItem\",\"position\":1,\"name\":\"In\u00edcio\",\"item\":\"https:\/\/portaltela.pt\/\"},{\"@type\":\"ListItem\",\"position\":2,\"name\":\"P\u00e9ter Magyar, ex-aliado de Orb\u00e1n, tenta retirar-no do poder\"}]},{\"@type\":\"WebSite\",\"@id\":\"https:\/\/portaltela.pt\/#website\",\"url\":\"https:\/\/portaltela.pt\/\",\"name\":\"Portal Tela Portugal\",\"description\":\"\",\"potentialAction\":[{\"@type\":\"SearchAction\",\"target\":{\"@type\":\"EntryPoint\",\"urlTemplate\":\"https:\/\/portaltela.pt\/?s={search_term_string}\"},\"query-input\":{\"@type\":\"PropertyValueSpecification\",\"valueRequired\":true,\"valueName\":\"search_term_string\"}}],\"inLanguage\":\"pt-PT\"},{\"@type\":\"Person\",\"@id\":\"https:\/\/portaltela.pt\/#\/schema\/person\/c4278d4a6028830caff9ee44b42d32ed\",\"name\":\"Telinha\",\"image\":{\"@type\":\"ImageObject\",\"inLanguage\":\"pt-PT\",\"@id\":\"https:\/\/portaltela.pt\/s.01k8rhncp4jt1\/2025\/11\/talking-bot-125x125.png\",\"url\":\"https:\/\/portaltela.pt\/s.01k8rhncp4jt1\/2025\/11\/talking-bot-125x125.png\",\"contentUrl\":\"https:\/\/portaltela.pt\/s.01k8rhncp4jt1\/2025\/11\/talking-bot-125x125.png\",\"caption\":\"Telinha\"},\"sameAs\":[\"https:\/\/portaltela.pt\/\"],\"url\":\"https:\/\/portaltela.pt\/por\/367410592786\/\"}]}<\/script>\n<!-- \/ Yoast SEO plugin. -->","yoast_head_json":{"title":"P\u00e9ter Magyar, ex-aliado de Orb\u00e1n, tenta retirar-no do poder - Portal Tela Portugal","robots":{"index":"index","follow":"follow","max-snippet":"max-snippet:-1","max-image-preview":"max-image-preview:large","max-video-preview":"max-video-preview:-1"},"og_locale":"pt_PT","og_type":"article","og_title":"P\u00e9ter Magyar, ex-aliado de Orb\u00e1n, tenta retirar-no do poder - Portal Tela Portugal","og_description":"P\u00e9ter Magyar, ex-aliado de Viktor Orb\u00e1n, rompeu com o primeiro-ministro em 2024 e tornou-se uma figura central da oposi\u00e7\u00e3o na Hungria. Atualmente lidera as sondagens para as elei\u00e7\u00f5es legislativas que se realizam neste domingo. Magyar acusa o governo de Orb\u00e1n de autoritarismo e de desrespeitar liberdades fundamentais, defendendo uma pol\u00edtica mais liberal e democr\u00e1tica. A mudan\u00e7a de posi\u00e7\u00e3o de Magyar atraiu aten\u00e7\u00e3o internacional, com previs\u00f5es de que possa promover uma mudan\u00e7a no panorama pol\u00edtico h\u00fangaro. A elei\u00e7\u00e3o legislativa \u00e9 vista como decisiva para o futuro pol\u00edtico da Hungria e Magyar \u00e9 uma das principais figuras da corrida.","og_url":"https:\/\/portaltela.pt\/noticias\/2026\/04\/12\/peter-magyar-ex-aliado-de-orban-tenta-retirar-no-do-poder\/","og_site_name":"Portal Tela Portugal","article_published_time":"2026-04-12T10:02:26+00:00","author":"Telinha","twitter_card":"summary_large_image","twitter_misc":{"Escrito por":"Telinha","Tempo estimado de leitura":"1 minuto"},"schema":{"@context":"https:\/\/schema.org","@graph":[{"@type":"Article","@id":"https:\/\/portaltela.pt\/noticias\/2026\/04\/12\/peter-magyar-ex-aliado-de-orban-tenta-retirar-no-do-poder\/#article","isPartOf":{"@id":"https:\/\/portaltela.pt\/noticias\/2026\/04\/12\/peter-magyar-ex-aliado-de-orban-tenta-retirar-no-do-poder\/"},"author":{"name":"Telinha","@id":"https:\/\/portaltela.pt\/#\/schema\/person\/c4278d4a6028830caff9ee44b42d32ed"},"headline":"P\u00e9ter Magyar, ex-aliado de Orb\u00e1n, tenta retirar-no do poder","datePublished":"2026-04-12T10:02:26+00:00","mainEntityOfPage":{"@id":"https:\/\/portaltela.pt\/noticias\/2026\/04\/12\/peter-magyar-ex-aliado-de-orban-tenta-retirar-no-do-poder\/"},"wordCount":207,"image":{"@id":"https:\/\/portaltela.pt\/noticias\/2026\/04\/12\/peter-magyar-ex-aliado-de-orban-tenta-retirar-no-do-poder\/#primaryimage"},"thumbnailUrl":"https:\/\/portaltela.pt\/s.01k8rhncp4jt1\/2026\/04\/img_1280x722uu2026-04-10-19-44-07-2277789.jpg","keywords":["democracia","direitos civis","elei\u00e7\u00f5es","Hungria","oposi\u00e7\u00e3o","pol\u00edtica"],"articleSection":["Internacionais","Pol\u00edtica"],"inLanguage":"pt-PT"},{"@type":"WebPage","@id":"https:\/\/portaltela.pt\/noticias\/2026\/04\/12\/peter-magyar-ex-aliado-de-orban-tenta-retirar-no-do-poder\/","url":"https:\/\/portaltela.pt\/noticias\/2026\/04\/12\/peter-magyar-ex-aliado-de-orban-tenta-retirar-no-do-poder\/","name":"P\u00e9ter Magyar, ex-aliado de Orb\u00e1n, tenta retirar-no do poder - Portal Tela Portugal","isPartOf":{"@id":"https:\/\/portaltela.pt\/#website"},"primaryImageOfPage":{"@id":"https:\/\/portaltela.pt\/noticias\/2026\/04\/12\/peter-magyar-ex-aliado-de-orban-tenta-retirar-no-do-poder\/#primaryimage"},"image":{"@id":"https:\/\/portaltela.pt\/noticias\/2026\/04\/12\/peter-magyar-ex-aliado-de-orban-tenta-retirar-no-do-poder\/#primaryimage"},"thumbnailUrl":"https:\/\/portaltela.pt\/s.01k8rhncp4jt1\/2026\/04\/img_1280x722uu2026-04-10-19-44-07-2277789.jpg","datePublished":"2026-04-12T10:02:26+00:00","author":{"@id":"https:\/\/portaltela.pt\/#\/schema\/person\/c4278d4a6028830caff9ee44b42d32ed"},"breadcrumb":{"@id":"https:\/\/portaltela.pt\/noticias\/2026\/04\/12\/peter-magyar-ex-aliado-de-orban-tenta-retirar-no-do-poder\/#breadcrumb"},"inLanguage":"pt-PT","potentialAction":[{"@type":"ReadAction","target":["https:\/\/portaltela.pt\/noticias\/2026\/04\/12\/peter-magyar-ex-aliado-de-orban-tenta-retirar-no-do-poder\/"]}]},{"@type":"ImageObject","inLanguage":"pt-PT","@id":"https:\/\/portaltela.pt\/noticias\/2026\/04\/12\/peter-magyar-ex-aliado-de-orban-tenta-retirar-no-do-poder\/#primaryimage","url":"https:\/\/portaltela.pt\/s.01k8rhncp4jt1\/2026\/04\/img_1280x722uu2026-04-10-19-44-07-2277789.jpg","contentUrl":"https:\/\/portaltela.pt\/s.01k8rhncp4jt1\/2026\/04\/img_1280x722uu2026-04-10-19-44-07-2277789.jpg","width":796,"height":448,"caption":"P\u00e9ter Magyar, o ex-aliado de Viktor Orb\u00e1n que agora o quer retirar do poder"},{"@type":"BreadcrumbList","@id":"https:\/\/portaltela.pt\/noticias\/2026\/04\/12\/peter-magyar-ex-aliado-de-orban-tenta-retirar-no-do-poder\/#breadcrumb","itemListElement":[{"@type":"ListItem","position":1,"name":"In\u00edcio","item":"https:\/\/portaltela.pt\/"},{"@type":"ListItem","position":2,"name":"P\u00e9ter Magyar, ex-aliado de Orb\u00e1n, tenta retirar-no do poder"}]},{"@type":"WebSite","@id":"https:\/\/portaltela.pt\/#website","url":"https:\/\/portaltela.pt\/","name":"Portal Tela Portugal","description":"","potentialAction":[{"@type":"SearchAction","target":{"@type":"EntryPoint","urlTemplate":"https:\/\/portaltela.pt\/?s={search_term_string}"},"query-input":{"@type":"PropertyValueSpecification","valueRequired":true,"valueName":"search_term_string"}}],"inLanguage":"pt-PT"},{"@type":"Person","@id":"https:\/\/portaltela.pt\/#\/schema\/person\/c4278d4a6028830caff9ee44b42d32ed","name":"Telinha","image":{"@type":"ImageObject","inLanguage":"pt-PT","@id":"https:\/\/portaltela.pt\/s.01k8rhncp4jt1\/2025\/11\/talking-bot-125x125.png","url":"https:\/\/portaltela.pt\/s.01k8rhncp4jt1\/2025\/11\/talking-bot-125x125.png","contentUrl":"https:\/\/portaltela.pt\/s.01k8rhncp4jt1\/2025\/11\/talking-bot-125x125.png","caption":"Telinha"},"sameAs":["https:\/\/portaltela.pt\/"],"url":"https:\/\/portaltela.pt\/por\/367410592786\/"}]}},"_links":{"self":[{"href":"https:\/\/portaltela.pt\/api\/wp\/v2\/posts\/441210","targetHints":{"allow":["GET"]}}],"collection":[{"href":"https:\/\/portaltela.pt\/api\/wp\/v2\/posts"}],"about":[{"href":"https:\/\/portaltela.pt\/api\/wp\/v2\/types\/post"}],"author":[{"embeddable":true,"href":"https:\/\/portaltela.pt\/api\/wp\/v2\/users\/2"}],"replies":[{"embeddable":true,"href":"https:\/\/portaltela.pt\/api\/wp\/v2\/comments?post=441210"}],"version-history":[{"count":0,"href":"https:\/\/portaltela.pt\/api\/wp\/v2\/posts\/441210\/revisions"}],"wp:featuredmedia":[{"embeddable":true,"href":"https:\/\/portaltela.pt\/api\/wp\/v2\/media\/441212"}],"wp:attachment":[{"href":"https:\/\/portaltela.pt\/api\/wp\/v2\/media?parent=441210"}],"wp:term":[{"taxonomy":"category","embeddable":true,"href":"https:\/\/portaltela.pt\/api\/wp\/v2\/categories?post=441210"},{"taxonomy":"post_tag","embeddable":true,"href":"https:\/\/portaltela.pt\/api\/wp\/v2\/tags?post=441210"}],"curies":[{"name":"wp","href":"https:\/\/api.w.org\/{rel}","templated":true}]}}