{"id":441209,"date":"2026-04-12T07:02:25","date_gmt":"2026-04-12T10:02:25","guid":{"rendered":"https:\/\/portaltela.pt\/noticias\/2026\/04\/12\/quem-e-viktor-orban-o-lider-europeu-com-mais-anos-no-poder\/"},"modified":"2026-04-12T07:02:25","modified_gmt":"2026-04-12T10:02:25","slug":"quem-e-viktor-orban-o-lider-europeu-com-mais-anos-no-poder","status":"publish","type":"post","link":"https:\/\/portaltela.pt\/noticias\/2026\/04\/12\/quem-e-viktor-orban-o-lider-europeu-com-mais-anos-no-poder\/","title":{"rendered":"Quem \u00e9 Viktor Orb\u00e1n, o l\u00edder europeu com mais anos no poder"},"content":{"rendered":"<p>Viktor Orb\u00e1n \u00e9 a figura central da pol\u00edtica h\u00fangara h\u00e1 mais de uma d\u00e9cada. Chegou ao poder em 2010, consolidando controlo sobre reformas que fortalecem o governo central e a constitui\u00e7\u00e3o. A entrada da Hungria na NATO durante a sua gest\u00e3o \u00e9 um marco da linha ocidental que tem mantido.<\/p>\n<p>A rela\u00e7\u00e3o com a R\u00fassia, liderada por Vladimir Putin, tem sido fonte de atrito com v\u00e1rios parceiros europeus. Orb\u00e1n adota uma postura cautelosa em rela\u00e7\u00e3o a pol\u00edticas migrat\u00f3rias e direitos civis, o que alimenta cr\u00edticas externas, mas mant\u00e9m suporte interno significativo.<\/p>\n<p>Oposi\u00e7\u00e3o e apoio<\/p>\n<p>Ao mesmo tempo, mant\u00e9m uma base de apoio s\u00f3lida, que valoriza a defesa dos interesses nacionais e a resist\u00eancia a press\u00f5es externas. A trajet\u00f3ria de Orb\u00e1n ilustra a tens\u00e3o entre nacionalismo e coopera\u00e7\u00e3o internacional na pol\u00edtica contempor\u00e2nea.<\/p>\n<h3>Trajet\u00f3ria no poder<\/h3>\n<p>Desde a ascens\u00e3o, refor\u00e7ou o executivo e alterou a constitui\u00e7\u00e3o, buscando maior estabilidade pol\u00edtica. A posi\u00e7\u00e3o de Hungria no debate europeu fica marcada pela defesa da soberania nacional e por uma rela\u00e7\u00e3o amb\u00edgua com pol\u00edticas da Uni\u00e3o Europeia.<\/p>\n<h3>Rela\u00e7\u00f5es internacionais<\/h3>\n<p>A coopera\u00e7\u00e3o com a NATO permanece um eixo da pol\u00edtica externa, enquanto as rela\u00e7\u00f5es com Moscou geram debates sobre alinhamento estrat\u00e9gico no continente. Organismos internacionais t\u00eam observado com aten\u00e7\u00e3o as medidas internas do governo h\u00fangaro.<\/p>\n","protected":false},"excerpt":{"rendered":"<ul>\n<li>Viktor Orb\u00e1n est\u00e1 no poder desde 2010, completando 16 anos no cargo.<\/li>\n<li>Defendeu a entrada da Hungria na NATO, consolidando o alinhamento ocidental do pa\u00eds.<\/li>\n<li>A rela\u00e7\u00e3o com Vladimir Putin tem sido motivo de atrito com outros l\u00edderes europeus.<\/li>\n<li>Implementou reformas que fortalecem o executivo e alteram a constitui\u00e7\u00e3o, numa pol\u00edtica de direita.<\/li>\n<li>Mant\u00e9m apoio est\u00e1vel entre quem valoriza interesses nacionais e resist\u00eancia a press\u00f5es externas.<\/li>\n<\/ul>\n","protected":false},"author":2,"featured_media":441211,"comment_status":"closed","ping_status":"closed","sticky":false,"template":"","format":"standard","meta":{"footnotes":""},"categories":[6814,1],"tags":[4644,2579,2832,3110,4222,2055],"class_list":["post-441209","post","type-post","status-publish","format-standard","has-post-thumbnail","hentry","category-geopolitica","category-noticias","tag-alianca-atlantica","tag-hungria","tag-politica","tag-russia","tag-seguranca-internacional","tag-uniao-europeia"],"yoast_head":"<!-- This site is optimized with the Yoast SEO plugin v27.2 - https:\/\/yoast.com\/product\/yoast-seo-wordpress\/ -->\n<title>Quem \u00e9 Viktor Orb\u00e1n, o l\u00edder europeu com mais anos no poder - Portal Tela Portugal<\/title>\n<meta name=\"robots\" content=\"index, follow, max-snippet:-1, max-image-preview:large, max-video-preview:-1\" \/>\n<meta property=\"og:locale\" content=\"pt_PT\" \/>\n<meta property=\"og:type\" content=\"article\" \/>\n<meta property=\"og:title\" content=\"Quem \u00e9 Viktor Orb\u00e1n, o l\u00edder europeu com mais anos no poder - Portal Tela Portugal\" \/>\n<meta property=\"og:description\" content=\"Viktor Orb\u00e1n est\u00e1 no poder desde 2010, completando 16 anos no cargo. Defendeu a entrada da Hungria na NATO, consolidando o alinhamento ocidental do pa\u00eds. A rela\u00e7\u00e3o com Vladimir Putin tem sido motivo de atrito com outros l\u00edderes europeus. Implementou reformas que fortalecem o executivo e alteram a constitui\u00e7\u00e3o, numa pol\u00edtica de direita. Mant\u00e9m apoio est\u00e1vel entre quem valoriza interesses nacionais e resist\u00eancia a press\u00f5es externas.\" \/>\n<meta property=\"og:url\" content=\"https:\/\/portaltela.pt\/noticias\/2026\/04\/12\/quem-e-viktor-orban-o-lider-europeu-com-mais-anos-no-poder\/\" \/>\n<meta property=\"og:site_name\" content=\"Portal Tela Portugal\" \/>\n<meta property=\"article:published_time\" content=\"2026-04-12T10:02:25+00:00\" \/>\n<meta name=\"author\" content=\"Telinha\" \/>\n<meta name=\"twitter:card\" content=\"summary_large_image\" \/>\n<meta name=\"twitter:label1\" content=\"Escrito por\" \/>\n\t<meta name=\"twitter:data1\" content=\"Telinha\" \/>\n\t<meta name=\"twitter:label2\" content=\"Tempo estimado de leitura\" \/>\n\t<meta name=\"twitter:data2\" content=\"1 minuto\" \/>\n<script type=\"application\/ld+json\" class=\"yoast-schema-graph\">{\"@context\":\"https:\/\/schema.org\",\"@graph\":[{\"@type\":\"Article\",\"@id\":\"https:\/\/portaltela.pt\/noticias\/2026\/04\/12\/quem-e-viktor-orban-o-lider-europeu-com-mais-anos-no-poder\/#article\",\"isPartOf\":{\"@id\":\"https:\/\/portaltela.pt\/noticias\/2026\/04\/12\/quem-e-viktor-orban-o-lider-europeu-com-mais-anos-no-poder\/\"},\"author\":{\"name\":\"Telinha\",\"@id\":\"https:\/\/portaltela.pt\/#\/schema\/person\/c4278d4a6028830caff9ee44b42d32ed\"},\"headline\":\"Quem \u00e9 Viktor Orb\u00e1n, o l\u00edder europeu com mais anos no poder\",\"datePublished\":\"2026-04-12T10:02:25+00:00\",\"mainEntityOfPage\":{\"@id\":\"https:\/\/portaltela.pt\/noticias\/2026\/04\/12\/quem-e-viktor-orban-o-lider-europeu-com-mais-anos-no-poder\/\"},\"wordCount\":263,\"image\":{\"@id\":\"https:\/\/portaltela.pt\/noticias\/2026\/04\/12\/quem-e-viktor-orban-o-lider-europeu-com-mais-anos-no-poder\/#primaryimage\"},\"thumbnailUrl\":\"https:\/\/portaltela.pt\/s.01k8rhncp4jt1\/2026\/04\/img_1280x722uu2016-09-22-16-24-00-565421.jpg\",\"keywords\":[\"Alian\u00e7a Atl\u00e2ntica\",\"Hungria\",\"pol\u00edtica\",\"R\u00fassia\",\"seguran\u00e7a internacional\",\"Uni\u00e3o Europeia\"],\"articleSection\":[\"Geopol\u00edtica\",\"Not\u00edcias\"],\"inLanguage\":\"pt-PT\"},{\"@type\":\"WebPage\",\"@id\":\"https:\/\/portaltela.pt\/noticias\/2026\/04\/12\/quem-e-viktor-orban-o-lider-europeu-com-mais-anos-no-poder\/\",\"url\":\"https:\/\/portaltela.pt\/noticias\/2026\/04\/12\/quem-e-viktor-orban-o-lider-europeu-com-mais-anos-no-poder\/\",\"name\":\"Quem \u00e9 Viktor Orb\u00e1n, o l\u00edder europeu com mais anos no poder - Portal Tela Portugal\",\"isPartOf\":{\"@id\":\"https:\/\/portaltela.pt\/#website\"},\"primaryImageOfPage\":{\"@id\":\"https:\/\/portaltela.pt\/noticias\/2026\/04\/12\/quem-e-viktor-orban-o-lider-europeu-com-mais-anos-no-poder\/#primaryimage\"},\"image\":{\"@id\":\"https:\/\/portaltela.pt\/noticias\/2026\/04\/12\/quem-e-viktor-orban-o-lider-europeu-com-mais-anos-no-poder\/#primaryimage\"},\"thumbnailUrl\":\"https:\/\/portaltela.pt\/s.01k8rhncp4jt1\/2026\/04\/img_1280x722uu2016-09-22-16-24-00-565421.jpg\",\"datePublished\":\"2026-04-12T10:02:25+00:00\",\"author\":{\"@id\":\"https:\/\/portaltela.pt\/#\/schema\/person\/c4278d4a6028830caff9ee44b42d32ed\"},\"breadcrumb\":{\"@id\":\"https:\/\/portaltela.pt\/noticias\/2026\/04\/12\/quem-e-viktor-orban-o-lider-europeu-com-mais-anos-no-poder\/#breadcrumb\"},\"inLanguage\":\"pt-PT\",\"potentialAction\":[{\"@type\":\"ReadAction\",\"target\":[\"https:\/\/portaltela.pt\/noticias\/2026\/04\/12\/quem-e-viktor-orban-o-lider-europeu-com-mais-anos-no-poder\/\"]}]},{\"@type\":\"ImageObject\",\"inLanguage\":\"pt-PT\",\"@id\":\"https:\/\/portaltela.pt\/noticias\/2026\/04\/12\/quem-e-viktor-orban-o-lider-europeu-com-mais-anos-no-poder\/#primaryimage\",\"url\":\"https:\/\/portaltela.pt\/s.01k8rhncp4jt1\/2026\/04\/img_1280x722uu2016-09-22-16-24-00-565421.jpg\",\"contentUrl\":\"https:\/\/portaltela.pt\/s.01k8rhncp4jt1\/2026\/04\/img_1280x722uu2016-09-22-16-24-00-565421.jpg\",\"width\":796,\"height\":448,\"caption\":\"Viktor Orb\u00e1n em uma reuni\u00e3o em Budapeste, Hungria, em 2022.\"},{\"@type\":\"BreadcrumbList\",\"@id\":\"https:\/\/portaltela.pt\/noticias\/2026\/04\/12\/quem-e-viktor-orban-o-lider-europeu-com-mais-anos-no-poder\/#breadcrumb\",\"itemListElement\":[{\"@type\":\"ListItem\",\"position\":1,\"name\":\"In\u00edcio\",\"item\":\"https:\/\/portaltela.pt\/\"},{\"@type\":\"ListItem\",\"position\":2,\"name\":\"Quem \u00e9 Viktor Orb\u00e1n, o l\u00edder europeu com mais anos no poder\"}]},{\"@type\":\"WebSite\",\"@id\":\"https:\/\/portaltela.pt\/#website\",\"url\":\"https:\/\/portaltela.pt\/\",\"name\":\"Portal Tela Portugal\",\"description\":\"\",\"potentialAction\":[{\"@type\":\"SearchAction\",\"target\":{\"@type\":\"EntryPoint\",\"urlTemplate\":\"https:\/\/portaltela.pt\/?s={search_term_string}\"},\"query-input\":{\"@type\":\"PropertyValueSpecification\",\"valueRequired\":true,\"valueName\":\"search_term_string\"}}],\"inLanguage\":\"pt-PT\"},{\"@type\":\"Person\",\"@id\":\"https:\/\/portaltela.pt\/#\/schema\/person\/c4278d4a6028830caff9ee44b42d32ed\",\"name\":\"Telinha\",\"image\":{\"@type\":\"ImageObject\",\"inLanguage\":\"pt-PT\",\"@id\":\"https:\/\/portaltela.pt\/s.01k8rhncp4jt1\/2025\/11\/talking-bot-125x125.png\",\"url\":\"https:\/\/portaltela.pt\/s.01k8rhncp4jt1\/2025\/11\/talking-bot-125x125.png\",\"contentUrl\":\"https:\/\/portaltela.pt\/s.01k8rhncp4jt1\/2025\/11\/talking-bot-125x125.png\",\"caption\":\"Telinha\"},\"sameAs\":[\"https:\/\/portaltela.pt\/\"],\"url\":\"https:\/\/portaltela.pt\/por\/367410592786\/\"}]}<\/script>\n<!-- \/ Yoast SEO plugin. -->","yoast_head_json":{"title":"Quem \u00e9 Viktor Orb\u00e1n, o l\u00edder europeu com mais anos no poder - Portal Tela Portugal","robots":{"index":"index","follow":"follow","max-snippet":"max-snippet:-1","max-image-preview":"max-image-preview:large","max-video-preview":"max-video-preview:-1"},"og_locale":"pt_PT","og_type":"article","og_title":"Quem \u00e9 Viktor Orb\u00e1n, o l\u00edder europeu com mais anos no poder - Portal Tela Portugal","og_description":"Viktor Orb\u00e1n est\u00e1 no poder desde 2010, completando 16 anos no cargo. Defendeu a entrada da Hungria na NATO, consolidando o alinhamento ocidental do pa\u00eds. A rela\u00e7\u00e3o com Vladimir Putin tem sido motivo de atrito com outros l\u00edderes europeus. Implementou reformas que fortalecem o executivo e alteram a constitui\u00e7\u00e3o, numa pol\u00edtica de direita. Mant\u00e9m apoio est\u00e1vel entre quem valoriza interesses nacionais e resist\u00eancia a press\u00f5es externas.","og_url":"https:\/\/portaltela.pt\/noticias\/2026\/04\/12\/quem-e-viktor-orban-o-lider-europeu-com-mais-anos-no-poder\/","og_site_name":"Portal Tela Portugal","article_published_time":"2026-04-12T10:02:25+00:00","author":"Telinha","twitter_card":"summary_large_image","twitter_misc":{"Escrito por":"Telinha","Tempo estimado de leitura":"1 minuto"},"schema":{"@context":"https:\/\/schema.org","@graph":[{"@type":"Article","@id":"https:\/\/portaltela.pt\/noticias\/2026\/04\/12\/quem-e-viktor-orban-o-lider-europeu-com-mais-anos-no-poder\/#article","isPartOf":{"@id":"https:\/\/portaltela.pt\/noticias\/2026\/04\/12\/quem-e-viktor-orban-o-lider-europeu-com-mais-anos-no-poder\/"},"author":{"name":"Telinha","@id":"https:\/\/portaltela.pt\/#\/schema\/person\/c4278d4a6028830caff9ee44b42d32ed"},"headline":"Quem \u00e9 Viktor Orb\u00e1n, o l\u00edder europeu com mais anos no poder","datePublished":"2026-04-12T10:02:25+00:00","mainEntityOfPage":{"@id":"https:\/\/portaltela.pt\/noticias\/2026\/04\/12\/quem-e-viktor-orban-o-lider-europeu-com-mais-anos-no-poder\/"},"wordCount":263,"image":{"@id":"https:\/\/portaltela.pt\/noticias\/2026\/04\/12\/quem-e-viktor-orban-o-lider-europeu-com-mais-anos-no-poder\/#primaryimage"},"thumbnailUrl":"https:\/\/portaltela.pt\/s.01k8rhncp4jt1\/2026\/04\/img_1280x722uu2016-09-22-16-24-00-565421.jpg","keywords":["Alian\u00e7a Atl\u00e2ntica","Hungria","pol\u00edtica","R\u00fassia","seguran\u00e7a internacional","Uni\u00e3o Europeia"],"articleSection":["Geopol\u00edtica","Not\u00edcias"],"inLanguage":"pt-PT"},{"@type":"WebPage","@id":"https:\/\/portaltela.pt\/noticias\/2026\/04\/12\/quem-e-viktor-orban-o-lider-europeu-com-mais-anos-no-poder\/","url":"https:\/\/portaltela.pt\/noticias\/2026\/04\/12\/quem-e-viktor-orban-o-lider-europeu-com-mais-anos-no-poder\/","name":"Quem \u00e9 Viktor Orb\u00e1n, o l\u00edder europeu com mais anos no poder - Portal Tela Portugal","isPartOf":{"@id":"https:\/\/portaltela.pt\/#website"},"primaryImageOfPage":{"@id":"https:\/\/portaltela.pt\/noticias\/2026\/04\/12\/quem-e-viktor-orban-o-lider-europeu-com-mais-anos-no-poder\/#primaryimage"},"image":{"@id":"https:\/\/portaltela.pt\/noticias\/2026\/04\/12\/quem-e-viktor-orban-o-lider-europeu-com-mais-anos-no-poder\/#primaryimage"},"thumbnailUrl":"https:\/\/portaltela.pt\/s.01k8rhncp4jt1\/2026\/04\/img_1280x722uu2016-09-22-16-24-00-565421.jpg","datePublished":"2026-04-12T10:02:25+00:00","author":{"@id":"https:\/\/portaltela.pt\/#\/schema\/person\/c4278d4a6028830caff9ee44b42d32ed"},"breadcrumb":{"@id":"https:\/\/portaltela.pt\/noticias\/2026\/04\/12\/quem-e-viktor-orban-o-lider-europeu-com-mais-anos-no-poder\/#breadcrumb"},"inLanguage":"pt-PT","potentialAction":[{"@type":"ReadAction","target":["https:\/\/portaltela.pt\/noticias\/2026\/04\/12\/quem-e-viktor-orban-o-lider-europeu-com-mais-anos-no-poder\/"]}]},{"@type":"ImageObject","inLanguage":"pt-PT","@id":"https:\/\/portaltela.pt\/noticias\/2026\/04\/12\/quem-e-viktor-orban-o-lider-europeu-com-mais-anos-no-poder\/#primaryimage","url":"https:\/\/portaltela.pt\/s.01k8rhncp4jt1\/2026\/04\/img_1280x722uu2016-09-22-16-24-00-565421.jpg","contentUrl":"https:\/\/portaltela.pt\/s.01k8rhncp4jt1\/2026\/04\/img_1280x722uu2016-09-22-16-24-00-565421.jpg","width":796,"height":448,"caption":"Viktor Orb\u00e1n em uma reuni\u00e3o em Budapeste, Hungria, em 2022."},{"@type":"BreadcrumbList","@id":"https:\/\/portaltela.pt\/noticias\/2026\/04\/12\/quem-e-viktor-orban-o-lider-europeu-com-mais-anos-no-poder\/#breadcrumb","itemListElement":[{"@type":"ListItem","position":1,"name":"In\u00edcio","item":"https:\/\/portaltela.pt\/"},{"@type":"ListItem","position":2,"name":"Quem \u00e9 Viktor Orb\u00e1n, o l\u00edder europeu com mais anos no poder"}]},{"@type":"WebSite","@id":"https:\/\/portaltela.pt\/#website","url":"https:\/\/portaltela.pt\/","name":"Portal Tela Portugal","description":"","potentialAction":[{"@type":"SearchAction","target":{"@type":"EntryPoint","urlTemplate":"https:\/\/portaltela.pt\/?s={search_term_string}"},"query-input":{"@type":"PropertyValueSpecification","valueRequired":true,"valueName":"search_term_string"}}],"inLanguage":"pt-PT"},{"@type":"Person","@id":"https:\/\/portaltela.pt\/#\/schema\/person\/c4278d4a6028830caff9ee44b42d32ed","name":"Telinha","image":{"@type":"ImageObject","inLanguage":"pt-PT","@id":"https:\/\/portaltela.pt\/s.01k8rhncp4jt1\/2025\/11\/talking-bot-125x125.png","url":"https:\/\/portaltela.pt\/s.01k8rhncp4jt1\/2025\/11\/talking-bot-125x125.png","contentUrl":"https:\/\/portaltela.pt\/s.01k8rhncp4jt1\/2025\/11\/talking-bot-125x125.png","caption":"Telinha"},"sameAs":["https:\/\/portaltela.pt\/"],"url":"https:\/\/portaltela.pt\/por\/367410592786\/"}]}},"_links":{"self":[{"href":"https:\/\/portaltela.pt\/api\/wp\/v2\/posts\/441209","targetHints":{"allow":["GET"]}}],"collection":[{"href":"https:\/\/portaltela.pt\/api\/wp\/v2\/posts"}],"about":[{"href":"https:\/\/portaltela.pt\/api\/wp\/v2\/types\/post"}],"author":[{"embeddable":true,"href":"https:\/\/portaltela.pt\/api\/wp\/v2\/users\/2"}],"replies":[{"embeddable":true,"href":"https:\/\/portaltela.pt\/api\/wp\/v2\/comments?post=441209"}],"version-history":[{"count":0,"href":"https:\/\/portaltela.pt\/api\/wp\/v2\/posts\/441209\/revisions"}],"wp:featuredmedia":[{"embeddable":true,"href":"https:\/\/portaltela.pt\/api\/wp\/v2\/media\/441211"}],"wp:attachment":[{"href":"https:\/\/portaltela.pt\/api\/wp\/v2\/media?parent=441209"}],"wp:term":[{"taxonomy":"category","embeddable":true,"href":"https:\/\/portaltela.pt\/api\/wp\/v2\/categories?post=441209"},{"taxonomy":"post_tag","embeddable":true,"href":"https:\/\/portaltela.pt\/api\/wp\/v2\/tags?post=441209"}],"curies":[{"name":"wp","href":"https:\/\/api.w.org\/{rel}","templated":true}]}}