{"id":441178,"date":"2026-04-12T06:02:16","date_gmt":"2026-04-12T09:02:16","guid":{"rendered":"https:\/\/portaltela.pt\/noticias\/2026\/04\/12\/subida-dos-precos-do-cabaz-alimentar-preocupa-comerciantes-e-clientes-de-beja\/"},"modified":"2026-04-12T06:02:16","modified_gmt":"2026-04-12T09:02:16","slug":"subida-dos-precos-do-cabaz-alimentar-preocupa-comerciantes-e-clientes-de-beja","status":"publish","type":"post","link":"https:\/\/portaltela.pt\/noticias\/economia\/2026\/04\/12\/subida-dos-precos-do-cabaz-alimentar-preocupa-comerciantes-e-clientes-de-beja\/","title":{"rendered":"Subida dos pre\u00e7os do cabaz alimentar preocupa comerciantes e clientes de Beja"},"content":{"rendered":"<p>No mercado municipal de Beja, a subida dos pre\u00e7os do cabaz alimentar \u00e9 notada a 12 de abril de 2026, com impacto tanto em comerciantes como em clientes. A tend\u00eancia aponta para aumentos generalizados entre bens b\u00e1sicos, sem ainda revelar percentuais oficiais.<\/p>\n<p>Clientes descrevem uma curva de consumo ajustada: passam a comprar apenas o essencial para a semana. O efeito, segundo testemunhos recolhidos junto de moradores, \u00e9 de maior cautela nas compras.<\/p>\n<p>Comerciantes registam uma aflu\u00eancia inferior \u00e0 habitual. Dizem que o volume de clientes tem vindo a diminuir nos \u00faltimos dias, o que pode influenciar a din\u00e2mica do mercado local.<\/p>\n<h3>Impacto no consumo<\/h3>\n<p>A subida de pre\u00e7os leva a escolhas mais restritas na hora de abastecer casa. Comerciantes e compradores apontam para uma redu\u00e7\u00e3o do cabaz adquirido por fam\u00edlia, com foco em itens priorit\u00e1rios.<\/p>\n<h3>Perspetivas para o pre\u00e7o<\/h3>\n<p>Fontes locais indicam que fatores sazonais e oscila\u00e7\u00f5es de fornecimento contribuem para a press\u00e3o sobre os pre\u00e7os. N\u00e3o h\u00e1 confirma\u00e7\u00e3o de medidas imediatas por parte do mercado ou autoridades.<\/p>\n","protected":false},"excerpt":{"rendered":"<ul>\n<li>Subida dos pre\u00e7os do cabaz alimentar \u00e9 sentida no mercado municipal de Beja, segundo clientes e comerciantes.<\/li>\n<li>Clientes dizem que passam a comprar apenas o necess\u00e1rio devido aos aumentos.<\/li>\n<li>Comerciantes apontam pouca aflu\u00eancia de moradores no mercado.<\/li>\n<li>O movimento reduzido \u00e9 visto como contributo para a menor compra de itens.<\/li>\n<li>Informa\u00e7\u00e3o publicada a 12 de abril de 2026, \u00e0s 09:51.<\/li>\n<\/ul>\n","protected":false},"author":2,"featured_media":441182,"comment_status":"closed","ping_status":"closed","sticky":false,"template":"","format":"standard","meta":{"footnotes":""},"categories":[2,6735],"tags":[6115,7885,86,943,4991],"class_list":["post-441178","post","type-post","status-publish","format-standard","has-post-thumbnail","hentry","category-economia","category-negocios","tag-_economia","tag-_seguranca-alimentar","tag-alimentacao","tag-beja","tag-consumo"],"yoast_head":"<!-- This site is optimized with the Yoast SEO plugin v27.2 - https:\/\/yoast.com\/product\/yoast-seo-wordpress\/ -->\n<title>Subida dos pre\u00e7os do cabaz alimentar preocupa comerciantes e clientes de Beja - Portal Tela Portugal<\/title>\n<meta name=\"robots\" content=\"index, follow, max-snippet:-1, max-image-preview:large, max-video-preview:-1\" \/>\n<meta property=\"og:locale\" content=\"pt_PT\" \/>\n<meta property=\"og:type\" content=\"article\" \/>\n<meta property=\"og:title\" content=\"Subida dos pre\u00e7os do cabaz alimentar preocupa comerciantes e clientes de Beja - Portal Tela Portugal\" \/>\n<meta property=\"og:description\" content=\"Subida dos pre\u00e7os do cabaz alimentar \u00e9 sentida no mercado municipal de Beja, segundo clientes e comerciantes. Clientes dizem que passam a comprar apenas o necess\u00e1rio devido aos aumentos. Comerciantes apontam pouca aflu\u00eancia de moradores no mercado. O movimento reduzido \u00e9 visto como contributo para a menor compra de itens. Informa\u00e7\u00e3o publicada a 12 de abril de 2026, \u00e0s 09:51.\" \/>\n<meta property=\"og:url\" content=\"https:\/\/portaltela.pt\/noticias\/2026\/04\/12\/subida-dos-precos-do-cabaz-alimentar-preocupa-comerciantes-e-clientes-de-beja\/\" \/>\n<meta property=\"og:site_name\" content=\"Portal Tela Portugal\" \/>\n<meta property=\"article:published_time\" content=\"2026-04-12T09:02:16+00:00\" \/>\n<meta name=\"author\" content=\"Telinha\" \/>\n<meta name=\"twitter:card\" content=\"summary_large_image\" \/>\n<meta name=\"twitter:label1\" content=\"Escrito por\" \/>\n\t<meta name=\"twitter:data1\" content=\"Telinha\" \/>\n\t<meta name=\"twitter:label2\" content=\"Tempo estimado de leitura\" \/>\n\t<meta name=\"twitter:data2\" content=\"1 minuto\" \/>\n<script type=\"application\/ld+json\" class=\"yoast-schema-graph\">{\"@context\":\"https:\/\/schema.org\",\"@graph\":[{\"@type\":\"Article\",\"@id\":\"https:\/\/portaltela.pt\/noticias\/2026\/04\/12\/subida-dos-precos-do-cabaz-alimentar-preocupa-comerciantes-e-clientes-de-beja\/#article\",\"isPartOf\":{\"@id\":\"https:\/\/portaltela.pt\/noticias\/2026\/04\/12\/subida-dos-precos-do-cabaz-alimentar-preocupa-comerciantes-e-clientes-de-beja\/\"},\"author\":{\"name\":\"Telinha\",\"@id\":\"https:\/\/portaltela.pt\/#\/schema\/person\/c4278d4a6028830caff9ee44b42d32ed\"},\"headline\":\"Subida dos pre\u00e7os do cabaz alimentar preocupa comerciantes e clientes de Beja\",\"datePublished\":\"2026-04-12T09:02:16+00:00\",\"mainEntityOfPage\":{\"@id\":\"https:\/\/portaltela.pt\/noticias\/2026\/04\/12\/subida-dos-precos-do-cabaz-alimentar-preocupa-comerciantes-e-clientes-de-beja\/\"},\"wordCount\":191,\"image\":{\"@id\":\"https:\/\/portaltela.pt\/noticias\/2026\/04\/12\/subida-dos-precos-do-cabaz-alimentar-preocupa-comerciantes-e-clientes-de-beja\/#primaryimage\"},\"thumbnailUrl\":\"https:\/\/portaltela.pt\/s.01k8rhncp4jt1\/2026\/04\/img_1280x722uu2026-04-12-09-50-16-2278043.jpg\",\"keywords\":[\"_economia\",\"_seguran\u00e7a alimentar\",\"alimenta\u00e7\u00e3o\",\"Beja\",\"consumo\"],\"articleSection\":[\"Economia\",\"Neg\u00f3cios\"],\"inLanguage\":\"pt-PT\"},{\"@type\":\"WebPage\",\"@id\":\"https:\/\/portaltela.pt\/noticias\/2026\/04\/12\/subida-dos-precos-do-cabaz-alimentar-preocupa-comerciantes-e-clientes-de-beja\/\",\"url\":\"https:\/\/portaltela.pt\/noticias\/2026\/04\/12\/subida-dos-precos-do-cabaz-alimentar-preocupa-comerciantes-e-clientes-de-beja\/\",\"name\":\"Subida dos pre\u00e7os do cabaz alimentar preocupa comerciantes e clientes de Beja - Portal Tela Portugal\",\"isPartOf\":{\"@id\":\"https:\/\/portaltela.pt\/#website\"},\"primaryImageOfPage\":{\"@id\":\"https:\/\/portaltela.pt\/noticias\/2026\/04\/12\/subida-dos-precos-do-cabaz-alimentar-preocupa-comerciantes-e-clientes-de-beja\/#primaryimage\"},\"image\":{\"@id\":\"https:\/\/portaltela.pt\/noticias\/2026\/04\/12\/subida-dos-precos-do-cabaz-alimentar-preocupa-comerciantes-e-clientes-de-beja\/#primaryimage\"},\"thumbnailUrl\":\"https:\/\/portaltela.pt\/s.01k8rhncp4jt1\/2026\/04\/img_1280x722uu2026-04-12-09-50-16-2278043.jpg\",\"datePublished\":\"2026-04-12T09:02:16+00:00\",\"author\":{\"@id\":\"https:\/\/portaltela.pt\/#\/schema\/person\/c4278d4a6028830caff9ee44b42d32ed\"},\"breadcrumb\":{\"@id\":\"https:\/\/portaltela.pt\/noticias\/2026\/04\/12\/subida-dos-precos-do-cabaz-alimentar-preocupa-comerciantes-e-clientes-de-beja\/#breadcrumb\"},\"inLanguage\":\"pt-PT\",\"potentialAction\":[{\"@type\":\"ReadAction\",\"target\":[\"https:\/\/portaltela.pt\/noticias\/2026\/04\/12\/subida-dos-precos-do-cabaz-alimentar-preocupa-comerciantes-e-clientes-de-beja\/\"]}]},{\"@type\":\"ImageObject\",\"inLanguage\":\"pt-PT\",\"@id\":\"https:\/\/portaltela.pt\/noticias\/2026\/04\/12\/subida-dos-precos-do-cabaz-alimentar-preocupa-comerciantes-e-clientes-de-beja\/#primaryimage\",\"url\":\"https:\/\/portaltela.pt\/s.01k8rhncp4jt1\/2026\/04\/img_1280x722uu2026-04-12-09-50-16-2278043.jpg\",\"contentUrl\":\"https:\/\/portaltela.pt\/s.01k8rhncp4jt1\/2026\/04\/img_1280x722uu2026-04-12-09-50-16-2278043.jpg\",\"width\":796,\"height\":448,\"caption\":\"Capa do jornal\"},{\"@type\":\"BreadcrumbList\",\"@id\":\"https:\/\/portaltela.pt\/noticias\/2026\/04\/12\/subida-dos-precos-do-cabaz-alimentar-preocupa-comerciantes-e-clientes-de-beja\/#breadcrumb\",\"itemListElement\":[{\"@type\":\"ListItem\",\"position\":1,\"name\":\"In\u00edcio\",\"item\":\"https:\/\/portaltela.pt\/\"},{\"@type\":\"ListItem\",\"position\":2,\"name\":\"Subida dos pre\u00e7os do cabaz alimentar preocupa comerciantes e clientes de Beja\"}]},{\"@type\":\"WebSite\",\"@id\":\"https:\/\/portaltela.pt\/#website\",\"url\":\"https:\/\/portaltela.pt\/\",\"name\":\"Portal Tela Portugal\",\"description\":\"\",\"potentialAction\":[{\"@type\":\"SearchAction\",\"target\":{\"@type\":\"EntryPoint\",\"urlTemplate\":\"https:\/\/portaltela.pt\/?s={search_term_string}\"},\"query-input\":{\"@type\":\"PropertyValueSpecification\",\"valueRequired\":true,\"valueName\":\"search_term_string\"}}],\"inLanguage\":\"pt-PT\"},{\"@type\":\"Person\",\"@id\":\"https:\/\/portaltela.pt\/#\/schema\/person\/c4278d4a6028830caff9ee44b42d32ed\",\"name\":\"Telinha\",\"image\":{\"@type\":\"ImageObject\",\"inLanguage\":\"pt-PT\",\"@id\":\"https:\/\/portaltela.pt\/s.01k8rhncp4jt1\/2025\/11\/talking-bot-125x125.png\",\"url\":\"https:\/\/portaltela.pt\/s.01k8rhncp4jt1\/2025\/11\/talking-bot-125x125.png\",\"contentUrl\":\"https:\/\/portaltela.pt\/s.01k8rhncp4jt1\/2025\/11\/talking-bot-125x125.png\",\"caption\":\"Telinha\"},\"sameAs\":[\"https:\/\/portaltela.pt\/\"],\"url\":\"https:\/\/portaltela.pt\/por\/367410592786\/\"}]}<\/script>\n<!-- \/ Yoast SEO plugin. -->","yoast_head_json":{"title":"Subida dos pre\u00e7os do cabaz alimentar preocupa comerciantes e clientes de Beja - Portal Tela Portugal","robots":{"index":"index","follow":"follow","max-snippet":"max-snippet:-1","max-image-preview":"max-image-preview:large","max-video-preview":"max-video-preview:-1"},"og_locale":"pt_PT","og_type":"article","og_title":"Subida dos pre\u00e7os do cabaz alimentar preocupa comerciantes e clientes de Beja - Portal Tela Portugal","og_description":"Subida dos pre\u00e7os do cabaz alimentar \u00e9 sentida no mercado municipal de Beja, segundo clientes e comerciantes. Clientes dizem que passam a comprar apenas o necess\u00e1rio devido aos aumentos. Comerciantes apontam pouca aflu\u00eancia de moradores no mercado. O movimento reduzido \u00e9 visto como contributo para a menor compra de itens. Informa\u00e7\u00e3o publicada a 12 de abril de 2026, \u00e0s 09:51.","og_url":"https:\/\/portaltela.pt\/noticias\/2026\/04\/12\/subida-dos-precos-do-cabaz-alimentar-preocupa-comerciantes-e-clientes-de-beja\/","og_site_name":"Portal Tela Portugal","article_published_time":"2026-04-12T09:02:16+00:00","author":"Telinha","twitter_card":"summary_large_image","twitter_misc":{"Escrito por":"Telinha","Tempo estimado de leitura":"1 minuto"},"schema":{"@context":"https:\/\/schema.org","@graph":[{"@type":"Article","@id":"https:\/\/portaltela.pt\/noticias\/2026\/04\/12\/subida-dos-precos-do-cabaz-alimentar-preocupa-comerciantes-e-clientes-de-beja\/#article","isPartOf":{"@id":"https:\/\/portaltela.pt\/noticias\/2026\/04\/12\/subida-dos-precos-do-cabaz-alimentar-preocupa-comerciantes-e-clientes-de-beja\/"},"author":{"name":"Telinha","@id":"https:\/\/portaltela.pt\/#\/schema\/person\/c4278d4a6028830caff9ee44b42d32ed"},"headline":"Subida dos pre\u00e7os do cabaz alimentar preocupa comerciantes e clientes de Beja","datePublished":"2026-04-12T09:02:16+00:00","mainEntityOfPage":{"@id":"https:\/\/portaltela.pt\/noticias\/2026\/04\/12\/subida-dos-precos-do-cabaz-alimentar-preocupa-comerciantes-e-clientes-de-beja\/"},"wordCount":191,"image":{"@id":"https:\/\/portaltela.pt\/noticias\/2026\/04\/12\/subida-dos-precos-do-cabaz-alimentar-preocupa-comerciantes-e-clientes-de-beja\/#primaryimage"},"thumbnailUrl":"https:\/\/portaltela.pt\/s.01k8rhncp4jt1\/2026\/04\/img_1280x722uu2026-04-12-09-50-16-2278043.jpg","keywords":["_economia","_seguran\u00e7a alimentar","alimenta\u00e7\u00e3o","Beja","consumo"],"articleSection":["Economia","Neg\u00f3cios"],"inLanguage":"pt-PT"},{"@type":"WebPage","@id":"https:\/\/portaltela.pt\/noticias\/2026\/04\/12\/subida-dos-precos-do-cabaz-alimentar-preocupa-comerciantes-e-clientes-de-beja\/","url":"https:\/\/portaltela.pt\/noticias\/2026\/04\/12\/subida-dos-precos-do-cabaz-alimentar-preocupa-comerciantes-e-clientes-de-beja\/","name":"Subida dos pre\u00e7os do cabaz alimentar preocupa comerciantes e clientes de Beja - Portal Tela Portugal","isPartOf":{"@id":"https:\/\/portaltela.pt\/#website"},"primaryImageOfPage":{"@id":"https:\/\/portaltela.pt\/noticias\/2026\/04\/12\/subida-dos-precos-do-cabaz-alimentar-preocupa-comerciantes-e-clientes-de-beja\/#primaryimage"},"image":{"@id":"https:\/\/portaltela.pt\/noticias\/2026\/04\/12\/subida-dos-precos-do-cabaz-alimentar-preocupa-comerciantes-e-clientes-de-beja\/#primaryimage"},"thumbnailUrl":"https:\/\/portaltela.pt\/s.01k8rhncp4jt1\/2026\/04\/img_1280x722uu2026-04-12-09-50-16-2278043.jpg","datePublished":"2026-04-12T09:02:16+00:00","author":{"@id":"https:\/\/portaltela.pt\/#\/schema\/person\/c4278d4a6028830caff9ee44b42d32ed"},"breadcrumb":{"@id":"https:\/\/portaltela.pt\/noticias\/2026\/04\/12\/subida-dos-precos-do-cabaz-alimentar-preocupa-comerciantes-e-clientes-de-beja\/#breadcrumb"},"inLanguage":"pt-PT","potentialAction":[{"@type":"ReadAction","target":["https:\/\/portaltela.pt\/noticias\/2026\/04\/12\/subida-dos-precos-do-cabaz-alimentar-preocupa-comerciantes-e-clientes-de-beja\/"]}]},{"@type":"ImageObject","inLanguage":"pt-PT","@id":"https:\/\/portaltela.pt\/noticias\/2026\/04\/12\/subida-dos-precos-do-cabaz-alimentar-preocupa-comerciantes-e-clientes-de-beja\/#primaryimage","url":"https:\/\/portaltela.pt\/s.01k8rhncp4jt1\/2026\/04\/img_1280x722uu2026-04-12-09-50-16-2278043.jpg","contentUrl":"https:\/\/portaltela.pt\/s.01k8rhncp4jt1\/2026\/04\/img_1280x722uu2026-04-12-09-50-16-2278043.jpg","width":796,"height":448,"caption":"Capa do jornal"},{"@type":"BreadcrumbList","@id":"https:\/\/portaltela.pt\/noticias\/2026\/04\/12\/subida-dos-precos-do-cabaz-alimentar-preocupa-comerciantes-e-clientes-de-beja\/#breadcrumb","itemListElement":[{"@type":"ListItem","position":1,"name":"In\u00edcio","item":"https:\/\/portaltela.pt\/"},{"@type":"ListItem","position":2,"name":"Subida dos pre\u00e7os do cabaz alimentar preocupa comerciantes e clientes de Beja"}]},{"@type":"WebSite","@id":"https:\/\/portaltela.pt\/#website","url":"https:\/\/portaltela.pt\/","name":"Portal Tela Portugal","description":"","potentialAction":[{"@type":"SearchAction","target":{"@type":"EntryPoint","urlTemplate":"https:\/\/portaltela.pt\/?s={search_term_string}"},"query-input":{"@type":"PropertyValueSpecification","valueRequired":true,"valueName":"search_term_string"}}],"inLanguage":"pt-PT"},{"@type":"Person","@id":"https:\/\/portaltela.pt\/#\/schema\/person\/c4278d4a6028830caff9ee44b42d32ed","name":"Telinha","image":{"@type":"ImageObject","inLanguage":"pt-PT","@id":"https:\/\/portaltela.pt\/s.01k8rhncp4jt1\/2025\/11\/talking-bot-125x125.png","url":"https:\/\/portaltela.pt\/s.01k8rhncp4jt1\/2025\/11\/talking-bot-125x125.png","contentUrl":"https:\/\/portaltela.pt\/s.01k8rhncp4jt1\/2025\/11\/talking-bot-125x125.png","caption":"Telinha"},"sameAs":["https:\/\/portaltela.pt\/"],"url":"https:\/\/portaltela.pt\/por\/367410592786\/"}]}},"_links":{"self":[{"href":"https:\/\/portaltela.pt\/api\/wp\/v2\/posts\/441178","targetHints":{"allow":["GET"]}}],"collection":[{"href":"https:\/\/portaltela.pt\/api\/wp\/v2\/posts"}],"about":[{"href":"https:\/\/portaltela.pt\/api\/wp\/v2\/types\/post"}],"author":[{"embeddable":true,"href":"https:\/\/portaltela.pt\/api\/wp\/v2\/users\/2"}],"replies":[{"embeddable":true,"href":"https:\/\/portaltela.pt\/api\/wp\/v2\/comments?post=441178"}],"version-history":[{"count":0,"href":"https:\/\/portaltela.pt\/api\/wp\/v2\/posts\/441178\/revisions"}],"wp:featuredmedia":[{"embeddable":true,"href":"https:\/\/portaltela.pt\/api\/wp\/v2\/media\/441182"}],"wp:attachment":[{"href":"https:\/\/portaltela.pt\/api\/wp\/v2\/media?parent=441178"}],"wp:term":[{"taxonomy":"category","embeddable":true,"href":"https:\/\/portaltela.pt\/api\/wp\/v2\/categories?post=441178"},{"taxonomy":"post_tag","embeddable":true,"href":"https:\/\/portaltela.pt\/api\/wp\/v2\/tags?post=441178"}],"curies":[{"name":"wp","href":"https:\/\/api.w.org\/{rel}","templated":true}]}}