{"id":441171,"date":"2026-04-12T05:47:11","date_gmt":"2026-04-12T08:47:11","guid":{"rendered":"https:\/\/portaltela.pt\/noticias\/2026\/04\/12\/pobreza-e-justica-social-entram-na-agenda-da-terceira-visita-papal-a-angola\/"},"modified":"2026-04-12T05:47:11","modified_gmt":"2026-04-12T08:47:11","slug":"pobreza-e-justica-social-entram-na-agenda-da-terceira-visita-papal-a-angola","status":"publish","type":"post","link":"https:\/\/portaltela.pt\/sociedade\/2026\/04\/12\/pobreza-e-justica-social-entram-na-agenda-da-terceira-visita-papal-a-angola\/","title":{"rendered":"Pobreza e justi\u00e7a social entram na agenda da terceira visita papal a Angola"},"content":{"rendered":"<p>O Papa Le\u00e3o XIV chega a Luanda no dia 18 de abril para uma visita de quatro dias, a terceira realizada por um pont\u00edfice em Angola. O objetivo \u00e9 acompanhar a diversifica\u00e7\u00e3o econ\u00f3mica e abordar problemas b\u00e1sicos que afetam a popula\u00e7\u00e3o, com foco na pobreza e nos direitos humanos.<\/p>\n<p>A digress\u00e3o ocorre num momento em que o pa\u00eds se prepara para elei\u00e7\u00f5es e procura reconcilia\u00e7\u00e3o, tal como nas visitas anteriores de Jo\u00e3o Paulo II e Bento XVI. A mensagem pastoral mant\u00e9m a \u00eanfase em justi\u00e7a social, paz e dignidade humana.<\/p>\n<h3>Contexto hist\u00f3rico<\/h3>\n<p>Jo\u00e3o Paulo II visitou Angola em 1992, meses antes das primeiras elei\u00e7\u00f5es pluripartid\u00e1rias, destacando a resili\u00eancia da Igreja frente aos regimes da \u00e9poca e a necessidade de reconstru\u00e7\u00e3o nacional. Bento XVI passou em 2009, ap\u00f3s o fim do conflito, sublinhando combate \u00e0 corrup\u00e7\u00e3o e \u00e0 desigualdade.<\/p>\n<p>Le\u00e3o XIV visita Angola entre 18 e 21 de abril, no \u00e2mbito de um p\u00e9riplo africano de 10 dias que inclui ainda Arg\u00e9lia, Camar\u00f5es e Guin\u00e9 Equatorial. O lema da visita \u00e9 Peregrino da Esperan\u00e7a, Reconcilia\u00e7\u00e3o e Paz.<\/p>\n<h3>Agenda e perspetivas<\/h3>\n<p>A Igreja Angolana aponta para a continua\u00e7\u00e3o do di\u00e1logo social e a import\u00e2ncia de uma reconcilia\u00e7\u00e3o efetiva a todos os n\u00edveis. O arcebispo de Luanda destacou o saldo de 24 anos de paz e pediu que n\u00e3o se perca o impulso na promo\u00e7\u00e3o da justi\u00e7a e da inclus\u00e3o.<\/p>\n<p>O percurso hist\u00f3rico mostra que, nas visitas passadas, a Igreja chamou a aten\u00e7\u00e3o para a pobreza que persiste e para o papel da sociedade civil na constru\u00e7\u00e3o de modelos de desenvolvimento. A nova visita pretende manter esse eixo de atua\u00e7\u00e3o.<\/p>\n","protected":false},"excerpt":{"rendered":"<ul>\n<li>O Papa Le\u00e3o XIV chega a Luanda, Angola, em 18 de abril para a sua terceira visita ao pa\u00eds, que se estende at\u00e9 21 de abril.<\/li>\n<li>A miss\u00e3o ocorre num contexto de elei\u00e7\u00f5es pr\u00f3ximas e mant\u00e9m pobreza e justi\u00e7a social como temas centrais da visita.<\/li>\n<li>Recorda as visitas anteriores, de Jo\u00e3o Paulo II (1992) e de Bento XVI (2009), associadas a reconcilia\u00e7\u00e3o e quest\u00f5es sociais.<\/li>\n<li>Evoca o Acordo de Bicesse de 1991, que abriu caminho a um processo de paz e \u00e0s primeiras elei\u00e7\u00f5es multiparciais ap\u00f3s a guerra.<\/li>\n<li>O arcebispo de Luanda pediu uma reconcilia\u00e7\u00e3o efetiva em Angola e sugeriu ao Papa a nomea\u00e7\u00e3o de um cardeal angolano.<\/li>\n<\/ul>\n","protected":false},"author":2,"featured_media":441172,"comment_status":"closed","ping_status":"closed","sticky":false,"template":"","format":"standard","meta":{"footnotes":""},"categories":[1,6871],"tags":[4837,2633,102,803,6642,104],"class_list":["post-441171","post","type-post","status-publish","format-standard","has-post-thumbnail","hentry","category-noticias","category-sociedade","tag-angola","tag-direitos-humanos","tag-igreja","tag-justica","tag-pobreza","tag-religiao"],"yoast_head":"<!-- This site is optimized with the Yoast SEO plugin v27.2 - https:\/\/yoast.com\/product\/yoast-seo-wordpress\/ -->\n<title>Pobreza e justi\u00e7a social entram na agenda da terceira visita papal a Angola - Portal Tela Portugal<\/title>\n<meta name=\"robots\" content=\"index, follow, max-snippet:-1, max-image-preview:large, max-video-preview:-1\" \/>\n<meta property=\"og:locale\" content=\"pt_PT\" \/>\n<meta property=\"og:type\" content=\"article\" \/>\n<meta property=\"og:title\" content=\"Pobreza e justi\u00e7a social entram na agenda da terceira visita papal a Angola - Portal Tela Portugal\" \/>\n<meta property=\"og:description\" content=\"O Papa Le\u00e3o XIV chega a Luanda, Angola, em 18 de abril para a sua terceira visita ao pa\u00eds, que se estende at\u00e9 21 de abril. A miss\u00e3o ocorre num contexto de elei\u00e7\u00f5es pr\u00f3ximas e mant\u00e9m pobreza e justi\u00e7a social como temas centrais da visita. Recorda as visitas anteriores, de Jo\u00e3o Paulo II (1992) e de Bento XVI (2009), associadas a reconcilia\u00e7\u00e3o e quest\u00f5es sociais. Evoca o Acordo de Bicesse de 1991, que abriu caminho a um processo de paz e \u00e0s primeiras elei\u00e7\u00f5es multiparciais ap\u00f3s a guerra. O arcebispo de Luanda pediu uma reconcilia\u00e7\u00e3o efetiva em Angola e sugeriu ao Papa a nomea\u00e7\u00e3o de um cardeal angolano.\" \/>\n<meta property=\"og:url\" content=\"https:\/\/portaltela.pt\/noticias\/2026\/04\/12\/pobreza-e-justica-social-entram-na-agenda-da-terceira-visita-papal-a-angola\/\" \/>\n<meta property=\"og:site_name\" content=\"Portal Tela Portugal\" \/>\n<meta property=\"article:published_time\" content=\"2026-04-12T08:47:11+00:00\" \/>\n<meta name=\"author\" content=\"Telinha\" \/>\n<meta name=\"twitter:card\" content=\"summary_large_image\" \/>\n<meta name=\"twitter:label1\" content=\"Escrito por\" \/>\n\t<meta name=\"twitter:data1\" content=\"Telinha\" \/>\n\t<meta name=\"twitter:label2\" content=\"Tempo estimado de leitura\" \/>\n\t<meta name=\"twitter:data2\" content=\"1 minuto\" \/>\n<script type=\"application\/ld+json\" class=\"yoast-schema-graph\">{\"@context\":\"https:\/\/schema.org\",\"@graph\":[{\"@type\":\"Article\",\"@id\":\"https:\/\/portaltela.pt\/noticias\/2026\/04\/12\/pobreza-e-justica-social-entram-na-agenda-da-terceira-visita-papal-a-angola\/#article\",\"isPartOf\":{\"@id\":\"https:\/\/portaltela.pt\/noticias\/2026\/04\/12\/pobreza-e-justica-social-entram-na-agenda-da-terceira-visita-papal-a-angola\/\"},\"author\":{\"name\":\"Telinha\",\"@id\":\"https:\/\/portaltela.pt\/#\/schema\/person\/c4278d4a6028830caff9ee44b42d32ed\"},\"headline\":\"Pobreza e justi\u00e7a social entram na agenda da terceira visita papal a Angola\",\"datePublished\":\"2026-04-12T08:47:11+00:00\",\"mainEntityOfPage\":{\"@id\":\"https:\/\/portaltela.pt\/noticias\/2026\/04\/12\/pobreza-e-justica-social-entram-na-agenda-da-terceira-visita-papal-a-angola\/\"},\"wordCount\":310,\"image\":{\"@id\":\"https:\/\/portaltela.pt\/noticias\/2026\/04\/12\/pobreza-e-justica-social-entram-na-agenda-da-terceira-visita-papal-a-angola\/#primaryimage\"},\"thumbnailUrl\":\"https:\/\/portaltela.pt\/s.01k8rhncp4jt1\/2026\/04\/img_1500x1000uu2026-04-12-09-36-39-2278040.jpg\",\"keywords\":[\"Angola\",\"direitos humanos\",\"igreja\",\"justi\u00e7a\",\"pobreza\",\"religi\u00e3o\"],\"articleSection\":[\"Not\u00edcias\",\"Sociedade\"],\"inLanguage\":\"pt-PT\"},{\"@type\":\"WebPage\",\"@id\":\"https:\/\/portaltela.pt\/noticias\/2026\/04\/12\/pobreza-e-justica-social-entram-na-agenda-da-terceira-visita-papal-a-angola\/\",\"url\":\"https:\/\/portaltela.pt\/noticias\/2026\/04\/12\/pobreza-e-justica-social-entram-na-agenda-da-terceira-visita-papal-a-angola\/\",\"name\":\"Pobreza e justi\u00e7a social entram na agenda da terceira visita papal a Angola - Portal Tela Portugal\",\"isPartOf\":{\"@id\":\"https:\/\/portaltela.pt\/#website\"},\"primaryImageOfPage\":{\"@id\":\"https:\/\/portaltela.pt\/noticias\/2026\/04\/12\/pobreza-e-justica-social-entram-na-agenda-da-terceira-visita-papal-a-angola\/#primaryimage\"},\"image\":{\"@id\":\"https:\/\/portaltela.pt\/noticias\/2026\/04\/12\/pobreza-e-justica-social-entram-na-agenda-da-terceira-visita-papal-a-angola\/#primaryimage\"},\"thumbnailUrl\":\"https:\/\/portaltela.pt\/s.01k8rhncp4jt1\/2026\/04\/img_1500x1000uu2026-04-12-09-36-39-2278040.jpg\",\"datePublished\":\"2026-04-12T08:47:11+00:00\",\"author\":{\"@id\":\"https:\/\/portaltela.pt\/#\/schema\/person\/c4278d4a6028830caff9ee44b42d32ed\"},\"breadcrumb\":{\"@id\":\"https:\/\/portaltela.pt\/noticias\/2026\/04\/12\/pobreza-e-justica-social-entram-na-agenda-da-terceira-visita-papal-a-angola\/#breadcrumb\"},\"inLanguage\":\"pt-PT\",\"potentialAction\":[{\"@type\":\"ReadAction\",\"target\":[\"https:\/\/portaltela.pt\/noticias\/2026\/04\/12\/pobreza-e-justica-social-entram-na-agenda-da-terceira-visita-papal-a-angola\/\"]}]},{\"@type\":\"ImageObject\",\"inLanguage\":\"pt-PT\",\"@id\":\"https:\/\/portaltela.pt\/noticias\/2026\/04\/12\/pobreza-e-justica-social-entram-na-agenda-da-terceira-visita-papal-a-angola\/#primaryimage\",\"url\":\"https:\/\/portaltela.pt\/s.01k8rhncp4jt1\/2026\/04\/img_1500x1000uu2026-04-12-09-36-39-2278040.jpg\",\"contentUrl\":\"https:\/\/portaltela.pt\/s.01k8rhncp4jt1\/2026\/04\/img_1500x1000uu2026-04-12-09-36-39-2278040.jpg\",\"width\":796,\"height\":448,\"caption\":\"Constru\u00e7\u00e3o de palco com cruz para visita do Papa Le\u00e3o XIV a Angola, com foco em paz e combate \u00e0 pobreza\"},{\"@type\":\"BreadcrumbList\",\"@id\":\"https:\/\/portaltela.pt\/noticias\/2026\/04\/12\/pobreza-e-justica-social-entram-na-agenda-da-terceira-visita-papal-a-angola\/#breadcrumb\",\"itemListElement\":[{\"@type\":\"ListItem\",\"position\":1,\"name\":\"In\u00edcio\",\"item\":\"https:\/\/portaltela.pt\/\"},{\"@type\":\"ListItem\",\"position\":2,\"name\":\"Pobreza e justi\u00e7a social entram na agenda da terceira visita papal a Angola\"}]},{\"@type\":\"WebSite\",\"@id\":\"https:\/\/portaltela.pt\/#website\",\"url\":\"https:\/\/portaltela.pt\/\",\"name\":\"Portal Tela Portugal\",\"description\":\"\",\"potentialAction\":[{\"@type\":\"SearchAction\",\"target\":{\"@type\":\"EntryPoint\",\"urlTemplate\":\"https:\/\/portaltela.pt\/?s={search_term_string}\"},\"query-input\":{\"@type\":\"PropertyValueSpecification\",\"valueRequired\":true,\"valueName\":\"search_term_string\"}}],\"inLanguage\":\"pt-PT\"},{\"@type\":\"Person\",\"@id\":\"https:\/\/portaltela.pt\/#\/schema\/person\/c4278d4a6028830caff9ee44b42d32ed\",\"name\":\"Telinha\",\"image\":{\"@type\":\"ImageObject\",\"inLanguage\":\"pt-PT\",\"@id\":\"https:\/\/portaltela.pt\/s.01k8rhncp4jt1\/2025\/11\/talking-bot-125x125.png\",\"url\":\"https:\/\/portaltela.pt\/s.01k8rhncp4jt1\/2025\/11\/talking-bot-125x125.png\",\"contentUrl\":\"https:\/\/portaltela.pt\/s.01k8rhncp4jt1\/2025\/11\/talking-bot-125x125.png\",\"caption\":\"Telinha\"},\"sameAs\":[\"https:\/\/portaltela.pt\/\"],\"url\":\"https:\/\/portaltela.pt\/por\/367410592786\/\"}]}<\/script>\n<!-- \/ Yoast SEO plugin. -->","yoast_head_json":{"title":"Pobreza e justi\u00e7a social entram na agenda da terceira visita papal a Angola - Portal Tela Portugal","robots":{"index":"index","follow":"follow","max-snippet":"max-snippet:-1","max-image-preview":"max-image-preview:large","max-video-preview":"max-video-preview:-1"},"og_locale":"pt_PT","og_type":"article","og_title":"Pobreza e justi\u00e7a social entram na agenda da terceira visita papal a Angola - Portal Tela Portugal","og_description":"O Papa Le\u00e3o XIV chega a Luanda, Angola, em 18 de abril para a sua terceira visita ao pa\u00eds, que se estende at\u00e9 21 de abril. A miss\u00e3o ocorre num contexto de elei\u00e7\u00f5es pr\u00f3ximas e mant\u00e9m pobreza e justi\u00e7a social como temas centrais da visita. Recorda as visitas anteriores, de Jo\u00e3o Paulo II (1992) e de Bento XVI (2009), associadas a reconcilia\u00e7\u00e3o e quest\u00f5es sociais. Evoca o Acordo de Bicesse de 1991, que abriu caminho a um processo de paz e \u00e0s primeiras elei\u00e7\u00f5es multiparciais ap\u00f3s a guerra. O arcebispo de Luanda pediu uma reconcilia\u00e7\u00e3o efetiva em Angola e sugeriu ao Papa a nomea\u00e7\u00e3o de um cardeal angolano.","og_url":"https:\/\/portaltela.pt\/noticias\/2026\/04\/12\/pobreza-e-justica-social-entram-na-agenda-da-terceira-visita-papal-a-angola\/","og_site_name":"Portal Tela Portugal","article_published_time":"2026-04-12T08:47:11+00:00","author":"Telinha","twitter_card":"summary_large_image","twitter_misc":{"Escrito por":"Telinha","Tempo estimado de leitura":"1 minuto"},"schema":{"@context":"https:\/\/schema.org","@graph":[{"@type":"Article","@id":"https:\/\/portaltela.pt\/noticias\/2026\/04\/12\/pobreza-e-justica-social-entram-na-agenda-da-terceira-visita-papal-a-angola\/#article","isPartOf":{"@id":"https:\/\/portaltela.pt\/noticias\/2026\/04\/12\/pobreza-e-justica-social-entram-na-agenda-da-terceira-visita-papal-a-angola\/"},"author":{"name":"Telinha","@id":"https:\/\/portaltela.pt\/#\/schema\/person\/c4278d4a6028830caff9ee44b42d32ed"},"headline":"Pobreza e justi\u00e7a social entram na agenda da terceira visita papal a Angola","datePublished":"2026-04-12T08:47:11+00:00","mainEntityOfPage":{"@id":"https:\/\/portaltela.pt\/noticias\/2026\/04\/12\/pobreza-e-justica-social-entram-na-agenda-da-terceira-visita-papal-a-angola\/"},"wordCount":310,"image":{"@id":"https:\/\/portaltela.pt\/noticias\/2026\/04\/12\/pobreza-e-justica-social-entram-na-agenda-da-terceira-visita-papal-a-angola\/#primaryimage"},"thumbnailUrl":"https:\/\/portaltela.pt\/s.01k8rhncp4jt1\/2026\/04\/img_1500x1000uu2026-04-12-09-36-39-2278040.jpg","keywords":["Angola","direitos humanos","igreja","justi\u00e7a","pobreza","religi\u00e3o"],"articleSection":["Not\u00edcias","Sociedade"],"inLanguage":"pt-PT"},{"@type":"WebPage","@id":"https:\/\/portaltela.pt\/noticias\/2026\/04\/12\/pobreza-e-justica-social-entram-na-agenda-da-terceira-visita-papal-a-angola\/","url":"https:\/\/portaltela.pt\/noticias\/2026\/04\/12\/pobreza-e-justica-social-entram-na-agenda-da-terceira-visita-papal-a-angola\/","name":"Pobreza e justi\u00e7a social entram na agenda da terceira visita papal a Angola - Portal Tela Portugal","isPartOf":{"@id":"https:\/\/portaltela.pt\/#website"},"primaryImageOfPage":{"@id":"https:\/\/portaltela.pt\/noticias\/2026\/04\/12\/pobreza-e-justica-social-entram-na-agenda-da-terceira-visita-papal-a-angola\/#primaryimage"},"image":{"@id":"https:\/\/portaltela.pt\/noticias\/2026\/04\/12\/pobreza-e-justica-social-entram-na-agenda-da-terceira-visita-papal-a-angola\/#primaryimage"},"thumbnailUrl":"https:\/\/portaltela.pt\/s.01k8rhncp4jt1\/2026\/04\/img_1500x1000uu2026-04-12-09-36-39-2278040.jpg","datePublished":"2026-04-12T08:47:11+00:00","author":{"@id":"https:\/\/portaltela.pt\/#\/schema\/person\/c4278d4a6028830caff9ee44b42d32ed"},"breadcrumb":{"@id":"https:\/\/portaltela.pt\/noticias\/2026\/04\/12\/pobreza-e-justica-social-entram-na-agenda-da-terceira-visita-papal-a-angola\/#breadcrumb"},"inLanguage":"pt-PT","potentialAction":[{"@type":"ReadAction","target":["https:\/\/portaltela.pt\/noticias\/2026\/04\/12\/pobreza-e-justica-social-entram-na-agenda-da-terceira-visita-papal-a-angola\/"]}]},{"@type":"ImageObject","inLanguage":"pt-PT","@id":"https:\/\/portaltela.pt\/noticias\/2026\/04\/12\/pobreza-e-justica-social-entram-na-agenda-da-terceira-visita-papal-a-angola\/#primaryimage","url":"https:\/\/portaltela.pt\/s.01k8rhncp4jt1\/2026\/04\/img_1500x1000uu2026-04-12-09-36-39-2278040.jpg","contentUrl":"https:\/\/portaltela.pt\/s.01k8rhncp4jt1\/2026\/04\/img_1500x1000uu2026-04-12-09-36-39-2278040.jpg","width":796,"height":448,"caption":"Constru\u00e7\u00e3o de palco com cruz para visita do Papa Le\u00e3o XIV a Angola, com foco em paz e combate \u00e0 pobreza"},{"@type":"BreadcrumbList","@id":"https:\/\/portaltela.pt\/noticias\/2026\/04\/12\/pobreza-e-justica-social-entram-na-agenda-da-terceira-visita-papal-a-angola\/#breadcrumb","itemListElement":[{"@type":"ListItem","position":1,"name":"In\u00edcio","item":"https:\/\/portaltela.pt\/"},{"@type":"ListItem","position":2,"name":"Pobreza e justi\u00e7a social entram na agenda da terceira visita papal a Angola"}]},{"@type":"WebSite","@id":"https:\/\/portaltela.pt\/#website","url":"https:\/\/portaltela.pt\/","name":"Portal Tela Portugal","description":"","potentialAction":[{"@type":"SearchAction","target":{"@type":"EntryPoint","urlTemplate":"https:\/\/portaltela.pt\/?s={search_term_string}"},"query-input":{"@type":"PropertyValueSpecification","valueRequired":true,"valueName":"search_term_string"}}],"inLanguage":"pt-PT"},{"@type":"Person","@id":"https:\/\/portaltela.pt\/#\/schema\/person\/c4278d4a6028830caff9ee44b42d32ed","name":"Telinha","image":{"@type":"ImageObject","inLanguage":"pt-PT","@id":"https:\/\/portaltela.pt\/s.01k8rhncp4jt1\/2025\/11\/talking-bot-125x125.png","url":"https:\/\/portaltela.pt\/s.01k8rhncp4jt1\/2025\/11\/talking-bot-125x125.png","contentUrl":"https:\/\/portaltela.pt\/s.01k8rhncp4jt1\/2025\/11\/talking-bot-125x125.png","caption":"Telinha"},"sameAs":["https:\/\/portaltela.pt\/"],"url":"https:\/\/portaltela.pt\/por\/367410592786\/"}]}},"_links":{"self":[{"href":"https:\/\/portaltela.pt\/api\/wp\/v2\/posts\/441171","targetHints":{"allow":["GET"]}}],"collection":[{"href":"https:\/\/portaltela.pt\/api\/wp\/v2\/posts"}],"about":[{"href":"https:\/\/portaltela.pt\/api\/wp\/v2\/types\/post"}],"author":[{"embeddable":true,"href":"https:\/\/portaltela.pt\/api\/wp\/v2\/users\/2"}],"replies":[{"embeddable":true,"href":"https:\/\/portaltela.pt\/api\/wp\/v2\/comments?post=441171"}],"version-history":[{"count":0,"href":"https:\/\/portaltela.pt\/api\/wp\/v2\/posts\/441171\/revisions"}],"wp:featuredmedia":[{"embeddable":true,"href":"https:\/\/portaltela.pt\/api\/wp\/v2\/media\/441172"}],"wp:attachment":[{"href":"https:\/\/portaltela.pt\/api\/wp\/v2\/media?parent=441171"}],"wp:term":[{"taxonomy":"category","embeddable":true,"href":"https:\/\/portaltela.pt\/api\/wp\/v2\/categories?post=441171"},{"taxonomy":"post_tag","embeddable":true,"href":"https:\/\/portaltela.pt\/api\/wp\/v2\/tags?post=441171"}],"curies":[{"name":"wp","href":"https:\/\/api.w.org\/{rel}","templated":true}]}}