{"id":441160,"date":"2026-04-12T05:32:18","date_gmt":"2026-04-12T08:32:18","guid":{"rendered":"https:\/\/portaltela.pt\/noticias\/2026\/04\/12\/pelo-menos-30-mortos-dentro-de-monumento-historico-no-norte-do-haiti\/"},"modified":"2026-04-12T05:32:18","modified_gmt":"2026-04-12T08:32:18","slug":"pelo-menos-30-mortos-dentro-de-monumento-historico-no-norte-do-haiti","status":"publish","type":"post","link":"https:\/\/portaltela.pt\/acidentes\/2026\/04\/12\/pelo-menos-30-mortos-dentro-de-monumento-historico-no-norte-do-haiti\/","title":{"rendered":"Pelo menos 30 mortos dentro de monumento hist\u00f3rico no norte do Haiti"},"content":{"rendered":"<p>Pelo menos 30 pessoas morreram no interior da Cidadela Laferri\u00e8rre, monumento hist\u00f3rico no norte do Haiti, a cerca de 25 quil\u00f3metros de Cap-Haitien, a segunda maior cidade do pa\u00eds. O incidente ocorreu no fim de semana.<\/p>\n<p>Segundo relatos preliminares, as mortes devem-se \u00e0 falta de oxig\u00e9nio nas galerias da fortaleza, situada num contexto de fortes chuvas e ventos intensos que t\u00eam dificultado as opera\u00e7\u00f5es de resgate.<\/p>\n<p>O presidente da C\u00e2mara de Cap-Haitien, Patrick Almonor, disse \u00e0 ag\u00eancia EFE que o n\u00famero de v\u00edtimas pode aumentar, j\u00e1 que os trabalhos de resgate ainda n\u00e3o terminaram. A autoridade regional acompanha o evoluir da situa\u00e7\u00e3o.<\/p>\n<p>V\u00eddeos difundidos nas redes sociais mostram cad\u00e1veres no ch\u00e3o e outras pessoas transportadas para o principal centro hospitalar da cidade, de modo a receberem tratamento de urg\u00eancia.<\/p>\n<p>A Cidadela Laferri\u00e8rre foi constru\u00edda por ordem do rei Henri Christophe, fundador do Reino do Haiti, no in\u00edcio do s\u00e9culo XIX, ap\u00f3s a independ\u00eancia do territ\u00f3rio da Fran\u00e7a em 1804.<\/p>\n","protected":false},"excerpt":{"rendered":"<ul>\n<li>Pelo menos trinta pessoas morreram no interior da Cidadela Laferri\u00e8rre, um dos monumentos mais emblem\u00e1ticos do Haiti, localizado a aproximadamente vinte e cinco quil\u00f3metros de Cap-Haitien.<\/li>\n<li>A causa apontada foi a falta de oxig\u00e9nio nas galerias da fortaleza, num contexto de fortes chuvas e ventos.<\/li>\n<li>O n\u00famero de v\u00edtimas pode aumentar, segundo o presidente da C\u00e2mara de Cap-Haitien, Patrick Almonor, porque os resgates ainda n\u00e3o tinham acabado.<\/li>\n<li>V\u00eddeos partilhados nas redes sociais mostram corpos no ch\u00e3o e pessoas a serem transportadas para o principal hospital da cidade.<\/li>\n<li>A fortaleza foi constru\u00edda por ordem do rei Henri Christophe, no in\u00edcio do s\u00e9culo XIX, ap\u00f3s a independ\u00eancia do pa\u00eds em rela\u00e7\u00e3o \u00e0 Fran\u00e7a.<\/li>\n<\/ul>\n","protected":false},"author":2,"featured_media":441162,"comment_status":"closed","ping_status":"closed","sticky":false,"template":"","format":"standard","meta":{"footnotes":""},"categories":[6849],"tags":[7767,7889,7888,7878,299,41],"class_list":["post-441160","post","type-post","status-publish","format-standard","has-post-thumbnail","hentry","category-acidentes","tag-_meio-ambiente","tag-_saude","tag-_seguranca","tag-_seguranca-publica","tag-historia","tag-noticia"],"yoast_head":"<!-- This site is optimized with the Yoast SEO plugin v27.2 - https:\/\/yoast.com\/product\/yoast-seo-wordpress\/ -->\n<title>Pelo menos 30 mortos dentro de monumento hist\u00f3rico no norte do Haiti - Portal Tela Portugal<\/title>\n<meta name=\"robots\" content=\"index, follow, max-snippet:-1, max-image-preview:large, max-video-preview:-1\" \/>\n<meta property=\"og:locale\" content=\"pt_PT\" \/>\n<meta property=\"og:type\" content=\"article\" \/>\n<meta property=\"og:title\" content=\"Pelo menos 30 mortos dentro de monumento hist\u00f3rico no norte do Haiti - Portal Tela Portugal\" \/>\n<meta property=\"og:description\" content=\"Pelo menos trinta pessoas morreram no interior da Cidadela Laferri\u00e8rre, um dos monumentos mais emblem\u00e1ticos do Haiti, localizado a aproximadamente vinte e cinco quil\u00f3metros de Cap-Haitien. A causa apontada foi a falta de oxig\u00e9nio nas galerias da fortaleza, num contexto de fortes chuvas e ventos. O n\u00famero de v\u00edtimas pode aumentar, segundo o presidente da C\u00e2mara de Cap-Haitien, Patrick Almonor, porque os resgates ainda n\u00e3o tinham acabado. V\u00eddeos partilhados nas redes sociais mostram corpos no ch\u00e3o e pessoas a serem transportadas para o principal hospital da cidade. A fortaleza foi constru\u00edda por ordem do rei Henri Christophe, no in\u00edcio do s\u00e9culo XIX, ap\u00f3s a independ\u00eancia do pa\u00eds em rela\u00e7\u00e3o \u00e0 Fran\u00e7a.\" \/>\n<meta property=\"og:url\" content=\"https:\/\/portaltela.pt\/noticias\/2026\/04\/12\/pelo-menos-30-mortos-dentro-de-monumento-historico-no-norte-do-haiti\/\" \/>\n<meta property=\"og:site_name\" content=\"Portal Tela Portugal\" \/>\n<meta property=\"article:published_time\" content=\"2026-04-12T08:32:18+00:00\" \/>\n<meta name=\"author\" content=\"Telinha\" \/>\n<meta name=\"twitter:card\" content=\"summary_large_image\" \/>\n<meta name=\"twitter:label1\" content=\"Escrito por\" \/>\n\t<meta name=\"twitter:data1\" content=\"Telinha\" \/>\n\t<meta name=\"twitter:label2\" content=\"Tempo estimado de leitura\" \/>\n\t<meta name=\"twitter:data2\" content=\"1 minuto\" \/>\n<script type=\"application\/ld+json\" class=\"yoast-schema-graph\">{\"@context\":\"https:\/\/schema.org\",\"@graph\":[{\"@type\":\"Article\",\"@id\":\"https:\/\/portaltela.pt\/noticias\/2026\/04\/12\/pelo-menos-30-mortos-dentro-de-monumento-historico-no-norte-do-haiti\/#article\",\"isPartOf\":{\"@id\":\"https:\/\/portaltela.pt\/noticias\/2026\/04\/12\/pelo-menos-30-mortos-dentro-de-monumento-historico-no-norte-do-haiti\/\"},\"author\":{\"name\":\"Telinha\",\"@id\":\"https:\/\/portaltela.pt\/#\/schema\/person\/c4278d4a6028830caff9ee44b42d32ed\"},\"headline\":\"Pelo menos 30 mortos dentro de monumento hist\u00f3rico no norte do Haiti\",\"datePublished\":\"2026-04-12T08:32:18+00:00\",\"mainEntityOfPage\":{\"@id\":\"https:\/\/portaltela.pt\/noticias\/2026\/04\/12\/pelo-menos-30-mortos-dentro-de-monumento-historico-no-norte-do-haiti\/\"},\"wordCount\":191,\"image\":{\"@id\":\"https:\/\/portaltela.pt\/noticias\/2026\/04\/12\/pelo-menos-30-mortos-dentro-de-monumento-historico-no-norte-do-haiti\/#primaryimage\"},\"thumbnailUrl\":\"https:\/\/portaltela.pt\/s.01k8rhncp4jt1\/2026\/04\/c20f4dd5-8a6f-4012-9184-6dd02829dec2_1200x675.jpg\",\"keywords\":[\"_meio-ambiente\",\"_sa\u00fade\",\"_seguran\u00e7a\",\"_seguran\u00e7a p\u00fablica\",\"hist\u00f3ria\",\"not\u00edcia\"],\"articleSection\":[\"Acidentes\"],\"inLanguage\":\"pt-PT\"},{\"@type\":\"WebPage\",\"@id\":\"https:\/\/portaltela.pt\/noticias\/2026\/04\/12\/pelo-menos-30-mortos-dentro-de-monumento-historico-no-norte-do-haiti\/\",\"url\":\"https:\/\/portaltela.pt\/noticias\/2026\/04\/12\/pelo-menos-30-mortos-dentro-de-monumento-historico-no-norte-do-haiti\/\",\"name\":\"Pelo menos 30 mortos dentro de monumento hist\u00f3rico no norte do Haiti - Portal Tela Portugal\",\"isPartOf\":{\"@id\":\"https:\/\/portaltela.pt\/#website\"},\"primaryImageOfPage\":{\"@id\":\"https:\/\/portaltela.pt\/noticias\/2026\/04\/12\/pelo-menos-30-mortos-dentro-de-monumento-historico-no-norte-do-haiti\/#primaryimage\"},\"image\":{\"@id\":\"https:\/\/portaltela.pt\/noticias\/2026\/04\/12\/pelo-menos-30-mortos-dentro-de-monumento-historico-no-norte-do-haiti\/#primaryimage\"},\"thumbnailUrl\":\"https:\/\/portaltela.pt\/s.01k8rhncp4jt1\/2026\/04\/c20f4dd5-8a6f-4012-9184-6dd02829dec2_1200x675.jpg\",\"datePublished\":\"2026-04-12T08:32:18+00:00\",\"author\":{\"@id\":\"https:\/\/portaltela.pt\/#\/schema\/person\/c4278d4a6028830caff9ee44b42d32ed\"},\"breadcrumb\":{\"@id\":\"https:\/\/portaltela.pt\/noticias\/2026\/04\/12\/pelo-menos-30-mortos-dentro-de-monumento-historico-no-norte-do-haiti\/#breadcrumb\"},\"inLanguage\":\"pt-PT\",\"potentialAction\":[{\"@type\":\"ReadAction\",\"target\":[\"https:\/\/portaltela.pt\/noticias\/2026\/04\/12\/pelo-menos-30-mortos-dentro-de-monumento-historico-no-norte-do-haiti\/\"]}]},{\"@type\":\"ImageObject\",\"inLanguage\":\"pt-PT\",\"@id\":\"https:\/\/portaltela.pt\/noticias\/2026\/04\/12\/pelo-menos-30-mortos-dentro-de-monumento-historico-no-norte-do-haiti\/#primaryimage\",\"url\":\"https:\/\/portaltela.pt\/s.01k8rhncp4jt1\/2026\/04\/c20f4dd5-8a6f-4012-9184-6dd02829dec2_1200x675.jpg\",\"contentUrl\":\"https:\/\/portaltela.pt\/s.01k8rhncp4jt1\/2026\/04\/c20f4dd5-8a6f-4012-9184-6dd02829dec2_1200x675.jpg\",\"width\":796,\"height\":448,\"caption\":\"O n\u00famero de v\u00edtimas poder\u00e1 aumentar\"},{\"@type\":\"BreadcrumbList\",\"@id\":\"https:\/\/portaltela.pt\/noticias\/2026\/04\/12\/pelo-menos-30-mortos-dentro-de-monumento-historico-no-norte-do-haiti\/#breadcrumb\",\"itemListElement\":[{\"@type\":\"ListItem\",\"position\":1,\"name\":\"In\u00edcio\",\"item\":\"https:\/\/portaltela.pt\/\"},{\"@type\":\"ListItem\",\"position\":2,\"name\":\"Pelo menos 30 mortos dentro de monumento hist\u00f3rico no norte do Haiti\"}]},{\"@type\":\"WebSite\",\"@id\":\"https:\/\/portaltela.pt\/#website\",\"url\":\"https:\/\/portaltela.pt\/\",\"name\":\"Portal Tela Portugal\",\"description\":\"\",\"potentialAction\":[{\"@type\":\"SearchAction\",\"target\":{\"@type\":\"EntryPoint\",\"urlTemplate\":\"https:\/\/portaltela.pt\/?s={search_term_string}\"},\"query-input\":{\"@type\":\"PropertyValueSpecification\",\"valueRequired\":true,\"valueName\":\"search_term_string\"}}],\"inLanguage\":\"pt-PT\"},{\"@type\":\"Person\",\"@id\":\"https:\/\/portaltela.pt\/#\/schema\/person\/c4278d4a6028830caff9ee44b42d32ed\",\"name\":\"Telinha\",\"image\":{\"@type\":\"ImageObject\",\"inLanguage\":\"pt-PT\",\"@id\":\"https:\/\/portaltela.pt\/s.01k8rhncp4jt1\/2025\/11\/talking-bot-125x125.png\",\"url\":\"https:\/\/portaltela.pt\/s.01k8rhncp4jt1\/2025\/11\/talking-bot-125x125.png\",\"contentUrl\":\"https:\/\/portaltela.pt\/s.01k8rhncp4jt1\/2025\/11\/talking-bot-125x125.png\",\"caption\":\"Telinha\"},\"sameAs\":[\"https:\/\/portaltela.pt\/\"],\"url\":\"https:\/\/portaltela.pt\/por\/367410592786\/\"}]}<\/script>\n<!-- \/ Yoast SEO plugin. -->","yoast_head_json":{"title":"Pelo menos 30 mortos dentro de monumento hist\u00f3rico no norte do Haiti - Portal Tela Portugal","robots":{"index":"index","follow":"follow","max-snippet":"max-snippet:-1","max-image-preview":"max-image-preview:large","max-video-preview":"max-video-preview:-1"},"og_locale":"pt_PT","og_type":"article","og_title":"Pelo menos 30 mortos dentro de monumento hist\u00f3rico no norte do Haiti - Portal Tela Portugal","og_description":"Pelo menos trinta pessoas morreram no interior da Cidadela Laferri\u00e8rre, um dos monumentos mais emblem\u00e1ticos do Haiti, localizado a aproximadamente vinte e cinco quil\u00f3metros de Cap-Haitien. A causa apontada foi a falta de oxig\u00e9nio nas galerias da fortaleza, num contexto de fortes chuvas e ventos. O n\u00famero de v\u00edtimas pode aumentar, segundo o presidente da C\u00e2mara de Cap-Haitien, Patrick Almonor, porque os resgates ainda n\u00e3o tinham acabado. V\u00eddeos partilhados nas redes sociais mostram corpos no ch\u00e3o e pessoas a serem transportadas para o principal hospital da cidade. A fortaleza foi constru\u00edda por ordem do rei Henri Christophe, no in\u00edcio do s\u00e9culo XIX, ap\u00f3s a independ\u00eancia do pa\u00eds em rela\u00e7\u00e3o \u00e0 Fran\u00e7a.","og_url":"https:\/\/portaltela.pt\/noticias\/2026\/04\/12\/pelo-menos-30-mortos-dentro-de-monumento-historico-no-norte-do-haiti\/","og_site_name":"Portal Tela Portugal","article_published_time":"2026-04-12T08:32:18+00:00","author":"Telinha","twitter_card":"summary_large_image","twitter_misc":{"Escrito por":"Telinha","Tempo estimado de leitura":"1 minuto"},"schema":{"@context":"https:\/\/schema.org","@graph":[{"@type":"Article","@id":"https:\/\/portaltela.pt\/noticias\/2026\/04\/12\/pelo-menos-30-mortos-dentro-de-monumento-historico-no-norte-do-haiti\/#article","isPartOf":{"@id":"https:\/\/portaltela.pt\/noticias\/2026\/04\/12\/pelo-menos-30-mortos-dentro-de-monumento-historico-no-norte-do-haiti\/"},"author":{"name":"Telinha","@id":"https:\/\/portaltela.pt\/#\/schema\/person\/c4278d4a6028830caff9ee44b42d32ed"},"headline":"Pelo menos 30 mortos dentro de monumento hist\u00f3rico no norte do Haiti","datePublished":"2026-04-12T08:32:18+00:00","mainEntityOfPage":{"@id":"https:\/\/portaltela.pt\/noticias\/2026\/04\/12\/pelo-menos-30-mortos-dentro-de-monumento-historico-no-norte-do-haiti\/"},"wordCount":191,"image":{"@id":"https:\/\/portaltela.pt\/noticias\/2026\/04\/12\/pelo-menos-30-mortos-dentro-de-monumento-historico-no-norte-do-haiti\/#primaryimage"},"thumbnailUrl":"https:\/\/portaltela.pt\/s.01k8rhncp4jt1\/2026\/04\/c20f4dd5-8a6f-4012-9184-6dd02829dec2_1200x675.jpg","keywords":["_meio-ambiente","_sa\u00fade","_seguran\u00e7a","_seguran\u00e7a p\u00fablica","hist\u00f3ria","not\u00edcia"],"articleSection":["Acidentes"],"inLanguage":"pt-PT"},{"@type":"WebPage","@id":"https:\/\/portaltela.pt\/noticias\/2026\/04\/12\/pelo-menos-30-mortos-dentro-de-monumento-historico-no-norte-do-haiti\/","url":"https:\/\/portaltela.pt\/noticias\/2026\/04\/12\/pelo-menos-30-mortos-dentro-de-monumento-historico-no-norte-do-haiti\/","name":"Pelo menos 30 mortos dentro de monumento hist\u00f3rico no norte do Haiti - Portal Tela Portugal","isPartOf":{"@id":"https:\/\/portaltela.pt\/#website"},"primaryImageOfPage":{"@id":"https:\/\/portaltela.pt\/noticias\/2026\/04\/12\/pelo-menos-30-mortos-dentro-de-monumento-historico-no-norte-do-haiti\/#primaryimage"},"image":{"@id":"https:\/\/portaltela.pt\/noticias\/2026\/04\/12\/pelo-menos-30-mortos-dentro-de-monumento-historico-no-norte-do-haiti\/#primaryimage"},"thumbnailUrl":"https:\/\/portaltela.pt\/s.01k8rhncp4jt1\/2026\/04\/c20f4dd5-8a6f-4012-9184-6dd02829dec2_1200x675.jpg","datePublished":"2026-04-12T08:32:18+00:00","author":{"@id":"https:\/\/portaltela.pt\/#\/schema\/person\/c4278d4a6028830caff9ee44b42d32ed"},"breadcrumb":{"@id":"https:\/\/portaltela.pt\/noticias\/2026\/04\/12\/pelo-menos-30-mortos-dentro-de-monumento-historico-no-norte-do-haiti\/#breadcrumb"},"inLanguage":"pt-PT","potentialAction":[{"@type":"ReadAction","target":["https:\/\/portaltela.pt\/noticias\/2026\/04\/12\/pelo-menos-30-mortos-dentro-de-monumento-historico-no-norte-do-haiti\/"]}]},{"@type":"ImageObject","inLanguage":"pt-PT","@id":"https:\/\/portaltela.pt\/noticias\/2026\/04\/12\/pelo-menos-30-mortos-dentro-de-monumento-historico-no-norte-do-haiti\/#primaryimage","url":"https:\/\/portaltela.pt\/s.01k8rhncp4jt1\/2026\/04\/c20f4dd5-8a6f-4012-9184-6dd02829dec2_1200x675.jpg","contentUrl":"https:\/\/portaltela.pt\/s.01k8rhncp4jt1\/2026\/04\/c20f4dd5-8a6f-4012-9184-6dd02829dec2_1200x675.jpg","width":796,"height":448,"caption":"O n\u00famero de v\u00edtimas poder\u00e1 aumentar"},{"@type":"BreadcrumbList","@id":"https:\/\/portaltela.pt\/noticias\/2026\/04\/12\/pelo-menos-30-mortos-dentro-de-monumento-historico-no-norte-do-haiti\/#breadcrumb","itemListElement":[{"@type":"ListItem","position":1,"name":"In\u00edcio","item":"https:\/\/portaltela.pt\/"},{"@type":"ListItem","position":2,"name":"Pelo menos 30 mortos dentro de monumento hist\u00f3rico no norte do Haiti"}]},{"@type":"WebSite","@id":"https:\/\/portaltela.pt\/#website","url":"https:\/\/portaltela.pt\/","name":"Portal Tela Portugal","description":"","potentialAction":[{"@type":"SearchAction","target":{"@type":"EntryPoint","urlTemplate":"https:\/\/portaltela.pt\/?s={search_term_string}"},"query-input":{"@type":"PropertyValueSpecification","valueRequired":true,"valueName":"search_term_string"}}],"inLanguage":"pt-PT"},{"@type":"Person","@id":"https:\/\/portaltela.pt\/#\/schema\/person\/c4278d4a6028830caff9ee44b42d32ed","name":"Telinha","image":{"@type":"ImageObject","inLanguage":"pt-PT","@id":"https:\/\/portaltela.pt\/s.01k8rhncp4jt1\/2025\/11\/talking-bot-125x125.png","url":"https:\/\/portaltela.pt\/s.01k8rhncp4jt1\/2025\/11\/talking-bot-125x125.png","contentUrl":"https:\/\/portaltela.pt\/s.01k8rhncp4jt1\/2025\/11\/talking-bot-125x125.png","caption":"Telinha"},"sameAs":["https:\/\/portaltela.pt\/"],"url":"https:\/\/portaltela.pt\/por\/367410592786\/"}]}},"_links":{"self":[{"href":"https:\/\/portaltela.pt\/api\/wp\/v2\/posts\/441160","targetHints":{"allow":["GET"]}}],"collection":[{"href":"https:\/\/portaltela.pt\/api\/wp\/v2\/posts"}],"about":[{"href":"https:\/\/portaltela.pt\/api\/wp\/v2\/types\/post"}],"author":[{"embeddable":true,"href":"https:\/\/portaltela.pt\/api\/wp\/v2\/users\/2"}],"replies":[{"embeddable":true,"href":"https:\/\/portaltela.pt\/api\/wp\/v2\/comments?post=441160"}],"version-history":[{"count":0,"href":"https:\/\/portaltela.pt\/api\/wp\/v2\/posts\/441160\/revisions"}],"wp:featuredmedia":[{"embeddable":true,"href":"https:\/\/portaltela.pt\/api\/wp\/v2\/media\/441162"}],"wp:attachment":[{"href":"https:\/\/portaltela.pt\/api\/wp\/v2\/media?parent=441160"}],"wp:term":[{"taxonomy":"category","embeddable":true,"href":"https:\/\/portaltela.pt\/api\/wp\/v2\/categories?post=441160"},{"taxonomy":"post_tag","embeddable":true,"href":"https:\/\/portaltela.pt\/api\/wp\/v2\/tags?post=441160"}],"curies":[{"name":"wp","href":"https:\/\/api.w.org\/{rel}","templated":true}]}}