{"id":441155,"date":"2026-04-12T04:49:00","date_gmt":"2026-04-12T07:49:00","guid":{"rendered":"https:\/\/portaltela.pt\/noticias\/2026\/04\/12\/teerao-diz-que-situacao-no-ormuz-so-mudara-se-eua-aceitarem-acordo-razoavel\/"},"modified":"2026-04-12T04:49:00","modified_gmt":"2026-04-12T07:49:00","slug":"teerao-diz-que-situacao-no-ormuz-so-mudara-se-eua-aceitarem-acordo-razoavel","status":"publish","type":"post","link":"https:\/\/portaltela.pt\/geopolitica\/2026\/04\/12\/teerao-diz-que-situacao-no-ormuz-so-mudara-se-eua-aceitarem-acordo-razoavel\/","title":{"rendered":"Teer\u00e3o diz que situa\u00e7\u00e3o no Ormuz s\u00f3 mudar\u00e1 se EUA aceitarem acordo razo\u00e1vel"},"content":{"rendered":"<p>O governo iraniano afirmou hoje que a situa\u00e7\u00e3o no estreito de Ormuz s\u00f3 mudar\u00e1 se os Estados Unidos aceitarem um acordo considerado razo\u00e1vel. A declara\u00e7\u00e3o foi feita por porta-voz do executivo em Teer\u00e3o, durante uma confer\u00eancia com imprensa.<\/p>\n<p>Segundo as fontes oficiais, a posi\u00e7\u00e3o de Teer\u00e3o reflete a exig\u00eancia de condi\u00e7\u00f5es que permita evitar confrontos diretos na rota estrat\u00e9gica para o petr\u00f3leo, sem detalhar quais seriam esses termos.<\/p>\n<p>O texto completo da afirma\u00e7\u00e3o permanece restrito a assinantes, com a publica\u00e7\u00e3o destacando que as informa\u00e7\u00f5es adicionais est\u00e3o condicionadas ao acesso ao conte\u00fado integral. At\u00e9 ao momento, n\u00e3o houve confirma\u00e7\u00e3o de mudan\u00e7as pr\u00e1ticas no controlo da passagem.<\/p>\n<h3>Contexto<\/h3>\n<p>As tens\u00f5es entre Teer\u00e3o e Washington mant\u00eam-se altas h\u00e1 anos, com foco no Estreito de Ormuz, pela import\u00e2ncia estrat\u00e9gica para o com\u00e9rcio global de crude e pela geopol\u00edtica regional em disputa.<\/p>\n<p>Novas declara\u00e7\u00f5es oficiais n\u00e3o detalham medidas espec\u00edficas a observar ou prazos, mantendo o foco numa negocia\u00e7\u00e3o que, segundo o governo iraniano, passaria por um acordo considerado razo\u00e1vel pelas partes envolvidas.<\/p>\n","protected":false},"excerpt":{"rendered":"<ul>\n<li>Teer\u00e3o afirma que a situa\u00e7\u00e3o no Estreito de Ormuz s\u00f3 mudar\u00e1 se os Estados Unidos aceitarem um acordo considerado razo\u00e1vel.<\/li>\n<li>O conte\u00fado completo da not\u00edcia est\u00e1 dispon\u00edvel apenas para subscritores.<\/li>\n<li>No excerto apresentado, n\u00e3o h\u00e1 detalhes adicionais sobre negocia\u00e7\u00f5es ou contexto.<\/li>\n<\/ul>\n","protected":false},"author":2,"featured_media":441156,"comment_status":"closed","ping_status":"closed","sticky":false,"template":"","format":"standard","meta":{"footnotes":""},"categories":[6814],"tags":[7775,7899,2198,66,3153,27],"class_list":["post-441155","post","type-post","status-publish","format-standard","has-post-thumbnail","hentry","category-geopolitica","tag-_energia","tag-_seguranca-internacional","tag-conflitos-internacionais","tag-geopolitica","tag-ira","tag-relacoes-internacionais"],"yoast_head":"<!-- This site is optimized with the Yoast SEO plugin v27.2 - https:\/\/yoast.com\/product\/yoast-seo-wordpress\/ -->\n<title>Teer\u00e3o diz que situa\u00e7\u00e3o no Ormuz s\u00f3 mudar\u00e1 se EUA aceitarem acordo razo\u00e1vel - Portal Tela Portugal<\/title>\n<meta name=\"robots\" content=\"index, follow, max-snippet:-1, max-image-preview:large, max-video-preview:-1\" \/>\n<meta property=\"og:locale\" content=\"pt_PT\" \/>\n<meta property=\"og:type\" content=\"article\" \/>\n<meta property=\"og:title\" content=\"Teer\u00e3o diz que situa\u00e7\u00e3o no Ormuz s\u00f3 mudar\u00e1 se EUA aceitarem acordo razo\u00e1vel - Portal Tela Portugal\" \/>\n<meta property=\"og:description\" content=\"Teer\u00e3o afirma que a situa\u00e7\u00e3o no Estreito de Ormuz s\u00f3 mudar\u00e1 se os Estados Unidos aceitarem um acordo considerado razo\u00e1vel. O conte\u00fado completo da not\u00edcia est\u00e1 dispon\u00edvel apenas para subscritores. No excerto apresentado, n\u00e3o h\u00e1 detalhes adicionais sobre negocia\u00e7\u00f5es ou contexto.\" \/>\n<meta property=\"og:url\" content=\"https:\/\/portaltela.pt\/noticias\/2026\/04\/12\/teerao-diz-que-situacao-no-ormuz-so-mudara-se-eua-aceitarem-acordo-razoavel\/\" \/>\n<meta property=\"og:site_name\" content=\"Portal Tela Portugal\" \/>\n<meta property=\"article:published_time\" content=\"2026-04-12T07:49:00+00:00\" \/>\n<meta name=\"author\" content=\"Telinha\" \/>\n<meta name=\"twitter:card\" content=\"summary_large_image\" \/>\n<meta name=\"twitter:label1\" content=\"Escrito por\" \/>\n\t<meta name=\"twitter:data1\" content=\"Telinha\" \/>\n\t<meta name=\"twitter:label2\" content=\"Tempo estimado de leitura\" \/>\n\t<meta name=\"twitter:data2\" content=\"1 minuto\" \/>\n<script type=\"application\/ld+json\" class=\"yoast-schema-graph\">{\"@context\":\"https:\/\/schema.org\",\"@graph\":[{\"@type\":\"Article\",\"@id\":\"https:\/\/portaltela.pt\/noticias\/2026\/04\/12\/teerao-diz-que-situacao-no-ormuz-so-mudara-se-eua-aceitarem-acordo-razoavel\/#article\",\"isPartOf\":{\"@id\":\"https:\/\/portaltela.pt\/noticias\/2026\/04\/12\/teerao-diz-que-situacao-no-ormuz-so-mudara-se-eua-aceitarem-acordo-razoavel\/\"},\"author\":{\"name\":\"Telinha\",\"@id\":\"https:\/\/portaltela.pt\/#\/schema\/person\/c4278d4a6028830caff9ee44b42d32ed\"},\"headline\":\"Teer\u00e3o diz que situa\u00e7\u00e3o no Ormuz s\u00f3 mudar\u00e1 se EUA aceitarem acordo razo\u00e1vel\",\"datePublished\":\"2026-04-12T07:49:00+00:00\",\"mainEntityOfPage\":{\"@id\":\"https:\/\/portaltela.pt\/noticias\/2026\/04\/12\/teerao-diz-que-situacao-no-ormuz-so-mudara-se-eua-aceitarem-acordo-razoavel\/\"},\"wordCount\":215,\"image\":{\"@id\":\"https:\/\/portaltela.pt\/noticias\/2026\/04\/12\/teerao-diz-que-situacao-no-ormuz-so-mudara-se-eua-aceitarem-acordo-razoavel\/#primaryimage\"},\"thumbnailUrl\":\"https:\/\/portaltela.pt\/s.01k8rhncp4jt1\/2026\/04\/CACHE_780X1200_ANALOG_WATERMARKED_46896318_399364712454640.jpg\",\"keywords\":[\"_energia\",\"_seguran\u00e7a internacional\",\"conflitos internacionais\",\"geopol\u00edtica\",\"Ir\u00e3\",\"rela\u00e7\u00f5es internacionais\"],\"articleSection\":[\"Geopol\u00edtica\"],\"inLanguage\":\"pt-PT\"},{\"@type\":\"WebPage\",\"@id\":\"https:\/\/portaltela.pt\/noticias\/2026\/04\/12\/teerao-diz-que-situacao-no-ormuz-so-mudara-se-eua-aceitarem-acordo-razoavel\/\",\"url\":\"https:\/\/portaltela.pt\/noticias\/2026\/04\/12\/teerao-diz-que-situacao-no-ormuz-so-mudara-se-eua-aceitarem-acordo-razoavel\/\",\"name\":\"Teer\u00e3o diz que situa\u00e7\u00e3o no Ormuz s\u00f3 mudar\u00e1 se EUA aceitarem acordo razo\u00e1vel - Portal Tela Portugal\",\"isPartOf\":{\"@id\":\"https:\/\/portaltela.pt\/#website\"},\"primaryImageOfPage\":{\"@id\":\"https:\/\/portaltela.pt\/noticias\/2026\/04\/12\/teerao-diz-que-situacao-no-ormuz-so-mudara-se-eua-aceitarem-acordo-razoavel\/#primaryimage\"},\"image\":{\"@id\":\"https:\/\/portaltela.pt\/noticias\/2026\/04\/12\/teerao-diz-que-situacao-no-ormuz-so-mudara-se-eua-aceitarem-acordo-razoavel\/#primaryimage\"},\"thumbnailUrl\":\"https:\/\/portaltela.pt\/s.01k8rhncp4jt1\/2026\/04\/CACHE_780X1200_ANALOG_WATERMARKED_46896318_399364712454640.jpg\",\"datePublished\":\"2026-04-12T07:49:00+00:00\",\"author\":{\"@id\":\"https:\/\/portaltela.pt\/#\/schema\/person\/c4278d4a6028830caff9ee44b42d32ed\"},\"breadcrumb\":{\"@id\":\"https:\/\/portaltela.pt\/noticias\/2026\/04\/12\/teerao-diz-que-situacao-no-ormuz-so-mudara-se-eua-aceitarem-acordo-razoavel\/#breadcrumb\"},\"inLanguage\":\"pt-PT\",\"potentialAction\":[{\"@type\":\"ReadAction\",\"target\":[\"https:\/\/portaltela.pt\/noticias\/2026\/04\/12\/teerao-diz-que-situacao-no-ormuz-so-mudara-se-eua-aceitarem-acordo-razoavel\/\"]}]},{\"@type\":\"ImageObject\",\"inLanguage\":\"pt-PT\",\"@id\":\"https:\/\/portaltela.pt\/noticias\/2026\/04\/12\/teerao-diz-que-situacao-no-ormuz-so-mudara-se-eua-aceitarem-acordo-razoavel\/#primaryimage\",\"url\":\"https:\/\/portaltela.pt\/s.01k8rhncp4jt1\/2026\/04\/CACHE_780X1200_ANALOG_WATERMARKED_46896318_399364712454640.jpg\",\"contentUrl\":\"https:\/\/portaltela.pt\/s.01k8rhncp4jt1\/2026\/04\/CACHE_780X1200_ANALOG_WATERMARKED_46896318_399364712454640.jpg\",\"width\":768,\"height\":512,\"caption\":\"Photo\"},{\"@type\":\"BreadcrumbList\",\"@id\":\"https:\/\/portaltela.pt\/noticias\/2026\/04\/12\/teerao-diz-que-situacao-no-ormuz-so-mudara-se-eua-aceitarem-acordo-razoavel\/#breadcrumb\",\"itemListElement\":[{\"@type\":\"ListItem\",\"position\":1,\"name\":\"In\u00edcio\",\"item\":\"https:\/\/portaltela.pt\/\"},{\"@type\":\"ListItem\",\"position\":2,\"name\":\"Teer\u00e3o diz que situa\u00e7\u00e3o no Ormuz s\u00f3 mudar\u00e1 se EUA aceitarem acordo razo\u00e1vel\"}]},{\"@type\":\"WebSite\",\"@id\":\"https:\/\/portaltela.pt\/#website\",\"url\":\"https:\/\/portaltela.pt\/\",\"name\":\"Portal Tela Portugal\",\"description\":\"\",\"potentialAction\":[{\"@type\":\"SearchAction\",\"target\":{\"@type\":\"EntryPoint\",\"urlTemplate\":\"https:\/\/portaltela.pt\/?s={search_term_string}\"},\"query-input\":{\"@type\":\"PropertyValueSpecification\",\"valueRequired\":true,\"valueName\":\"search_term_string\"}}],\"inLanguage\":\"pt-PT\"},{\"@type\":\"Person\",\"@id\":\"https:\/\/portaltela.pt\/#\/schema\/person\/c4278d4a6028830caff9ee44b42d32ed\",\"name\":\"Telinha\",\"image\":{\"@type\":\"ImageObject\",\"inLanguage\":\"pt-PT\",\"@id\":\"https:\/\/portaltela.pt\/s.01k8rhncp4jt1\/2025\/11\/talking-bot-125x125.png\",\"url\":\"https:\/\/portaltela.pt\/s.01k8rhncp4jt1\/2025\/11\/talking-bot-125x125.png\",\"contentUrl\":\"https:\/\/portaltela.pt\/s.01k8rhncp4jt1\/2025\/11\/talking-bot-125x125.png\",\"caption\":\"Telinha\"},\"sameAs\":[\"https:\/\/portaltela.pt\/\"],\"url\":\"https:\/\/portaltela.pt\/por\/367410592786\/\"}]}<\/script>\n<!-- \/ Yoast SEO plugin. -->","yoast_head_json":{"title":"Teer\u00e3o diz que situa\u00e7\u00e3o no Ormuz s\u00f3 mudar\u00e1 se EUA aceitarem acordo razo\u00e1vel - Portal Tela Portugal","robots":{"index":"index","follow":"follow","max-snippet":"max-snippet:-1","max-image-preview":"max-image-preview:large","max-video-preview":"max-video-preview:-1"},"og_locale":"pt_PT","og_type":"article","og_title":"Teer\u00e3o diz que situa\u00e7\u00e3o no Ormuz s\u00f3 mudar\u00e1 se EUA aceitarem acordo razo\u00e1vel - Portal Tela Portugal","og_description":"Teer\u00e3o afirma que a situa\u00e7\u00e3o no Estreito de Ormuz s\u00f3 mudar\u00e1 se os Estados Unidos aceitarem um acordo considerado razo\u00e1vel. O conte\u00fado completo da not\u00edcia est\u00e1 dispon\u00edvel apenas para subscritores. No excerto apresentado, n\u00e3o h\u00e1 detalhes adicionais sobre negocia\u00e7\u00f5es ou contexto.","og_url":"https:\/\/portaltela.pt\/noticias\/2026\/04\/12\/teerao-diz-que-situacao-no-ormuz-so-mudara-se-eua-aceitarem-acordo-razoavel\/","og_site_name":"Portal Tela Portugal","article_published_time":"2026-04-12T07:49:00+00:00","author":"Telinha","twitter_card":"summary_large_image","twitter_misc":{"Escrito por":"Telinha","Tempo estimado de leitura":"1 minuto"},"schema":{"@context":"https:\/\/schema.org","@graph":[{"@type":"Article","@id":"https:\/\/portaltela.pt\/noticias\/2026\/04\/12\/teerao-diz-que-situacao-no-ormuz-so-mudara-se-eua-aceitarem-acordo-razoavel\/#article","isPartOf":{"@id":"https:\/\/portaltela.pt\/noticias\/2026\/04\/12\/teerao-diz-que-situacao-no-ormuz-so-mudara-se-eua-aceitarem-acordo-razoavel\/"},"author":{"name":"Telinha","@id":"https:\/\/portaltela.pt\/#\/schema\/person\/c4278d4a6028830caff9ee44b42d32ed"},"headline":"Teer\u00e3o diz que situa\u00e7\u00e3o no Ormuz s\u00f3 mudar\u00e1 se EUA aceitarem acordo razo\u00e1vel","datePublished":"2026-04-12T07:49:00+00:00","mainEntityOfPage":{"@id":"https:\/\/portaltela.pt\/noticias\/2026\/04\/12\/teerao-diz-que-situacao-no-ormuz-so-mudara-se-eua-aceitarem-acordo-razoavel\/"},"wordCount":215,"image":{"@id":"https:\/\/portaltela.pt\/noticias\/2026\/04\/12\/teerao-diz-que-situacao-no-ormuz-so-mudara-se-eua-aceitarem-acordo-razoavel\/#primaryimage"},"thumbnailUrl":"https:\/\/portaltela.pt\/s.01k8rhncp4jt1\/2026\/04\/CACHE_780X1200_ANALOG_WATERMARKED_46896318_399364712454640.jpg","keywords":["_energia","_seguran\u00e7a internacional","conflitos internacionais","geopol\u00edtica","Ir\u00e3","rela\u00e7\u00f5es internacionais"],"articleSection":["Geopol\u00edtica"],"inLanguage":"pt-PT"},{"@type":"WebPage","@id":"https:\/\/portaltela.pt\/noticias\/2026\/04\/12\/teerao-diz-que-situacao-no-ormuz-so-mudara-se-eua-aceitarem-acordo-razoavel\/","url":"https:\/\/portaltela.pt\/noticias\/2026\/04\/12\/teerao-diz-que-situacao-no-ormuz-so-mudara-se-eua-aceitarem-acordo-razoavel\/","name":"Teer\u00e3o diz que situa\u00e7\u00e3o no Ormuz s\u00f3 mudar\u00e1 se EUA aceitarem acordo razo\u00e1vel - Portal Tela Portugal","isPartOf":{"@id":"https:\/\/portaltela.pt\/#website"},"primaryImageOfPage":{"@id":"https:\/\/portaltela.pt\/noticias\/2026\/04\/12\/teerao-diz-que-situacao-no-ormuz-so-mudara-se-eua-aceitarem-acordo-razoavel\/#primaryimage"},"image":{"@id":"https:\/\/portaltela.pt\/noticias\/2026\/04\/12\/teerao-diz-que-situacao-no-ormuz-so-mudara-se-eua-aceitarem-acordo-razoavel\/#primaryimage"},"thumbnailUrl":"https:\/\/portaltela.pt\/s.01k8rhncp4jt1\/2026\/04\/CACHE_780X1200_ANALOG_WATERMARKED_46896318_399364712454640.jpg","datePublished":"2026-04-12T07:49:00+00:00","author":{"@id":"https:\/\/portaltela.pt\/#\/schema\/person\/c4278d4a6028830caff9ee44b42d32ed"},"breadcrumb":{"@id":"https:\/\/portaltela.pt\/noticias\/2026\/04\/12\/teerao-diz-que-situacao-no-ormuz-so-mudara-se-eua-aceitarem-acordo-razoavel\/#breadcrumb"},"inLanguage":"pt-PT","potentialAction":[{"@type":"ReadAction","target":["https:\/\/portaltela.pt\/noticias\/2026\/04\/12\/teerao-diz-que-situacao-no-ormuz-so-mudara-se-eua-aceitarem-acordo-razoavel\/"]}]},{"@type":"ImageObject","inLanguage":"pt-PT","@id":"https:\/\/portaltela.pt\/noticias\/2026\/04\/12\/teerao-diz-que-situacao-no-ormuz-so-mudara-se-eua-aceitarem-acordo-razoavel\/#primaryimage","url":"https:\/\/portaltela.pt\/s.01k8rhncp4jt1\/2026\/04\/CACHE_780X1200_ANALOG_WATERMARKED_46896318_399364712454640.jpg","contentUrl":"https:\/\/portaltela.pt\/s.01k8rhncp4jt1\/2026\/04\/CACHE_780X1200_ANALOG_WATERMARKED_46896318_399364712454640.jpg","width":768,"height":512,"caption":"Photo"},{"@type":"BreadcrumbList","@id":"https:\/\/portaltela.pt\/noticias\/2026\/04\/12\/teerao-diz-que-situacao-no-ormuz-so-mudara-se-eua-aceitarem-acordo-razoavel\/#breadcrumb","itemListElement":[{"@type":"ListItem","position":1,"name":"In\u00edcio","item":"https:\/\/portaltela.pt\/"},{"@type":"ListItem","position":2,"name":"Teer\u00e3o diz que situa\u00e7\u00e3o no Ormuz s\u00f3 mudar\u00e1 se EUA aceitarem acordo razo\u00e1vel"}]},{"@type":"WebSite","@id":"https:\/\/portaltela.pt\/#website","url":"https:\/\/portaltela.pt\/","name":"Portal Tela Portugal","description":"","potentialAction":[{"@type":"SearchAction","target":{"@type":"EntryPoint","urlTemplate":"https:\/\/portaltela.pt\/?s={search_term_string}"},"query-input":{"@type":"PropertyValueSpecification","valueRequired":true,"valueName":"search_term_string"}}],"inLanguage":"pt-PT"},{"@type":"Person","@id":"https:\/\/portaltela.pt\/#\/schema\/person\/c4278d4a6028830caff9ee44b42d32ed","name":"Telinha","image":{"@type":"ImageObject","inLanguage":"pt-PT","@id":"https:\/\/portaltela.pt\/s.01k8rhncp4jt1\/2025\/11\/talking-bot-125x125.png","url":"https:\/\/portaltela.pt\/s.01k8rhncp4jt1\/2025\/11\/talking-bot-125x125.png","contentUrl":"https:\/\/portaltela.pt\/s.01k8rhncp4jt1\/2025\/11\/talking-bot-125x125.png","caption":"Telinha"},"sameAs":["https:\/\/portaltela.pt\/"],"url":"https:\/\/portaltela.pt\/por\/367410592786\/"}]}},"_links":{"self":[{"href":"https:\/\/portaltela.pt\/api\/wp\/v2\/posts\/441155","targetHints":{"allow":["GET"]}}],"collection":[{"href":"https:\/\/portaltela.pt\/api\/wp\/v2\/posts"}],"about":[{"href":"https:\/\/portaltela.pt\/api\/wp\/v2\/types\/post"}],"author":[{"embeddable":true,"href":"https:\/\/portaltela.pt\/api\/wp\/v2\/users\/2"}],"replies":[{"embeddable":true,"href":"https:\/\/portaltela.pt\/api\/wp\/v2\/comments?post=441155"}],"version-history":[{"count":0,"href":"https:\/\/portaltela.pt\/api\/wp\/v2\/posts\/441155\/revisions"}],"wp:featuredmedia":[{"embeddable":true,"href":"https:\/\/portaltela.pt\/api\/wp\/v2\/media\/441156"}],"wp:attachment":[{"href":"https:\/\/portaltela.pt\/api\/wp\/v2\/media?parent=441155"}],"wp:term":[{"taxonomy":"category","embeddable":true,"href":"https:\/\/portaltela.pt\/api\/wp\/v2\/categories?post=441155"},{"taxonomy":"post_tag","embeddable":true,"href":"https:\/\/portaltela.pt\/api\/wp\/v2\/tags?post=441155"}],"curies":[{"name":"wp","href":"https:\/\/api.w.org\/{rel}","templated":true}]}}