{"id":441143,"date":"2026-04-12T05:16:57","date_gmt":"2026-04-12T08:16:57","guid":{"rendered":"https:\/\/portaltela.pt\/noticias\/2026\/04\/12\/palcos-da-semana-destacam-abril-malangatana-e-berenice-na-eternidade\/"},"modified":"2026-04-12T05:16:57","modified_gmt":"2026-04-12T08:16:57","slug":"palcos-da-semana-destacam-abril-malangatana-e-berenice-na-eternidade","status":"publish","type":"post","link":"https:\/\/portaltela.pt\/noticias\/2026\/04\/12\/palcos-da-semana-destacam-abril-malangatana-e-berenice-na-eternidade\/","title":{"rendered":"Palcos da semana destacam Abril, Malangatana e B\u00e9r\u00e9nice na eternidade"},"content":{"rendered":"<p>A programa\u00e7\u00e3o da semana traz 5 propostas que cruzam teatro, m\u00fasica e artes visuais. Entre elas est\u00e1 a encena\u00e7\u00e3o B\u00e9r\u00e9nice, de Romeo Castellucci, com a atriz Isabelle Huppert, e Abril, com a voz de Zeca Medeiros. Tamb\u00e9m h\u00e1 a nova cria\u00e7\u00e3o Eternidade Electro, de Pedro Sousa Loureiro, al\u00e9m de uma exposi\u00e7\u00e3o dedicada a Malangatana e um coro de leitura de Cravo ao peito. O conjunto vem ampliado por uma revis\u00e3o de Elas S\u00e3o 5 Milh\u00f5es.<\/p>\n<p>A agenda re\u00fane ainda uma mostra de Malangatana, intitulada Crep\u00fasculo Mo\u00e7ambicano, que homenageia o artista mo\u00e7ambicano. Completa o conjunto o projeto de Zeca Medeiros, que acrescenta tr\u00eas concertos em tom de Abril. A ideia \u00e9 oferecer uma vis\u00e3o plural sobre a cria\u00e7\u00e3o contempor\u00e2nea.<\/p>\n<h3>B\u00e9r\u00e9nice entre gigantes<\/h3>\n<p>Isabelle Huppert protagoniza a vers\u00e3o de B\u00e9r\u00e9nice dirigida por Castellucci, numa montagem que promete leitura intensa do texto cl\u00e1ssico. A produ\u00e7\u00e3o re\u00fane elementos visuais e sonoros de linguagem contempor\u00e2nea.<\/p>\n<h3>Eternidade Electro e Malangatana<\/h3>\n<p>Eternidade Electro, a nova cria\u00e7\u00e3o de Feathering, assume a pr\u00e1tica musical eletr\u00f3nica em di\u00e1logo com autores contempor\u00e2neos. Paralelamente, a exposi\u00e7\u00e3o Crep\u00fasculo Mo\u00e7ambicano revela obras de Malangatana, destacando a sua import\u00e2ncia hist\u00f3rica.<\/p>\n","protected":false},"excerpt":{"rendered":"<ul>\n<li>Vem a\u00ed a encena\u00e7\u00e3o de B\u00e9r\u00e9nice, entre Castellucci e Isabelle Huppert, numa leitura que junta teatro com peso de gigantes.<\/li>\n<li>Eternidade Electro \u00e9 a nova cria\u00e7\u00e3o de Pedro Sousa Loureiro, tamb\u00e9m conhecido como Feathering.<\/li>\n<li>Malangatana recebe homenagem numa exposi\u00e7\u00e3o intitulada Crep\u00fasculo Mo\u00e7ambicano.<\/li>\n<li>Zeca Medeiros apresenta tr\u00eas concertos em tons de Abril.<\/li>\n<li>O espect\u00e1culo Elas S\u00e3o 5 Milh\u00f5es regressa j\u00e1 atualizado.<\/li>\n<\/ul>\n","protected":false},"author":2,"featured_media":441145,"comment_status":"closed","ping_status":"closed","sticky":false,"template":"","format":"standard","meta":{"footnotes":""},"categories":[7375,1],"tags":[7756,70,593,6708,1911,122],"class_list":["post-441143","post","type-post","status-publish","format-standard","has-post-thumbnail","hentry","category-cultura","category-noticias","tag-_cultura","tag-arte","tag-concertos","tag-exposicao","tag-mocambique","tag-musica"],"yoast_head":"<!-- This site is optimized with the Yoast SEO plugin v27.2 - https:\/\/yoast.com\/product\/yoast-seo-wordpress\/ -->\n<title>Palcos da semana destacam Abril, Malangatana e B\u00e9r\u00e9nice na eternidade - Portal Tela Portugal<\/title>\n<meta name=\"robots\" content=\"index, follow, max-snippet:-1, max-image-preview:large, max-video-preview:-1\" \/>\n<meta property=\"og:locale\" content=\"pt_PT\" \/>\n<meta property=\"og:type\" content=\"article\" \/>\n<meta property=\"og:title\" content=\"Palcos da semana destacam Abril, Malangatana e B\u00e9r\u00e9nice na eternidade - Portal Tela Portugal\" \/>\n<meta property=\"og:description\" content=\"Vem a\u00ed a encena\u00e7\u00e3o de B\u00e9r\u00e9nice, entre Castellucci e Isabelle Huppert, numa leitura que junta teatro com peso de gigantes. Eternidade Electro \u00e9 a nova cria\u00e7\u00e3o de Pedro Sousa Loureiro, tamb\u00e9m conhecido como Feathering. Malangatana recebe homenagem numa exposi\u00e7\u00e3o intitulada Crep\u00fasculo Mo\u00e7ambicano. Zeca Medeiros apresenta tr\u00eas concertos em tons de Abril. O espect\u00e1culo Elas S\u00e3o 5 Milh\u00f5es regressa j\u00e1 atualizado.\" \/>\n<meta property=\"og:url\" content=\"https:\/\/portaltela.pt\/noticias\/2026\/04\/12\/palcos-da-semana-destacam-abril-malangatana-e-berenice-na-eternidade\/\" \/>\n<meta property=\"og:site_name\" content=\"Portal Tela Portugal\" \/>\n<meta property=\"article:published_time\" content=\"2026-04-12T08:16:57+00:00\" \/>\n<meta name=\"author\" content=\"Telinha\" \/>\n<meta name=\"twitter:card\" content=\"summary_large_image\" \/>\n<meta name=\"twitter:label1\" content=\"Escrito por\" \/>\n\t<meta name=\"twitter:data1\" content=\"Telinha\" \/>\n\t<meta name=\"twitter:label2\" content=\"Tempo estimado de leitura\" \/>\n\t<meta name=\"twitter:data2\" content=\"1 minuto\" \/>\n<script type=\"application\/ld+json\" class=\"yoast-schema-graph\">{\"@context\":\"https:\/\/schema.org\",\"@graph\":[{\"@type\":\"Article\",\"@id\":\"https:\/\/portaltela.pt\/noticias\/2026\/04\/12\/palcos-da-semana-destacam-abril-malangatana-e-berenice-na-eternidade\/#article\",\"isPartOf\":{\"@id\":\"https:\/\/portaltela.pt\/noticias\/2026\/04\/12\/palcos-da-semana-destacam-abril-malangatana-e-berenice-na-eternidade\/\"},\"author\":{\"name\":\"Telinha\",\"@id\":\"https:\/\/portaltela.pt\/#\/schema\/person\/c4278d4a6028830caff9ee44b42d32ed\"},\"headline\":\"Palcos da semana destacam Abril, Malangatana e B\u00e9r\u00e9nice na eternidade\",\"datePublished\":\"2026-04-12T08:16:57+00:00\",\"mainEntityOfPage\":{\"@id\":\"https:\/\/portaltela.pt\/noticias\/2026\/04\/12\/palcos-da-semana-destacam-abril-malangatana-e-berenice-na-eternidade\/\"},\"wordCount\":233,\"image\":{\"@id\":\"https:\/\/portaltela.pt\/noticias\/2026\/04\/12\/palcos-da-semana-destacam-abril-malangatana-e-berenice-na-eternidade\/#primaryimage\"},\"thumbnailUrl\":\"https:\/\/portaltela.pt\/s.01k8rhncp4jt1\/2026\/04\/2080644.jpg\",\"keywords\":[\"_cultura\",\"arte\",\"concertos\",\"exposi\u00e7\u00e3o\",\"Mo\u00e7ambique\",\"m\u00fasica\"],\"articleSection\":[\"Cultura\",\"Not\u00edcias\"],\"inLanguage\":\"pt-PT\"},{\"@type\":\"WebPage\",\"@id\":\"https:\/\/portaltela.pt\/noticias\/2026\/04\/12\/palcos-da-semana-destacam-abril-malangatana-e-berenice-na-eternidade\/\",\"url\":\"https:\/\/portaltela.pt\/noticias\/2026\/04\/12\/palcos-da-semana-destacam-abril-malangatana-e-berenice-na-eternidade\/\",\"name\":\"Palcos da semana destacam Abril, Malangatana e B\u00e9r\u00e9nice na eternidade - Portal Tela Portugal\",\"isPartOf\":{\"@id\":\"https:\/\/portaltela.pt\/#website\"},\"primaryImageOfPage\":{\"@id\":\"https:\/\/portaltela.pt\/noticias\/2026\/04\/12\/palcos-da-semana-destacam-abril-malangatana-e-berenice-na-eternidade\/#primaryimage\"},\"image\":{\"@id\":\"https:\/\/portaltela.pt\/noticias\/2026\/04\/12\/palcos-da-semana-destacam-abril-malangatana-e-berenice-na-eternidade\/#primaryimage\"},\"thumbnailUrl\":\"https:\/\/portaltela.pt\/s.01k8rhncp4jt1\/2026\/04\/2080644.jpg\",\"datePublished\":\"2026-04-12T08:16:57+00:00\",\"author\":{\"@id\":\"https:\/\/portaltela.pt\/#\/schema\/person\/c4278d4a6028830caff9ee44b42d32ed\"},\"breadcrumb\":{\"@id\":\"https:\/\/portaltela.pt\/noticias\/2026\/04\/12\/palcos-da-semana-destacam-abril-malangatana-e-berenice-na-eternidade\/#breadcrumb\"},\"inLanguage\":\"pt-PT\",\"potentialAction\":[{\"@type\":\"ReadAction\",\"target\":[\"https:\/\/portaltela.pt\/noticias\/2026\/04\/12\/palcos-da-semana-destacam-abril-malangatana-e-berenice-na-eternidade\/\"]}]},{\"@type\":\"ImageObject\",\"inLanguage\":\"pt-PT\",\"@id\":\"https:\/\/portaltela.pt\/noticias\/2026\/04\/12\/palcos-da-semana-destacam-abril-malangatana-e-berenice-na-eternidade\/#primaryimage\",\"url\":\"https:\/\/portaltela.pt\/s.01k8rhncp4jt1\/2026\/04\/2080644.jpg\",\"contentUrl\":\"https:\/\/portaltela.pt\/s.01k8rhncp4jt1\/2026\/04\/2080644.jpg\",\"width\":796,\"height\":448,\"caption\":\"Isabelle Huppert na *B\u00e9r\u00e9nice* de Romeo Castellucci\"},{\"@type\":\"BreadcrumbList\",\"@id\":\"https:\/\/portaltela.pt\/noticias\/2026\/04\/12\/palcos-da-semana-destacam-abril-malangatana-e-berenice-na-eternidade\/#breadcrumb\",\"itemListElement\":[{\"@type\":\"ListItem\",\"position\":1,\"name\":\"In\u00edcio\",\"item\":\"https:\/\/portaltela.pt\/\"},{\"@type\":\"ListItem\",\"position\":2,\"name\":\"Palcos da semana destacam Abril, Malangatana e B\u00e9r\u00e9nice na eternidade\"}]},{\"@type\":\"WebSite\",\"@id\":\"https:\/\/portaltela.pt\/#website\",\"url\":\"https:\/\/portaltela.pt\/\",\"name\":\"Portal Tela Portugal\",\"description\":\"\",\"potentialAction\":[{\"@type\":\"SearchAction\",\"target\":{\"@type\":\"EntryPoint\",\"urlTemplate\":\"https:\/\/portaltela.pt\/?s={search_term_string}\"},\"query-input\":{\"@type\":\"PropertyValueSpecification\",\"valueRequired\":true,\"valueName\":\"search_term_string\"}}],\"inLanguage\":\"pt-PT\"},{\"@type\":\"Person\",\"@id\":\"https:\/\/portaltela.pt\/#\/schema\/person\/c4278d4a6028830caff9ee44b42d32ed\",\"name\":\"Telinha\",\"image\":{\"@type\":\"ImageObject\",\"inLanguage\":\"pt-PT\",\"@id\":\"https:\/\/portaltela.pt\/s.01k8rhncp4jt1\/2025\/11\/talking-bot-125x125.png\",\"url\":\"https:\/\/portaltela.pt\/s.01k8rhncp4jt1\/2025\/11\/talking-bot-125x125.png\",\"contentUrl\":\"https:\/\/portaltela.pt\/s.01k8rhncp4jt1\/2025\/11\/talking-bot-125x125.png\",\"caption\":\"Telinha\"},\"sameAs\":[\"https:\/\/portaltela.pt\/\"],\"url\":\"https:\/\/portaltela.pt\/por\/367410592786\/\"}]}<\/script>\n<!-- \/ Yoast SEO plugin. -->","yoast_head_json":{"title":"Palcos da semana destacam Abril, Malangatana e B\u00e9r\u00e9nice na eternidade - Portal Tela Portugal","robots":{"index":"index","follow":"follow","max-snippet":"max-snippet:-1","max-image-preview":"max-image-preview:large","max-video-preview":"max-video-preview:-1"},"og_locale":"pt_PT","og_type":"article","og_title":"Palcos da semana destacam Abril, Malangatana e B\u00e9r\u00e9nice na eternidade - Portal Tela Portugal","og_description":"Vem a\u00ed a encena\u00e7\u00e3o de B\u00e9r\u00e9nice, entre Castellucci e Isabelle Huppert, numa leitura que junta teatro com peso de gigantes. Eternidade Electro \u00e9 a nova cria\u00e7\u00e3o de Pedro Sousa Loureiro, tamb\u00e9m conhecido como Feathering. Malangatana recebe homenagem numa exposi\u00e7\u00e3o intitulada Crep\u00fasculo Mo\u00e7ambicano. Zeca Medeiros apresenta tr\u00eas concertos em tons de Abril. O espect\u00e1culo Elas S\u00e3o 5 Milh\u00f5es regressa j\u00e1 atualizado.","og_url":"https:\/\/portaltela.pt\/noticias\/2026\/04\/12\/palcos-da-semana-destacam-abril-malangatana-e-berenice-na-eternidade\/","og_site_name":"Portal Tela Portugal","article_published_time":"2026-04-12T08:16:57+00:00","author":"Telinha","twitter_card":"summary_large_image","twitter_misc":{"Escrito por":"Telinha","Tempo estimado de leitura":"1 minuto"},"schema":{"@context":"https:\/\/schema.org","@graph":[{"@type":"Article","@id":"https:\/\/portaltela.pt\/noticias\/2026\/04\/12\/palcos-da-semana-destacam-abril-malangatana-e-berenice-na-eternidade\/#article","isPartOf":{"@id":"https:\/\/portaltela.pt\/noticias\/2026\/04\/12\/palcos-da-semana-destacam-abril-malangatana-e-berenice-na-eternidade\/"},"author":{"name":"Telinha","@id":"https:\/\/portaltela.pt\/#\/schema\/person\/c4278d4a6028830caff9ee44b42d32ed"},"headline":"Palcos da semana destacam Abril, Malangatana e B\u00e9r\u00e9nice na eternidade","datePublished":"2026-04-12T08:16:57+00:00","mainEntityOfPage":{"@id":"https:\/\/portaltela.pt\/noticias\/2026\/04\/12\/palcos-da-semana-destacam-abril-malangatana-e-berenice-na-eternidade\/"},"wordCount":233,"image":{"@id":"https:\/\/portaltela.pt\/noticias\/2026\/04\/12\/palcos-da-semana-destacam-abril-malangatana-e-berenice-na-eternidade\/#primaryimage"},"thumbnailUrl":"https:\/\/portaltela.pt\/s.01k8rhncp4jt1\/2026\/04\/2080644.jpg","keywords":["_cultura","arte","concertos","exposi\u00e7\u00e3o","Mo\u00e7ambique","m\u00fasica"],"articleSection":["Cultura","Not\u00edcias"],"inLanguage":"pt-PT"},{"@type":"WebPage","@id":"https:\/\/portaltela.pt\/noticias\/2026\/04\/12\/palcos-da-semana-destacam-abril-malangatana-e-berenice-na-eternidade\/","url":"https:\/\/portaltela.pt\/noticias\/2026\/04\/12\/palcos-da-semana-destacam-abril-malangatana-e-berenice-na-eternidade\/","name":"Palcos da semana destacam Abril, Malangatana e B\u00e9r\u00e9nice na eternidade - Portal Tela Portugal","isPartOf":{"@id":"https:\/\/portaltela.pt\/#website"},"primaryImageOfPage":{"@id":"https:\/\/portaltela.pt\/noticias\/2026\/04\/12\/palcos-da-semana-destacam-abril-malangatana-e-berenice-na-eternidade\/#primaryimage"},"image":{"@id":"https:\/\/portaltela.pt\/noticias\/2026\/04\/12\/palcos-da-semana-destacam-abril-malangatana-e-berenice-na-eternidade\/#primaryimage"},"thumbnailUrl":"https:\/\/portaltela.pt\/s.01k8rhncp4jt1\/2026\/04\/2080644.jpg","datePublished":"2026-04-12T08:16:57+00:00","author":{"@id":"https:\/\/portaltela.pt\/#\/schema\/person\/c4278d4a6028830caff9ee44b42d32ed"},"breadcrumb":{"@id":"https:\/\/portaltela.pt\/noticias\/2026\/04\/12\/palcos-da-semana-destacam-abril-malangatana-e-berenice-na-eternidade\/#breadcrumb"},"inLanguage":"pt-PT","potentialAction":[{"@type":"ReadAction","target":["https:\/\/portaltela.pt\/noticias\/2026\/04\/12\/palcos-da-semana-destacam-abril-malangatana-e-berenice-na-eternidade\/"]}]},{"@type":"ImageObject","inLanguage":"pt-PT","@id":"https:\/\/portaltela.pt\/noticias\/2026\/04\/12\/palcos-da-semana-destacam-abril-malangatana-e-berenice-na-eternidade\/#primaryimage","url":"https:\/\/portaltela.pt\/s.01k8rhncp4jt1\/2026\/04\/2080644.jpg","contentUrl":"https:\/\/portaltela.pt\/s.01k8rhncp4jt1\/2026\/04\/2080644.jpg","width":796,"height":448,"caption":"Isabelle Huppert na *B\u00e9r\u00e9nice* de Romeo Castellucci"},{"@type":"BreadcrumbList","@id":"https:\/\/portaltela.pt\/noticias\/2026\/04\/12\/palcos-da-semana-destacam-abril-malangatana-e-berenice-na-eternidade\/#breadcrumb","itemListElement":[{"@type":"ListItem","position":1,"name":"In\u00edcio","item":"https:\/\/portaltela.pt\/"},{"@type":"ListItem","position":2,"name":"Palcos da semana destacam Abril, Malangatana e B\u00e9r\u00e9nice na eternidade"}]},{"@type":"WebSite","@id":"https:\/\/portaltela.pt\/#website","url":"https:\/\/portaltela.pt\/","name":"Portal Tela Portugal","description":"","potentialAction":[{"@type":"SearchAction","target":{"@type":"EntryPoint","urlTemplate":"https:\/\/portaltela.pt\/?s={search_term_string}"},"query-input":{"@type":"PropertyValueSpecification","valueRequired":true,"valueName":"search_term_string"}}],"inLanguage":"pt-PT"},{"@type":"Person","@id":"https:\/\/portaltela.pt\/#\/schema\/person\/c4278d4a6028830caff9ee44b42d32ed","name":"Telinha","image":{"@type":"ImageObject","inLanguage":"pt-PT","@id":"https:\/\/portaltela.pt\/s.01k8rhncp4jt1\/2025\/11\/talking-bot-125x125.png","url":"https:\/\/portaltela.pt\/s.01k8rhncp4jt1\/2025\/11\/talking-bot-125x125.png","contentUrl":"https:\/\/portaltela.pt\/s.01k8rhncp4jt1\/2025\/11\/talking-bot-125x125.png","caption":"Telinha"},"sameAs":["https:\/\/portaltela.pt\/"],"url":"https:\/\/portaltela.pt\/por\/367410592786\/"}]}},"_links":{"self":[{"href":"https:\/\/portaltela.pt\/api\/wp\/v2\/posts\/441143","targetHints":{"allow":["GET"]}}],"collection":[{"href":"https:\/\/portaltela.pt\/api\/wp\/v2\/posts"}],"about":[{"href":"https:\/\/portaltela.pt\/api\/wp\/v2\/types\/post"}],"author":[{"embeddable":true,"href":"https:\/\/portaltela.pt\/api\/wp\/v2\/users\/2"}],"replies":[{"embeddable":true,"href":"https:\/\/portaltela.pt\/api\/wp\/v2\/comments?post=441143"}],"version-history":[{"count":0,"href":"https:\/\/portaltela.pt\/api\/wp\/v2\/posts\/441143\/revisions"}],"wp:featuredmedia":[{"embeddable":true,"href":"https:\/\/portaltela.pt\/api\/wp\/v2\/media\/441145"}],"wp:attachment":[{"href":"https:\/\/portaltela.pt\/api\/wp\/v2\/media?parent=441143"}],"wp:term":[{"taxonomy":"category","embeddable":true,"href":"https:\/\/portaltela.pt\/api\/wp\/v2\/categories?post=441143"},{"taxonomy":"post_tag","embeddable":true,"href":"https:\/\/portaltela.pt\/api\/wp\/v2\/tags?post=441143"}],"curies":[{"name":"wp","href":"https:\/\/api.w.org\/{rel}","templated":true}]}}