{"id":441133,"date":"2026-04-12T05:16:46","date_gmt":"2026-04-12T08:16:46","guid":{"rendered":"https:\/\/portaltela.pt\/noticias\/2026\/04\/12\/concelhos-de-tavira-e-idanha-a-nova-com-risco-muito-elevado-de-incendio\/"},"modified":"2026-04-12T05:16:46","modified_gmt":"2026-04-12T08:16:46","slug":"concelhos-de-tavira-e-idanha-a-nova-com-risco-muito-elevado-de-incendio","status":"publish","type":"post","link":"https:\/\/portaltela.pt\/tempo\/2026\/04\/12\/concelhos-de-tavira-e-idanha-a-nova-com-risco-muito-elevado-de-incendio\/","title":{"rendered":"Concelhos de Tavira e Idanha-a-Nova com risco muito elevado de inc\u00eandio"},"content":{"rendered":"<p>O Concelho de Tavira, no distrito de Faro, e o Concelho de Idanha-a-Nova, no distrito de Castelo Branco, apresentam hoje um risco muito elevado de inc\u00eandio. A informa\u00e7\u00e3o foi divulgada pelo Instituto Portugu\u00eas do Mar e da Atmosfera (IPMA).<\/p>\n<p>Segundo o IPMA, as condi\u00e7\u00f5es meteorol\u00f3gicas e de campo contribuem para este n\u00edvel de risco, que pode manter-se enquanto persistirem as mesmas circunst\u00e2ncias. O alerta abrange as duas \u00e1reas indicadas, sem refer\u00eancia a altera\u00e7\u00f5es imediatas no momento.<\/p>\n<h3>Situa\u00e7\u00e3o atual<\/h3>\n<p>As autoridades regionais mant\u00eam a monitoriza\u00e7\u00e3o das \u00e1reas sob risco, com orienta\u00e7\u00f5es para prevenir inc\u00eandios florestais e reduzir situa\u00e7\u00f5es de perigo. A comunica\u00e7\u00e3o p\u00fablica visa alertar popula\u00e7\u00f5es e intervenientes para ado\u00e7\u00e3o de medidas preventivas.<\/p>\n","protected":false},"excerpt":{"rendered":"<ul>\n<li>Tavira, no distrito de Faro, e Idanha-a-Nova, no distrito de Castelo Branco, apresentam hoje risco muito elevado de inc\u00eandio.<\/li>\n<li>A classifica\u00e7\u00e3o \u00e9 emitida pelo Instituto Portugu\u00eas do Mar e da Atmosfera (IPMA).<\/li>\n<li>O estado de alerta refere-se a condi\u00e7\u00f5es atmosf\u00e9ricas que favorecem a propaga\u00e7\u00e3o de fogo.<\/li>\n<li>O conte\u00fado completo da not\u00edcia est\u00e1 dispon\u00edvel apenas para subscritores.<\/li>\n<\/ul>\n","protected":false},"author":2,"featured_media":441135,"comment_status":"closed","ping_status":"closed","sticky":false,"template":"","format":"standard","meta":{"footnotes":""},"categories":[7380,7365],"tags":[2176,1438,45,4364,250,2687],"class_list":["post-441133","post","type-post","status-publish","format-standard","has-post-thumbnail","hentry","category-clima","category-tempo","tag-idanha-a-nova","tag-incendio","tag-meio-ambiente","tag-meteorologia","tag-seguranca-publica","tag-tavira"],"yoast_head":"<!-- This site is optimized with the Yoast SEO plugin v27.2 - https:\/\/yoast.com\/product\/yoast-seo-wordpress\/ -->\n<title>Concelhos de Tavira e Idanha-a-Nova com risco muito elevado de inc\u00eandio - Portal Tela Portugal<\/title>\n<meta name=\"robots\" content=\"index, follow, max-snippet:-1, max-image-preview:large, max-video-preview:-1\" \/>\n<meta property=\"og:locale\" content=\"pt_PT\" \/>\n<meta property=\"og:type\" content=\"article\" \/>\n<meta property=\"og:title\" content=\"Concelhos de Tavira e Idanha-a-Nova com risco muito elevado de inc\u00eandio - Portal Tela Portugal\" \/>\n<meta property=\"og:description\" content=\"Tavira, no distrito de Faro, e Idanha-a-Nova, no distrito de Castelo Branco, apresentam hoje risco muito elevado de inc\u00eandio. A classifica\u00e7\u00e3o \u00e9 emitida pelo Instituto Portugu\u00eas do Mar e da Atmosfera (IPMA). O estado de alerta refere-se a condi\u00e7\u00f5es atmosf\u00e9ricas que favorecem a propaga\u00e7\u00e3o de fogo. O conte\u00fado completo da not\u00edcia est\u00e1 dispon\u00edvel apenas para subscritores.\" \/>\n<meta property=\"og:url\" content=\"https:\/\/portaltela.pt\/noticias\/2026\/04\/12\/concelhos-de-tavira-e-idanha-a-nova-com-risco-muito-elevado-de-incendio\/\" \/>\n<meta property=\"og:site_name\" content=\"Portal Tela Portugal\" \/>\n<meta property=\"article:published_time\" content=\"2026-04-12T08:16:46+00:00\" \/>\n<meta name=\"author\" content=\"Telinha\" \/>\n<meta name=\"twitter:card\" content=\"summary_large_image\" \/>\n<meta name=\"twitter:label1\" content=\"Escrito por\" \/>\n\t<meta name=\"twitter:data1\" content=\"Telinha\" \/>\n\t<meta name=\"twitter:label2\" content=\"Tempo estimado de leitura\" \/>\n\t<meta name=\"twitter:data2\" content=\"1 minuto\" \/>\n<script type=\"application\/ld+json\" class=\"yoast-schema-graph\">{\"@context\":\"https:\/\/schema.org\",\"@graph\":[{\"@type\":\"Article\",\"@id\":\"https:\/\/portaltela.pt\/noticias\/2026\/04\/12\/concelhos-de-tavira-e-idanha-a-nova-com-risco-muito-elevado-de-incendio\/#article\",\"isPartOf\":{\"@id\":\"https:\/\/portaltela.pt\/noticias\/2026\/04\/12\/concelhos-de-tavira-e-idanha-a-nova-com-risco-muito-elevado-de-incendio\/\"},\"author\":{\"name\":\"Telinha\",\"@id\":\"https:\/\/portaltela.pt\/#\/schema\/person\/c4278d4a6028830caff9ee44b42d32ed\"},\"headline\":\"Concelhos de Tavira e Idanha-a-Nova com risco muito elevado de inc\u00eandio\",\"datePublished\":\"2026-04-12T08:16:46+00:00\",\"mainEntityOfPage\":{\"@id\":\"https:\/\/portaltela.pt\/noticias\/2026\/04\/12\/concelhos-de-tavira-e-idanha-a-nova-com-risco-muito-elevado-de-incendio\/\"},\"wordCount\":143,\"image\":{\"@id\":\"https:\/\/portaltela.pt\/noticias\/2026\/04\/12\/concelhos-de-tavira-e-idanha-a-nova-com-risco-muito-elevado-de-incendio\/#primaryimage\"},\"thumbnailUrl\":\"https:\/\/portaltela.pt\/s.01k8rhncp4jt1\/2026\/04\/CACHE_780X1200_ANALOG_WATERMARKED_34589791_2791318_21102021073446.jpg\",\"keywords\":[\"Idanha-a-Nova\",\"inc\u00eandio\",\"meio-ambiente\",\"meteorologia\",\"seguran\u00e7a p\u00fablica\",\"Tavira\"],\"articleSection\":[\"Clima\",\"Tempo\"],\"inLanguage\":\"pt-PT\"},{\"@type\":\"WebPage\",\"@id\":\"https:\/\/portaltela.pt\/noticias\/2026\/04\/12\/concelhos-de-tavira-e-idanha-a-nova-com-risco-muito-elevado-de-incendio\/\",\"url\":\"https:\/\/portaltela.pt\/noticias\/2026\/04\/12\/concelhos-de-tavira-e-idanha-a-nova-com-risco-muito-elevado-de-incendio\/\",\"name\":\"Concelhos de Tavira e Idanha-a-Nova com risco muito elevado de inc\u00eandio - Portal Tela Portugal\",\"isPartOf\":{\"@id\":\"https:\/\/portaltela.pt\/#website\"},\"primaryImageOfPage\":{\"@id\":\"https:\/\/portaltela.pt\/noticias\/2026\/04\/12\/concelhos-de-tavira-e-idanha-a-nova-com-risco-muito-elevado-de-incendio\/#primaryimage\"},\"image\":{\"@id\":\"https:\/\/portaltela.pt\/noticias\/2026\/04\/12\/concelhos-de-tavira-e-idanha-a-nova-com-risco-muito-elevado-de-incendio\/#primaryimage\"},\"thumbnailUrl\":\"https:\/\/portaltela.pt\/s.01k8rhncp4jt1\/2026\/04\/CACHE_780X1200_ANALOG_WATERMARKED_34589791_2791318_21102021073446.jpg\",\"datePublished\":\"2026-04-12T08:16:46+00:00\",\"author\":{\"@id\":\"https:\/\/portaltela.pt\/#\/schema\/person\/c4278d4a6028830caff9ee44b42d32ed\"},\"breadcrumb\":{\"@id\":\"https:\/\/portaltela.pt\/noticias\/2026\/04\/12\/concelhos-de-tavira-e-idanha-a-nova-com-risco-muito-elevado-de-incendio\/#breadcrumb\"},\"inLanguage\":\"pt-PT\",\"potentialAction\":[{\"@type\":\"ReadAction\",\"target\":[\"https:\/\/portaltela.pt\/noticias\/2026\/04\/12\/concelhos-de-tavira-e-idanha-a-nova-com-risco-muito-elevado-de-incendio\/\"]}]},{\"@type\":\"ImageObject\",\"inLanguage\":\"pt-PT\",\"@id\":\"https:\/\/portaltela.pt\/noticias\/2026\/04\/12\/concelhos-de-tavira-e-idanha-a-nova-com-risco-muito-elevado-de-incendio\/#primaryimage\",\"url\":\"https:\/\/portaltela.pt\/s.01k8rhncp4jt1\/2026\/04\/CACHE_780X1200_ANALOG_WATERMARKED_34589791_2791318_21102021073446.jpg\",\"contentUrl\":\"https:\/\/portaltela.pt\/s.01k8rhncp4jt1\/2026\/04\/CACHE_780X1200_ANALOG_WATERMARKED_34589791_2791318_21102021073446.jpg\",\"width\":796,\"height\":448,\"caption\":\"Concelhos de Tavira e Idanha-a-Nova em risco muito elevado de inc\u00eandio\"},{\"@type\":\"BreadcrumbList\",\"@id\":\"https:\/\/portaltela.pt\/noticias\/2026\/04\/12\/concelhos-de-tavira-e-idanha-a-nova-com-risco-muito-elevado-de-incendio\/#breadcrumb\",\"itemListElement\":[{\"@type\":\"ListItem\",\"position\":1,\"name\":\"In\u00edcio\",\"item\":\"https:\/\/portaltela.pt\/\"},{\"@type\":\"ListItem\",\"position\":2,\"name\":\"Concelhos de Tavira e Idanha-a-Nova com risco muito elevado de inc\u00eandio\"}]},{\"@type\":\"WebSite\",\"@id\":\"https:\/\/portaltela.pt\/#website\",\"url\":\"https:\/\/portaltela.pt\/\",\"name\":\"Portal Tela Portugal\",\"description\":\"\",\"potentialAction\":[{\"@type\":\"SearchAction\",\"target\":{\"@type\":\"EntryPoint\",\"urlTemplate\":\"https:\/\/portaltela.pt\/?s={search_term_string}\"},\"query-input\":{\"@type\":\"PropertyValueSpecification\",\"valueRequired\":true,\"valueName\":\"search_term_string\"}}],\"inLanguage\":\"pt-PT\"},{\"@type\":\"Person\",\"@id\":\"https:\/\/portaltela.pt\/#\/schema\/person\/c4278d4a6028830caff9ee44b42d32ed\",\"name\":\"Telinha\",\"image\":{\"@type\":\"ImageObject\",\"inLanguage\":\"pt-PT\",\"@id\":\"https:\/\/portaltela.pt\/s.01k8rhncp4jt1\/2025\/11\/talking-bot-125x125.png\",\"url\":\"https:\/\/portaltela.pt\/s.01k8rhncp4jt1\/2025\/11\/talking-bot-125x125.png\",\"contentUrl\":\"https:\/\/portaltela.pt\/s.01k8rhncp4jt1\/2025\/11\/talking-bot-125x125.png\",\"caption\":\"Telinha\"},\"sameAs\":[\"https:\/\/portaltela.pt\/\"],\"url\":\"https:\/\/portaltela.pt\/por\/367410592786\/\"}]}<\/script>\n<!-- \/ Yoast SEO plugin. -->","yoast_head_json":{"title":"Concelhos de Tavira e Idanha-a-Nova com risco muito elevado de inc\u00eandio - Portal Tela Portugal","robots":{"index":"index","follow":"follow","max-snippet":"max-snippet:-1","max-image-preview":"max-image-preview:large","max-video-preview":"max-video-preview:-1"},"og_locale":"pt_PT","og_type":"article","og_title":"Concelhos de Tavira e Idanha-a-Nova com risco muito elevado de inc\u00eandio - Portal Tela Portugal","og_description":"Tavira, no distrito de Faro, e Idanha-a-Nova, no distrito de Castelo Branco, apresentam hoje risco muito elevado de inc\u00eandio. A classifica\u00e7\u00e3o \u00e9 emitida pelo Instituto Portugu\u00eas do Mar e da Atmosfera (IPMA). O estado de alerta refere-se a condi\u00e7\u00f5es atmosf\u00e9ricas que favorecem a propaga\u00e7\u00e3o de fogo. O conte\u00fado completo da not\u00edcia est\u00e1 dispon\u00edvel apenas para subscritores.","og_url":"https:\/\/portaltela.pt\/noticias\/2026\/04\/12\/concelhos-de-tavira-e-idanha-a-nova-com-risco-muito-elevado-de-incendio\/","og_site_name":"Portal Tela Portugal","article_published_time":"2026-04-12T08:16:46+00:00","author":"Telinha","twitter_card":"summary_large_image","twitter_misc":{"Escrito por":"Telinha","Tempo estimado de leitura":"1 minuto"},"schema":{"@context":"https:\/\/schema.org","@graph":[{"@type":"Article","@id":"https:\/\/portaltela.pt\/noticias\/2026\/04\/12\/concelhos-de-tavira-e-idanha-a-nova-com-risco-muito-elevado-de-incendio\/#article","isPartOf":{"@id":"https:\/\/portaltela.pt\/noticias\/2026\/04\/12\/concelhos-de-tavira-e-idanha-a-nova-com-risco-muito-elevado-de-incendio\/"},"author":{"name":"Telinha","@id":"https:\/\/portaltela.pt\/#\/schema\/person\/c4278d4a6028830caff9ee44b42d32ed"},"headline":"Concelhos de Tavira e Idanha-a-Nova com risco muito elevado de inc\u00eandio","datePublished":"2026-04-12T08:16:46+00:00","mainEntityOfPage":{"@id":"https:\/\/portaltela.pt\/noticias\/2026\/04\/12\/concelhos-de-tavira-e-idanha-a-nova-com-risco-muito-elevado-de-incendio\/"},"wordCount":143,"image":{"@id":"https:\/\/portaltela.pt\/noticias\/2026\/04\/12\/concelhos-de-tavira-e-idanha-a-nova-com-risco-muito-elevado-de-incendio\/#primaryimage"},"thumbnailUrl":"https:\/\/portaltela.pt\/s.01k8rhncp4jt1\/2026\/04\/CACHE_780X1200_ANALOG_WATERMARKED_34589791_2791318_21102021073446.jpg","keywords":["Idanha-a-Nova","inc\u00eandio","meio-ambiente","meteorologia","seguran\u00e7a p\u00fablica","Tavira"],"articleSection":["Clima","Tempo"],"inLanguage":"pt-PT"},{"@type":"WebPage","@id":"https:\/\/portaltela.pt\/noticias\/2026\/04\/12\/concelhos-de-tavira-e-idanha-a-nova-com-risco-muito-elevado-de-incendio\/","url":"https:\/\/portaltela.pt\/noticias\/2026\/04\/12\/concelhos-de-tavira-e-idanha-a-nova-com-risco-muito-elevado-de-incendio\/","name":"Concelhos de Tavira e Idanha-a-Nova com risco muito elevado de inc\u00eandio - Portal Tela Portugal","isPartOf":{"@id":"https:\/\/portaltela.pt\/#website"},"primaryImageOfPage":{"@id":"https:\/\/portaltela.pt\/noticias\/2026\/04\/12\/concelhos-de-tavira-e-idanha-a-nova-com-risco-muito-elevado-de-incendio\/#primaryimage"},"image":{"@id":"https:\/\/portaltela.pt\/noticias\/2026\/04\/12\/concelhos-de-tavira-e-idanha-a-nova-com-risco-muito-elevado-de-incendio\/#primaryimage"},"thumbnailUrl":"https:\/\/portaltela.pt\/s.01k8rhncp4jt1\/2026\/04\/CACHE_780X1200_ANALOG_WATERMARKED_34589791_2791318_21102021073446.jpg","datePublished":"2026-04-12T08:16:46+00:00","author":{"@id":"https:\/\/portaltela.pt\/#\/schema\/person\/c4278d4a6028830caff9ee44b42d32ed"},"breadcrumb":{"@id":"https:\/\/portaltela.pt\/noticias\/2026\/04\/12\/concelhos-de-tavira-e-idanha-a-nova-com-risco-muito-elevado-de-incendio\/#breadcrumb"},"inLanguage":"pt-PT","potentialAction":[{"@type":"ReadAction","target":["https:\/\/portaltela.pt\/noticias\/2026\/04\/12\/concelhos-de-tavira-e-idanha-a-nova-com-risco-muito-elevado-de-incendio\/"]}]},{"@type":"ImageObject","inLanguage":"pt-PT","@id":"https:\/\/portaltela.pt\/noticias\/2026\/04\/12\/concelhos-de-tavira-e-idanha-a-nova-com-risco-muito-elevado-de-incendio\/#primaryimage","url":"https:\/\/portaltela.pt\/s.01k8rhncp4jt1\/2026\/04\/CACHE_780X1200_ANALOG_WATERMARKED_34589791_2791318_21102021073446.jpg","contentUrl":"https:\/\/portaltela.pt\/s.01k8rhncp4jt1\/2026\/04\/CACHE_780X1200_ANALOG_WATERMARKED_34589791_2791318_21102021073446.jpg","width":796,"height":448,"caption":"Concelhos de Tavira e Idanha-a-Nova em risco muito elevado de inc\u00eandio"},{"@type":"BreadcrumbList","@id":"https:\/\/portaltela.pt\/noticias\/2026\/04\/12\/concelhos-de-tavira-e-idanha-a-nova-com-risco-muito-elevado-de-incendio\/#breadcrumb","itemListElement":[{"@type":"ListItem","position":1,"name":"In\u00edcio","item":"https:\/\/portaltela.pt\/"},{"@type":"ListItem","position":2,"name":"Concelhos de Tavira e Idanha-a-Nova com risco muito elevado de inc\u00eandio"}]},{"@type":"WebSite","@id":"https:\/\/portaltela.pt\/#website","url":"https:\/\/portaltela.pt\/","name":"Portal Tela Portugal","description":"","potentialAction":[{"@type":"SearchAction","target":{"@type":"EntryPoint","urlTemplate":"https:\/\/portaltela.pt\/?s={search_term_string}"},"query-input":{"@type":"PropertyValueSpecification","valueRequired":true,"valueName":"search_term_string"}}],"inLanguage":"pt-PT"},{"@type":"Person","@id":"https:\/\/portaltela.pt\/#\/schema\/person\/c4278d4a6028830caff9ee44b42d32ed","name":"Telinha","image":{"@type":"ImageObject","inLanguage":"pt-PT","@id":"https:\/\/portaltela.pt\/s.01k8rhncp4jt1\/2025\/11\/talking-bot-125x125.png","url":"https:\/\/portaltela.pt\/s.01k8rhncp4jt1\/2025\/11\/talking-bot-125x125.png","contentUrl":"https:\/\/portaltela.pt\/s.01k8rhncp4jt1\/2025\/11\/talking-bot-125x125.png","caption":"Telinha"},"sameAs":["https:\/\/portaltela.pt\/"],"url":"https:\/\/portaltela.pt\/por\/367410592786\/"}]}},"_links":{"self":[{"href":"https:\/\/portaltela.pt\/api\/wp\/v2\/posts\/441133","targetHints":{"allow":["GET"]}}],"collection":[{"href":"https:\/\/portaltela.pt\/api\/wp\/v2\/posts"}],"about":[{"href":"https:\/\/portaltela.pt\/api\/wp\/v2\/types\/post"}],"author":[{"embeddable":true,"href":"https:\/\/portaltela.pt\/api\/wp\/v2\/users\/2"}],"replies":[{"embeddable":true,"href":"https:\/\/portaltela.pt\/api\/wp\/v2\/comments?post=441133"}],"version-history":[{"count":0,"href":"https:\/\/portaltela.pt\/api\/wp\/v2\/posts\/441133\/revisions"}],"wp:featuredmedia":[{"embeddable":true,"href":"https:\/\/portaltela.pt\/api\/wp\/v2\/media\/441135"}],"wp:attachment":[{"href":"https:\/\/portaltela.pt\/api\/wp\/v2\/media?parent=441133"}],"wp:term":[{"taxonomy":"category","embeddable":true,"href":"https:\/\/portaltela.pt\/api\/wp\/v2\/categories?post=441133"},{"taxonomy":"post_tag","embeddable":true,"href":"https:\/\/portaltela.pt\/api\/wp\/v2\/tags?post=441133"}],"curies":[{"name":"wp","href":"https:\/\/api.w.org\/{rel}","templated":true}]}}