{"id":441128,"date":"2026-04-12T05:02:19","date_gmt":"2026-04-12T08:02:19","guid":{"rendered":"https:\/\/portaltela.pt\/noticias\/2026\/04\/12\/hungria-vai-as-urnas-orban-e-magyar-disputam-eleicao-historica\/"},"modified":"2026-04-12T05:02:19","modified_gmt":"2026-04-12T08:02:19","slug":"hungria-vai-as-urnas-orban-e-magyar-disputam-eleicao-historica","status":"publish","type":"post","link":"https:\/\/portaltela.pt\/noticias\/politica\/2026\/04\/12\/hungria-vai-as-urnas-orban-e-magyar-disputam-eleicao-historica\/","title":{"rendered":"Hungria vai \u00e0s urnas: Orb\u00e1n e Magyar disputam elei\u00e7\u00e3o hist\u00f3rica"},"content":{"rendered":"<p>Os eleitores h\u00fangaros come\u00e7aram a votar neste domingo, numa elei\u00e7\u00e3o considerada hist\u00f3rica. Viktor Orb\u00e1n enfrenta um desafio sem precedentes do opositor P\u00e9ter Magyar, em meio a acusa\u00e7\u00f5es de interfer\u00eancia externa e a uma campanha marcada por epis\u00f3dios de viol\u00eancia e ataques pessoais. A vota\u00e7\u00e3o ocorreu em todo o pa\u00eds, com abertura \u00e0s 06:00 e encerramento \u00e0s 19:00.<\/p>\n<p>Analistas apontam que Orb\u00e1n chega \u00e0 linha de meta mantido por uma supermaioria desde 2010, mas sob press\u00e3o de um \u00fanico advers\u00e1rio cred\u00edvel. Magyar consolidou o apoio em \u00e1reas rurais e pequenas cidades, ap\u00f3s romper com o governo em 2024 e fundar o partido Tisza. Pesquisas apontam tend\u00eancia favor\u00e1vel \u00e0 oposi\u00e7\u00e3o, ainda que a equipa de Orb\u00e1n mantenha confian\u00e7a interna.<\/p>\n<p>A vota\u00e7\u00e3o \u00e9 acompanhada internacionalmente, com aten\u00e7\u00e3o a Bruxelas, EUA e Moscou, dadas as disputas entre a Hungria e a UE e as liga\u00e7\u00f5es de Orb\u00e1n a Vladimir Putin. A campanha dividiu-se entre a ret\u00f3rica externa de Orb\u00e1n e o foco dom\u00e9stico de Magyar em servi\u00e7os p\u00fablicos e custo de vida.<\/p>\n<p>Ao n\u00edvel interno, Orb\u00e1n reformulou institui\u00e7\u00f5es desde 2010 e tornou-se rosto de uma agenda de \u201cpol\u00edtica patri\u00f3tica\u201d, frequentemente em choque com as institui\u00e7\u00f5es europeias. Magyar prop\u00f5e restaurar rela\u00e7\u00f5es com a UE e com a NATO, apresentando-se como alternativa est\u00e1vel.<\/p>\n<p>Alguns epis\u00f3dios da campanha envolveram alega\u00e7\u00f5es de intimid\u00e7\u00e3o e vazamentos, com Magyar a denunciar t\u00e1ticas de espionagem semelhantes a estrat\u00e9gias russas. Analistas lembram que a elei\u00e7\u00e3o pode ter impactos simb\u00f3licos para movimentos nacionalistas na regi\u00e3o.<\/p>\n<p>Os votos fecham \u00e0s 19:00 locais, equivalentes a 18:00 em Lisboa. A Hungria utiliza um sistema de urna \u00fanica, com 199 lugares no Parlamento: 106 por c\u00edrculos uninominais e 93 por listas. Voto tamb\u00e9m para cidad\u00e3os no estrangeiro; resultados preliminares surgem no final da tarde, oficiais perto da meia-noite.<\/p>\n","protected":false},"excerpt":{"rendered":"<ul>\n<li>As urnas abriram \u00e0s 06:00 de domingo, numa elei\u00e7\u00e3o h\u00fangara considerada das mais importantes em d\u00e9cadas, com Viktor Orb\u00e1n a enfrentar P\u00e9ter Magyar.<\/li>\n<li>Orb\u00e1n governa desde 2010 com maioria absoluta; Magyar fundou o Tisza em 2024 ap\u00f3s romper com o governo, apresentando-se como o principal advers\u00e1rio.<\/li>\n<li>A campanha teve acusa\u00e7\u00f5es de interfer\u00eancia externa, intimida\u00e7\u00e3o e incidentes isolados de viol\u00eancia; Magyar alega uma \u201carmadilha de mel\u201d sem provas p\u00fablicas, e houve conversas entre o ministro dos Neg\u00f3cios Estrangeiros h\u00fangaro e a R\u00fassia.<\/li>\n<li>O sistema \u00e9 de uma s\u00f3 volta; dos 199 lugares do Parlamento, 106 s\u00e3o por c\u00edrculos uninominais e 93 por listas; vota tamb\u00e9m a di\u00e1spora; resultados preliminares devem chegar ao fim da tarde, oficiais \u00e0 meia-noite.<\/li>\n<li>O escrut\u00ednio \u00e9 acompanhado pela Uni\u00e3o Europeia, EUA e R\u00fassia, com aliados da direita europeia a apoiar Magyar e Orb\u00e1n a manter rela\u00e7\u00f5es com aliados hist\u00f3ricos.<\/li>\n<\/ul>\n","protected":false},"author":2,"featured_media":441131,"comment_status":"closed","ping_status":"closed","sticky":false,"template":"","format":"standard","meta":{"footnotes":""},"categories":[6912,5],"tags":[68,3228,2579,2832,4222,2055],"class_list":["post-441128","post","type-post","status-publish","format-standard","has-post-thumbnail","hentry","category-internacionais","category-politica","tag-eleicoes","tag-eleicoes-internacionais","tag-hungria","tag-politica","tag-seguranca-internacional","tag-uniao-europeia"],"yoast_head":"<!-- This site is optimized with the Yoast SEO plugin v27.2 - https:\/\/yoast.com\/product\/yoast-seo-wordpress\/ -->\n<title>Hungria vai \u00e0s urnas: Orb\u00e1n e Magyar disputam elei\u00e7\u00e3o hist\u00f3rica - Portal Tela Portugal<\/title>\n<meta name=\"robots\" content=\"index, follow, max-snippet:-1, max-image-preview:large, max-video-preview:-1\" \/>\n<meta property=\"og:locale\" content=\"pt_PT\" \/>\n<meta property=\"og:type\" content=\"article\" \/>\n<meta property=\"og:title\" content=\"Hungria vai \u00e0s urnas: Orb\u00e1n e Magyar disputam elei\u00e7\u00e3o hist\u00f3rica - Portal Tela Portugal\" \/>\n<meta property=\"og:description\" content=\"As urnas abriram \u00e0s 06:00 de domingo, numa elei\u00e7\u00e3o h\u00fangara considerada das mais importantes em d\u00e9cadas, com Viktor Orb\u00e1n a enfrentar P\u00e9ter Magyar. Orb\u00e1n governa desde 2010 com maioria absoluta; Magyar fundou o Tisza em 2024 ap\u00f3s romper com o governo, apresentando-se como o principal advers\u00e1rio. A campanha teve acusa\u00e7\u00f5es de interfer\u00eancia externa, intimida\u00e7\u00e3o e incidentes isolados de viol\u00eancia; Magyar alega uma \u201carmadilha de mel\u201d sem provas p\u00fablicas, e houve conversas entre o ministro dos Neg\u00f3cios Estrangeiros h\u00fangaro e a R\u00fassia. O sistema \u00e9 de uma s\u00f3 volta; dos 199 lugares do Parlamento, 106 s\u00e3o por c\u00edrculos uninominais e 93 por listas; vota tamb\u00e9m a di\u00e1spora; resultados preliminares devem chegar ao fim da tarde, oficiais \u00e0 meia-noite. O escrut\u00ednio \u00e9 acompanhado pela Uni\u00e3o Europeia, EUA e R\u00fassia, com aliados da direita europeia a apoiar Magyar e Orb\u00e1n a manter rela\u00e7\u00f5es com aliados hist\u00f3ricos.\" \/>\n<meta property=\"og:url\" content=\"https:\/\/portaltela.pt\/noticias\/2026\/04\/12\/hungria-vai-as-urnas-orban-e-magyar-disputam-eleicao-historica\/\" \/>\n<meta property=\"og:site_name\" content=\"Portal Tela Portugal\" \/>\n<meta property=\"article:published_time\" content=\"2026-04-12T08:02:19+00:00\" \/>\n<meta name=\"author\" content=\"Telinha\" \/>\n<meta name=\"twitter:card\" content=\"summary_large_image\" \/>\n<meta name=\"twitter:label1\" content=\"Escrito por\" \/>\n\t<meta name=\"twitter:data1\" content=\"Telinha\" \/>\n\t<meta name=\"twitter:label2\" content=\"Tempo estimado de leitura\" \/>\n\t<meta name=\"twitter:data2\" content=\"2 minutos\" \/>\n<script type=\"application\/ld+json\" class=\"yoast-schema-graph\">{\"@context\":\"https:\/\/schema.org\",\"@graph\":[{\"@type\":\"Article\",\"@id\":\"https:\/\/portaltela.pt\/noticias\/2026\/04\/12\/hungria-vai-as-urnas-orban-e-magyar-disputam-eleicao-historica\/#article\",\"isPartOf\":{\"@id\":\"https:\/\/portaltela.pt\/noticias\/2026\/04\/12\/hungria-vai-as-urnas-orban-e-magyar-disputam-eleicao-historica\/\"},\"author\":{\"name\":\"Telinha\",\"@id\":\"https:\/\/portaltela.pt\/#\/schema\/person\/c4278d4a6028830caff9ee44b42d32ed\"},\"headline\":\"Hungria vai \u00e0s urnas: Orb\u00e1n e Magyar disputam elei\u00e7\u00e3o hist\u00f3rica\",\"datePublished\":\"2026-04-12T08:02:19+00:00\",\"mainEntityOfPage\":{\"@id\":\"https:\/\/portaltela.pt\/noticias\/2026\/04\/12\/hungria-vai-as-urnas-orban-e-magyar-disputam-eleicao-historica\/\"},\"wordCount\":342,\"image\":{\"@id\":\"https:\/\/portaltela.pt\/noticias\/2026\/04\/12\/hungria-vai-as-urnas-orban-e-magyar-disputam-eleicao-historica\/#primaryimage\"},\"thumbnailUrl\":\"https:\/\/portaltela.pt\/s.01k8rhncp4jt1\/2026\/04\/1536x864_cmsv2_02d60bb7-a709-5d11-a614-dfb2d9c43fc5-9717249.jpg\",\"keywords\":[\"elei\u00e7\u00f5es\",\"elei\u00e7\u00f5es internacionais\",\"Hungria\",\"pol\u00edtica\",\"seguran\u00e7a internacional\",\"Uni\u00e3o Europeia\"],\"articleSection\":[\"Internacionais\",\"Pol\u00edtica\"],\"inLanguage\":\"pt-PT\"},{\"@type\":\"WebPage\",\"@id\":\"https:\/\/portaltela.pt\/noticias\/2026\/04\/12\/hungria-vai-as-urnas-orban-e-magyar-disputam-eleicao-historica\/\",\"url\":\"https:\/\/portaltela.pt\/noticias\/2026\/04\/12\/hungria-vai-as-urnas-orban-e-magyar-disputam-eleicao-historica\/\",\"name\":\"Hungria vai \u00e0s urnas: Orb\u00e1n e Magyar disputam elei\u00e7\u00e3o hist\u00f3rica - Portal Tela Portugal\",\"isPartOf\":{\"@id\":\"https:\/\/portaltela.pt\/#website\"},\"primaryImageOfPage\":{\"@id\":\"https:\/\/portaltela.pt\/noticias\/2026\/04\/12\/hungria-vai-as-urnas-orban-e-magyar-disputam-eleicao-historica\/#primaryimage\"},\"image\":{\"@id\":\"https:\/\/portaltela.pt\/noticias\/2026\/04\/12\/hungria-vai-as-urnas-orban-e-magyar-disputam-eleicao-historica\/#primaryimage\"},\"thumbnailUrl\":\"https:\/\/portaltela.pt\/s.01k8rhncp4jt1\/2026\/04\/1536x864_cmsv2_02d60bb7-a709-5d11-a614-dfb2d9c43fc5-9717249.jpg\",\"datePublished\":\"2026-04-12T08:02:19+00:00\",\"author\":{\"@id\":\"https:\/\/portaltela.pt\/#\/schema\/person\/c4278d4a6028830caff9ee44b42d32ed\"},\"breadcrumb\":{\"@id\":\"https:\/\/portaltela.pt\/noticias\/2026\/04\/12\/hungria-vai-as-urnas-orban-e-magyar-disputam-eleicao-historica\/#breadcrumb\"},\"inLanguage\":\"pt-PT\",\"potentialAction\":[{\"@type\":\"ReadAction\",\"target\":[\"https:\/\/portaltela.pt\/noticias\/2026\/04\/12\/hungria-vai-as-urnas-orban-e-magyar-disputam-eleicao-historica\/\"]}]},{\"@type\":\"ImageObject\",\"inLanguage\":\"pt-PT\",\"@id\":\"https:\/\/portaltela.pt\/noticias\/2026\/04\/12\/hungria-vai-as-urnas-orban-e-magyar-disputam-eleicao-historica\/#primaryimage\",\"url\":\"https:\/\/portaltela.pt\/s.01k8rhncp4jt1\/2026\/04\/1536x864_cmsv2_02d60bb7-a709-5d11-a614-dfb2d9c43fc5-9717249.jpg\",\"contentUrl\":\"https:\/\/portaltela.pt\/s.01k8rhncp4jt1\/2026\/04\/1536x864_cmsv2_02d60bb7-a709-5d11-a614-dfb2d9c43fc5-9717249.jpg\",\"width\":796,\"height\":448,\"caption\":\"Pessoas caminham junto a um cartaz de campanha que diz: \\\"A nossa mensagem para Bruxelas: N\u00e3o pagaremos\\\", em Budapeste, Hungria, no s\u00e1bado, 14 de mar\u00e7o de 2026, antes da sess\u00e3o parlamentar de 12 de abril.\"},{\"@type\":\"BreadcrumbList\",\"@id\":\"https:\/\/portaltela.pt\/noticias\/2026\/04\/12\/hungria-vai-as-urnas-orban-e-magyar-disputam-eleicao-historica\/#breadcrumb\",\"itemListElement\":[{\"@type\":\"ListItem\",\"position\":1,\"name\":\"In\u00edcio\",\"item\":\"https:\/\/portaltela.pt\/\"},{\"@type\":\"ListItem\",\"position\":2,\"name\":\"Hungria vai \u00e0s urnas: Orb\u00e1n e Magyar disputam elei\u00e7\u00e3o hist\u00f3rica\"}]},{\"@type\":\"WebSite\",\"@id\":\"https:\/\/portaltela.pt\/#website\",\"url\":\"https:\/\/portaltela.pt\/\",\"name\":\"Portal Tela Portugal\",\"description\":\"\",\"potentialAction\":[{\"@type\":\"SearchAction\",\"target\":{\"@type\":\"EntryPoint\",\"urlTemplate\":\"https:\/\/portaltela.pt\/?s={search_term_string}\"},\"query-input\":{\"@type\":\"PropertyValueSpecification\",\"valueRequired\":true,\"valueName\":\"search_term_string\"}}],\"inLanguage\":\"pt-PT\"},{\"@type\":\"Person\",\"@id\":\"https:\/\/portaltela.pt\/#\/schema\/person\/c4278d4a6028830caff9ee44b42d32ed\",\"name\":\"Telinha\",\"image\":{\"@type\":\"ImageObject\",\"inLanguage\":\"pt-PT\",\"@id\":\"https:\/\/portaltela.pt\/s.01k8rhncp4jt1\/2025\/11\/talking-bot-125x125.png\",\"url\":\"https:\/\/portaltela.pt\/s.01k8rhncp4jt1\/2025\/11\/talking-bot-125x125.png\",\"contentUrl\":\"https:\/\/portaltela.pt\/s.01k8rhncp4jt1\/2025\/11\/talking-bot-125x125.png\",\"caption\":\"Telinha\"},\"sameAs\":[\"https:\/\/portaltela.pt\/\"],\"url\":\"https:\/\/portaltela.pt\/por\/367410592786\/\"}]}<\/script>\n<!-- \/ Yoast SEO plugin. -->","yoast_head_json":{"title":"Hungria vai \u00e0s urnas: Orb\u00e1n e Magyar disputam elei\u00e7\u00e3o hist\u00f3rica - Portal Tela Portugal","robots":{"index":"index","follow":"follow","max-snippet":"max-snippet:-1","max-image-preview":"max-image-preview:large","max-video-preview":"max-video-preview:-1"},"og_locale":"pt_PT","og_type":"article","og_title":"Hungria vai \u00e0s urnas: Orb\u00e1n e Magyar disputam elei\u00e7\u00e3o hist\u00f3rica - Portal Tela Portugal","og_description":"As urnas abriram \u00e0s 06:00 de domingo, numa elei\u00e7\u00e3o h\u00fangara considerada das mais importantes em d\u00e9cadas, com Viktor Orb\u00e1n a enfrentar P\u00e9ter Magyar. Orb\u00e1n governa desde 2010 com maioria absoluta; Magyar fundou o Tisza em 2024 ap\u00f3s romper com o governo, apresentando-se como o principal advers\u00e1rio. A campanha teve acusa\u00e7\u00f5es de interfer\u00eancia externa, intimida\u00e7\u00e3o e incidentes isolados de viol\u00eancia; Magyar alega uma \u201carmadilha de mel\u201d sem provas p\u00fablicas, e houve conversas entre o ministro dos Neg\u00f3cios Estrangeiros h\u00fangaro e a R\u00fassia. O sistema \u00e9 de uma s\u00f3 volta; dos 199 lugares do Parlamento, 106 s\u00e3o por c\u00edrculos uninominais e 93 por listas; vota tamb\u00e9m a di\u00e1spora; resultados preliminares devem chegar ao fim da tarde, oficiais \u00e0 meia-noite. O escrut\u00ednio \u00e9 acompanhado pela Uni\u00e3o Europeia, EUA e R\u00fassia, com aliados da direita europeia a apoiar Magyar e Orb\u00e1n a manter rela\u00e7\u00f5es com aliados hist\u00f3ricos.","og_url":"https:\/\/portaltela.pt\/noticias\/2026\/04\/12\/hungria-vai-as-urnas-orban-e-magyar-disputam-eleicao-historica\/","og_site_name":"Portal Tela Portugal","article_published_time":"2026-04-12T08:02:19+00:00","author":"Telinha","twitter_card":"summary_large_image","twitter_misc":{"Escrito por":"Telinha","Tempo estimado de leitura":"2 minutos"},"schema":{"@context":"https:\/\/schema.org","@graph":[{"@type":"Article","@id":"https:\/\/portaltela.pt\/noticias\/2026\/04\/12\/hungria-vai-as-urnas-orban-e-magyar-disputam-eleicao-historica\/#article","isPartOf":{"@id":"https:\/\/portaltela.pt\/noticias\/2026\/04\/12\/hungria-vai-as-urnas-orban-e-magyar-disputam-eleicao-historica\/"},"author":{"name":"Telinha","@id":"https:\/\/portaltela.pt\/#\/schema\/person\/c4278d4a6028830caff9ee44b42d32ed"},"headline":"Hungria vai \u00e0s urnas: Orb\u00e1n e Magyar disputam elei\u00e7\u00e3o hist\u00f3rica","datePublished":"2026-04-12T08:02:19+00:00","mainEntityOfPage":{"@id":"https:\/\/portaltela.pt\/noticias\/2026\/04\/12\/hungria-vai-as-urnas-orban-e-magyar-disputam-eleicao-historica\/"},"wordCount":342,"image":{"@id":"https:\/\/portaltela.pt\/noticias\/2026\/04\/12\/hungria-vai-as-urnas-orban-e-magyar-disputam-eleicao-historica\/#primaryimage"},"thumbnailUrl":"https:\/\/portaltela.pt\/s.01k8rhncp4jt1\/2026\/04\/1536x864_cmsv2_02d60bb7-a709-5d11-a614-dfb2d9c43fc5-9717249.jpg","keywords":["elei\u00e7\u00f5es","elei\u00e7\u00f5es internacionais","Hungria","pol\u00edtica","seguran\u00e7a internacional","Uni\u00e3o Europeia"],"articleSection":["Internacionais","Pol\u00edtica"],"inLanguage":"pt-PT"},{"@type":"WebPage","@id":"https:\/\/portaltela.pt\/noticias\/2026\/04\/12\/hungria-vai-as-urnas-orban-e-magyar-disputam-eleicao-historica\/","url":"https:\/\/portaltela.pt\/noticias\/2026\/04\/12\/hungria-vai-as-urnas-orban-e-magyar-disputam-eleicao-historica\/","name":"Hungria vai \u00e0s urnas: Orb\u00e1n e Magyar disputam elei\u00e7\u00e3o hist\u00f3rica - Portal Tela Portugal","isPartOf":{"@id":"https:\/\/portaltela.pt\/#website"},"primaryImageOfPage":{"@id":"https:\/\/portaltela.pt\/noticias\/2026\/04\/12\/hungria-vai-as-urnas-orban-e-magyar-disputam-eleicao-historica\/#primaryimage"},"image":{"@id":"https:\/\/portaltela.pt\/noticias\/2026\/04\/12\/hungria-vai-as-urnas-orban-e-magyar-disputam-eleicao-historica\/#primaryimage"},"thumbnailUrl":"https:\/\/portaltela.pt\/s.01k8rhncp4jt1\/2026\/04\/1536x864_cmsv2_02d60bb7-a709-5d11-a614-dfb2d9c43fc5-9717249.jpg","datePublished":"2026-04-12T08:02:19+00:00","author":{"@id":"https:\/\/portaltela.pt\/#\/schema\/person\/c4278d4a6028830caff9ee44b42d32ed"},"breadcrumb":{"@id":"https:\/\/portaltela.pt\/noticias\/2026\/04\/12\/hungria-vai-as-urnas-orban-e-magyar-disputam-eleicao-historica\/#breadcrumb"},"inLanguage":"pt-PT","potentialAction":[{"@type":"ReadAction","target":["https:\/\/portaltela.pt\/noticias\/2026\/04\/12\/hungria-vai-as-urnas-orban-e-magyar-disputam-eleicao-historica\/"]}]},{"@type":"ImageObject","inLanguage":"pt-PT","@id":"https:\/\/portaltela.pt\/noticias\/2026\/04\/12\/hungria-vai-as-urnas-orban-e-magyar-disputam-eleicao-historica\/#primaryimage","url":"https:\/\/portaltela.pt\/s.01k8rhncp4jt1\/2026\/04\/1536x864_cmsv2_02d60bb7-a709-5d11-a614-dfb2d9c43fc5-9717249.jpg","contentUrl":"https:\/\/portaltela.pt\/s.01k8rhncp4jt1\/2026\/04\/1536x864_cmsv2_02d60bb7-a709-5d11-a614-dfb2d9c43fc5-9717249.jpg","width":796,"height":448,"caption":"Pessoas caminham junto a um cartaz de campanha que diz: \"A nossa mensagem para Bruxelas: N\u00e3o pagaremos\", em Budapeste, Hungria, no s\u00e1bado, 14 de mar\u00e7o de 2026, antes da sess\u00e3o parlamentar de 12 de abril."},{"@type":"BreadcrumbList","@id":"https:\/\/portaltela.pt\/noticias\/2026\/04\/12\/hungria-vai-as-urnas-orban-e-magyar-disputam-eleicao-historica\/#breadcrumb","itemListElement":[{"@type":"ListItem","position":1,"name":"In\u00edcio","item":"https:\/\/portaltela.pt\/"},{"@type":"ListItem","position":2,"name":"Hungria vai \u00e0s urnas: Orb\u00e1n e Magyar disputam elei\u00e7\u00e3o hist\u00f3rica"}]},{"@type":"WebSite","@id":"https:\/\/portaltela.pt\/#website","url":"https:\/\/portaltela.pt\/","name":"Portal Tela Portugal","description":"","potentialAction":[{"@type":"SearchAction","target":{"@type":"EntryPoint","urlTemplate":"https:\/\/portaltela.pt\/?s={search_term_string}"},"query-input":{"@type":"PropertyValueSpecification","valueRequired":true,"valueName":"search_term_string"}}],"inLanguage":"pt-PT"},{"@type":"Person","@id":"https:\/\/portaltela.pt\/#\/schema\/person\/c4278d4a6028830caff9ee44b42d32ed","name":"Telinha","image":{"@type":"ImageObject","inLanguage":"pt-PT","@id":"https:\/\/portaltela.pt\/s.01k8rhncp4jt1\/2025\/11\/talking-bot-125x125.png","url":"https:\/\/portaltela.pt\/s.01k8rhncp4jt1\/2025\/11\/talking-bot-125x125.png","contentUrl":"https:\/\/portaltela.pt\/s.01k8rhncp4jt1\/2025\/11\/talking-bot-125x125.png","caption":"Telinha"},"sameAs":["https:\/\/portaltela.pt\/"],"url":"https:\/\/portaltela.pt\/por\/367410592786\/"}]}},"_links":{"self":[{"href":"https:\/\/portaltela.pt\/api\/wp\/v2\/posts\/441128","targetHints":{"allow":["GET"]}}],"collection":[{"href":"https:\/\/portaltela.pt\/api\/wp\/v2\/posts"}],"about":[{"href":"https:\/\/portaltela.pt\/api\/wp\/v2\/types\/post"}],"author":[{"embeddable":true,"href":"https:\/\/portaltela.pt\/api\/wp\/v2\/users\/2"}],"replies":[{"embeddable":true,"href":"https:\/\/portaltela.pt\/api\/wp\/v2\/comments?post=441128"}],"version-history":[{"count":0,"href":"https:\/\/portaltela.pt\/api\/wp\/v2\/posts\/441128\/revisions"}],"wp:featuredmedia":[{"embeddable":true,"href":"https:\/\/portaltela.pt\/api\/wp\/v2\/media\/441131"}],"wp:attachment":[{"href":"https:\/\/portaltela.pt\/api\/wp\/v2\/media?parent=441128"}],"wp:term":[{"taxonomy":"category","embeddable":true,"href":"https:\/\/portaltela.pt\/api\/wp\/v2\/categories?post=441128"},{"taxonomy":"post_tag","embeddable":true,"href":"https:\/\/portaltela.pt\/api\/wp\/v2\/tags?post=441128"}],"curies":[{"name":"wp","href":"https:\/\/api.w.org\/{rel}","templated":true}]}}