{"id":441121,"date":"2026-04-12T05:02:15","date_gmt":"2026-04-12T08:02:15","guid":{"rendered":"https:\/\/portaltela.pt\/noticias\/2026\/04\/12\/mulher-abandonada-fica-inconsciente-apos-agressoes-na-berma-da-a8\/"},"modified":"2026-04-12T05:02:15","modified_gmt":"2026-04-12T08:02:15","slug":"mulher-abandonada-fica-inconsciente-apos-agressoes-na-berma-da-a8","status":"publish","type":"post","link":"https:\/\/portaltela.pt\/policia\/2026\/04\/12\/mulher-abandonada-fica-inconsciente-apos-agressoes-na-berma-da-a8\/","title":{"rendered":"Mulher abandonada fica inconsciente ap\u00f3s agress\u00f5es na berma da A8"},"content":{"rendered":"<p>Uma mulher foi encontrada abandonada, inconsciente e agredida na berma da A8, na manh\u00e3 de 12 de abril de 2026. O alerta foi dado por ocupantes de um ve\u00edculo que passava pelo local. A v\u00edtima est\u00e1 em estado grave no Hospital de Leiria.<\/p>\n<p>A investiga\u00e7\u00e3o policial j\u00e1 foi iniciada para apurar as circunst\u00e2ncias do sucedido, incluindo as condi\u00e7\u00f5es que levaram ao abandono da mulher e a natureza dos ferimentos. As autoridades n\u00e3o avan\u00e7aram com dados adicionais neste momento.<\/p>\n<p>A equipa m\u00e9dica do Hospital de Leiria mant\u00e9m a v\u00edtima sob vigil\u00e2ncia intensiva, sem que tenha sido divulgado o nome ou a idade. N\u00e3o existem, para j\u00e1, informa\u00e7\u00f5es oficiais sobre poss\u00edveis suspeitos ou motivos.<\/p>\n<h3>Situa\u00e7\u00e3o da v\u00edtima<\/h3>\n<p>A condi\u00e7\u00e3o cl\u00ednica \u00e9 descrita como grave, com necessidade de monitoriza\u00e7\u00e3o constante e interven\u00e7\u00e3o m\u00e9dica cont\u00ednua. O caso permanece em investiga\u00e7\u00e3o pelas autoridades competentes.<\/p>\n","protected":false},"excerpt":{"rendered":"<ul>\n<li>Mulher foi encontrada abandonada, inconsciente e agredida na berma da autoestrada A8.<\/li>\n<li>O alerta foi dado por ocupantes de um carro que passava pelo local.<\/li>\n<li>A v\u00edtima encontra-se em estado grave no Hospital de Leiria.<\/li>\n<li>not\u00edcia datada a 12 de abril de 2026, \u00e0s 08:50.<\/li>\n<\/ul>\n","protected":false},"author":2,"featured_media":441127,"comment_status":"closed","ping_status":"closed","sticky":false,"template":"","format":"standard","meta":{"footnotes":""},"categories":[6907,6781],"tags":[7888,2079,147,1385,1014,939],"class_list":["post-441121","post","type-post","status-publish","format-standard","has-post-thumbnail","hentry","category-crime","category-policia","tag-_seguranca","tag-agressoes","tag-crime","tag-leiria","tag-portugal","tag-violencia"],"yoast_head":"<!-- This site is optimized with the Yoast SEO plugin v27.2 - https:\/\/yoast.com\/product\/yoast-seo-wordpress\/ -->\n<title>Mulher abandonada fica inconsciente ap\u00f3s agress\u00f5es na berma da A8 - Portal Tela Portugal<\/title>\n<meta name=\"robots\" content=\"index, follow, max-snippet:-1, max-image-preview:large, max-video-preview:-1\" \/>\n<meta property=\"og:locale\" content=\"pt_PT\" \/>\n<meta property=\"og:type\" content=\"article\" \/>\n<meta property=\"og:title\" content=\"Mulher abandonada fica inconsciente ap\u00f3s agress\u00f5es na berma da A8 - Portal Tela Portugal\" \/>\n<meta property=\"og:description\" content=\"Mulher foi encontrada abandonada, inconsciente e agredida na berma da autoestrada A8. O alerta foi dado por ocupantes de um carro que passava pelo local. A v\u00edtima encontra-se em estado grave no Hospital de Leiria. not\u00edcia datada a 12 de abril de 2026, \u00e0s 08:50.\" \/>\n<meta property=\"og:url\" content=\"https:\/\/portaltela.pt\/noticias\/2026\/04\/12\/mulher-abandonada-fica-inconsciente-apos-agressoes-na-berma-da-a8\/\" \/>\n<meta property=\"og:site_name\" content=\"Portal Tela Portugal\" \/>\n<meta property=\"article:published_time\" content=\"2026-04-12T08:02:15+00:00\" \/>\n<meta name=\"author\" content=\"Telinha\" \/>\n<meta name=\"twitter:card\" content=\"summary_large_image\" \/>\n<meta name=\"twitter:label1\" content=\"Escrito por\" \/>\n\t<meta name=\"twitter:data1\" content=\"Telinha\" \/>\n\t<meta name=\"twitter:label2\" content=\"Tempo estimado de leitura\" \/>\n\t<meta name=\"twitter:data2\" content=\"1 minuto\" \/>\n<script type=\"application\/ld+json\" class=\"yoast-schema-graph\">{\"@context\":\"https:\/\/schema.org\",\"@graph\":[{\"@type\":\"Article\",\"@id\":\"https:\/\/portaltela.pt\/noticias\/2026\/04\/12\/mulher-abandonada-fica-inconsciente-apos-agressoes-na-berma-da-a8\/#article\",\"isPartOf\":{\"@id\":\"https:\/\/portaltela.pt\/noticias\/2026\/04\/12\/mulher-abandonada-fica-inconsciente-apos-agressoes-na-berma-da-a8\/\"},\"author\":{\"name\":\"Telinha\",\"@id\":\"https:\/\/portaltela.pt\/#\/schema\/person\/c4278d4a6028830caff9ee44b42d32ed\"},\"headline\":\"Mulher abandonada fica inconsciente ap\u00f3s agress\u00f5es na berma da A8\",\"datePublished\":\"2026-04-12T08:02:15+00:00\",\"mainEntityOfPage\":{\"@id\":\"https:\/\/portaltela.pt\/noticias\/2026\/04\/12\/mulher-abandonada-fica-inconsciente-apos-agressoes-na-berma-da-a8\/\"},\"wordCount\":171,\"image\":{\"@id\":\"https:\/\/portaltela.pt\/noticias\/2026\/04\/12\/mulher-abandonada-fica-inconsciente-apos-agressoes-na-berma-da-a8\/#primaryimage\"},\"thumbnailUrl\":\"https:\/\/portaltela.pt\/s.01k8rhncp4jt1\/2026\/04\/img_1280x722uu2026-04-12-08-14-14-2278026.jpg\",\"keywords\":[\"_seguran\u00e7a\",\"agress\u00f5es\",\"crime\",\"Leiria\",\"Portugal\",\"viol\u00eancia\"],\"articleSection\":[\"Crime\",\"Pol\u00edcia\"],\"inLanguage\":\"pt-PT\"},{\"@type\":\"WebPage\",\"@id\":\"https:\/\/portaltela.pt\/noticias\/2026\/04\/12\/mulher-abandonada-fica-inconsciente-apos-agressoes-na-berma-da-a8\/\",\"url\":\"https:\/\/portaltela.pt\/noticias\/2026\/04\/12\/mulher-abandonada-fica-inconsciente-apos-agressoes-na-berma-da-a8\/\",\"name\":\"Mulher abandonada fica inconsciente ap\u00f3s agress\u00f5es na berma da A8 - Portal Tela Portugal\",\"isPartOf\":{\"@id\":\"https:\/\/portaltela.pt\/#website\"},\"primaryImageOfPage\":{\"@id\":\"https:\/\/portaltela.pt\/noticias\/2026\/04\/12\/mulher-abandonada-fica-inconsciente-apos-agressoes-na-berma-da-a8\/#primaryimage\"},\"image\":{\"@id\":\"https:\/\/portaltela.pt\/noticias\/2026\/04\/12\/mulher-abandonada-fica-inconsciente-apos-agressoes-na-berma-da-a8\/#primaryimage\"},\"thumbnailUrl\":\"https:\/\/portaltela.pt\/s.01k8rhncp4jt1\/2026\/04\/img_1280x722uu2026-04-12-08-14-14-2278026.jpg\",\"datePublished\":\"2026-04-12T08:02:15+00:00\",\"author\":{\"@id\":\"https:\/\/portaltela.pt\/#\/schema\/person\/c4278d4a6028830caff9ee44b42d32ed\"},\"breadcrumb\":{\"@id\":\"https:\/\/portaltela.pt\/noticias\/2026\/04\/12\/mulher-abandonada-fica-inconsciente-apos-agressoes-na-berma-da-a8\/#breadcrumb\"},\"inLanguage\":\"pt-PT\",\"potentialAction\":[{\"@type\":\"ReadAction\",\"target\":[\"https:\/\/portaltela.pt\/noticias\/2026\/04\/12\/mulher-abandonada-fica-inconsciente-apos-agressoes-na-berma-da-a8\/\"]}]},{\"@type\":\"ImageObject\",\"inLanguage\":\"pt-PT\",\"@id\":\"https:\/\/portaltela.pt\/noticias\/2026\/04\/12\/mulher-abandonada-fica-inconsciente-apos-agressoes-na-berma-da-a8\/#primaryimage\",\"url\":\"https:\/\/portaltela.pt\/s.01k8rhncp4jt1\/2026\/04\/img_1280x722uu2026-04-12-08-14-14-2278026.jpg\",\"contentUrl\":\"https:\/\/portaltela.pt\/s.01k8rhncp4jt1\/2026\/04\/img_1280x722uu2026-04-12-08-14-14-2278026.jpg\",\"width\":796,\"height\":448,\"caption\":\"Photo\"},{\"@type\":\"BreadcrumbList\",\"@id\":\"https:\/\/portaltela.pt\/noticias\/2026\/04\/12\/mulher-abandonada-fica-inconsciente-apos-agressoes-na-berma-da-a8\/#breadcrumb\",\"itemListElement\":[{\"@type\":\"ListItem\",\"position\":1,\"name\":\"In\u00edcio\",\"item\":\"https:\/\/portaltela.pt\/\"},{\"@type\":\"ListItem\",\"position\":2,\"name\":\"Mulher abandonada fica inconsciente ap\u00f3s agress\u00f5es na berma da A8\"}]},{\"@type\":\"WebSite\",\"@id\":\"https:\/\/portaltela.pt\/#website\",\"url\":\"https:\/\/portaltela.pt\/\",\"name\":\"Portal Tela Portugal\",\"description\":\"\",\"potentialAction\":[{\"@type\":\"SearchAction\",\"target\":{\"@type\":\"EntryPoint\",\"urlTemplate\":\"https:\/\/portaltela.pt\/?s={search_term_string}\"},\"query-input\":{\"@type\":\"PropertyValueSpecification\",\"valueRequired\":true,\"valueName\":\"search_term_string\"}}],\"inLanguage\":\"pt-PT\"},{\"@type\":\"Person\",\"@id\":\"https:\/\/portaltela.pt\/#\/schema\/person\/c4278d4a6028830caff9ee44b42d32ed\",\"name\":\"Telinha\",\"image\":{\"@type\":\"ImageObject\",\"inLanguage\":\"pt-PT\",\"@id\":\"https:\/\/portaltela.pt\/s.01k8rhncp4jt1\/2025\/11\/talking-bot-125x125.png\",\"url\":\"https:\/\/portaltela.pt\/s.01k8rhncp4jt1\/2025\/11\/talking-bot-125x125.png\",\"contentUrl\":\"https:\/\/portaltela.pt\/s.01k8rhncp4jt1\/2025\/11\/talking-bot-125x125.png\",\"caption\":\"Telinha\"},\"sameAs\":[\"https:\/\/portaltela.pt\/\"],\"url\":\"https:\/\/portaltela.pt\/por\/367410592786\/\"}]}<\/script>\n<!-- \/ Yoast SEO plugin. -->","yoast_head_json":{"title":"Mulher abandonada fica inconsciente ap\u00f3s agress\u00f5es na berma da A8 - Portal Tela Portugal","robots":{"index":"index","follow":"follow","max-snippet":"max-snippet:-1","max-image-preview":"max-image-preview:large","max-video-preview":"max-video-preview:-1"},"og_locale":"pt_PT","og_type":"article","og_title":"Mulher abandonada fica inconsciente ap\u00f3s agress\u00f5es na berma da A8 - Portal Tela Portugal","og_description":"Mulher foi encontrada abandonada, inconsciente e agredida na berma da autoestrada A8. O alerta foi dado por ocupantes de um carro que passava pelo local. A v\u00edtima encontra-se em estado grave no Hospital de Leiria. not\u00edcia datada a 12 de abril de 2026, \u00e0s 08:50.","og_url":"https:\/\/portaltela.pt\/noticias\/2026\/04\/12\/mulher-abandonada-fica-inconsciente-apos-agressoes-na-berma-da-a8\/","og_site_name":"Portal Tela Portugal","article_published_time":"2026-04-12T08:02:15+00:00","author":"Telinha","twitter_card":"summary_large_image","twitter_misc":{"Escrito por":"Telinha","Tempo estimado de leitura":"1 minuto"},"schema":{"@context":"https:\/\/schema.org","@graph":[{"@type":"Article","@id":"https:\/\/portaltela.pt\/noticias\/2026\/04\/12\/mulher-abandonada-fica-inconsciente-apos-agressoes-na-berma-da-a8\/#article","isPartOf":{"@id":"https:\/\/portaltela.pt\/noticias\/2026\/04\/12\/mulher-abandonada-fica-inconsciente-apos-agressoes-na-berma-da-a8\/"},"author":{"name":"Telinha","@id":"https:\/\/portaltela.pt\/#\/schema\/person\/c4278d4a6028830caff9ee44b42d32ed"},"headline":"Mulher abandonada fica inconsciente ap\u00f3s agress\u00f5es na berma da A8","datePublished":"2026-04-12T08:02:15+00:00","mainEntityOfPage":{"@id":"https:\/\/portaltela.pt\/noticias\/2026\/04\/12\/mulher-abandonada-fica-inconsciente-apos-agressoes-na-berma-da-a8\/"},"wordCount":171,"image":{"@id":"https:\/\/portaltela.pt\/noticias\/2026\/04\/12\/mulher-abandonada-fica-inconsciente-apos-agressoes-na-berma-da-a8\/#primaryimage"},"thumbnailUrl":"https:\/\/portaltela.pt\/s.01k8rhncp4jt1\/2026\/04\/img_1280x722uu2026-04-12-08-14-14-2278026.jpg","keywords":["_seguran\u00e7a","agress\u00f5es","crime","Leiria","Portugal","viol\u00eancia"],"articleSection":["Crime","Pol\u00edcia"],"inLanguage":"pt-PT"},{"@type":"WebPage","@id":"https:\/\/portaltela.pt\/noticias\/2026\/04\/12\/mulher-abandonada-fica-inconsciente-apos-agressoes-na-berma-da-a8\/","url":"https:\/\/portaltela.pt\/noticias\/2026\/04\/12\/mulher-abandonada-fica-inconsciente-apos-agressoes-na-berma-da-a8\/","name":"Mulher abandonada fica inconsciente ap\u00f3s agress\u00f5es na berma da A8 - Portal Tela Portugal","isPartOf":{"@id":"https:\/\/portaltela.pt\/#website"},"primaryImageOfPage":{"@id":"https:\/\/portaltela.pt\/noticias\/2026\/04\/12\/mulher-abandonada-fica-inconsciente-apos-agressoes-na-berma-da-a8\/#primaryimage"},"image":{"@id":"https:\/\/portaltela.pt\/noticias\/2026\/04\/12\/mulher-abandonada-fica-inconsciente-apos-agressoes-na-berma-da-a8\/#primaryimage"},"thumbnailUrl":"https:\/\/portaltela.pt\/s.01k8rhncp4jt1\/2026\/04\/img_1280x722uu2026-04-12-08-14-14-2278026.jpg","datePublished":"2026-04-12T08:02:15+00:00","author":{"@id":"https:\/\/portaltela.pt\/#\/schema\/person\/c4278d4a6028830caff9ee44b42d32ed"},"breadcrumb":{"@id":"https:\/\/portaltela.pt\/noticias\/2026\/04\/12\/mulher-abandonada-fica-inconsciente-apos-agressoes-na-berma-da-a8\/#breadcrumb"},"inLanguage":"pt-PT","potentialAction":[{"@type":"ReadAction","target":["https:\/\/portaltela.pt\/noticias\/2026\/04\/12\/mulher-abandonada-fica-inconsciente-apos-agressoes-na-berma-da-a8\/"]}]},{"@type":"ImageObject","inLanguage":"pt-PT","@id":"https:\/\/portaltela.pt\/noticias\/2026\/04\/12\/mulher-abandonada-fica-inconsciente-apos-agressoes-na-berma-da-a8\/#primaryimage","url":"https:\/\/portaltela.pt\/s.01k8rhncp4jt1\/2026\/04\/img_1280x722uu2026-04-12-08-14-14-2278026.jpg","contentUrl":"https:\/\/portaltela.pt\/s.01k8rhncp4jt1\/2026\/04\/img_1280x722uu2026-04-12-08-14-14-2278026.jpg","width":796,"height":448,"caption":"Photo"},{"@type":"BreadcrumbList","@id":"https:\/\/portaltela.pt\/noticias\/2026\/04\/12\/mulher-abandonada-fica-inconsciente-apos-agressoes-na-berma-da-a8\/#breadcrumb","itemListElement":[{"@type":"ListItem","position":1,"name":"In\u00edcio","item":"https:\/\/portaltela.pt\/"},{"@type":"ListItem","position":2,"name":"Mulher abandonada fica inconsciente ap\u00f3s agress\u00f5es na berma da A8"}]},{"@type":"WebSite","@id":"https:\/\/portaltela.pt\/#website","url":"https:\/\/portaltela.pt\/","name":"Portal Tela Portugal","description":"","potentialAction":[{"@type":"SearchAction","target":{"@type":"EntryPoint","urlTemplate":"https:\/\/portaltela.pt\/?s={search_term_string}"},"query-input":{"@type":"PropertyValueSpecification","valueRequired":true,"valueName":"search_term_string"}}],"inLanguage":"pt-PT"},{"@type":"Person","@id":"https:\/\/portaltela.pt\/#\/schema\/person\/c4278d4a6028830caff9ee44b42d32ed","name":"Telinha","image":{"@type":"ImageObject","inLanguage":"pt-PT","@id":"https:\/\/portaltela.pt\/s.01k8rhncp4jt1\/2025\/11\/talking-bot-125x125.png","url":"https:\/\/portaltela.pt\/s.01k8rhncp4jt1\/2025\/11\/talking-bot-125x125.png","contentUrl":"https:\/\/portaltela.pt\/s.01k8rhncp4jt1\/2025\/11\/talking-bot-125x125.png","caption":"Telinha"},"sameAs":["https:\/\/portaltela.pt\/"],"url":"https:\/\/portaltela.pt\/por\/367410592786\/"}]}},"_links":{"self":[{"href":"https:\/\/portaltela.pt\/api\/wp\/v2\/posts\/441121","targetHints":{"allow":["GET"]}}],"collection":[{"href":"https:\/\/portaltela.pt\/api\/wp\/v2\/posts"}],"about":[{"href":"https:\/\/portaltela.pt\/api\/wp\/v2\/types\/post"}],"author":[{"embeddable":true,"href":"https:\/\/portaltela.pt\/api\/wp\/v2\/users\/2"}],"replies":[{"embeddable":true,"href":"https:\/\/portaltela.pt\/api\/wp\/v2\/comments?post=441121"}],"version-history":[{"count":0,"href":"https:\/\/portaltela.pt\/api\/wp\/v2\/posts\/441121\/revisions"}],"wp:featuredmedia":[{"embeddable":true,"href":"https:\/\/portaltela.pt\/api\/wp\/v2\/media\/441127"}],"wp:attachment":[{"href":"https:\/\/portaltela.pt\/api\/wp\/v2\/media?parent=441121"}],"wp:term":[{"taxonomy":"category","embeddable":true,"href":"https:\/\/portaltela.pt\/api\/wp\/v2\/categories?post=441121"},{"taxonomy":"post_tag","embeddable":true,"href":"https:\/\/portaltela.pt\/api\/wp\/v2\/tags?post=441121"}],"curies":[{"name":"wp","href":"https:\/\/api.w.org\/{rel}","templated":true}]}}