{"id":441120,"date":"2026-04-12T05:02:15","date_gmt":"2026-04-12T08:02:15","guid":{"rendered":"https:\/\/portaltela.pt\/noticias\/2026\/04\/12\/governo-propoe-agravar-multas-nas-estradas\/"},"modified":"2026-04-12T05:02:15","modified_gmt":"2026-04-12T08:02:15","slug":"governo-propoe-agravar-multas-nas-estradas","status":"publish","type":"post","link":"https:\/\/portaltela.pt\/seguranca\/2026\/04\/12\/governo-propoe-agravar-multas-nas-estradas\/","title":{"rendered":"Governo prop\u00f5e agravar multas nas estradas"},"content":{"rendered":"<p>O Governo pretende tornar as multas de tr\u00e2nsito mais severas. A medida foca-se em \u00e1lcool ao volante, condu\u00e7\u00e3o perigosa e excesso de velocidade.<\/p>\n<p>Quem est\u00e1 envolvido: o ministro Lu\u00eds Neves afirma a necessidade de endurecer as san\u00e7\u00f5es contra condutores que cometam infra\u00e7\u00e3o grave. O objetivo \u00e9 dissuadir comportamentos de elevado risco nas estradas.<\/p>\n<p>Quando: o an\u00fancio foi feito recentemente, com previs\u00e3o de implementa\u00e7\u00e3o ainda por definir. O minist\u00e9rio n\u00e3o divulgou a data exata de entrada em vigor.<\/p>\n<p>Onde: as altera\u00e7\u00f5es aplicam-se a n\u00edvel nacional, cobrindo vias urbanas e rurais. A fiscaliza\u00e7\u00e3o dever\u00e1 manter-se abrangente.<\/p>\n<p>Porqu\u00ea: o governo alega que as leis atuais n\u00e3o dissuadem suficientemente condutas perigosas. A meta \u00e9 reduzir acidentes graves e salvar vidas.<\/p>\n<p>Impacto esperado: as autoridades dependem de maior rigor nas san\u00e7\u00f5es para melhorar o comportamento dos condutores. A proposta inclui aumento de coimas e potenciais consequ\u00eancias adicionais.<\/p>\n<p>Contexto: o tema surge num momento de maior foco na seguran\u00e7a rodovi\u00e1ria. O governo tem reiterado a import\u00e2ncia de cumprir limites legais e normativos.<\/p>\n","protected":false},"excerpt":{"rendered":"<ul>\n<li>O governo pretende aumentar as multas aplicadas nas estradas.<\/li>\n<li>O ministro Lu\u00eds Neves quer punir com maior rigor o \u00e1lcool a conduzir.<\/li>\n<li>A condu\u00e7\u00e3o perigosa dever\u00e1 ficar mais severamente punida.<\/li>\n<li>O excesso de velocidade \u00e9 tamb\u00e9m alvo de endurecimento das Penaliza\u00e7\u00f5es.<\/li>\n<\/ul>\n","protected":false},"author":2,"featured_media":441125,"comment_status":"closed","ping_status":"closed","sticky":false,"template":"","format":"standard","meta":{"footnotes":""},"categories":[6779],"tags":[6051,2074,34,2832,250,1952],"class_list":["post-441120","post","type-post","status-publish","format-standard","has-post-thumbnail","hentry","category-seguranca","tag-alcool","tag-conducao-sob-o-efeito-de-alcool","tag-governo","tag-politica","tag-seguranca-publica","tag-velocidade-excessiva"],"yoast_head":"<!-- This site is optimized with the Yoast SEO plugin v27.2 - https:\/\/yoast.com\/product\/yoast-seo-wordpress\/ -->\n<title>Governo prop\u00f5e agravar multas nas estradas - Portal Tela Portugal<\/title>\n<meta name=\"robots\" content=\"index, follow, max-snippet:-1, max-image-preview:large, max-video-preview:-1\" \/>\n<meta property=\"og:locale\" content=\"pt_PT\" \/>\n<meta property=\"og:type\" content=\"article\" \/>\n<meta property=\"og:title\" content=\"Governo prop\u00f5e agravar multas nas estradas - Portal Tela Portugal\" \/>\n<meta property=\"og:description\" content=\"O governo pretende aumentar as multas aplicadas nas estradas. O ministro Lu\u00eds Neves quer punir com maior rigor o \u00e1lcool a conduzir. A condu\u00e7\u00e3o perigosa dever\u00e1 ficar mais severamente punida. O excesso de velocidade \u00e9 tamb\u00e9m alvo de endurecimento das Penaliza\u00e7\u00f5es.\" \/>\n<meta property=\"og:url\" content=\"https:\/\/portaltela.pt\/noticias\/2026\/04\/12\/governo-propoe-agravar-multas-nas-estradas\/\" \/>\n<meta property=\"og:site_name\" content=\"Portal Tela Portugal\" \/>\n<meta property=\"article:published_time\" content=\"2026-04-12T08:02:15+00:00\" \/>\n<meta name=\"author\" content=\"Telinha\" \/>\n<meta name=\"twitter:card\" content=\"summary_large_image\" \/>\n<meta name=\"twitter:label1\" content=\"Escrito por\" \/>\n\t<meta name=\"twitter:data1\" content=\"Telinha\" \/>\n\t<meta name=\"twitter:label2\" content=\"Tempo estimado de leitura\" \/>\n\t<meta name=\"twitter:data2\" content=\"1 minuto\" \/>\n<script type=\"application\/ld+json\" class=\"yoast-schema-graph\">{\"@context\":\"https:\/\/schema.org\",\"@graph\":[{\"@type\":\"Article\",\"@id\":\"https:\/\/portaltela.pt\/noticias\/2026\/04\/12\/governo-propoe-agravar-multas-nas-estradas\/#article\",\"isPartOf\":{\"@id\":\"https:\/\/portaltela.pt\/noticias\/2026\/04\/12\/governo-propoe-agravar-multas-nas-estradas\/\"},\"author\":{\"name\":\"Telinha\",\"@id\":\"https:\/\/portaltela.pt\/#\/schema\/person\/c4278d4a6028830caff9ee44b42d32ed\"},\"headline\":\"Governo prop\u00f5e agravar multas nas estradas\",\"datePublished\":\"2026-04-12T08:02:15+00:00\",\"mainEntityOfPage\":{\"@id\":\"https:\/\/portaltela.pt\/noticias\/2026\/04\/12\/governo-propoe-agravar-multas-nas-estradas\/\"},\"wordCount\":190,\"image\":{\"@id\":\"https:\/\/portaltela.pt\/noticias\/2026\/04\/12\/governo-propoe-agravar-multas-nas-estradas\/#primaryimage\"},\"thumbnailUrl\":\"https:\/\/portaltela.pt\/s.01k8rhncp4jt1\/2026\/04\/img_1280x722uu2016-03-11-23-46-00-519957.jpg\",\"keywords\":[\"\u00e1lcool\",\"condu\u00e7\u00e3o sob o efeito de \u00e1lcool\",\"governo\",\"pol\u00edtica\",\"seguran\u00e7a p\u00fablica\",\"velocidade excessiva\"],\"articleSection\":[\"Seguran\u00e7a\"],\"inLanguage\":\"pt-PT\"},{\"@type\":\"WebPage\",\"@id\":\"https:\/\/portaltela.pt\/noticias\/2026\/04\/12\/governo-propoe-agravar-multas-nas-estradas\/\",\"url\":\"https:\/\/portaltela.pt\/noticias\/2026\/04\/12\/governo-propoe-agravar-multas-nas-estradas\/\",\"name\":\"Governo prop\u00f5e agravar multas nas estradas - Portal Tela Portugal\",\"isPartOf\":{\"@id\":\"https:\/\/portaltela.pt\/#website\"},\"primaryImageOfPage\":{\"@id\":\"https:\/\/portaltela.pt\/noticias\/2026\/04\/12\/governo-propoe-agravar-multas-nas-estradas\/#primaryimage\"},\"image\":{\"@id\":\"https:\/\/portaltela.pt\/noticias\/2026\/04\/12\/governo-propoe-agravar-multas-nas-estradas\/#primaryimage\"},\"thumbnailUrl\":\"https:\/\/portaltela.pt\/s.01k8rhncp4jt1\/2026\/04\/img_1280x722uu2016-03-11-23-46-00-519957.jpg\",\"datePublished\":\"2026-04-12T08:02:15+00:00\",\"author\":{\"@id\":\"https:\/\/portaltela.pt\/#\/schema\/person\/c4278d4a6028830caff9ee44b42d32ed\"},\"breadcrumb\":{\"@id\":\"https:\/\/portaltela.pt\/noticias\/2026\/04\/12\/governo-propoe-agravar-multas-nas-estradas\/#breadcrumb\"},\"inLanguage\":\"pt-PT\",\"potentialAction\":[{\"@type\":\"ReadAction\",\"target\":[\"https:\/\/portaltela.pt\/noticias\/2026\/04\/12\/governo-propoe-agravar-multas-nas-estradas\/\"]}]},{\"@type\":\"ImageObject\",\"inLanguage\":\"pt-PT\",\"@id\":\"https:\/\/portaltela.pt\/noticias\/2026\/04\/12\/governo-propoe-agravar-multas-nas-estradas\/#primaryimage\",\"url\":\"https:\/\/portaltela.pt\/s.01k8rhncp4jt1\/2026\/04\/img_1280x722uu2016-03-11-23-46-00-519957.jpg\",\"contentUrl\":\"https:\/\/portaltela.pt\/s.01k8rhncp4jt1\/2026\/04\/img_1280x722uu2016-03-11-23-46-00-519957.jpg\",\"width\":796,\"height\":448,\"caption\":\"Capa do jornal\"},{\"@type\":\"BreadcrumbList\",\"@id\":\"https:\/\/portaltela.pt\/noticias\/2026\/04\/12\/governo-propoe-agravar-multas-nas-estradas\/#breadcrumb\",\"itemListElement\":[{\"@type\":\"ListItem\",\"position\":1,\"name\":\"In\u00edcio\",\"item\":\"https:\/\/portaltela.pt\/\"},{\"@type\":\"ListItem\",\"position\":2,\"name\":\"Governo prop\u00f5e agravar multas nas estradas\"}]},{\"@type\":\"WebSite\",\"@id\":\"https:\/\/portaltela.pt\/#website\",\"url\":\"https:\/\/portaltela.pt\/\",\"name\":\"Portal Tela Portugal\",\"description\":\"\",\"potentialAction\":[{\"@type\":\"SearchAction\",\"target\":{\"@type\":\"EntryPoint\",\"urlTemplate\":\"https:\/\/portaltela.pt\/?s={search_term_string}\"},\"query-input\":{\"@type\":\"PropertyValueSpecification\",\"valueRequired\":true,\"valueName\":\"search_term_string\"}}],\"inLanguage\":\"pt-PT\"},{\"@type\":\"Person\",\"@id\":\"https:\/\/portaltela.pt\/#\/schema\/person\/c4278d4a6028830caff9ee44b42d32ed\",\"name\":\"Telinha\",\"image\":{\"@type\":\"ImageObject\",\"inLanguage\":\"pt-PT\",\"@id\":\"https:\/\/portaltela.pt\/s.01k8rhncp4jt1\/2025\/11\/talking-bot-125x125.png\",\"url\":\"https:\/\/portaltela.pt\/s.01k8rhncp4jt1\/2025\/11\/talking-bot-125x125.png\",\"contentUrl\":\"https:\/\/portaltela.pt\/s.01k8rhncp4jt1\/2025\/11\/talking-bot-125x125.png\",\"caption\":\"Telinha\"},\"sameAs\":[\"https:\/\/portaltela.pt\/\"],\"url\":\"https:\/\/portaltela.pt\/por\/367410592786\/\"}]}<\/script>\n<!-- \/ Yoast SEO plugin. -->","yoast_head_json":{"title":"Governo prop\u00f5e agravar multas nas estradas - Portal Tela Portugal","robots":{"index":"index","follow":"follow","max-snippet":"max-snippet:-1","max-image-preview":"max-image-preview:large","max-video-preview":"max-video-preview:-1"},"og_locale":"pt_PT","og_type":"article","og_title":"Governo prop\u00f5e agravar multas nas estradas - Portal Tela Portugal","og_description":"O governo pretende aumentar as multas aplicadas nas estradas. O ministro Lu\u00eds Neves quer punir com maior rigor o \u00e1lcool a conduzir. A condu\u00e7\u00e3o perigosa dever\u00e1 ficar mais severamente punida. O excesso de velocidade \u00e9 tamb\u00e9m alvo de endurecimento das Penaliza\u00e7\u00f5es.","og_url":"https:\/\/portaltela.pt\/noticias\/2026\/04\/12\/governo-propoe-agravar-multas-nas-estradas\/","og_site_name":"Portal Tela Portugal","article_published_time":"2026-04-12T08:02:15+00:00","author":"Telinha","twitter_card":"summary_large_image","twitter_misc":{"Escrito por":"Telinha","Tempo estimado de leitura":"1 minuto"},"schema":{"@context":"https:\/\/schema.org","@graph":[{"@type":"Article","@id":"https:\/\/portaltela.pt\/noticias\/2026\/04\/12\/governo-propoe-agravar-multas-nas-estradas\/#article","isPartOf":{"@id":"https:\/\/portaltela.pt\/noticias\/2026\/04\/12\/governo-propoe-agravar-multas-nas-estradas\/"},"author":{"name":"Telinha","@id":"https:\/\/portaltela.pt\/#\/schema\/person\/c4278d4a6028830caff9ee44b42d32ed"},"headline":"Governo prop\u00f5e agravar multas nas estradas","datePublished":"2026-04-12T08:02:15+00:00","mainEntityOfPage":{"@id":"https:\/\/portaltela.pt\/noticias\/2026\/04\/12\/governo-propoe-agravar-multas-nas-estradas\/"},"wordCount":190,"image":{"@id":"https:\/\/portaltela.pt\/noticias\/2026\/04\/12\/governo-propoe-agravar-multas-nas-estradas\/#primaryimage"},"thumbnailUrl":"https:\/\/portaltela.pt\/s.01k8rhncp4jt1\/2026\/04\/img_1280x722uu2016-03-11-23-46-00-519957.jpg","keywords":["\u00e1lcool","condu\u00e7\u00e3o sob o efeito de \u00e1lcool","governo","pol\u00edtica","seguran\u00e7a p\u00fablica","velocidade excessiva"],"articleSection":["Seguran\u00e7a"],"inLanguage":"pt-PT"},{"@type":"WebPage","@id":"https:\/\/portaltela.pt\/noticias\/2026\/04\/12\/governo-propoe-agravar-multas-nas-estradas\/","url":"https:\/\/portaltela.pt\/noticias\/2026\/04\/12\/governo-propoe-agravar-multas-nas-estradas\/","name":"Governo prop\u00f5e agravar multas nas estradas - Portal Tela Portugal","isPartOf":{"@id":"https:\/\/portaltela.pt\/#website"},"primaryImageOfPage":{"@id":"https:\/\/portaltela.pt\/noticias\/2026\/04\/12\/governo-propoe-agravar-multas-nas-estradas\/#primaryimage"},"image":{"@id":"https:\/\/portaltela.pt\/noticias\/2026\/04\/12\/governo-propoe-agravar-multas-nas-estradas\/#primaryimage"},"thumbnailUrl":"https:\/\/portaltela.pt\/s.01k8rhncp4jt1\/2026\/04\/img_1280x722uu2016-03-11-23-46-00-519957.jpg","datePublished":"2026-04-12T08:02:15+00:00","author":{"@id":"https:\/\/portaltela.pt\/#\/schema\/person\/c4278d4a6028830caff9ee44b42d32ed"},"breadcrumb":{"@id":"https:\/\/portaltela.pt\/noticias\/2026\/04\/12\/governo-propoe-agravar-multas-nas-estradas\/#breadcrumb"},"inLanguage":"pt-PT","potentialAction":[{"@type":"ReadAction","target":["https:\/\/portaltela.pt\/noticias\/2026\/04\/12\/governo-propoe-agravar-multas-nas-estradas\/"]}]},{"@type":"ImageObject","inLanguage":"pt-PT","@id":"https:\/\/portaltela.pt\/noticias\/2026\/04\/12\/governo-propoe-agravar-multas-nas-estradas\/#primaryimage","url":"https:\/\/portaltela.pt\/s.01k8rhncp4jt1\/2026\/04\/img_1280x722uu2016-03-11-23-46-00-519957.jpg","contentUrl":"https:\/\/portaltela.pt\/s.01k8rhncp4jt1\/2026\/04\/img_1280x722uu2016-03-11-23-46-00-519957.jpg","width":796,"height":448,"caption":"Capa do jornal"},{"@type":"BreadcrumbList","@id":"https:\/\/portaltela.pt\/noticias\/2026\/04\/12\/governo-propoe-agravar-multas-nas-estradas\/#breadcrumb","itemListElement":[{"@type":"ListItem","position":1,"name":"In\u00edcio","item":"https:\/\/portaltela.pt\/"},{"@type":"ListItem","position":2,"name":"Governo prop\u00f5e agravar multas nas estradas"}]},{"@type":"WebSite","@id":"https:\/\/portaltela.pt\/#website","url":"https:\/\/portaltela.pt\/","name":"Portal Tela Portugal","description":"","potentialAction":[{"@type":"SearchAction","target":{"@type":"EntryPoint","urlTemplate":"https:\/\/portaltela.pt\/?s={search_term_string}"},"query-input":{"@type":"PropertyValueSpecification","valueRequired":true,"valueName":"search_term_string"}}],"inLanguage":"pt-PT"},{"@type":"Person","@id":"https:\/\/portaltela.pt\/#\/schema\/person\/c4278d4a6028830caff9ee44b42d32ed","name":"Telinha","image":{"@type":"ImageObject","inLanguage":"pt-PT","@id":"https:\/\/portaltela.pt\/s.01k8rhncp4jt1\/2025\/11\/talking-bot-125x125.png","url":"https:\/\/portaltela.pt\/s.01k8rhncp4jt1\/2025\/11\/talking-bot-125x125.png","contentUrl":"https:\/\/portaltela.pt\/s.01k8rhncp4jt1\/2025\/11\/talking-bot-125x125.png","caption":"Telinha"},"sameAs":["https:\/\/portaltela.pt\/"],"url":"https:\/\/portaltela.pt\/por\/367410592786\/"}]}},"_links":{"self":[{"href":"https:\/\/portaltela.pt\/api\/wp\/v2\/posts\/441120","targetHints":{"allow":["GET"]}}],"collection":[{"href":"https:\/\/portaltela.pt\/api\/wp\/v2\/posts"}],"about":[{"href":"https:\/\/portaltela.pt\/api\/wp\/v2\/types\/post"}],"author":[{"embeddable":true,"href":"https:\/\/portaltela.pt\/api\/wp\/v2\/users\/2"}],"replies":[{"embeddable":true,"href":"https:\/\/portaltela.pt\/api\/wp\/v2\/comments?post=441120"}],"version-history":[{"count":0,"href":"https:\/\/portaltela.pt\/api\/wp\/v2\/posts\/441120\/revisions"}],"wp:featuredmedia":[{"embeddable":true,"href":"https:\/\/portaltela.pt\/api\/wp\/v2\/media\/441125"}],"wp:attachment":[{"href":"https:\/\/portaltela.pt\/api\/wp\/v2\/media?parent=441120"}],"wp:term":[{"taxonomy":"category","embeddable":true,"href":"https:\/\/portaltela.pt\/api\/wp\/v2\/categories?post=441120"},{"taxonomy":"post_tag","embeddable":true,"href":"https:\/\/portaltela.pt\/api\/wp\/v2\/tags?post=441120"}],"curies":[{"name":"wp","href":"https:\/\/api.w.org\/{rel}","templated":true}]}}