{"id":441117,"date":"2026-04-12T05:02:12","date_gmt":"2026-04-12T08:02:12","guid":{"rendered":"https:\/\/portaltela.pt\/noticias\/2026\/04\/12\/rafael-leao-protagoniza-momento-insolito-no-milan-udinese\/"},"modified":"2026-04-12T05:02:12","modified_gmt":"2026-04-12T08:02:12","slug":"rafael-leao-protagoniza-momento-insolito-no-milan-udinese","status":"publish","type":"post","link":"https:\/\/portaltela.pt\/desporto\/futebol\/2026\/04\/12\/rafael-leao-protagoniza-momento-insolito-no-milan-udinese\/","title":{"rendered":"Rafael Le\u00e3o protagoniza momento ins\u00f3lito no Milan-Udinese"},"content":{"rendered":"<p>O Milan-Udinese ficou marcado por um momento inusitado envolvendo Rafael Le\u00e3o. No minuto 66, o \u00e1rbitro interrompeu a partida para uma substitui\u00e7\u00e3o, com a placa de sa\u00edda do n\u00famero 10 e entrada do n\u00famero 24. O jogador do Milan, que usa o dorsal 10, avan\u00e7ou para fora das linhas ao entender que a mudan\u00e7a era dele.<\/p>\n<p>Percebeu, entretanto, que a troca era da Udinese e que seria Zaniolo o jogador a sair. Le\u00e3o manteve-se fora do campo apenas por alguns segundos, voltou a vestir as meias e, pouco depois, ficou de fora at\u00e9 \u00e0 confirma\u00e7\u00e3o da titularidade do colega.<\/p>\n<p>No entanto, a situa\u00e7\u00e3o n\u00e3o ficou por aqui. Aos 77 minutos, Le\u00e3o voltou ao relvado para o seu tempo de jogo normal. Antes, j\u00e1 aos 16 minutos, o jogador tinha estado envolvido num outro momento com o \u00e1rbitro, que tamb\u00e9m gerou aten\u00e7\u00e3o durante o encontro.<\/p>\n","protected":false},"excerpt":{"rendered":"<ul>\n<li>No minuto 66, durante a substitui\u00e7\u00e3o, o quarto \u00e1rbitro mostrou o n\u00famero 10 a sair e o 24 a entrar; Rafael Le\u00e3o, n\u00famero 10 do Milan, dirigiu-se \u00e0s linhas exteriores.<\/li>\n<li>O jogador retirou caneleiras e baixou as meias, mas percebeu que a substitui\u00e7\u00e3o era da Udinese e que Zaniolo seria o substitu\u00eddo.<\/li>\n<li>Aos 77 minutos, seria, afinal, a vez de Le\u00e3o ser substitu\u00eddo.<\/li>\n<li>Aos 16 minutos, o extremo j\u00e1 tinha estado envolvido num momento com o \u00e1rbitro, ao aplaudir uma decis\u00e3o.<\/li>\n<\/ul>\n","protected":false},"author":2,"featured_media":441119,"comment_status":"closed","ping_status":"closed","sticky":false,"template":"","format":"standard","meta":{"footnotes":""},"categories":[21,24],"tags":[7902,2120,1336,32,242,2673],"class_list":["post-441117","post","type-post","status-publish","format-standard","has-post-thumbnail","hentry","category-desporto","category-futebol","tag-_desporto","tag-ac-milan","tag-arbitro","tag-futebol","tag-jogadores","tag-rafael-leao"],"yoast_head":"<!-- This site is optimized with the Yoast SEO plugin v27.2 - https:\/\/yoast.com\/product\/yoast-seo-wordpress\/ -->\n<title>Rafael Le\u00e3o protagoniza momento ins\u00f3lito no Milan-Udinese - Portal Tela Portugal<\/title>\n<meta name=\"robots\" content=\"index, follow, max-snippet:-1, max-image-preview:large, max-video-preview:-1\" \/>\n<meta property=\"og:locale\" content=\"pt_PT\" \/>\n<meta property=\"og:type\" content=\"article\" \/>\n<meta property=\"og:title\" content=\"Rafael Le\u00e3o protagoniza momento ins\u00f3lito no Milan-Udinese - Portal Tela Portugal\" \/>\n<meta property=\"og:description\" content=\"No minuto 66, durante a substitui\u00e7\u00e3o, o quarto \u00e1rbitro mostrou o n\u00famero 10 a sair e o 24 a entrar; Rafael Le\u00e3o, n\u00famero 10 do Milan, dirigiu-se \u00e0s linhas exteriores. O jogador retirou caneleiras e baixou as meias, mas percebeu que a substitui\u00e7\u00e3o era da Udinese e que Zaniolo seria o substitu\u00eddo. Aos 77 minutos, seria, afinal, a vez de Le\u00e3o ser substitu\u00eddo. Aos 16 minutos, o extremo j\u00e1 tinha estado envolvido num momento com o \u00e1rbitro, ao aplaudir uma decis\u00e3o.\" \/>\n<meta property=\"og:url\" content=\"https:\/\/portaltela.pt\/noticias\/2026\/04\/12\/rafael-leao-protagoniza-momento-insolito-no-milan-udinese\/\" \/>\n<meta property=\"og:site_name\" content=\"Portal Tela Portugal\" \/>\n<meta property=\"article:published_time\" content=\"2026-04-12T08:02:12+00:00\" \/>\n<meta name=\"author\" content=\"Telinha\" \/>\n<meta name=\"twitter:card\" content=\"summary_large_image\" \/>\n<meta name=\"twitter:label1\" content=\"Escrito por\" \/>\n\t<meta name=\"twitter:data1\" content=\"Telinha\" \/>\n\t<meta name=\"twitter:label2\" content=\"Tempo estimado de leitura\" \/>\n\t<meta name=\"twitter:data2\" content=\"1 minuto\" \/>\n<script type=\"application\/ld+json\" class=\"yoast-schema-graph\">{\"@context\":\"https:\/\/schema.org\",\"@graph\":[{\"@type\":\"Article\",\"@id\":\"https:\/\/portaltela.pt\/noticias\/2026\/04\/12\/rafael-leao-protagoniza-momento-insolito-no-milan-udinese\/#article\",\"isPartOf\":{\"@id\":\"https:\/\/portaltela.pt\/noticias\/2026\/04\/12\/rafael-leao-protagoniza-momento-insolito-no-milan-udinese\/\"},\"author\":{\"name\":\"Telinha\",\"@id\":\"https:\/\/portaltela.pt\/#\/schema\/person\/c4278d4a6028830caff9ee44b42d32ed\"},\"headline\":\"Rafael Le\u00e3o protagoniza momento ins\u00f3lito no Milan-Udinese\",\"datePublished\":\"2026-04-12T08:02:12+00:00\",\"mainEntityOfPage\":{\"@id\":\"https:\/\/portaltela.pt\/noticias\/2026\/04\/12\/rafael-leao-protagoniza-momento-insolito-no-milan-udinese\/\"},\"wordCount\":160,\"image\":{\"@id\":\"https:\/\/portaltela.pt\/noticias\/2026\/04\/12\/rafael-leao-protagoniza-momento-insolito-no-milan-udinese\/#primaryimage\"},\"thumbnailUrl\":\"https:\/\/portaltela.pt\/s.01k8rhncp4jt1\/2026\/04\/img_1200x721uu2026-04-12-08-43-19-2432529.jpg\",\"keywords\":[\"_desporto\",\"AC Milan\",\"\u00e1rbitro\",\"futebol\",\"jogadores\",\"Rafael Le\u00e3o\"],\"articleSection\":[\"Desporto\",\"Futebol\"],\"inLanguage\":\"pt-PT\"},{\"@type\":\"WebPage\",\"@id\":\"https:\/\/portaltela.pt\/noticias\/2026\/04\/12\/rafael-leao-protagoniza-momento-insolito-no-milan-udinese\/\",\"url\":\"https:\/\/portaltela.pt\/noticias\/2026\/04\/12\/rafael-leao-protagoniza-momento-insolito-no-milan-udinese\/\",\"name\":\"Rafael Le\u00e3o protagoniza momento ins\u00f3lito no Milan-Udinese - Portal Tela Portugal\",\"isPartOf\":{\"@id\":\"https:\/\/portaltela.pt\/#website\"},\"primaryImageOfPage\":{\"@id\":\"https:\/\/portaltela.pt\/noticias\/2026\/04\/12\/rafael-leao-protagoniza-momento-insolito-no-milan-udinese\/#primaryimage\"},\"image\":{\"@id\":\"https:\/\/portaltela.pt\/noticias\/2026\/04\/12\/rafael-leao-protagoniza-momento-insolito-no-milan-udinese\/#primaryimage\"},\"thumbnailUrl\":\"https:\/\/portaltela.pt\/s.01k8rhncp4jt1\/2026\/04\/img_1200x721uu2026-04-12-08-43-19-2432529.jpg\",\"datePublished\":\"2026-04-12T08:02:12+00:00\",\"author\":{\"@id\":\"https:\/\/portaltela.pt\/#\/schema\/person\/c4278d4a6028830caff9ee44b42d32ed\"},\"breadcrumb\":{\"@id\":\"https:\/\/portaltela.pt\/noticias\/2026\/04\/12\/rafael-leao-protagoniza-momento-insolito-no-milan-udinese\/#breadcrumb\"},\"inLanguage\":\"pt-PT\",\"potentialAction\":[{\"@type\":\"ReadAction\",\"target\":[\"https:\/\/portaltela.pt\/noticias\/2026\/04\/12\/rafael-leao-protagoniza-momento-insolito-no-milan-udinese\/\"]}]},{\"@type\":\"ImageObject\",\"inLanguage\":\"pt-PT\",\"@id\":\"https:\/\/portaltela.pt\/noticias\/2026\/04\/12\/rafael-leao-protagoniza-momento-insolito-no-milan-udinese\/#primaryimage\",\"url\":\"https:\/\/portaltela.pt\/s.01k8rhncp4jt1\/2026\/04\/img_1200x721uu2026-04-12-08-43-19-2432529.jpg\",\"contentUrl\":\"https:\/\/portaltela.pt\/s.01k8rhncp4jt1\/2026\/04\/img_1200x721uu2026-04-12-08-43-19-2432529.jpg\",\"width\":796,\"height\":448,\"caption\":\"Onde estava Rafael Le\u00e3o com a cabe\u00e7a? O momento ins\u00f3lito do portugu\u00eas no Milan-Udinese\"},{\"@type\":\"BreadcrumbList\",\"@id\":\"https:\/\/portaltela.pt\/noticias\/2026\/04\/12\/rafael-leao-protagoniza-momento-insolito-no-milan-udinese\/#breadcrumb\",\"itemListElement\":[{\"@type\":\"ListItem\",\"position\":1,\"name\":\"In\u00edcio\",\"item\":\"https:\/\/portaltela.pt\/\"},{\"@type\":\"ListItem\",\"position\":2,\"name\":\"Rafael Le\u00e3o protagoniza momento ins\u00f3lito no Milan-Udinese\"}]},{\"@type\":\"WebSite\",\"@id\":\"https:\/\/portaltela.pt\/#website\",\"url\":\"https:\/\/portaltela.pt\/\",\"name\":\"Portal Tela Portugal\",\"description\":\"\",\"potentialAction\":[{\"@type\":\"SearchAction\",\"target\":{\"@type\":\"EntryPoint\",\"urlTemplate\":\"https:\/\/portaltela.pt\/?s={search_term_string}\"},\"query-input\":{\"@type\":\"PropertyValueSpecification\",\"valueRequired\":true,\"valueName\":\"search_term_string\"}}],\"inLanguage\":\"pt-PT\"},{\"@type\":\"Person\",\"@id\":\"https:\/\/portaltela.pt\/#\/schema\/person\/c4278d4a6028830caff9ee44b42d32ed\",\"name\":\"Telinha\",\"image\":{\"@type\":\"ImageObject\",\"inLanguage\":\"pt-PT\",\"@id\":\"https:\/\/portaltela.pt\/s.01k8rhncp4jt1\/2025\/11\/talking-bot-125x125.png\",\"url\":\"https:\/\/portaltela.pt\/s.01k8rhncp4jt1\/2025\/11\/talking-bot-125x125.png\",\"contentUrl\":\"https:\/\/portaltela.pt\/s.01k8rhncp4jt1\/2025\/11\/talking-bot-125x125.png\",\"caption\":\"Telinha\"},\"sameAs\":[\"https:\/\/portaltela.pt\/\"],\"url\":\"https:\/\/portaltela.pt\/por\/367410592786\/\"}]}<\/script>\n<!-- \/ Yoast SEO plugin. -->","yoast_head_json":{"title":"Rafael Le\u00e3o protagoniza momento ins\u00f3lito no Milan-Udinese - Portal Tela Portugal","robots":{"index":"index","follow":"follow","max-snippet":"max-snippet:-1","max-image-preview":"max-image-preview:large","max-video-preview":"max-video-preview:-1"},"og_locale":"pt_PT","og_type":"article","og_title":"Rafael Le\u00e3o protagoniza momento ins\u00f3lito no Milan-Udinese - Portal Tela Portugal","og_description":"No minuto 66, durante a substitui\u00e7\u00e3o, o quarto \u00e1rbitro mostrou o n\u00famero 10 a sair e o 24 a entrar; Rafael Le\u00e3o, n\u00famero 10 do Milan, dirigiu-se \u00e0s linhas exteriores. O jogador retirou caneleiras e baixou as meias, mas percebeu que a substitui\u00e7\u00e3o era da Udinese e que Zaniolo seria o substitu\u00eddo. Aos 77 minutos, seria, afinal, a vez de Le\u00e3o ser substitu\u00eddo. Aos 16 minutos, o extremo j\u00e1 tinha estado envolvido num momento com o \u00e1rbitro, ao aplaudir uma decis\u00e3o.","og_url":"https:\/\/portaltela.pt\/noticias\/2026\/04\/12\/rafael-leao-protagoniza-momento-insolito-no-milan-udinese\/","og_site_name":"Portal Tela Portugal","article_published_time":"2026-04-12T08:02:12+00:00","author":"Telinha","twitter_card":"summary_large_image","twitter_misc":{"Escrito por":"Telinha","Tempo estimado de leitura":"1 minuto"},"schema":{"@context":"https:\/\/schema.org","@graph":[{"@type":"Article","@id":"https:\/\/portaltela.pt\/noticias\/2026\/04\/12\/rafael-leao-protagoniza-momento-insolito-no-milan-udinese\/#article","isPartOf":{"@id":"https:\/\/portaltela.pt\/noticias\/2026\/04\/12\/rafael-leao-protagoniza-momento-insolito-no-milan-udinese\/"},"author":{"name":"Telinha","@id":"https:\/\/portaltela.pt\/#\/schema\/person\/c4278d4a6028830caff9ee44b42d32ed"},"headline":"Rafael Le\u00e3o protagoniza momento ins\u00f3lito no Milan-Udinese","datePublished":"2026-04-12T08:02:12+00:00","mainEntityOfPage":{"@id":"https:\/\/portaltela.pt\/noticias\/2026\/04\/12\/rafael-leao-protagoniza-momento-insolito-no-milan-udinese\/"},"wordCount":160,"image":{"@id":"https:\/\/portaltela.pt\/noticias\/2026\/04\/12\/rafael-leao-protagoniza-momento-insolito-no-milan-udinese\/#primaryimage"},"thumbnailUrl":"https:\/\/portaltela.pt\/s.01k8rhncp4jt1\/2026\/04\/img_1200x721uu2026-04-12-08-43-19-2432529.jpg","keywords":["_desporto","AC Milan","\u00e1rbitro","futebol","jogadores","Rafael Le\u00e3o"],"articleSection":["Desporto","Futebol"],"inLanguage":"pt-PT"},{"@type":"WebPage","@id":"https:\/\/portaltela.pt\/noticias\/2026\/04\/12\/rafael-leao-protagoniza-momento-insolito-no-milan-udinese\/","url":"https:\/\/portaltela.pt\/noticias\/2026\/04\/12\/rafael-leao-protagoniza-momento-insolito-no-milan-udinese\/","name":"Rafael Le\u00e3o protagoniza momento ins\u00f3lito no Milan-Udinese - Portal Tela Portugal","isPartOf":{"@id":"https:\/\/portaltela.pt\/#website"},"primaryImageOfPage":{"@id":"https:\/\/portaltela.pt\/noticias\/2026\/04\/12\/rafael-leao-protagoniza-momento-insolito-no-milan-udinese\/#primaryimage"},"image":{"@id":"https:\/\/portaltela.pt\/noticias\/2026\/04\/12\/rafael-leao-protagoniza-momento-insolito-no-milan-udinese\/#primaryimage"},"thumbnailUrl":"https:\/\/portaltela.pt\/s.01k8rhncp4jt1\/2026\/04\/img_1200x721uu2026-04-12-08-43-19-2432529.jpg","datePublished":"2026-04-12T08:02:12+00:00","author":{"@id":"https:\/\/portaltela.pt\/#\/schema\/person\/c4278d4a6028830caff9ee44b42d32ed"},"breadcrumb":{"@id":"https:\/\/portaltela.pt\/noticias\/2026\/04\/12\/rafael-leao-protagoniza-momento-insolito-no-milan-udinese\/#breadcrumb"},"inLanguage":"pt-PT","potentialAction":[{"@type":"ReadAction","target":["https:\/\/portaltela.pt\/noticias\/2026\/04\/12\/rafael-leao-protagoniza-momento-insolito-no-milan-udinese\/"]}]},{"@type":"ImageObject","inLanguage":"pt-PT","@id":"https:\/\/portaltela.pt\/noticias\/2026\/04\/12\/rafael-leao-protagoniza-momento-insolito-no-milan-udinese\/#primaryimage","url":"https:\/\/portaltela.pt\/s.01k8rhncp4jt1\/2026\/04\/img_1200x721uu2026-04-12-08-43-19-2432529.jpg","contentUrl":"https:\/\/portaltela.pt\/s.01k8rhncp4jt1\/2026\/04\/img_1200x721uu2026-04-12-08-43-19-2432529.jpg","width":796,"height":448,"caption":"Onde estava Rafael Le\u00e3o com a cabe\u00e7a? O momento ins\u00f3lito do portugu\u00eas no Milan-Udinese"},{"@type":"BreadcrumbList","@id":"https:\/\/portaltela.pt\/noticias\/2026\/04\/12\/rafael-leao-protagoniza-momento-insolito-no-milan-udinese\/#breadcrumb","itemListElement":[{"@type":"ListItem","position":1,"name":"In\u00edcio","item":"https:\/\/portaltela.pt\/"},{"@type":"ListItem","position":2,"name":"Rafael Le\u00e3o protagoniza momento ins\u00f3lito no Milan-Udinese"}]},{"@type":"WebSite","@id":"https:\/\/portaltela.pt\/#website","url":"https:\/\/portaltela.pt\/","name":"Portal Tela Portugal","description":"","potentialAction":[{"@type":"SearchAction","target":{"@type":"EntryPoint","urlTemplate":"https:\/\/portaltela.pt\/?s={search_term_string}"},"query-input":{"@type":"PropertyValueSpecification","valueRequired":true,"valueName":"search_term_string"}}],"inLanguage":"pt-PT"},{"@type":"Person","@id":"https:\/\/portaltela.pt\/#\/schema\/person\/c4278d4a6028830caff9ee44b42d32ed","name":"Telinha","image":{"@type":"ImageObject","inLanguage":"pt-PT","@id":"https:\/\/portaltela.pt\/s.01k8rhncp4jt1\/2025\/11\/talking-bot-125x125.png","url":"https:\/\/portaltela.pt\/s.01k8rhncp4jt1\/2025\/11\/talking-bot-125x125.png","contentUrl":"https:\/\/portaltela.pt\/s.01k8rhncp4jt1\/2025\/11\/talking-bot-125x125.png","caption":"Telinha"},"sameAs":["https:\/\/portaltela.pt\/"],"url":"https:\/\/portaltela.pt\/por\/367410592786\/"}]}},"_links":{"self":[{"href":"https:\/\/portaltela.pt\/api\/wp\/v2\/posts\/441117","targetHints":{"allow":["GET"]}}],"collection":[{"href":"https:\/\/portaltela.pt\/api\/wp\/v2\/posts"}],"about":[{"href":"https:\/\/portaltela.pt\/api\/wp\/v2\/types\/post"}],"author":[{"embeddable":true,"href":"https:\/\/portaltela.pt\/api\/wp\/v2\/users\/2"}],"replies":[{"embeddable":true,"href":"https:\/\/portaltela.pt\/api\/wp\/v2\/comments?post=441117"}],"version-history":[{"count":0,"href":"https:\/\/portaltela.pt\/api\/wp\/v2\/posts\/441117\/revisions"}],"wp:featuredmedia":[{"embeddable":true,"href":"https:\/\/portaltela.pt\/api\/wp\/v2\/media\/441119"}],"wp:attachment":[{"href":"https:\/\/portaltela.pt\/api\/wp\/v2\/media?parent=441117"}],"wp:term":[{"taxonomy":"category","embeddable":true,"href":"https:\/\/portaltela.pt\/api\/wp\/v2\/categories?post=441117"},{"taxonomy":"post_tag","embeddable":true,"href":"https:\/\/portaltela.pt\/api\/wp\/v2\/tags?post=441117"}],"curies":[{"name":"wp","href":"https:\/\/api.w.org\/{rel}","templated":true}]}}