{"id":441105,"date":"2026-04-11T06:55:32","date_gmt":"2026-04-11T09:55:32","guid":{"rendered":"https:\/\/portaltela.pt\/noticias\/2026\/04\/11\/astronauta-conclui-missao-espacial-com-sucesso\/"},"modified":"2026-04-11T06:55:32","modified_gmt":"2026-04-11T09:55:32","slug":"astronauta-conclui-missao-espacial-com-sucesso","status":"publish","type":"post","link":"https:\/\/portaltela.pt\/tecnologia\/2026\/04\/11\/astronauta-conclui-missao-espacial-com-sucesso\/","title":{"rendered":"Astronauta conclui miss\u00e3o espacial com sucesso"},"content":{"rendered":"<p>Astronautas da Artemis II regressaram \u00e0 Terra ap\u00f3s uma miss\u00e3o hist\u00f3rica \u00e0 Lua. A nave Orion caiu no Oceano Pac\u00edfico, pr\u00f3ximo da costa da Calif\u00f3rnia, ap\u00f3s cerca de 10 dias de miss\u00e3o. A viagem marcou o primeiro retorno tripulado do programa Artemis, visando uma presen\u00e7a sustent\u00e1vel na Lua.<\/p>\n<p>A miss\u00e3o envolveu astronautas de v\u00e1rios pa\u00edses, entre os EUA, Canad\u00e1 e Europa. Durante o percurso, realizaram atividades cient\u00edficas e testes tecnol\u00f3gicos que v\u00e3o orientar futuras miss\u00f5es lunares mais longas. A NASA declarou que todos os tripulantes est\u00e3o bem e receberam os cuidados m\u00e9dicos necess\u00e1rios.<\/p>\n<p>O ensaio-geral da Artemis II j\u00e1 tinha previsto um lan\u00e7amento no in\u00edcio de fevereiro de 2026, dependendo do sucesso desse teste completo do foguete e da nave Orion. O objetivo \u00e9 validar procedimentos para a \u00f3rbita lunar e o retorno \u00e0 Terra.<\/p>\n<h3>Artemis II: ensaio-geral e objetivos<\/h3>\n<p>O ensaio-geral avaliou todas as fases do lan\u00e7amento, voo orbital e retorno. Caso corra bem, o lan\u00e7amento oficial est\u00e1 marcado para o in\u00edcio de mar\u00e7o de 2026. A dura\u00e7\u00e3o prevista da miss\u00e3o \u00e9 de cerca de 10 dias.<\/p>\n<p>Durante a opera\u00e7\u00e3o, os astronautas devem confirmar a integra\u00e7\u00e3o entre os componentes do sistema de voo. Este processo \u00e9 visto como crucial para a seguran\u00e7a e o sucesso das miss\u00f5es subsequentes. Espera-se que a Artemis III leve humanos de volta \u00e0 superf\u00edcie lunar.<\/p>\n<h3>Participa\u00e7\u00e3o internacional e coopera\u00e7\u00e3o<\/h3>\n<p>A miss\u00e3o envolve ag\u00eancias espaciais de diversos pa\u00edses, incluindo a ESA. A coopera\u00e7\u00e3o internacional \u00e9 destacada como componente essencial para o avan\u00e7o do programa e para o treinamento de equipes multinacionais em ambientes de miss\u00e3o complexos.<\/p>\n<h3>Outras miss\u00f5es em foco<\/h3>\n<ul>\n<li>A tripula\u00e7\u00e3o da Dragon Grace regressou \u00e0 Terra ap\u00f3s duas semanas na Esta\u00e7\u00e3o Espacial Internacional. A miss\u00e3o Axiom-4 envolveu astronautas de v\u00e1rias nacionalidades e refor\u00e7ou a presen\u00e7a privada no espa\u00e7o.<\/li>\n<li>A c\u00e1psula Crew Dragon Grace acoplou-se \u00e0 ISS, acolhendo astronautas da Pol\u00f3nia e da Hungria pela primeira vez. A miss\u00e3o enfatiza a coopera\u00e7\u00e3o internacional na explora\u00e7\u00e3o orbital.<\/li>\n<li>A ESA anunciou a sele\u00e7\u00e3o de cinco novos astronautas entre mais de 20 mil candidatos, com quatro europeus e um australiano. Os escolhidos passam por treino intensivo para futuras miss\u00f5es no espa\u00e7o profundo.<\/li>\n<\/ul>\n<h3>Observa\u00e7\u00f5es finais<\/h3>\n<p>A comunidade espacial continua a acompanhar com aten\u00e7\u00e3o o progresso destas miss\u00f5es. O retorno bem-sucedido da Artemis II consolida o papel da coopera\u00e7\u00e3o internacional e abre caminho para avan\u00e7os na explora\u00e7\u00e3o da Lua e de outros destinos.<\/p>\n","protected":false},"excerpt":{"rendered":"<ul>\n<li>Astronautas da Artemis II regressaram \u00e0 Terra ap\u00f3s cerca de dez dias, com a nave Orion a cair no Oceano Pac\u00edfico, ao largo da costa da Calif\u00f3rnia.<\/li>\n<li>A miss\u00e3o foi a primeira tripulada do programa Artemis, destinada a preparar futuras miss\u00f5es \u00e0 Lua e, no futuro, a Marte.<\/li>\n<li>A NASA informou que todos os membros da tripula\u00e7\u00e3o est\u00e3o bem e receberam os cuidados m\u00e9dicos necess\u00e1rios ap\u00f3s o regresso; a miss\u00e3o foi considerada um sucesso.<\/li>\n<li>O ensaio-geral para a Artemis II decorre de forma a validar o lan\u00e7amento, voo orbital e retorno, com o lan\u00e7amento oficial esperado no in\u00edcio de mar\u00e7o de 2026 e voo de orbitar a Lua no dia 8 de fevereiro de 2026.<\/li>\n<li>A miss\u00e3o envolve astronautas de diferentes nacionalidades, incluindo Estados Unidos, Canad\u00e1 e Europa, destacando a coopera\u00e7\u00e3o internacional na explora\u00e7\u00e3o espacial.<\/li>\n<\/ul>\n","protected":false},"author":2,"featured_media":441108,"comment_status":"closed","ping_status":"closed","sticky":false,"template":"","format":"standard","meta":{"footnotes":""},"categories":[6716],"tags":[7891,7767,7899,7873,7410,6232],"class_list":["post-441105","post","type-post","status-publish","format-standard","has-post-thumbnail","hentry","category-tecnologia","tag-_aeronautica","tag-_meio-ambiente","tag-_seguranca-internacional","tag-a-aerodinamica","tag-esa","tag-nasa"],"yoast_head":"<!-- This site is optimized with the Yoast SEO plugin v27.2 - https:\/\/yoast.com\/product\/yoast-seo-wordpress\/ -->\n<title>Astronauta conclui miss\u00e3o espacial com sucesso - Portal Tela Portugal<\/title>\n<meta name=\"robots\" content=\"index, follow, max-snippet:-1, max-image-preview:large, max-video-preview:-1\" \/>\n<meta property=\"og:locale\" content=\"pt_PT\" \/>\n<meta property=\"og:type\" content=\"article\" \/>\n<meta property=\"og:title\" content=\"Astronauta conclui miss\u00e3o espacial com sucesso - Portal Tela Portugal\" \/>\n<meta property=\"og:description\" content=\"Astronautas da Artemis II regressaram \u00e0 Terra ap\u00f3s cerca de dez dias, com a nave Orion a cair no Oceano Pac\u00edfico, ao largo da costa da Calif\u00f3rnia. A miss\u00e3o foi a primeira tripulada do programa Artemis, destinada a preparar futuras miss\u00f5es \u00e0 Lua e, no futuro, a Marte. A NASA informou que todos os membros da tripula\u00e7\u00e3o est\u00e3o bem e receberam os cuidados m\u00e9dicos necess\u00e1rios ap\u00f3s o regresso; a miss\u00e3o foi considerada um sucesso. O ensaio-geral para a Artemis II decorre de forma a validar o lan\u00e7amento, voo orbital e retorno, com o lan\u00e7amento oficial esperado no in\u00edcio de mar\u00e7o de 2026 e voo de orbitar a Lua no dia 8 de fevereiro de 2026. A miss\u00e3o envolve astronautas de diferentes nacionalidades, incluindo Estados Unidos, Canad\u00e1 e Europa, destacando a coopera\u00e7\u00e3o internacional na explora\u00e7\u00e3o espacial.\" \/>\n<meta property=\"og:url\" content=\"https:\/\/portaltela.pt\/noticias\/2026\/04\/11\/astronauta-conclui-missao-espacial-com-sucesso\/\" \/>\n<meta property=\"og:site_name\" content=\"Portal Tela Portugal\" \/>\n<meta property=\"article:published_time\" content=\"2026-04-11T09:55:32+00:00\" \/>\n<meta name=\"author\" content=\"Telinha\" \/>\n<meta name=\"twitter:card\" content=\"summary_large_image\" \/>\n<meta name=\"twitter:label1\" content=\"Escrito por\" \/>\n\t<meta name=\"twitter:data1\" content=\"Telinha\" \/>\n\t<meta name=\"twitter:label2\" content=\"Tempo estimado de leitura\" \/>\n\t<meta name=\"twitter:data2\" content=\"2 minutos\" \/>\n<script type=\"application\/ld+json\" class=\"yoast-schema-graph\">{\"@context\":\"https:\/\/schema.org\",\"@graph\":[{\"@type\":\"Article\",\"@id\":\"https:\/\/portaltela.pt\/noticias\/2026\/04\/11\/astronauta-conclui-missao-espacial-com-sucesso\/#article\",\"isPartOf\":{\"@id\":\"https:\/\/portaltela.pt\/noticias\/2026\/04\/11\/astronauta-conclui-missao-espacial-com-sucesso\/\"},\"author\":{\"name\":\"Telinha\",\"@id\":\"https:\/\/portaltela.pt\/#\/schema\/person\/c4278d4a6028830caff9ee44b42d32ed\"},\"headline\":\"Astronauta conclui miss\u00e3o espacial com sucesso\",\"datePublished\":\"2026-04-11T09:55:32+00:00\",\"mainEntityOfPage\":{\"@id\":\"https:\/\/portaltela.pt\/noticias\/2026\/04\/11\/astronauta-conclui-missao-espacial-com-sucesso\/\"},\"wordCount\":450,\"image\":{\"@id\":\"https:\/\/portaltela.pt\/noticias\/2026\/04\/11\/astronauta-conclui-missao-espacial-com-sucesso\/#primaryimage\"},\"thumbnailUrl\":\"https:\/\/portaltela.pt\/s.01k8rhncp4jt1\/2026\/04\/320x180_cmsv2_1741d2ae-9cd9-57db-90d2-8c154bb377e5-9718220.jpg\",\"keywords\":[\"_aeron\u00e1utica\",\"_meio-ambiente\",\"_seguran\u00e7a internacional\",\"a aerodin\u00e2mica\",\"ESA\",\"NASA\"],\"articleSection\":[\"Tecnologia\"],\"inLanguage\":\"pt-PT\"},{\"@type\":\"WebPage\",\"@id\":\"https:\/\/portaltela.pt\/noticias\/2026\/04\/11\/astronauta-conclui-missao-espacial-com-sucesso\/\",\"url\":\"https:\/\/portaltela.pt\/noticias\/2026\/04\/11\/astronauta-conclui-missao-espacial-com-sucesso\/\",\"name\":\"Astronauta conclui miss\u00e3o espacial com sucesso - Portal Tela Portugal\",\"isPartOf\":{\"@id\":\"https:\/\/portaltela.pt\/#website\"},\"primaryImageOfPage\":{\"@id\":\"https:\/\/portaltela.pt\/noticias\/2026\/04\/11\/astronauta-conclui-missao-espacial-com-sucesso\/#primaryimage\"},\"image\":{\"@id\":\"https:\/\/portaltela.pt\/noticias\/2026\/04\/11\/astronauta-conclui-missao-espacial-com-sucesso\/#primaryimage\"},\"thumbnailUrl\":\"https:\/\/portaltela.pt\/s.01k8rhncp4jt1\/2026\/04\/320x180_cmsv2_1741d2ae-9cd9-57db-90d2-8c154bb377e5-9718220.jpg\",\"datePublished\":\"2026-04-11T09:55:32+00:00\",\"author\":{\"@id\":\"https:\/\/portaltela.pt\/#\/schema\/person\/c4278d4a6028830caff9ee44b42d32ed\"},\"breadcrumb\":{\"@id\":\"https:\/\/portaltela.pt\/noticias\/2026\/04\/11\/astronauta-conclui-missao-espacial-com-sucesso\/#breadcrumb\"},\"inLanguage\":\"pt-PT\",\"potentialAction\":[{\"@type\":\"ReadAction\",\"target\":[\"https:\/\/portaltela.pt\/noticias\/2026\/04\/11\/astronauta-conclui-missao-espacial-com-sucesso\/\"]}]},{\"@type\":\"ImageObject\",\"inLanguage\":\"pt-PT\",\"@id\":\"https:\/\/portaltela.pt\/noticias\/2026\/04\/11\/astronauta-conclui-missao-espacial-com-sucesso\/#primaryimage\",\"url\":\"https:\/\/portaltela.pt\/s.01k8rhncp4jt1\/2026\/04\/320x180_cmsv2_1741d2ae-9cd9-57db-90d2-8c154bb377e5-9718220.jpg\",\"contentUrl\":\"https:\/\/portaltela.pt\/s.01k8rhncp4jt1\/2026\/04\/320x180_cmsv2_1741d2ae-9cd9-57db-90d2-8c154bb377e5-9718220.jpg\",\"width\":796,\"height\":448,\"caption\":\"Nesta fotografia fornecida pela NASA, a nave espacial Orion com os tripulantes da Artemis II a bordo cai no Oceano Pac\u00edfico ao largo da costa da Calif\u00f3rnia, sexta-feira, 10 de abril de 2026.\"},{\"@type\":\"BreadcrumbList\",\"@id\":\"https:\/\/portaltela.pt\/noticias\/2026\/04\/11\/astronauta-conclui-missao-espacial-com-sucesso\/#breadcrumb\",\"itemListElement\":[{\"@type\":\"ListItem\",\"position\":1,\"name\":\"In\u00edcio\",\"item\":\"https:\/\/portaltela.pt\/\"},{\"@type\":\"ListItem\",\"position\":2,\"name\":\"Astronauta conclui miss\u00e3o espacial com sucesso\"}]},{\"@type\":\"WebSite\",\"@id\":\"https:\/\/portaltela.pt\/#website\",\"url\":\"https:\/\/portaltela.pt\/\",\"name\":\"Portal Tela Portugal\",\"description\":\"\",\"potentialAction\":[{\"@type\":\"SearchAction\",\"target\":{\"@type\":\"EntryPoint\",\"urlTemplate\":\"https:\/\/portaltela.pt\/?s={search_term_string}\"},\"query-input\":{\"@type\":\"PropertyValueSpecification\",\"valueRequired\":true,\"valueName\":\"search_term_string\"}}],\"inLanguage\":\"pt-PT\"},{\"@type\":\"Person\",\"@id\":\"https:\/\/portaltela.pt\/#\/schema\/person\/c4278d4a6028830caff9ee44b42d32ed\",\"name\":\"Telinha\",\"image\":{\"@type\":\"ImageObject\",\"inLanguage\":\"pt-PT\",\"@id\":\"https:\/\/portaltela.pt\/s.01k8rhncp4jt1\/2025\/11\/talking-bot-125x125.png\",\"url\":\"https:\/\/portaltela.pt\/s.01k8rhncp4jt1\/2025\/11\/talking-bot-125x125.png\",\"contentUrl\":\"https:\/\/portaltela.pt\/s.01k8rhncp4jt1\/2025\/11\/talking-bot-125x125.png\",\"caption\":\"Telinha\"},\"sameAs\":[\"https:\/\/portaltela.pt\/\"],\"url\":\"https:\/\/portaltela.pt\/por\/367410592786\/\"}]}<\/script>\n<!-- \/ Yoast SEO plugin. -->","yoast_head_json":{"title":"Astronauta conclui miss\u00e3o espacial com sucesso - Portal Tela Portugal","robots":{"index":"index","follow":"follow","max-snippet":"max-snippet:-1","max-image-preview":"max-image-preview:large","max-video-preview":"max-video-preview:-1"},"og_locale":"pt_PT","og_type":"article","og_title":"Astronauta conclui miss\u00e3o espacial com sucesso - Portal Tela Portugal","og_description":"Astronautas da Artemis II regressaram \u00e0 Terra ap\u00f3s cerca de dez dias, com a nave Orion a cair no Oceano Pac\u00edfico, ao largo da costa da Calif\u00f3rnia. A miss\u00e3o foi a primeira tripulada do programa Artemis, destinada a preparar futuras miss\u00f5es \u00e0 Lua e, no futuro, a Marte. A NASA informou que todos os membros da tripula\u00e7\u00e3o est\u00e3o bem e receberam os cuidados m\u00e9dicos necess\u00e1rios ap\u00f3s o regresso; a miss\u00e3o foi considerada um sucesso. O ensaio-geral para a Artemis II decorre de forma a validar o lan\u00e7amento, voo orbital e retorno, com o lan\u00e7amento oficial esperado no in\u00edcio de mar\u00e7o de 2026 e voo de orbitar a Lua no dia 8 de fevereiro de 2026. A miss\u00e3o envolve astronautas de diferentes nacionalidades, incluindo Estados Unidos, Canad\u00e1 e Europa, destacando a coopera\u00e7\u00e3o internacional na explora\u00e7\u00e3o espacial.","og_url":"https:\/\/portaltela.pt\/noticias\/2026\/04\/11\/astronauta-conclui-missao-espacial-com-sucesso\/","og_site_name":"Portal Tela Portugal","article_published_time":"2026-04-11T09:55:32+00:00","author":"Telinha","twitter_card":"summary_large_image","twitter_misc":{"Escrito por":"Telinha","Tempo estimado de leitura":"2 minutos"},"schema":{"@context":"https:\/\/schema.org","@graph":[{"@type":"Article","@id":"https:\/\/portaltela.pt\/noticias\/2026\/04\/11\/astronauta-conclui-missao-espacial-com-sucesso\/#article","isPartOf":{"@id":"https:\/\/portaltela.pt\/noticias\/2026\/04\/11\/astronauta-conclui-missao-espacial-com-sucesso\/"},"author":{"name":"Telinha","@id":"https:\/\/portaltela.pt\/#\/schema\/person\/c4278d4a6028830caff9ee44b42d32ed"},"headline":"Astronauta conclui miss\u00e3o espacial com sucesso","datePublished":"2026-04-11T09:55:32+00:00","mainEntityOfPage":{"@id":"https:\/\/portaltela.pt\/noticias\/2026\/04\/11\/astronauta-conclui-missao-espacial-com-sucesso\/"},"wordCount":450,"image":{"@id":"https:\/\/portaltela.pt\/noticias\/2026\/04\/11\/astronauta-conclui-missao-espacial-com-sucesso\/#primaryimage"},"thumbnailUrl":"https:\/\/portaltela.pt\/s.01k8rhncp4jt1\/2026\/04\/320x180_cmsv2_1741d2ae-9cd9-57db-90d2-8c154bb377e5-9718220.jpg","keywords":["_aeron\u00e1utica","_meio-ambiente","_seguran\u00e7a internacional","a aerodin\u00e2mica","ESA","NASA"],"articleSection":["Tecnologia"],"inLanguage":"pt-PT"},{"@type":"WebPage","@id":"https:\/\/portaltela.pt\/noticias\/2026\/04\/11\/astronauta-conclui-missao-espacial-com-sucesso\/","url":"https:\/\/portaltela.pt\/noticias\/2026\/04\/11\/astronauta-conclui-missao-espacial-com-sucesso\/","name":"Astronauta conclui miss\u00e3o espacial com sucesso - Portal Tela Portugal","isPartOf":{"@id":"https:\/\/portaltela.pt\/#website"},"primaryImageOfPage":{"@id":"https:\/\/portaltela.pt\/noticias\/2026\/04\/11\/astronauta-conclui-missao-espacial-com-sucesso\/#primaryimage"},"image":{"@id":"https:\/\/portaltela.pt\/noticias\/2026\/04\/11\/astronauta-conclui-missao-espacial-com-sucesso\/#primaryimage"},"thumbnailUrl":"https:\/\/portaltela.pt\/s.01k8rhncp4jt1\/2026\/04\/320x180_cmsv2_1741d2ae-9cd9-57db-90d2-8c154bb377e5-9718220.jpg","datePublished":"2026-04-11T09:55:32+00:00","author":{"@id":"https:\/\/portaltela.pt\/#\/schema\/person\/c4278d4a6028830caff9ee44b42d32ed"},"breadcrumb":{"@id":"https:\/\/portaltela.pt\/noticias\/2026\/04\/11\/astronauta-conclui-missao-espacial-com-sucesso\/#breadcrumb"},"inLanguage":"pt-PT","potentialAction":[{"@type":"ReadAction","target":["https:\/\/portaltela.pt\/noticias\/2026\/04\/11\/astronauta-conclui-missao-espacial-com-sucesso\/"]}]},{"@type":"ImageObject","inLanguage":"pt-PT","@id":"https:\/\/portaltela.pt\/noticias\/2026\/04\/11\/astronauta-conclui-missao-espacial-com-sucesso\/#primaryimage","url":"https:\/\/portaltela.pt\/s.01k8rhncp4jt1\/2026\/04\/320x180_cmsv2_1741d2ae-9cd9-57db-90d2-8c154bb377e5-9718220.jpg","contentUrl":"https:\/\/portaltela.pt\/s.01k8rhncp4jt1\/2026\/04\/320x180_cmsv2_1741d2ae-9cd9-57db-90d2-8c154bb377e5-9718220.jpg","width":796,"height":448,"caption":"Nesta fotografia fornecida pela NASA, a nave espacial Orion com os tripulantes da Artemis II a bordo cai no Oceano Pac\u00edfico ao largo da costa da Calif\u00f3rnia, sexta-feira, 10 de abril de 2026."},{"@type":"BreadcrumbList","@id":"https:\/\/portaltela.pt\/noticias\/2026\/04\/11\/astronauta-conclui-missao-espacial-com-sucesso\/#breadcrumb","itemListElement":[{"@type":"ListItem","position":1,"name":"In\u00edcio","item":"https:\/\/portaltela.pt\/"},{"@type":"ListItem","position":2,"name":"Astronauta conclui miss\u00e3o espacial com sucesso"}]},{"@type":"WebSite","@id":"https:\/\/portaltela.pt\/#website","url":"https:\/\/portaltela.pt\/","name":"Portal Tela Portugal","description":"","potentialAction":[{"@type":"SearchAction","target":{"@type":"EntryPoint","urlTemplate":"https:\/\/portaltela.pt\/?s={search_term_string}"},"query-input":{"@type":"PropertyValueSpecification","valueRequired":true,"valueName":"search_term_string"}}],"inLanguage":"pt-PT"},{"@type":"Person","@id":"https:\/\/portaltela.pt\/#\/schema\/person\/c4278d4a6028830caff9ee44b42d32ed","name":"Telinha","image":{"@type":"ImageObject","inLanguage":"pt-PT","@id":"https:\/\/portaltela.pt\/s.01k8rhncp4jt1\/2025\/11\/talking-bot-125x125.png","url":"https:\/\/portaltela.pt\/s.01k8rhncp4jt1\/2025\/11\/talking-bot-125x125.png","contentUrl":"https:\/\/portaltela.pt\/s.01k8rhncp4jt1\/2025\/11\/talking-bot-125x125.png","caption":"Telinha"},"sameAs":["https:\/\/portaltela.pt\/"],"url":"https:\/\/portaltela.pt\/por\/367410592786\/"}]}},"_links":{"self":[{"href":"https:\/\/portaltela.pt\/api\/wp\/v2\/posts\/441105","targetHints":{"allow":["GET"]}}],"collection":[{"href":"https:\/\/portaltela.pt\/api\/wp\/v2\/posts"}],"about":[{"href":"https:\/\/portaltela.pt\/api\/wp\/v2\/types\/post"}],"author":[{"embeddable":true,"href":"https:\/\/portaltela.pt\/api\/wp\/v2\/users\/2"}],"replies":[{"embeddable":true,"href":"https:\/\/portaltela.pt\/api\/wp\/v2\/comments?post=441105"}],"version-history":[{"count":0,"href":"https:\/\/portaltela.pt\/api\/wp\/v2\/posts\/441105\/revisions"}],"wp:featuredmedia":[{"embeddable":true,"href":"https:\/\/portaltela.pt\/api\/wp\/v2\/media\/441108"}],"wp:attachment":[{"href":"https:\/\/portaltela.pt\/api\/wp\/v2\/media?parent=441105"}],"wp:term":[{"taxonomy":"category","embeddable":true,"href":"https:\/\/portaltela.pt\/api\/wp\/v2\/categories?post=441105"},{"taxonomy":"post_tag","embeddable":true,"href":"https:\/\/portaltela.pt\/api\/wp\/v2\/tags?post=441105"}],"curies":[{"name":"wp","href":"https:\/\/api.w.org\/{rel}","templated":true}]}}