{"id":441102,"date":"2026-04-12T04:32:24","date_gmt":"2026-04-12T07:32:24","guid":{"rendered":"https:\/\/portaltela.pt\/noticias\/2026\/04\/12\/campanha-encerrada-na-hungria-orban-promete-seguranca-e-responsabilidade-hungara\/"},"modified":"2026-04-12T04:32:24","modified_gmt":"2026-04-12T07:32:24","slug":"campanha-encerrada-na-hungria-orban-promete-seguranca-e-responsabilidade-hungara","status":"publish","type":"post","link":"https:\/\/portaltela.pt\/noticias\/politica\/2026\/04\/12\/campanha-encerrada-na-hungria-orban-promete-seguranca-e-responsabilidade-hungara\/","title":{"rendered":"Campanha encerrada na Hungria: Orb\u00e1n promete seguran\u00e7a e responsabilidade h\u00fangara"},"content":{"rendered":"<p>A campanha eleitoral na Hungria chegou ao fim com dois eventos marcantes. Em Budapeste, o com\u00edcio de encerramento do Fidesz-KDNP teve lugar no Castelo de Buda, onde Viktor Orb\u00e1n apelou ao sentimento de seguran\u00e7a nacional. Em Debrecen, P\u00e9ter Magyar discursou no com\u00edcio principal do Tisza, ap\u00f3s um grande concerto na capital que mobilizou cerca de 100 mil pessoas. As elei\u00e7\u00f5es realizam-se neste domingo.<\/p>\n<p>Orb\u00e1n afirmou que o pa\u00eds est\u00e1 em jogo entre a paz, a seguran\u00e7a e a continua\u00e7\u00e3o do governo atual. O chefe do governo criticou o que chamou de interfer\u00eancia externa e disse que o dinheiro dos h\u00fangaros n\u00e3o deve ser entregue a pol\u00edticas suportadas por ucrania e Bruxelas. Defendeu manter a Hungria fora de uma eventual escalada de conflito.<\/p>\n<p>O l\u00edder do Tisza, P\u00e9ter Magyar, por sua vez, destacou a necessidade de reformas profundas. Prop\u00f4s substituir figuras-chave do aparelho do Estado, redigir uma nova Constitui\u00e7\u00e3o e realizar um referendo para validar mudan\u00e7as. Entre as propostas, estavam a cria\u00e7\u00e3o de um imposto sobre fortunas, o corte de financiamento estatal \u00e0 propaganda e uma investiga\u00e7\u00e3o sobre o Ministro dos Neg\u00f3cios Estrangeiros.<\/p>\n<p>Magyar anunciou tamb\u00e9m a ades\u00e3o ao Minist\u00e9rio P\u00fablico Europeu e a cria\u00e7\u00e3o de uma comiss\u00e3o de peritos para acompanhar o processo constitucional. O objetivo \u00e9 envolver a popula\u00e7\u00e3o e diversas for\u00e7as pol\u00edticas na reda\u00e7\u00e3o de uma nova carta magna. A campanha inclui promessas de maior fiscaliza\u00e7\u00e3o e combate \u00e0 influ\u00eancia externa.<\/p>\n<p>Antes disso, um dia antes, o concerto em Budapeste reuniu milhares de pessoas num ato de protesto contra as pol\u00edticas de Orb\u00e1n, com participa\u00e7\u00e3o de artistas nacionais. O evento durou sete horas e seguiu o megaconcerto de apoio ao Tisza, que reuniu mais de 100 mil assistentes.<\/p>\n<p>Por fim, as urnas abrem neste domingo para decidir entre manter o governo atual ou apostar na alternativa apresentada pelo Tisza. As pr\u00f3ximas horas devem esclarecer o futuro pol\u00edtico da Hungria e o papel de ambos os campos no funcionamento do Estado.<\/p>\n","protected":false},"excerpt":{"rendered":"<ul>\n<li>O l\u00edder do Fidesz encerrou a campanha em Budapeste, no Castelo de Buda, ap\u00f3s um megaconcerto que reuniu cem mil pessoas, antes das elei\u00e7\u00f5es de domingo.<\/li>\n<li>Viktor Orb\u00e1n disse que o voto decide se a Hungria ficar\u00e1 em paz e ser\u00e1 o pa\u00eds mais seguro da Europa, e afirmou que o dinheiro dos h\u00fangaros n\u00e3o deve ir para a Ucr\u00e2nia, responsabilizando a guerra e as san\u00e7\u00f5es.<\/li>\n<li>Afirmou que as elei\u00e7\u00f5es definem se o governo ser\u00e1 pr\u00f3-nacional ou pr\u00f3-ucraniano e que n\u00e3o apoiar\u00e1 decis\u00f5es pr\u00f3-ucranianas enquanto o bloqueio petrol\u00edfero n\u00e3o for desfeito, pretendendo manter a Hungria fora da guerra.<\/li>\n<li>Comentou que h\u00e1 interven\u00e7\u00e3o estrangeira sem precedentes e citou supostos telefonemas do ministro dos Neg\u00f3cios Estrangeiros, P\u00e9ter Szijj\u00e1rt\u00f3, a Lavrov.<\/li>\n<li>O Tisza, liderado por P\u00e9ter Magyar, encerrou a campanha em Debrecen com promessas de uma nova Constitui\u00e7\u00e3o, substitui\u00e7\u00e3o de autoridades, imposto sobre fortunas, fim do financiamento estatal da propaganda e coopera\u00e7\u00e3o com o Minist\u00e9rio P\u00fablico Europeu, al\u00e9m de investigar Szijj\u00e1rt\u00f3.<\/li>\n<\/ul>\n","protected":false},"author":2,"featured_media":441104,"comment_status":"closed","ping_status":"closed","sticky":false,"template":"","format":"standard","meta":{"footnotes":""},"categories":[1,5],"tags":[4057,68,2579,2832,4536,2055],"class_list":["post-441102","post","type-post","status-publish","format-standard","has-post-thumbnail","hentry","category-noticias","category-politica","tag-constituicao","tag-eleicoes","tag-hungria","tag-politica","tag-seguranca","tag-uniao-europeia"],"yoast_head":"<!-- This site is optimized with the Yoast SEO plugin v27.2 - https:\/\/yoast.com\/product\/yoast-seo-wordpress\/ -->\n<title>Campanha encerrada na Hungria: Orb\u00e1n promete seguran\u00e7a e responsabilidade h\u00fangara - Portal Tela Portugal<\/title>\n<meta name=\"robots\" content=\"index, follow, max-snippet:-1, max-image-preview:large, max-video-preview:-1\" \/>\n<meta property=\"og:locale\" content=\"pt_PT\" \/>\n<meta property=\"og:type\" content=\"article\" \/>\n<meta property=\"og:title\" content=\"Campanha encerrada na Hungria: Orb\u00e1n promete seguran\u00e7a e responsabilidade h\u00fangara - Portal Tela Portugal\" \/>\n<meta property=\"og:description\" content=\"O l\u00edder do Fidesz encerrou a campanha em Budapeste, no Castelo de Buda, ap\u00f3s um megaconcerto que reuniu cem mil pessoas, antes das elei\u00e7\u00f5es de domingo. Viktor Orb\u00e1n disse que o voto decide se a Hungria ficar\u00e1 em paz e ser\u00e1 o pa\u00eds mais seguro da Europa, e afirmou que o dinheiro dos h\u00fangaros n\u00e3o deve ir para a Ucr\u00e2nia, responsabilizando a guerra e as san\u00e7\u00f5es. Afirmou que as elei\u00e7\u00f5es definem se o governo ser\u00e1 pr\u00f3-nacional ou pr\u00f3-ucraniano e que n\u00e3o apoiar\u00e1 decis\u00f5es pr\u00f3-ucranianas enquanto o bloqueio petrol\u00edfero n\u00e3o for desfeito, pretendendo manter a Hungria fora da guerra. Comentou que h\u00e1 interven\u00e7\u00e3o estrangeira sem precedentes e citou supostos telefonemas do ministro dos Neg\u00f3cios Estrangeiros, P\u00e9ter Szijj\u00e1rt\u00f3, a Lavrov. O Tisza, liderado por P\u00e9ter Magyar, encerrou a campanha em Debrecen com promessas de uma nova Constitui\u00e7\u00e3o, substitui\u00e7\u00e3o de autoridades, imposto sobre fortunas, fim do financiamento estatal da propaganda e coopera\u00e7\u00e3o com o Minist\u00e9rio P\u00fablico Europeu, al\u00e9m de investigar Szijj\u00e1rt\u00f3.\" \/>\n<meta property=\"og:url\" content=\"https:\/\/portaltela.pt\/noticias\/2026\/04\/12\/campanha-encerrada-na-hungria-orban-promete-seguranca-e-responsabilidade-hungara\/\" \/>\n<meta property=\"og:site_name\" content=\"Portal Tela Portugal\" \/>\n<meta property=\"article:published_time\" content=\"2026-04-12T07:32:24+00:00\" \/>\n<meta name=\"author\" content=\"Telinha\" \/>\n<meta name=\"twitter:card\" content=\"summary_large_image\" \/>\n<meta name=\"twitter:label1\" content=\"Escrito por\" \/>\n\t<meta name=\"twitter:data1\" content=\"Telinha\" \/>\n\t<meta name=\"twitter:label2\" content=\"Tempo estimado de leitura\" \/>\n\t<meta name=\"twitter:data2\" content=\"2 minutos\" \/>\n<script type=\"application\/ld+json\" class=\"yoast-schema-graph\">{\"@context\":\"https:\/\/schema.org\",\"@graph\":[{\"@type\":\"Article\",\"@id\":\"https:\/\/portaltela.pt\/noticias\/2026\/04\/12\/campanha-encerrada-na-hungria-orban-promete-seguranca-e-responsabilidade-hungara\/#article\",\"isPartOf\":{\"@id\":\"https:\/\/portaltela.pt\/noticias\/2026\/04\/12\/campanha-encerrada-na-hungria-orban-promete-seguranca-e-responsabilidade-hungara\/\"},\"author\":{\"name\":\"Telinha\",\"@id\":\"https:\/\/portaltela.pt\/#\/schema\/person\/c4278d4a6028830caff9ee44b42d32ed\"},\"headline\":\"Campanha encerrada na Hungria: Orb\u00e1n promete seguran\u00e7a e responsabilidade h\u00fangara\",\"datePublished\":\"2026-04-12T07:32:24+00:00\",\"mainEntityOfPage\":{\"@id\":\"https:\/\/portaltela.pt\/noticias\/2026\/04\/12\/campanha-encerrada-na-hungria-orban-promete-seguranca-e-responsabilidade-hungara\/\"},\"wordCount\":370,\"image\":{\"@id\":\"https:\/\/portaltela.pt\/noticias\/2026\/04\/12\/campanha-encerrada-na-hungria-orban-promete-seguranca-e-responsabilidade-hungara\/#primaryimage\"},\"thumbnailUrl\":\"https:\/\/portaltela.pt\/s.01k8rhncp4jt1\/2026\/04\/1536x864_cmsv2_3f37b8eb-bc90-5dc1-a103-b00ba0f6ea2c-9718368.jpg\",\"keywords\":[\"constitui\u00e7\u00e3o\",\"elei\u00e7\u00f5es\",\"Hungria\",\"pol\u00edtica\",\"seguran\u00e7a\",\"Uni\u00e3o Europeia\"],\"articleSection\":[\"Not\u00edcias\",\"Pol\u00edtica\"],\"inLanguage\":\"pt-PT\"},{\"@type\":\"WebPage\",\"@id\":\"https:\/\/portaltela.pt\/noticias\/2026\/04\/12\/campanha-encerrada-na-hungria-orban-promete-seguranca-e-responsabilidade-hungara\/\",\"url\":\"https:\/\/portaltela.pt\/noticias\/2026\/04\/12\/campanha-encerrada-na-hungria-orban-promete-seguranca-e-responsabilidade-hungara\/\",\"name\":\"Campanha encerrada na Hungria: Orb\u00e1n promete seguran\u00e7a e responsabilidade h\u00fangara - Portal Tela Portugal\",\"isPartOf\":{\"@id\":\"https:\/\/portaltela.pt\/#website\"},\"primaryImageOfPage\":{\"@id\":\"https:\/\/portaltela.pt\/noticias\/2026\/04\/12\/campanha-encerrada-na-hungria-orban-promete-seguranca-e-responsabilidade-hungara\/#primaryimage\"},\"image\":{\"@id\":\"https:\/\/portaltela.pt\/noticias\/2026\/04\/12\/campanha-encerrada-na-hungria-orban-promete-seguranca-e-responsabilidade-hungara\/#primaryimage\"},\"thumbnailUrl\":\"https:\/\/portaltela.pt\/s.01k8rhncp4jt1\/2026\/04\/1536x864_cmsv2_3f37b8eb-bc90-5dc1-a103-b00ba0f6ea2c-9718368.jpg\",\"datePublished\":\"2026-04-12T07:32:24+00:00\",\"author\":{\"@id\":\"https:\/\/portaltela.pt\/#\/schema\/person\/c4278d4a6028830caff9ee44b42d32ed\"},\"breadcrumb\":{\"@id\":\"https:\/\/portaltela.pt\/noticias\/2026\/04\/12\/campanha-encerrada-na-hungria-orban-promete-seguranca-e-responsabilidade-hungara\/#breadcrumb\"},\"inLanguage\":\"pt-PT\",\"potentialAction\":[{\"@type\":\"ReadAction\",\"target\":[\"https:\/\/portaltela.pt\/noticias\/2026\/04\/12\/campanha-encerrada-na-hungria-orban-promete-seguranca-e-responsabilidade-hungara\/\"]}]},{\"@type\":\"ImageObject\",\"inLanguage\":\"pt-PT\",\"@id\":\"https:\/\/portaltela.pt\/noticias\/2026\/04\/12\/campanha-encerrada-na-hungria-orban-promete-seguranca-e-responsabilidade-hungara\/#primaryimage\",\"url\":\"https:\/\/portaltela.pt\/s.01k8rhncp4jt1\/2026\/04\/1536x864_cmsv2_3f37b8eb-bc90-5dc1-a103-b00ba0f6ea2c-9718368.jpg\",\"contentUrl\":\"https:\/\/portaltela.pt\/s.01k8rhncp4jt1\/2026\/04\/1536x864_cmsv2_3f37b8eb-bc90-5dc1-a103-b00ba0f6ea2c-9718368.jpg\",\"width\":796,\"height\":448,\"caption\":\"O primeiro-ministro Viktor Orb\u00e1n no com\u00edcio de campanha do Fidesz-KDNP em Buda, na Pra\u00e7a Szenth\u00e1roms\u00e1g\"},{\"@type\":\"BreadcrumbList\",\"@id\":\"https:\/\/portaltela.pt\/noticias\/2026\/04\/12\/campanha-encerrada-na-hungria-orban-promete-seguranca-e-responsabilidade-hungara\/#breadcrumb\",\"itemListElement\":[{\"@type\":\"ListItem\",\"position\":1,\"name\":\"In\u00edcio\",\"item\":\"https:\/\/portaltela.pt\/\"},{\"@type\":\"ListItem\",\"position\":2,\"name\":\"Campanha encerrada na Hungria: Orb\u00e1n promete seguran\u00e7a e responsabilidade h\u00fangara\"}]},{\"@type\":\"WebSite\",\"@id\":\"https:\/\/portaltela.pt\/#website\",\"url\":\"https:\/\/portaltela.pt\/\",\"name\":\"Portal Tela Portugal\",\"description\":\"\",\"potentialAction\":[{\"@type\":\"SearchAction\",\"target\":{\"@type\":\"EntryPoint\",\"urlTemplate\":\"https:\/\/portaltela.pt\/?s={search_term_string}\"},\"query-input\":{\"@type\":\"PropertyValueSpecification\",\"valueRequired\":true,\"valueName\":\"search_term_string\"}}],\"inLanguage\":\"pt-PT\"},{\"@type\":\"Person\",\"@id\":\"https:\/\/portaltela.pt\/#\/schema\/person\/c4278d4a6028830caff9ee44b42d32ed\",\"name\":\"Telinha\",\"image\":{\"@type\":\"ImageObject\",\"inLanguage\":\"pt-PT\",\"@id\":\"https:\/\/portaltela.pt\/s.01k8rhncp4jt1\/2025\/11\/talking-bot-125x125.png\",\"url\":\"https:\/\/portaltela.pt\/s.01k8rhncp4jt1\/2025\/11\/talking-bot-125x125.png\",\"contentUrl\":\"https:\/\/portaltela.pt\/s.01k8rhncp4jt1\/2025\/11\/talking-bot-125x125.png\",\"caption\":\"Telinha\"},\"sameAs\":[\"https:\/\/portaltela.pt\/\"],\"url\":\"https:\/\/portaltela.pt\/por\/367410592786\/\"}]}<\/script>\n<!-- \/ Yoast SEO plugin. -->","yoast_head_json":{"title":"Campanha encerrada na Hungria: Orb\u00e1n promete seguran\u00e7a e responsabilidade h\u00fangara - Portal Tela Portugal","robots":{"index":"index","follow":"follow","max-snippet":"max-snippet:-1","max-image-preview":"max-image-preview:large","max-video-preview":"max-video-preview:-1"},"og_locale":"pt_PT","og_type":"article","og_title":"Campanha encerrada na Hungria: Orb\u00e1n promete seguran\u00e7a e responsabilidade h\u00fangara - Portal Tela Portugal","og_description":"O l\u00edder do Fidesz encerrou a campanha em Budapeste, no Castelo de Buda, ap\u00f3s um megaconcerto que reuniu cem mil pessoas, antes das elei\u00e7\u00f5es de domingo. Viktor Orb\u00e1n disse que o voto decide se a Hungria ficar\u00e1 em paz e ser\u00e1 o pa\u00eds mais seguro da Europa, e afirmou que o dinheiro dos h\u00fangaros n\u00e3o deve ir para a Ucr\u00e2nia, responsabilizando a guerra e as san\u00e7\u00f5es. Afirmou que as elei\u00e7\u00f5es definem se o governo ser\u00e1 pr\u00f3-nacional ou pr\u00f3-ucraniano e que n\u00e3o apoiar\u00e1 decis\u00f5es pr\u00f3-ucranianas enquanto o bloqueio petrol\u00edfero n\u00e3o for desfeito, pretendendo manter a Hungria fora da guerra. Comentou que h\u00e1 interven\u00e7\u00e3o estrangeira sem precedentes e citou supostos telefonemas do ministro dos Neg\u00f3cios Estrangeiros, P\u00e9ter Szijj\u00e1rt\u00f3, a Lavrov. O Tisza, liderado por P\u00e9ter Magyar, encerrou a campanha em Debrecen com promessas de uma nova Constitui\u00e7\u00e3o, substitui\u00e7\u00e3o de autoridades, imposto sobre fortunas, fim do financiamento estatal da propaganda e coopera\u00e7\u00e3o com o Minist\u00e9rio P\u00fablico Europeu, al\u00e9m de investigar Szijj\u00e1rt\u00f3.","og_url":"https:\/\/portaltela.pt\/noticias\/2026\/04\/12\/campanha-encerrada-na-hungria-orban-promete-seguranca-e-responsabilidade-hungara\/","og_site_name":"Portal Tela Portugal","article_published_time":"2026-04-12T07:32:24+00:00","author":"Telinha","twitter_card":"summary_large_image","twitter_misc":{"Escrito por":"Telinha","Tempo estimado de leitura":"2 minutos"},"schema":{"@context":"https:\/\/schema.org","@graph":[{"@type":"Article","@id":"https:\/\/portaltela.pt\/noticias\/2026\/04\/12\/campanha-encerrada-na-hungria-orban-promete-seguranca-e-responsabilidade-hungara\/#article","isPartOf":{"@id":"https:\/\/portaltela.pt\/noticias\/2026\/04\/12\/campanha-encerrada-na-hungria-orban-promete-seguranca-e-responsabilidade-hungara\/"},"author":{"name":"Telinha","@id":"https:\/\/portaltela.pt\/#\/schema\/person\/c4278d4a6028830caff9ee44b42d32ed"},"headline":"Campanha encerrada na Hungria: Orb\u00e1n promete seguran\u00e7a e responsabilidade h\u00fangara","datePublished":"2026-04-12T07:32:24+00:00","mainEntityOfPage":{"@id":"https:\/\/portaltela.pt\/noticias\/2026\/04\/12\/campanha-encerrada-na-hungria-orban-promete-seguranca-e-responsabilidade-hungara\/"},"wordCount":370,"image":{"@id":"https:\/\/portaltela.pt\/noticias\/2026\/04\/12\/campanha-encerrada-na-hungria-orban-promete-seguranca-e-responsabilidade-hungara\/#primaryimage"},"thumbnailUrl":"https:\/\/portaltela.pt\/s.01k8rhncp4jt1\/2026\/04\/1536x864_cmsv2_3f37b8eb-bc90-5dc1-a103-b00ba0f6ea2c-9718368.jpg","keywords":["constitui\u00e7\u00e3o","elei\u00e7\u00f5es","Hungria","pol\u00edtica","seguran\u00e7a","Uni\u00e3o Europeia"],"articleSection":["Not\u00edcias","Pol\u00edtica"],"inLanguage":"pt-PT"},{"@type":"WebPage","@id":"https:\/\/portaltela.pt\/noticias\/2026\/04\/12\/campanha-encerrada-na-hungria-orban-promete-seguranca-e-responsabilidade-hungara\/","url":"https:\/\/portaltela.pt\/noticias\/2026\/04\/12\/campanha-encerrada-na-hungria-orban-promete-seguranca-e-responsabilidade-hungara\/","name":"Campanha encerrada na Hungria: Orb\u00e1n promete seguran\u00e7a e responsabilidade h\u00fangara - Portal Tela Portugal","isPartOf":{"@id":"https:\/\/portaltela.pt\/#website"},"primaryImageOfPage":{"@id":"https:\/\/portaltela.pt\/noticias\/2026\/04\/12\/campanha-encerrada-na-hungria-orban-promete-seguranca-e-responsabilidade-hungara\/#primaryimage"},"image":{"@id":"https:\/\/portaltela.pt\/noticias\/2026\/04\/12\/campanha-encerrada-na-hungria-orban-promete-seguranca-e-responsabilidade-hungara\/#primaryimage"},"thumbnailUrl":"https:\/\/portaltela.pt\/s.01k8rhncp4jt1\/2026\/04\/1536x864_cmsv2_3f37b8eb-bc90-5dc1-a103-b00ba0f6ea2c-9718368.jpg","datePublished":"2026-04-12T07:32:24+00:00","author":{"@id":"https:\/\/portaltela.pt\/#\/schema\/person\/c4278d4a6028830caff9ee44b42d32ed"},"breadcrumb":{"@id":"https:\/\/portaltela.pt\/noticias\/2026\/04\/12\/campanha-encerrada-na-hungria-orban-promete-seguranca-e-responsabilidade-hungara\/#breadcrumb"},"inLanguage":"pt-PT","potentialAction":[{"@type":"ReadAction","target":["https:\/\/portaltela.pt\/noticias\/2026\/04\/12\/campanha-encerrada-na-hungria-orban-promete-seguranca-e-responsabilidade-hungara\/"]}]},{"@type":"ImageObject","inLanguage":"pt-PT","@id":"https:\/\/portaltela.pt\/noticias\/2026\/04\/12\/campanha-encerrada-na-hungria-orban-promete-seguranca-e-responsabilidade-hungara\/#primaryimage","url":"https:\/\/portaltela.pt\/s.01k8rhncp4jt1\/2026\/04\/1536x864_cmsv2_3f37b8eb-bc90-5dc1-a103-b00ba0f6ea2c-9718368.jpg","contentUrl":"https:\/\/portaltela.pt\/s.01k8rhncp4jt1\/2026\/04\/1536x864_cmsv2_3f37b8eb-bc90-5dc1-a103-b00ba0f6ea2c-9718368.jpg","width":796,"height":448,"caption":"O primeiro-ministro Viktor Orb\u00e1n no com\u00edcio de campanha do Fidesz-KDNP em Buda, na Pra\u00e7a Szenth\u00e1roms\u00e1g"},{"@type":"BreadcrumbList","@id":"https:\/\/portaltela.pt\/noticias\/2026\/04\/12\/campanha-encerrada-na-hungria-orban-promete-seguranca-e-responsabilidade-hungara\/#breadcrumb","itemListElement":[{"@type":"ListItem","position":1,"name":"In\u00edcio","item":"https:\/\/portaltela.pt\/"},{"@type":"ListItem","position":2,"name":"Campanha encerrada na Hungria: Orb\u00e1n promete seguran\u00e7a e responsabilidade h\u00fangara"}]},{"@type":"WebSite","@id":"https:\/\/portaltela.pt\/#website","url":"https:\/\/portaltela.pt\/","name":"Portal Tela Portugal","description":"","potentialAction":[{"@type":"SearchAction","target":{"@type":"EntryPoint","urlTemplate":"https:\/\/portaltela.pt\/?s={search_term_string}"},"query-input":{"@type":"PropertyValueSpecification","valueRequired":true,"valueName":"search_term_string"}}],"inLanguage":"pt-PT"},{"@type":"Person","@id":"https:\/\/portaltela.pt\/#\/schema\/person\/c4278d4a6028830caff9ee44b42d32ed","name":"Telinha","image":{"@type":"ImageObject","inLanguage":"pt-PT","@id":"https:\/\/portaltela.pt\/s.01k8rhncp4jt1\/2025\/11\/talking-bot-125x125.png","url":"https:\/\/portaltela.pt\/s.01k8rhncp4jt1\/2025\/11\/talking-bot-125x125.png","contentUrl":"https:\/\/portaltela.pt\/s.01k8rhncp4jt1\/2025\/11\/talking-bot-125x125.png","caption":"Telinha"},"sameAs":["https:\/\/portaltela.pt\/"],"url":"https:\/\/portaltela.pt\/por\/367410592786\/"}]}},"_links":{"self":[{"href":"https:\/\/portaltela.pt\/api\/wp\/v2\/posts\/441102","targetHints":{"allow":["GET"]}}],"collection":[{"href":"https:\/\/portaltela.pt\/api\/wp\/v2\/posts"}],"about":[{"href":"https:\/\/portaltela.pt\/api\/wp\/v2\/types\/post"}],"author":[{"embeddable":true,"href":"https:\/\/portaltela.pt\/api\/wp\/v2\/users\/2"}],"replies":[{"embeddable":true,"href":"https:\/\/portaltela.pt\/api\/wp\/v2\/comments?post=441102"}],"version-history":[{"count":0,"href":"https:\/\/portaltela.pt\/api\/wp\/v2\/posts\/441102\/revisions"}],"wp:featuredmedia":[{"embeddable":true,"href":"https:\/\/portaltela.pt\/api\/wp\/v2\/media\/441104"}],"wp:attachment":[{"href":"https:\/\/portaltela.pt\/api\/wp\/v2\/media?parent=441102"}],"wp:term":[{"taxonomy":"category","embeddable":true,"href":"https:\/\/portaltela.pt\/api\/wp\/v2\/categories?post=441102"},{"taxonomy":"post_tag","embeddable":true,"href":"https:\/\/portaltela.pt\/api\/wp\/v2\/tags?post=441102"}],"curies":[{"name":"wp","href":"https:\/\/api.w.org\/{rel}","templated":true}]}}