{"id":441097,"date":"2026-04-12T04:32:19","date_gmt":"2026-04-12T07:32:19","guid":{"rendered":"https:\/\/portaltela.pt\/noticias\/2026\/04\/12\/despedimento-de-vigilante-que-encontrou-aliancas-no-aeroporto-e-anulado\/"},"modified":"2026-04-12T04:32:19","modified_gmt":"2026-04-12T07:32:19","slug":"despedimento-de-vigilante-que-encontrou-aliancas-no-aeroporto-e-anulado","status":"publish","type":"post","link":"https:\/\/portaltela.pt\/noticias\/2026\/04\/12\/despedimento-de-vigilante-que-encontrou-aliancas-no-aeroporto-e-anulado\/","title":{"rendered":"Despedimento de vigilante que encontrou alian\u00e7as no aeroporto \u00e9 anulado"},"content":{"rendered":"<p>Um vigilante do Aeroporto da Madeira encontrou duas alian\u00e7as de ouro no ch\u00e3o e, em vez de as entregar \u00e0s autoridades, tentou identificar quem as pertencia, ligando a um padre e divulgando o achado nas redes sociais. Foi despedido pela empresa de seguran\u00e7a privada.<\/p>\n<p>A decis\u00e3o inicial coube ao Tribunal do Funchal, que confirmou o despedimento do trabalhador. A Justi\u00e7a manteve a san\u00e7\u00e3o com base no n\u00e3o seguimento de procedimentos de reporte de objetos encontrados.<\/p>\n<p>O trabalhador recorreu para a Rela\u00e7\u00e3o de Lisboa, que acabou por considerar o despedimento il\u00edcito. A institui\u00e7\u00e3o concluiu que, apesar da falha administrativa, o objetivo do vigilante era devolver as alian\u00e7as aos leg\u00edtimos donos.<\/p>\n<h3>Desenvolvimento judicial<\/h3>\n<p>A Rela\u00e7\u00e3o de Lisboa clarificou que a conduta, ainda que inadequada, n\u00e3o deixou de visar a devolu\u00e7\u00e3o das alian\u00e7as. A decis\u00e3o n\u00e3o especifica novas medidas disciplinares para o caso, limitando-se a anular o despedimento.<\/p>\n","protected":false},"excerpt":{"rendered":"<ul>\n<li>Um vigilante do Aeroporto da Madeira encontrou duas alian\u00e7as em ouro no ch\u00e3o e n\u00e3o as entregou \u00e0 PSP.<\/li>\n<li>Em vez disso, tentou identificar os donos telefonando a um padre e anunciando o achado nas redes sociais.<\/li>\n<li>Foi despedido pela empresa de seguran\u00e7a privada; o Tribunal do Funchal confirmou o despedimento.<\/li>\n<li>O trabalhador recorreu da decis\u00e3o e a Rela\u00e7\u00e3o de Lisboa declarou o despedimento il\u00edcito.<\/li>\n<li>A Rela\u00e7\u00e3o sustenta que, apesar de n\u00e3o ter seguido as normas, a inten\u00e7\u00e3o era devolver as alian\u00e7as aos leg\u00edtimos donos.<\/li>\n<\/ul>\n","protected":false},"author":2,"featured_media":441101,"comment_status":"closed","ping_status":"closed","sticky":false,"template":"","format":"standard","meta":{"footnotes":""},"categories":[6815,1],"tags":[7891,7890,7888,7878,948,803],"class_list":["post-441097","post","type-post","status-publish","format-standard","has-post-thumbnail","hentry","category-justica","category-noticias","tag-_aeronautica","tag-_aeroportos","tag-_seguranca","tag-_seguranca-publica","tag-despedimento","tag-justica"],"yoast_head":"<!-- This site is optimized with the Yoast SEO plugin v27.2 - https:\/\/yoast.com\/product\/yoast-seo-wordpress\/ -->\n<title>Despedimento de vigilante que encontrou alian\u00e7as no aeroporto \u00e9 anulado - Portal Tela Portugal<\/title>\n<meta name=\"robots\" content=\"index, follow, max-snippet:-1, max-image-preview:large, max-video-preview:-1\" \/>\n<meta property=\"og:locale\" content=\"pt_PT\" \/>\n<meta property=\"og:type\" content=\"article\" \/>\n<meta property=\"og:title\" content=\"Despedimento de vigilante que encontrou alian\u00e7as no aeroporto \u00e9 anulado - Portal Tela Portugal\" \/>\n<meta property=\"og:description\" content=\"Um vigilante do Aeroporto da Madeira encontrou duas alian\u00e7as em ouro no ch\u00e3o e n\u00e3o as entregou \u00e0 PSP. Em vez disso, tentou identificar os donos telefonando a um padre e anunciando o achado nas redes sociais. Foi despedido pela empresa de seguran\u00e7a privada; o Tribunal do Funchal confirmou o despedimento. O trabalhador recorreu da decis\u00e3o e a Rela\u00e7\u00e3o de Lisboa declarou o despedimento il\u00edcito. A Rela\u00e7\u00e3o sustenta que, apesar de n\u00e3o ter seguido as normas, a inten\u00e7\u00e3o era devolver as alian\u00e7as aos leg\u00edtimos donos.\" \/>\n<meta property=\"og:url\" content=\"https:\/\/portaltela.pt\/noticias\/2026\/04\/12\/despedimento-de-vigilante-que-encontrou-aliancas-no-aeroporto-e-anulado\/\" \/>\n<meta property=\"og:site_name\" content=\"Portal Tela Portugal\" \/>\n<meta property=\"article:published_time\" content=\"2026-04-12T07:32:19+00:00\" \/>\n<meta name=\"author\" content=\"Telinha\" \/>\n<meta name=\"twitter:card\" content=\"summary_large_image\" \/>\n<meta name=\"twitter:label1\" content=\"Escrito por\" \/>\n\t<meta name=\"twitter:data1\" content=\"Telinha\" \/>\n\t<meta name=\"twitter:label2\" content=\"Tempo estimado de leitura\" \/>\n\t<meta name=\"twitter:data2\" content=\"1 minuto\" \/>\n<script type=\"application\/ld+json\" class=\"yoast-schema-graph\">{\"@context\":\"https:\/\/schema.org\",\"@graph\":[{\"@type\":\"Article\",\"@id\":\"https:\/\/portaltela.pt\/noticias\/2026\/04\/12\/despedimento-de-vigilante-que-encontrou-aliancas-no-aeroporto-e-anulado\/#article\",\"isPartOf\":{\"@id\":\"https:\/\/portaltela.pt\/noticias\/2026\/04\/12\/despedimento-de-vigilante-que-encontrou-aliancas-no-aeroporto-e-anulado\/\"},\"author\":{\"name\":\"Telinha\",\"@id\":\"https:\/\/portaltela.pt\/#\/schema\/person\/c4278d4a6028830caff9ee44b42d32ed\"},\"headline\":\"Despedimento de vigilante que encontrou alian\u00e7as no aeroporto \u00e9 anulado\",\"datePublished\":\"2026-04-12T07:32:19+00:00\",\"mainEntityOfPage\":{\"@id\":\"https:\/\/portaltela.pt\/noticias\/2026\/04\/12\/despedimento-de-vigilante-que-encontrou-aliancas-no-aeroporto-e-anulado\/\"},\"wordCount\":173,\"image\":{\"@id\":\"https:\/\/portaltela.pt\/noticias\/2026\/04\/12\/despedimento-de-vigilante-que-encontrou-aliancas-no-aeroporto-e-anulado\/#primaryimage\"},\"thumbnailUrl\":\"https:\/\/portaltela.pt\/s.01k8rhncp4jt1\/2026\/04\/image-684.jpg\",\"keywords\":[\"_aeron\u00e1utica\",\"_aeroportos\",\"_seguran\u00e7a\",\"_seguran\u00e7a p\u00fablica\",\"despedimento\",\"justi\u00e7a\"],\"articleSection\":[\"Justi\u00e7a\",\"Not\u00edcias\"],\"inLanguage\":\"pt-PT\"},{\"@type\":\"WebPage\",\"@id\":\"https:\/\/portaltela.pt\/noticias\/2026\/04\/12\/despedimento-de-vigilante-que-encontrou-aliancas-no-aeroporto-e-anulado\/\",\"url\":\"https:\/\/portaltela.pt\/noticias\/2026\/04\/12\/despedimento-de-vigilante-que-encontrou-aliancas-no-aeroporto-e-anulado\/\",\"name\":\"Despedimento de vigilante que encontrou alian\u00e7as no aeroporto \u00e9 anulado - Portal Tela Portugal\",\"isPartOf\":{\"@id\":\"https:\/\/portaltela.pt\/#website\"},\"primaryImageOfPage\":{\"@id\":\"https:\/\/portaltela.pt\/noticias\/2026\/04\/12\/despedimento-de-vigilante-que-encontrou-aliancas-no-aeroporto-e-anulado\/#primaryimage\"},\"image\":{\"@id\":\"https:\/\/portaltela.pt\/noticias\/2026\/04\/12\/despedimento-de-vigilante-que-encontrou-aliancas-no-aeroporto-e-anulado\/#primaryimage\"},\"thumbnailUrl\":\"https:\/\/portaltela.pt\/s.01k8rhncp4jt1\/2026\/04\/image-684.jpg\",\"datePublished\":\"2026-04-12T07:32:19+00:00\",\"author\":{\"@id\":\"https:\/\/portaltela.pt\/#\/schema\/person\/c4278d4a6028830caff9ee44b42d32ed\"},\"breadcrumb\":{\"@id\":\"https:\/\/portaltela.pt\/noticias\/2026\/04\/12\/despedimento-de-vigilante-que-encontrou-aliancas-no-aeroporto-e-anulado\/#breadcrumb\"},\"inLanguage\":\"pt-PT\",\"potentialAction\":[{\"@type\":\"ReadAction\",\"target\":[\"https:\/\/portaltela.pt\/noticias\/2026\/04\/12\/despedimento-de-vigilante-que-encontrou-aliancas-no-aeroporto-e-anulado\/\"]}]},{\"@type\":\"ImageObject\",\"inLanguage\":\"pt-PT\",\"@id\":\"https:\/\/portaltela.pt\/noticias\/2026\/04\/12\/despedimento-de-vigilante-que-encontrou-aliancas-no-aeroporto-e-anulado\/#primaryimage\",\"url\":\"https:\/\/portaltela.pt\/s.01k8rhncp4jt1\/2026\/04\/image-684.jpg\",\"contentUrl\":\"https:\/\/portaltela.pt\/s.01k8rhncp4jt1\/2026\/04\/image-684.jpg\",\"width\":796,\"height\":448,\"caption\":\"O vigilante anunciou o achado nas redes sociais\"},{\"@type\":\"BreadcrumbList\",\"@id\":\"https:\/\/portaltela.pt\/noticias\/2026\/04\/12\/despedimento-de-vigilante-que-encontrou-aliancas-no-aeroporto-e-anulado\/#breadcrumb\",\"itemListElement\":[{\"@type\":\"ListItem\",\"position\":1,\"name\":\"In\u00edcio\",\"item\":\"https:\/\/portaltela.pt\/\"},{\"@type\":\"ListItem\",\"position\":2,\"name\":\"Despedimento de vigilante que encontrou alian\u00e7as no aeroporto \u00e9 anulado\"}]},{\"@type\":\"WebSite\",\"@id\":\"https:\/\/portaltela.pt\/#website\",\"url\":\"https:\/\/portaltela.pt\/\",\"name\":\"Portal Tela Portugal\",\"description\":\"\",\"potentialAction\":[{\"@type\":\"SearchAction\",\"target\":{\"@type\":\"EntryPoint\",\"urlTemplate\":\"https:\/\/portaltela.pt\/?s={search_term_string}\"},\"query-input\":{\"@type\":\"PropertyValueSpecification\",\"valueRequired\":true,\"valueName\":\"search_term_string\"}}],\"inLanguage\":\"pt-PT\"},{\"@type\":\"Person\",\"@id\":\"https:\/\/portaltela.pt\/#\/schema\/person\/c4278d4a6028830caff9ee44b42d32ed\",\"name\":\"Telinha\",\"image\":{\"@type\":\"ImageObject\",\"inLanguage\":\"pt-PT\",\"@id\":\"https:\/\/portaltela.pt\/s.01k8rhncp4jt1\/2025\/11\/talking-bot-125x125.png\",\"url\":\"https:\/\/portaltela.pt\/s.01k8rhncp4jt1\/2025\/11\/talking-bot-125x125.png\",\"contentUrl\":\"https:\/\/portaltela.pt\/s.01k8rhncp4jt1\/2025\/11\/talking-bot-125x125.png\",\"caption\":\"Telinha\"},\"sameAs\":[\"https:\/\/portaltela.pt\/\"],\"url\":\"https:\/\/portaltela.pt\/por\/367410592786\/\"}]}<\/script>\n<!-- \/ Yoast SEO plugin. -->","yoast_head_json":{"title":"Despedimento de vigilante que encontrou alian\u00e7as no aeroporto \u00e9 anulado - Portal Tela Portugal","robots":{"index":"index","follow":"follow","max-snippet":"max-snippet:-1","max-image-preview":"max-image-preview:large","max-video-preview":"max-video-preview:-1"},"og_locale":"pt_PT","og_type":"article","og_title":"Despedimento de vigilante que encontrou alian\u00e7as no aeroporto \u00e9 anulado - Portal Tela Portugal","og_description":"Um vigilante do Aeroporto da Madeira encontrou duas alian\u00e7as em ouro no ch\u00e3o e n\u00e3o as entregou \u00e0 PSP. Em vez disso, tentou identificar os donos telefonando a um padre e anunciando o achado nas redes sociais. Foi despedido pela empresa de seguran\u00e7a privada; o Tribunal do Funchal confirmou o despedimento. O trabalhador recorreu da decis\u00e3o e a Rela\u00e7\u00e3o de Lisboa declarou o despedimento il\u00edcito. A Rela\u00e7\u00e3o sustenta que, apesar de n\u00e3o ter seguido as normas, a inten\u00e7\u00e3o era devolver as alian\u00e7as aos leg\u00edtimos donos.","og_url":"https:\/\/portaltela.pt\/noticias\/2026\/04\/12\/despedimento-de-vigilante-que-encontrou-aliancas-no-aeroporto-e-anulado\/","og_site_name":"Portal Tela Portugal","article_published_time":"2026-04-12T07:32:19+00:00","author":"Telinha","twitter_card":"summary_large_image","twitter_misc":{"Escrito por":"Telinha","Tempo estimado de leitura":"1 minuto"},"schema":{"@context":"https:\/\/schema.org","@graph":[{"@type":"Article","@id":"https:\/\/portaltela.pt\/noticias\/2026\/04\/12\/despedimento-de-vigilante-que-encontrou-aliancas-no-aeroporto-e-anulado\/#article","isPartOf":{"@id":"https:\/\/portaltela.pt\/noticias\/2026\/04\/12\/despedimento-de-vigilante-que-encontrou-aliancas-no-aeroporto-e-anulado\/"},"author":{"name":"Telinha","@id":"https:\/\/portaltela.pt\/#\/schema\/person\/c4278d4a6028830caff9ee44b42d32ed"},"headline":"Despedimento de vigilante que encontrou alian\u00e7as no aeroporto \u00e9 anulado","datePublished":"2026-04-12T07:32:19+00:00","mainEntityOfPage":{"@id":"https:\/\/portaltela.pt\/noticias\/2026\/04\/12\/despedimento-de-vigilante-que-encontrou-aliancas-no-aeroporto-e-anulado\/"},"wordCount":173,"image":{"@id":"https:\/\/portaltela.pt\/noticias\/2026\/04\/12\/despedimento-de-vigilante-que-encontrou-aliancas-no-aeroporto-e-anulado\/#primaryimage"},"thumbnailUrl":"https:\/\/portaltela.pt\/s.01k8rhncp4jt1\/2026\/04\/image-684.jpg","keywords":["_aeron\u00e1utica","_aeroportos","_seguran\u00e7a","_seguran\u00e7a p\u00fablica","despedimento","justi\u00e7a"],"articleSection":["Justi\u00e7a","Not\u00edcias"],"inLanguage":"pt-PT"},{"@type":"WebPage","@id":"https:\/\/portaltela.pt\/noticias\/2026\/04\/12\/despedimento-de-vigilante-que-encontrou-aliancas-no-aeroporto-e-anulado\/","url":"https:\/\/portaltela.pt\/noticias\/2026\/04\/12\/despedimento-de-vigilante-que-encontrou-aliancas-no-aeroporto-e-anulado\/","name":"Despedimento de vigilante que encontrou alian\u00e7as no aeroporto \u00e9 anulado - Portal Tela Portugal","isPartOf":{"@id":"https:\/\/portaltela.pt\/#website"},"primaryImageOfPage":{"@id":"https:\/\/portaltela.pt\/noticias\/2026\/04\/12\/despedimento-de-vigilante-que-encontrou-aliancas-no-aeroporto-e-anulado\/#primaryimage"},"image":{"@id":"https:\/\/portaltela.pt\/noticias\/2026\/04\/12\/despedimento-de-vigilante-que-encontrou-aliancas-no-aeroporto-e-anulado\/#primaryimage"},"thumbnailUrl":"https:\/\/portaltela.pt\/s.01k8rhncp4jt1\/2026\/04\/image-684.jpg","datePublished":"2026-04-12T07:32:19+00:00","author":{"@id":"https:\/\/portaltela.pt\/#\/schema\/person\/c4278d4a6028830caff9ee44b42d32ed"},"breadcrumb":{"@id":"https:\/\/portaltela.pt\/noticias\/2026\/04\/12\/despedimento-de-vigilante-que-encontrou-aliancas-no-aeroporto-e-anulado\/#breadcrumb"},"inLanguage":"pt-PT","potentialAction":[{"@type":"ReadAction","target":["https:\/\/portaltela.pt\/noticias\/2026\/04\/12\/despedimento-de-vigilante-que-encontrou-aliancas-no-aeroporto-e-anulado\/"]}]},{"@type":"ImageObject","inLanguage":"pt-PT","@id":"https:\/\/portaltela.pt\/noticias\/2026\/04\/12\/despedimento-de-vigilante-que-encontrou-aliancas-no-aeroporto-e-anulado\/#primaryimage","url":"https:\/\/portaltela.pt\/s.01k8rhncp4jt1\/2026\/04\/image-684.jpg","contentUrl":"https:\/\/portaltela.pt\/s.01k8rhncp4jt1\/2026\/04\/image-684.jpg","width":796,"height":448,"caption":"O vigilante anunciou o achado nas redes sociais"},{"@type":"BreadcrumbList","@id":"https:\/\/portaltela.pt\/noticias\/2026\/04\/12\/despedimento-de-vigilante-que-encontrou-aliancas-no-aeroporto-e-anulado\/#breadcrumb","itemListElement":[{"@type":"ListItem","position":1,"name":"In\u00edcio","item":"https:\/\/portaltela.pt\/"},{"@type":"ListItem","position":2,"name":"Despedimento de vigilante que encontrou alian\u00e7as no aeroporto \u00e9 anulado"}]},{"@type":"WebSite","@id":"https:\/\/portaltela.pt\/#website","url":"https:\/\/portaltela.pt\/","name":"Portal Tela Portugal","description":"","potentialAction":[{"@type":"SearchAction","target":{"@type":"EntryPoint","urlTemplate":"https:\/\/portaltela.pt\/?s={search_term_string}"},"query-input":{"@type":"PropertyValueSpecification","valueRequired":true,"valueName":"search_term_string"}}],"inLanguage":"pt-PT"},{"@type":"Person","@id":"https:\/\/portaltela.pt\/#\/schema\/person\/c4278d4a6028830caff9ee44b42d32ed","name":"Telinha","image":{"@type":"ImageObject","inLanguage":"pt-PT","@id":"https:\/\/portaltela.pt\/s.01k8rhncp4jt1\/2025\/11\/talking-bot-125x125.png","url":"https:\/\/portaltela.pt\/s.01k8rhncp4jt1\/2025\/11\/talking-bot-125x125.png","contentUrl":"https:\/\/portaltela.pt\/s.01k8rhncp4jt1\/2025\/11\/talking-bot-125x125.png","caption":"Telinha"},"sameAs":["https:\/\/portaltela.pt\/"],"url":"https:\/\/portaltela.pt\/por\/367410592786\/"}]}},"_links":{"self":[{"href":"https:\/\/portaltela.pt\/api\/wp\/v2\/posts\/441097","targetHints":{"allow":["GET"]}}],"collection":[{"href":"https:\/\/portaltela.pt\/api\/wp\/v2\/posts"}],"about":[{"href":"https:\/\/portaltela.pt\/api\/wp\/v2\/types\/post"}],"author":[{"embeddable":true,"href":"https:\/\/portaltela.pt\/api\/wp\/v2\/users\/2"}],"replies":[{"embeddable":true,"href":"https:\/\/portaltela.pt\/api\/wp\/v2\/comments?post=441097"}],"version-history":[{"count":0,"href":"https:\/\/portaltela.pt\/api\/wp\/v2\/posts\/441097\/revisions"}],"wp:featuredmedia":[{"embeddable":true,"href":"https:\/\/portaltela.pt\/api\/wp\/v2\/media\/441101"}],"wp:attachment":[{"href":"https:\/\/portaltela.pt\/api\/wp\/v2\/media?parent=441097"}],"wp:term":[{"taxonomy":"category","embeddable":true,"href":"https:\/\/portaltela.pt\/api\/wp\/v2\/categories?post=441097"},{"taxonomy":"post_tag","embeddable":true,"href":"https:\/\/portaltela.pt\/api\/wp\/v2\/tags?post=441097"}],"curies":[{"name":"wp","href":"https:\/\/api.w.org\/{rel}","templated":true}]}}