{"id":441091,"date":"2026-04-12T04:17:16","date_gmt":"2026-04-12T07:17:16","guid":{"rendered":"https:\/\/portaltela.pt\/noticias\/2026\/04\/12\/ar-que-respiramos-avancos-reais-desafios-que-persistem\/"},"modified":"2026-04-12T04:17:16","modified_gmt":"2026-04-12T07:17:16","slug":"ar-que-respiramos-avancos-reais-desafios-que-persistem","status":"publish","type":"post","link":"https:\/\/portaltela.pt\/noticias\/2026\/04\/12\/ar-que-respiramos-avancos-reais-desafios-que-persistem\/","title":{"rendered":"Ar que respiramos: avan\u00e7os reais, desafios que persistem"},"content":{"rendered":"<p>A polui\u00e7\u00e3o atmosf\u00e9rica continua a representar o maior risco ambiental para a sa\u00fade na Europa. Em Portugal, a exposi\u00e7\u00e3o a poluentes leva a uma m\u00e9dia de 16 mortes por dia. O Dia Nacional do Ar relembra este desafio e os progressos alcan\u00e7ados.<\/p>\n<p>H\u00e1 25 anos, as exced\u00eancias de NO2, limites de part\u00edculas, e ozono acima do recomendado eram comuns nas \u00e1reas de Lisboa e Porto. Hoje, os indicadores evolu\u00edram positivamente, apesar de ainda persistirem riscos para a sa\u00fade p\u00fablica.<\/p>\n<p>Dados das \u00faltimas duas d\u00e9cadas indicam que 2018 marcou o abandono de incumprimentos de PM10. O ozono desceu numa tend\u00eancia cont\u00ednua, e o NO2 atingiu o cumprimento legal pela primeira vez em 2020, com melhoria est\u00e1vel em 2025.<\/p>\n<p>Este progresso resulta de pol\u00edticas de controlo de emiss\u00f5es, inova\u00e7\u00e3o tecnol\u00f3gica como filtros de part\u00edculas em motores a gas\u00f3leo, renova\u00e7\u00e3o do parque autom\u00f3vel e moderniza\u00e7\u00e3o industrial. Investimentos p\u00fablicos mant\u00eam-se na monitoriza\u00e7\u00e3o de qualidade do ar.<\/p>\n<p>Apesar dos ganhos, a polui\u00e7\u00e3o permanece entre os maiores riscos ambientais da Uni\u00e3o Europeia, associando-se a milhares de mortes prematuras anualmente. Em Portugal, a morte anual por poluentes ronda as seis mil pessoas.<\/p>\n<p>A nova Diretiva Europeia da Qualidade do Ar exige redu\u00e7\u00e3o de 50% no NO2 at\u00e9 2030, aproximando-se das recomenda\u00e7\u00f5es da OMS. Contudo, o aumento do uso de transportes individuais pode elevar o congestionamento e as emiss\u00f5es.<\/p>\n<h3>Progresso recente e desafios<\/h3>\n<p>Transformar a mobilidade aparece como condi\u00e7\u00e3o central para cumprir metas. Refor\u00e7ar o transporte p\u00fablico, gerir o uso do ve\u00edculo privado e promover a mobilidade ativa s\u00e3o prioridades.<\/p>\n<p>Na pr\u00e1tica, ser\u00e3o decisivas a eletrifica\u00e7\u00e3o de frotas, sobretudo em \u00e1reas metropolitanas, e pol\u00edticas que reduzam depend\u00eancia do autom\u00f3vel. Em 2024, a Comiss\u00e3o Europeia condenou Portugal por incumprimento de limites legais em v\u00e1rias regi\u00f5es.<\/p>\n<p>As melhorias recentes podem tamb\u00e9m refletir condi\u00e7\u00f5es meteorol\u00f3gicas mais favor\u00e1veis e renova\u00e7\u00e3o do parque autom\u00f3vel, com aumento de h\u00edbridos plug-in e el\u00e9tricos. Contudo, n\u00e3o substituem medidas estruturais de longo prazo.<\/p>\n<h3>Perspetivas para a sa\u00fade p\u00fablica<\/h3>\n<p>Conclui-se que o caminho at\u00e9 metas mais exigentes \u00e9 relevante, mas ainda n\u00e3o suficiente. O Dia Nacional do Ar sublinha a necessidade de a\u00e7\u00f5es consistentes, com foco em mobilidade sustent\u00e1vel e dados transparentes para a cidadania.<\/p>\n<p>Para cumprir a evolu\u00e7\u00e3o pretendida, Portugal precisa acelerar pol\u00edticas p\u00fablicas que traduzam progresso em compromisso duradouro com a sa\u00fade ambiental. A monitoriza\u00e7\u00e3o continua a acompanhar o desenho da nova diretiva europeia.<\/p>\n","protected":false},"excerpt":{"rendered":"<ul>\n<li>No Dia Nacional do Ar, a polui\u00e7\u00e3o atmosf\u00e9rica mant\u00e9m-se como o maior risco ambiental para a sa\u00fade na Europa, com cerca de 16 pessoas a morrerem por dia em Portugal devido \u00e0 exposi\u00e7\u00e3o a poluentes.<\/li>\n<li>H\u00e1 25 anos, o pa\u00eds enfrentava exced\u00eancias de di\u00f3xido de azoto (NO2), part\u00edculas em suspens\u00e3o (PM10) e ozono acima dos n\u00edveis recomendados, situa\u00e7\u00e3o que evoluiu desde ent\u00e3o.<\/li>\n<li>Nas \u00faltimas duas d\u00e9cadas, PM10 deixou de registar incumprimentos desde 2018; ozono (O3) desceu; NO2 atingiu o cumprimento legal pela primeira vez em 2020, devido \u00e0 redu\u00e7\u00e3o do tr\u00e1fego rodovi\u00e1rio durante a pandemia, mantendo-se numericamente em 2025.<\/li>\n<li>A evolu\u00e7\u00e3o deve-se a pol\u00edticas de controlo de emiss\u00f5es, regula\u00e7\u00e3o, inova\u00e7\u00e3o tecnol\u00f3gica (incluindo filtros de part\u00edculas em ve\u00edculos a gas\u00f3leo), renova\u00e7\u00e3o do parque autom\u00f3vel, moderniza\u00e7\u00e3o industrial e investimento p\u00fablico em monitoriza\u00e7\u00e3o de dados.<\/li>\n<li>A nova Diretiva Europeia da Qualidade do Ar exige redu\u00e7\u00e3o de NO2 em 50% at\u00e9 2030, o que exige transforma\u00e7\u00e3o da mobilidade: mais transporte p\u00fablico, mobilidade ativa e eletrifica\u00e7\u00e3o de frotas, em contexto de preocupa\u00e7\u00f5es com congest\u00e3o e com condena\u00e7\u00e3o de Portugal pelo Tribunal Europeu de Justi\u00e7a em 2024.<\/li>\n<\/ul>\n","protected":false},"author":2,"featured_media":441095,"comment_status":"closed","ping_status":"closed","sticky":false,"template":"","format":"standard","meta":{"footnotes":""},"categories":[6725,1],"tags":[7767,7889,3263,3750,7167,3460],"class_list":["post-441091","post","type-post","status-publish","format-standard","has-post-thumbnail","hentry","category-meio-ambiente","category-noticias","tag-_meio-ambiente","tag-_saude","tag-mobilidade-urbana","tag-poluicao-ambiental","tag-qualidade-ambiental","tag-qualidade-do-ar"],"yoast_head":"<!-- This site is optimized with the Yoast SEO plugin v27.2 - https:\/\/yoast.com\/product\/yoast-seo-wordpress\/ -->\n<title>Ar que respiramos: avan\u00e7os reais, desafios que persistem - Portal Tela Portugal<\/title>\n<meta name=\"robots\" content=\"index, follow, max-snippet:-1, max-image-preview:large, max-video-preview:-1\" \/>\n<meta property=\"og:locale\" content=\"pt_PT\" \/>\n<meta property=\"og:type\" content=\"article\" \/>\n<meta property=\"og:title\" content=\"Ar que respiramos: avan\u00e7os reais, desafios que persistem - Portal Tela Portugal\" \/>\n<meta property=\"og:description\" content=\"No Dia Nacional do Ar, a polui\u00e7\u00e3o atmosf\u00e9rica mant\u00e9m-se como o maior risco ambiental para a sa\u00fade na Europa, com cerca de 16 pessoas a morrerem por dia em Portugal devido \u00e0 exposi\u00e7\u00e3o a poluentes. H\u00e1 25 anos, o pa\u00eds enfrentava exced\u00eancias de di\u00f3xido de azoto (NO2), part\u00edculas em suspens\u00e3o (PM10) e ozono acima dos n\u00edveis recomendados, situa\u00e7\u00e3o que evoluiu desde ent\u00e3o. Nas \u00faltimas duas d\u00e9cadas, PM10 deixou de registar incumprimentos desde 2018; ozono (O3) desceu; NO2 atingiu o cumprimento legal pela primeira vez em 2020, devido \u00e0 redu\u00e7\u00e3o do tr\u00e1fego rodovi\u00e1rio durante a pandemia, mantendo-se numericamente em 2025. A evolu\u00e7\u00e3o deve-se a pol\u00edticas de controlo de emiss\u00f5es, regula\u00e7\u00e3o, inova\u00e7\u00e3o tecnol\u00f3gica (incluindo filtros de part\u00edculas em ve\u00edculos a gas\u00f3leo), renova\u00e7\u00e3o do parque autom\u00f3vel, moderniza\u00e7\u00e3o industrial e investimento p\u00fablico em monitoriza\u00e7\u00e3o de dados. A nova Diretiva Europeia da Qualidade do Ar exige redu\u00e7\u00e3o de NO2 em 50% at\u00e9 2030, o que exige transforma\u00e7\u00e3o da mobilidade: mais transporte p\u00fablico, mobilidade ativa e eletrifica\u00e7\u00e3o de frotas, em contexto de preocupa\u00e7\u00f5es com congest\u00e3o e com condena\u00e7\u00e3o de Portugal pelo Tribunal Europeu de Justi\u00e7a em 2024.\" \/>\n<meta property=\"og:url\" content=\"https:\/\/portaltela.pt\/noticias\/2026\/04\/12\/ar-que-respiramos-avancos-reais-desafios-que-persistem\/\" \/>\n<meta property=\"og:site_name\" content=\"Portal Tela Portugal\" \/>\n<meta property=\"article:published_time\" content=\"2026-04-12T07:17:16+00:00\" \/>\n<meta name=\"author\" content=\"Telinha\" \/>\n<meta name=\"twitter:card\" content=\"summary_large_image\" \/>\n<meta name=\"twitter:label1\" content=\"Escrito por\" \/>\n\t<meta name=\"twitter:data1\" content=\"Telinha\" \/>\n\t<meta name=\"twitter:label2\" content=\"Tempo estimado de leitura\" \/>\n\t<meta name=\"twitter:data2\" content=\"2 minutos\" \/>\n<script type=\"application\/ld+json\" class=\"yoast-schema-graph\">{\"@context\":\"https:\/\/schema.org\",\"@graph\":[{\"@type\":\"Article\",\"@id\":\"https:\/\/portaltela.pt\/noticias\/2026\/04\/12\/ar-que-respiramos-avancos-reais-desafios-que-persistem\/#article\",\"isPartOf\":{\"@id\":\"https:\/\/portaltela.pt\/noticias\/2026\/04\/12\/ar-que-respiramos-avancos-reais-desafios-que-persistem\/\"},\"author\":{\"name\":\"Telinha\",\"@id\":\"https:\/\/portaltela.pt\/#\/schema\/person\/c4278d4a6028830caff9ee44b42d32ed\"},\"headline\":\"Ar que respiramos: avan\u00e7os reais, desafios que persistem\",\"datePublished\":\"2026-04-12T07:17:16+00:00\",\"mainEntityOfPage\":{\"@id\":\"https:\/\/portaltela.pt\/noticias\/2026\/04\/12\/ar-que-respiramos-avancos-reais-desafios-que-persistem\/\"},\"wordCount\":453,\"image\":{\"@id\":\"https:\/\/portaltela.pt\/noticias\/2026\/04\/12\/ar-que-respiramos-avancos-reais-desafios-que-persistem\/#primaryimage\"},\"thumbnailUrl\":\"https:\/\/portaltela.pt\/s.01k8rhncp4jt1\/2026\/04\/2080480.jpg\",\"keywords\":[\"_meio-ambiente\",\"_sa\u00fade\",\"mobilidade urbana\",\"polui\u00e7\u00e3o ambiental\",\"qualidade ambiental\",\"Qualidade do Ar\"],\"articleSection\":[\"Meio Ambiente\",\"Not\u00edcias\"],\"inLanguage\":\"pt-PT\"},{\"@type\":\"WebPage\",\"@id\":\"https:\/\/portaltela.pt\/noticias\/2026\/04\/12\/ar-que-respiramos-avancos-reais-desafios-que-persistem\/\",\"url\":\"https:\/\/portaltela.pt\/noticias\/2026\/04\/12\/ar-que-respiramos-avancos-reais-desafios-que-persistem\/\",\"name\":\"Ar que respiramos: avan\u00e7os reais, desafios que persistem - Portal Tela Portugal\",\"isPartOf\":{\"@id\":\"https:\/\/portaltela.pt\/#website\"},\"primaryImageOfPage\":{\"@id\":\"https:\/\/portaltela.pt\/noticias\/2026\/04\/12\/ar-que-respiramos-avancos-reais-desafios-que-persistem\/#primaryimage\"},\"image\":{\"@id\":\"https:\/\/portaltela.pt\/noticias\/2026\/04\/12\/ar-que-respiramos-avancos-reais-desafios-que-persistem\/#primaryimage\"},\"thumbnailUrl\":\"https:\/\/portaltela.pt\/s.01k8rhncp4jt1\/2026\/04\/2080480.jpg\",\"datePublished\":\"2026-04-12T07:17:16+00:00\",\"author\":{\"@id\":\"https:\/\/portaltela.pt\/#\/schema\/person\/c4278d4a6028830caff9ee44b42d32ed\"},\"breadcrumb\":{\"@id\":\"https:\/\/portaltela.pt\/noticias\/2026\/04\/12\/ar-que-respiramos-avancos-reais-desafios-que-persistem\/#breadcrumb\"},\"inLanguage\":\"pt-PT\",\"potentialAction\":[{\"@type\":\"ReadAction\",\"target\":[\"https:\/\/portaltela.pt\/noticias\/2026\/04\/12\/ar-que-respiramos-avancos-reais-desafios-que-persistem\/\"]}]},{\"@type\":\"ImageObject\",\"inLanguage\":\"pt-PT\",\"@id\":\"https:\/\/portaltela.pt\/noticias\/2026\/04\/12\/ar-que-respiramos-avancos-reais-desafios-que-persistem\/#primaryimage\",\"url\":\"https:\/\/portaltela.pt\/s.01k8rhncp4jt1\/2026\/04\/2080480.jpg\",\"contentUrl\":\"https:\/\/portaltela.pt\/s.01k8rhncp4jt1\/2026\/04\/2080480.jpg\",\"width\":796,\"height\":448,\"caption\":\"Photo\"},{\"@type\":\"BreadcrumbList\",\"@id\":\"https:\/\/portaltela.pt\/noticias\/2026\/04\/12\/ar-que-respiramos-avancos-reais-desafios-que-persistem\/#breadcrumb\",\"itemListElement\":[{\"@type\":\"ListItem\",\"position\":1,\"name\":\"In\u00edcio\",\"item\":\"https:\/\/portaltela.pt\/\"},{\"@type\":\"ListItem\",\"position\":2,\"name\":\"Ar que respiramos: avan\u00e7os reais, desafios que persistem\"}]},{\"@type\":\"WebSite\",\"@id\":\"https:\/\/portaltela.pt\/#website\",\"url\":\"https:\/\/portaltela.pt\/\",\"name\":\"Portal Tela Portugal\",\"description\":\"\",\"potentialAction\":[{\"@type\":\"SearchAction\",\"target\":{\"@type\":\"EntryPoint\",\"urlTemplate\":\"https:\/\/portaltela.pt\/?s={search_term_string}\"},\"query-input\":{\"@type\":\"PropertyValueSpecification\",\"valueRequired\":true,\"valueName\":\"search_term_string\"}}],\"inLanguage\":\"pt-PT\"},{\"@type\":\"Person\",\"@id\":\"https:\/\/portaltela.pt\/#\/schema\/person\/c4278d4a6028830caff9ee44b42d32ed\",\"name\":\"Telinha\",\"image\":{\"@type\":\"ImageObject\",\"inLanguage\":\"pt-PT\",\"@id\":\"https:\/\/portaltela.pt\/s.01k8rhncp4jt1\/2025\/11\/talking-bot-125x125.png\",\"url\":\"https:\/\/portaltela.pt\/s.01k8rhncp4jt1\/2025\/11\/talking-bot-125x125.png\",\"contentUrl\":\"https:\/\/portaltela.pt\/s.01k8rhncp4jt1\/2025\/11\/talking-bot-125x125.png\",\"caption\":\"Telinha\"},\"sameAs\":[\"https:\/\/portaltela.pt\/\"],\"url\":\"https:\/\/portaltela.pt\/por\/367410592786\/\"}]}<\/script>\n<!-- \/ Yoast SEO plugin. -->","yoast_head_json":{"title":"Ar que respiramos: avan\u00e7os reais, desafios que persistem - Portal Tela Portugal","robots":{"index":"index","follow":"follow","max-snippet":"max-snippet:-1","max-image-preview":"max-image-preview:large","max-video-preview":"max-video-preview:-1"},"og_locale":"pt_PT","og_type":"article","og_title":"Ar que respiramos: avan\u00e7os reais, desafios que persistem - Portal Tela Portugal","og_description":"No Dia Nacional do Ar, a polui\u00e7\u00e3o atmosf\u00e9rica mant\u00e9m-se como o maior risco ambiental para a sa\u00fade na Europa, com cerca de 16 pessoas a morrerem por dia em Portugal devido \u00e0 exposi\u00e7\u00e3o a poluentes. H\u00e1 25 anos, o pa\u00eds enfrentava exced\u00eancias de di\u00f3xido de azoto (NO2), part\u00edculas em suspens\u00e3o (PM10) e ozono acima dos n\u00edveis recomendados, situa\u00e7\u00e3o que evoluiu desde ent\u00e3o. Nas \u00faltimas duas d\u00e9cadas, PM10 deixou de registar incumprimentos desde 2018; ozono (O3) desceu; NO2 atingiu o cumprimento legal pela primeira vez em 2020, devido \u00e0 redu\u00e7\u00e3o do tr\u00e1fego rodovi\u00e1rio durante a pandemia, mantendo-se numericamente em 2025. A evolu\u00e7\u00e3o deve-se a pol\u00edticas de controlo de emiss\u00f5es, regula\u00e7\u00e3o, inova\u00e7\u00e3o tecnol\u00f3gica (incluindo filtros de part\u00edculas em ve\u00edculos a gas\u00f3leo), renova\u00e7\u00e3o do parque autom\u00f3vel, moderniza\u00e7\u00e3o industrial e investimento p\u00fablico em monitoriza\u00e7\u00e3o de dados. A nova Diretiva Europeia da Qualidade do Ar exige redu\u00e7\u00e3o de NO2 em 50% at\u00e9 2030, o que exige transforma\u00e7\u00e3o da mobilidade: mais transporte p\u00fablico, mobilidade ativa e eletrifica\u00e7\u00e3o de frotas, em contexto de preocupa\u00e7\u00f5es com congest\u00e3o e com condena\u00e7\u00e3o de Portugal pelo Tribunal Europeu de Justi\u00e7a em 2024.","og_url":"https:\/\/portaltela.pt\/noticias\/2026\/04\/12\/ar-que-respiramos-avancos-reais-desafios-que-persistem\/","og_site_name":"Portal Tela Portugal","article_published_time":"2026-04-12T07:17:16+00:00","author":"Telinha","twitter_card":"summary_large_image","twitter_misc":{"Escrito por":"Telinha","Tempo estimado de leitura":"2 minutos"},"schema":{"@context":"https:\/\/schema.org","@graph":[{"@type":"Article","@id":"https:\/\/portaltela.pt\/noticias\/2026\/04\/12\/ar-que-respiramos-avancos-reais-desafios-que-persistem\/#article","isPartOf":{"@id":"https:\/\/portaltela.pt\/noticias\/2026\/04\/12\/ar-que-respiramos-avancos-reais-desafios-que-persistem\/"},"author":{"name":"Telinha","@id":"https:\/\/portaltela.pt\/#\/schema\/person\/c4278d4a6028830caff9ee44b42d32ed"},"headline":"Ar que respiramos: avan\u00e7os reais, desafios que persistem","datePublished":"2026-04-12T07:17:16+00:00","mainEntityOfPage":{"@id":"https:\/\/portaltela.pt\/noticias\/2026\/04\/12\/ar-que-respiramos-avancos-reais-desafios-que-persistem\/"},"wordCount":453,"image":{"@id":"https:\/\/portaltela.pt\/noticias\/2026\/04\/12\/ar-que-respiramos-avancos-reais-desafios-que-persistem\/#primaryimage"},"thumbnailUrl":"https:\/\/portaltela.pt\/s.01k8rhncp4jt1\/2026\/04\/2080480.jpg","keywords":["_meio-ambiente","_sa\u00fade","mobilidade urbana","polui\u00e7\u00e3o ambiental","qualidade ambiental","Qualidade do Ar"],"articleSection":["Meio Ambiente","Not\u00edcias"],"inLanguage":"pt-PT"},{"@type":"WebPage","@id":"https:\/\/portaltela.pt\/noticias\/2026\/04\/12\/ar-que-respiramos-avancos-reais-desafios-que-persistem\/","url":"https:\/\/portaltela.pt\/noticias\/2026\/04\/12\/ar-que-respiramos-avancos-reais-desafios-que-persistem\/","name":"Ar que respiramos: avan\u00e7os reais, desafios que persistem - Portal Tela Portugal","isPartOf":{"@id":"https:\/\/portaltela.pt\/#website"},"primaryImageOfPage":{"@id":"https:\/\/portaltela.pt\/noticias\/2026\/04\/12\/ar-que-respiramos-avancos-reais-desafios-que-persistem\/#primaryimage"},"image":{"@id":"https:\/\/portaltela.pt\/noticias\/2026\/04\/12\/ar-que-respiramos-avancos-reais-desafios-que-persistem\/#primaryimage"},"thumbnailUrl":"https:\/\/portaltela.pt\/s.01k8rhncp4jt1\/2026\/04\/2080480.jpg","datePublished":"2026-04-12T07:17:16+00:00","author":{"@id":"https:\/\/portaltela.pt\/#\/schema\/person\/c4278d4a6028830caff9ee44b42d32ed"},"breadcrumb":{"@id":"https:\/\/portaltela.pt\/noticias\/2026\/04\/12\/ar-que-respiramos-avancos-reais-desafios-que-persistem\/#breadcrumb"},"inLanguage":"pt-PT","potentialAction":[{"@type":"ReadAction","target":["https:\/\/portaltela.pt\/noticias\/2026\/04\/12\/ar-que-respiramos-avancos-reais-desafios-que-persistem\/"]}]},{"@type":"ImageObject","inLanguage":"pt-PT","@id":"https:\/\/portaltela.pt\/noticias\/2026\/04\/12\/ar-que-respiramos-avancos-reais-desafios-que-persistem\/#primaryimage","url":"https:\/\/portaltela.pt\/s.01k8rhncp4jt1\/2026\/04\/2080480.jpg","contentUrl":"https:\/\/portaltela.pt\/s.01k8rhncp4jt1\/2026\/04\/2080480.jpg","width":796,"height":448,"caption":"Photo"},{"@type":"BreadcrumbList","@id":"https:\/\/portaltela.pt\/noticias\/2026\/04\/12\/ar-que-respiramos-avancos-reais-desafios-que-persistem\/#breadcrumb","itemListElement":[{"@type":"ListItem","position":1,"name":"In\u00edcio","item":"https:\/\/portaltela.pt\/"},{"@type":"ListItem","position":2,"name":"Ar que respiramos: avan\u00e7os reais, desafios que persistem"}]},{"@type":"WebSite","@id":"https:\/\/portaltela.pt\/#website","url":"https:\/\/portaltela.pt\/","name":"Portal Tela Portugal","description":"","potentialAction":[{"@type":"SearchAction","target":{"@type":"EntryPoint","urlTemplate":"https:\/\/portaltela.pt\/?s={search_term_string}"},"query-input":{"@type":"PropertyValueSpecification","valueRequired":true,"valueName":"search_term_string"}}],"inLanguage":"pt-PT"},{"@type":"Person","@id":"https:\/\/portaltela.pt\/#\/schema\/person\/c4278d4a6028830caff9ee44b42d32ed","name":"Telinha","image":{"@type":"ImageObject","inLanguage":"pt-PT","@id":"https:\/\/portaltela.pt\/s.01k8rhncp4jt1\/2025\/11\/talking-bot-125x125.png","url":"https:\/\/portaltela.pt\/s.01k8rhncp4jt1\/2025\/11\/talking-bot-125x125.png","contentUrl":"https:\/\/portaltela.pt\/s.01k8rhncp4jt1\/2025\/11\/talking-bot-125x125.png","caption":"Telinha"},"sameAs":["https:\/\/portaltela.pt\/"],"url":"https:\/\/portaltela.pt\/por\/367410592786\/"}]}},"_links":{"self":[{"href":"https:\/\/portaltela.pt\/api\/wp\/v2\/posts\/441091","targetHints":{"allow":["GET"]}}],"collection":[{"href":"https:\/\/portaltela.pt\/api\/wp\/v2\/posts"}],"about":[{"href":"https:\/\/portaltela.pt\/api\/wp\/v2\/types\/post"}],"author":[{"embeddable":true,"href":"https:\/\/portaltela.pt\/api\/wp\/v2\/users\/2"}],"replies":[{"embeddable":true,"href":"https:\/\/portaltela.pt\/api\/wp\/v2\/comments?post=441091"}],"version-history":[{"count":0,"href":"https:\/\/portaltela.pt\/api\/wp\/v2\/posts\/441091\/revisions"}],"wp:featuredmedia":[{"embeddable":true,"href":"https:\/\/portaltela.pt\/api\/wp\/v2\/media\/441095"}],"wp:attachment":[{"href":"https:\/\/portaltela.pt\/api\/wp\/v2\/media?parent=441091"}],"wp:term":[{"taxonomy":"category","embeddable":true,"href":"https:\/\/portaltela.pt\/api\/wp\/v2\/categories?post=441091"},{"taxonomy":"post_tag","embeddable":true,"href":"https:\/\/portaltela.pt\/api\/wp\/v2\/tags?post=441091"}],"curies":[{"name":"wp","href":"https:\/\/api.w.org\/{rel}","templated":true}]}}