{"id":441089,"date":"2026-04-12T04:17:14","date_gmt":"2026-04-12T07:17:14","guid":{"rendered":"https:\/\/portaltela.pt\/noticias\/2026\/04\/12\/monica-salmaso-apresenta-alma-lirica-brasileira-renovada-em-encontro-feliz\/"},"modified":"2026-04-12T04:17:14","modified_gmt":"2026-04-12T07:17:14","slug":"monica-salmaso-apresenta-alma-lirica-brasileira-renovada-em-encontro-feliz","status":"publish","type":"post","link":"https:\/\/portaltela.pt\/musica\/2026\/04\/12\/monica-salmaso-apresenta-alma-lirica-brasileira-renovada-em-encontro-feliz\/","title":{"rendered":"M\u00f4nica Salmaso apresenta Alma L\u00edrica Brasileira renovada em encontro feliz"},"content":{"rendered":"<p>Numa digress\u00e3o que renova o formato de Alma L\u00edrica Brasileira, M\u00f4nica Salmaso regressa a Portugal com o trio de Teco Cardoso e Nelson Ayres. O programa, que cruza o l\u00edrico com o popular, ganha novas leituras desde 2011.<\/p>\n<p>O ciclo inicia em Lisboa, no Teatro Maria Matos, no dia 14 \u00e0s 21h. Segue-se Espinho, no Audit\u00f3rio de Espinho, em 17 \u00e0s 21h30. A digress\u00e3o encerra em Madrid, no Recoletos Jazz, no dia 19, \u00e0s 20h15 e 22h.<\/p>\n<p>A proposta mant\u00e9m a f\u00f3rmula hist\u00f3rica: voz de Salmaso, sopros de Cardoso e piano de Ayres, num recital que evita fronteiras entre autores e \u00e9pocas. O trio j\u00e1 apresentou o projeto diversas vezes desde 2012, com matriz em Alma L\u00edrica Brasileira.<\/p>\n<p>Mant\u00e9m-se, nesta edi\u00e7\u00e3o, parte do repert\u00f3rio original. V\u00eam seis temas do disco inicial, como Melodia sentimental, Samba erudito e Veranico de maio, al\u00e9m de pe\u00e7as de Villa-Lobos, Vanzolini, Ra\u00fal Torres e outros.<\/p>\n<p>Juntam-se novas inser\u00e7\u00f5es, incluindo Ciranda da bailarina, Mortal loucura e Constru\u00e7\u00e3o. Entre os extras, podem surgir Valsinha e Trem das onze, preservando a liga\u00e7\u00e3o entre o cante brasileiro e a tradi\u00e7\u00e3o popular sul-americana.<\/p>\n<p>O formato assenta na tr\u00edade: Salmaso na voz, Ayres no piano e Cardoso nos sopros. A cantora destaca a aus\u00eancia de separa\u00e7\u00f5es entre estilos, sublinhando pontes entre Villa-Lobos e o cancioneiro popular.<\/p>\n<p>A sele\u00e7\u00e3o atual do repert\u00f3rio mant\u00e9m o esp\u00edrito de encontro entre o l\u00edrico e o popular, com leituras que ampliam o percurso iniciado em 2011 e evolu\u00edram at\u00e9 ao projeto Estrada Branca. O conjunto prometeu, assim, uma noite de m\u00fasica frut\u00edfera e cont\u00edgua.<\/p>\n","protected":false},"excerpt":{"rendered":"<ul>\n<li>M\u00f4nica Salmaso apresenta uma Alma L\u00edrica Brasileira renovada, em formato de recital com o trio que integra h\u00e1 anos: Teco Cardoso e Nelson Ayres.<\/li>\n<li>Os concertos arrancam em Lisboa, no Teatro Maria Matos, no dia 14 \u00e0s 21h, seguem para o Audit\u00f3rio de Espinho no dia 17 \u00e0s 21h30 e terminam em Madrid, no Recoletos Jazz, no dia 19, com dois hor\u00e1rios: 20h15 e 22h.<\/li>\n<li>O repert\u00f3rio est\u00e1 atualizado: cerca de 30% mant\u00e9m-se do disco original; entram novas pe\u00e7as de Edu Lobo, Chico Buarque, Vinicius de Moraes, Dorival Caymmi, Violeta Parra e outros, mantendo-se seis temas do conjunto inicial.<\/li>\n<li>A forma\u00e7\u00e3o mant\u00e9m-se: voz de M\u00f4nica, piano de Nelson Ayres e saxofone\/flauta de Teco Cardoso.<\/li>\n<li>A artista descreve o encontro como \u201cmuito feliz\u201d e destaca as liga\u00e7\u00f5es entre m\u00fasica brasileira, cl\u00e1ssicos da regi\u00e3o e homenagens a autores como Vinicius de Moraes e Violeta Parra.<\/li>\n<\/ul>\n","protected":false},"author":2,"featured_media":441094,"comment_status":"closed","ping_status":"closed","sticky":false,"template":"","format":"standard","meta":{"footnotes":""},"categories":[6676],"tags":[2547,145,1839,981,122,1014],"class_list":["post-441089","post","type-post","status-publish","format-standard","has-post-thumbnail","hentry","category-musica","tag-brasil","tag-cultura","tag-espinho","tag-lisboa","tag-musica","tag-portugal"],"yoast_head":"<!-- This site is optimized with the Yoast SEO plugin v27.2 - https:\/\/yoast.com\/product\/yoast-seo-wordpress\/ -->\n<title>M\u00f4nica Salmaso apresenta Alma L\u00edrica Brasileira renovada em encontro feliz - Portal Tela Portugal<\/title>\n<meta name=\"robots\" content=\"index, follow, max-snippet:-1, max-image-preview:large, max-video-preview:-1\" \/>\n<meta property=\"og:locale\" content=\"pt_PT\" \/>\n<meta property=\"og:type\" content=\"article\" \/>\n<meta property=\"og:title\" content=\"M\u00f4nica Salmaso apresenta Alma L\u00edrica Brasileira renovada em encontro feliz - Portal Tela Portugal\" \/>\n<meta property=\"og:description\" content=\"M\u00f4nica Salmaso apresenta uma Alma L\u00edrica Brasileira renovada, em formato de recital com o trio que integra h\u00e1 anos: Teco Cardoso e Nelson Ayres. Os concertos arrancam em Lisboa, no Teatro Maria Matos, no dia 14 \u00e0s 21h, seguem para o Audit\u00f3rio de Espinho no dia 17 \u00e0s 21h30 e terminam em Madrid, no Recoletos Jazz, no dia 19, com dois hor\u00e1rios: 20h15 e 22h. O repert\u00f3rio est\u00e1 atualizado: cerca de 30% mant\u00e9m-se do disco original; entram novas pe\u00e7as de Edu Lobo, Chico Buarque, Vinicius de Moraes, Dorival Caymmi, Violeta Parra e outros, mantendo-se seis temas do conjunto inicial. A forma\u00e7\u00e3o mant\u00e9m-se: voz de M\u00f4nica, piano de Nelson Ayres e saxofone\/flauta de Teco Cardoso. A artista descreve o encontro como \u201cmuito feliz\u201d e destaca as liga\u00e7\u00f5es entre m\u00fasica brasileira, cl\u00e1ssicos da regi\u00e3o e homenagens a autores como Vinicius de Moraes e Violeta Parra.\" \/>\n<meta property=\"og:url\" content=\"https:\/\/portaltela.pt\/noticias\/2026\/04\/12\/monica-salmaso-apresenta-alma-lirica-brasileira-renovada-em-encontro-feliz\/\" \/>\n<meta property=\"og:site_name\" content=\"Portal Tela Portugal\" \/>\n<meta property=\"article:published_time\" content=\"2026-04-12T07:17:14+00:00\" \/>\n<meta name=\"author\" content=\"Telinha\" \/>\n<meta name=\"twitter:card\" content=\"summary_large_image\" \/>\n<meta name=\"twitter:label1\" content=\"Escrito por\" \/>\n\t<meta name=\"twitter:data1\" content=\"Telinha\" \/>\n\t<meta name=\"twitter:label2\" content=\"Tempo estimado de leitura\" \/>\n\t<meta name=\"twitter:data2\" content=\"1 minuto\" \/>\n<script type=\"application\/ld+json\" class=\"yoast-schema-graph\">{\"@context\":\"https:\/\/schema.org\",\"@graph\":[{\"@type\":\"Article\",\"@id\":\"https:\/\/portaltela.pt\/noticias\/2026\/04\/12\/monica-salmaso-apresenta-alma-lirica-brasileira-renovada-em-encontro-feliz\/#article\",\"isPartOf\":{\"@id\":\"https:\/\/portaltela.pt\/noticias\/2026\/04\/12\/monica-salmaso-apresenta-alma-lirica-brasileira-renovada-em-encontro-feliz\/\"},\"author\":{\"name\":\"Telinha\",\"@id\":\"https:\/\/portaltela.pt\/#\/schema\/person\/c4278d4a6028830caff9ee44b42d32ed\"},\"headline\":\"M\u00f4nica Salmaso apresenta Alma L\u00edrica Brasileira renovada em encontro feliz\",\"datePublished\":\"2026-04-12T07:17:14+00:00\",\"mainEntityOfPage\":{\"@id\":\"https:\/\/portaltela.pt\/noticias\/2026\/04\/12\/monica-salmaso-apresenta-alma-lirica-brasileira-renovada-em-encontro-feliz\/\"},\"wordCount\":297,\"image\":{\"@id\":\"https:\/\/portaltela.pt\/noticias\/2026\/04\/12\/monica-salmaso-apresenta-alma-lirica-brasileira-renovada-em-encontro-feliz\/#primaryimage\"},\"thumbnailUrl\":\"https:\/\/portaltela.pt\/s.01k8rhncp4jt1\/2026\/04\/2080731.jpg\",\"keywords\":[\"Brasil\",\"cultura\",\"Espinho\",\"Lisboa\",\"m\u00fasica\",\"Portugal\"],\"articleSection\":[\"M\u00fasica\"],\"inLanguage\":\"pt-PT\"},{\"@type\":\"WebPage\",\"@id\":\"https:\/\/portaltela.pt\/noticias\/2026\/04\/12\/monica-salmaso-apresenta-alma-lirica-brasileira-renovada-em-encontro-feliz\/\",\"url\":\"https:\/\/portaltela.pt\/noticias\/2026\/04\/12\/monica-salmaso-apresenta-alma-lirica-brasileira-renovada-em-encontro-feliz\/\",\"name\":\"M\u00f4nica Salmaso apresenta Alma L\u00edrica Brasileira renovada em encontro feliz - Portal Tela Portugal\",\"isPartOf\":{\"@id\":\"https:\/\/portaltela.pt\/#website\"},\"primaryImageOfPage\":{\"@id\":\"https:\/\/portaltela.pt\/noticias\/2026\/04\/12\/monica-salmaso-apresenta-alma-lirica-brasileira-renovada-em-encontro-feliz\/#primaryimage\"},\"image\":{\"@id\":\"https:\/\/portaltela.pt\/noticias\/2026\/04\/12\/monica-salmaso-apresenta-alma-lirica-brasileira-renovada-em-encontro-feliz\/#primaryimage\"},\"thumbnailUrl\":\"https:\/\/portaltela.pt\/s.01k8rhncp4jt1\/2026\/04\/2080731.jpg\",\"datePublished\":\"2026-04-12T07:17:14+00:00\",\"author\":{\"@id\":\"https:\/\/portaltela.pt\/#\/schema\/person\/c4278d4a6028830caff9ee44b42d32ed\"},\"breadcrumb\":{\"@id\":\"https:\/\/portaltela.pt\/noticias\/2026\/04\/12\/monica-salmaso-apresenta-alma-lirica-brasileira-renovada-em-encontro-feliz\/#breadcrumb\"},\"inLanguage\":\"pt-PT\",\"potentialAction\":[{\"@type\":\"ReadAction\",\"target\":[\"https:\/\/portaltela.pt\/noticias\/2026\/04\/12\/monica-salmaso-apresenta-alma-lirica-brasileira-renovada-em-encontro-feliz\/\"]}]},{\"@type\":\"ImageObject\",\"inLanguage\":\"pt-PT\",\"@id\":\"https:\/\/portaltela.pt\/noticias\/2026\/04\/12\/monica-salmaso-apresenta-alma-lirica-brasileira-renovada-em-encontro-feliz\/#primaryimage\",\"url\":\"https:\/\/portaltela.pt\/s.01k8rhncp4jt1\/2026\/04\/2080731.jpg\",\"contentUrl\":\"https:\/\/portaltela.pt\/s.01k8rhncp4jt1\/2026\/04\/2080731.jpg\",\"width\":796,\"height\":448,\"caption\":\"M\u00f4nica Salmaso entre Nelson Ayres e Teco Cardoso\"},{\"@type\":\"BreadcrumbList\",\"@id\":\"https:\/\/portaltela.pt\/noticias\/2026\/04\/12\/monica-salmaso-apresenta-alma-lirica-brasileira-renovada-em-encontro-feliz\/#breadcrumb\",\"itemListElement\":[{\"@type\":\"ListItem\",\"position\":1,\"name\":\"In\u00edcio\",\"item\":\"https:\/\/portaltela.pt\/\"},{\"@type\":\"ListItem\",\"position\":2,\"name\":\"M\u00f4nica Salmaso apresenta Alma L\u00edrica Brasileira renovada em encontro feliz\"}]},{\"@type\":\"WebSite\",\"@id\":\"https:\/\/portaltela.pt\/#website\",\"url\":\"https:\/\/portaltela.pt\/\",\"name\":\"Portal Tela Portugal\",\"description\":\"\",\"potentialAction\":[{\"@type\":\"SearchAction\",\"target\":{\"@type\":\"EntryPoint\",\"urlTemplate\":\"https:\/\/portaltela.pt\/?s={search_term_string}\"},\"query-input\":{\"@type\":\"PropertyValueSpecification\",\"valueRequired\":true,\"valueName\":\"search_term_string\"}}],\"inLanguage\":\"pt-PT\"},{\"@type\":\"Person\",\"@id\":\"https:\/\/portaltela.pt\/#\/schema\/person\/c4278d4a6028830caff9ee44b42d32ed\",\"name\":\"Telinha\",\"image\":{\"@type\":\"ImageObject\",\"inLanguage\":\"pt-PT\",\"@id\":\"https:\/\/portaltela.pt\/s.01k8rhncp4jt1\/2025\/11\/talking-bot-125x125.png\",\"url\":\"https:\/\/portaltela.pt\/s.01k8rhncp4jt1\/2025\/11\/talking-bot-125x125.png\",\"contentUrl\":\"https:\/\/portaltela.pt\/s.01k8rhncp4jt1\/2025\/11\/talking-bot-125x125.png\",\"caption\":\"Telinha\"},\"sameAs\":[\"https:\/\/portaltela.pt\/\"],\"url\":\"https:\/\/portaltela.pt\/por\/367410592786\/\"}]}<\/script>\n<!-- \/ Yoast SEO plugin. -->","yoast_head_json":{"title":"M\u00f4nica Salmaso apresenta Alma L\u00edrica Brasileira renovada em encontro feliz - Portal Tela Portugal","robots":{"index":"index","follow":"follow","max-snippet":"max-snippet:-1","max-image-preview":"max-image-preview:large","max-video-preview":"max-video-preview:-1"},"og_locale":"pt_PT","og_type":"article","og_title":"M\u00f4nica Salmaso apresenta Alma L\u00edrica Brasileira renovada em encontro feliz - Portal Tela Portugal","og_description":"M\u00f4nica Salmaso apresenta uma Alma L\u00edrica Brasileira renovada, em formato de recital com o trio que integra h\u00e1 anos: Teco Cardoso e Nelson Ayres. Os concertos arrancam em Lisboa, no Teatro Maria Matos, no dia 14 \u00e0s 21h, seguem para o Audit\u00f3rio de Espinho no dia 17 \u00e0s 21h30 e terminam em Madrid, no Recoletos Jazz, no dia 19, com dois hor\u00e1rios: 20h15 e 22h. O repert\u00f3rio est\u00e1 atualizado: cerca de 30% mant\u00e9m-se do disco original; entram novas pe\u00e7as de Edu Lobo, Chico Buarque, Vinicius de Moraes, Dorival Caymmi, Violeta Parra e outros, mantendo-se seis temas do conjunto inicial. A forma\u00e7\u00e3o mant\u00e9m-se: voz de M\u00f4nica, piano de Nelson Ayres e saxofone\/flauta de Teco Cardoso. A artista descreve o encontro como \u201cmuito feliz\u201d e destaca as liga\u00e7\u00f5es entre m\u00fasica brasileira, cl\u00e1ssicos da regi\u00e3o e homenagens a autores como Vinicius de Moraes e Violeta Parra.","og_url":"https:\/\/portaltela.pt\/noticias\/2026\/04\/12\/monica-salmaso-apresenta-alma-lirica-brasileira-renovada-em-encontro-feliz\/","og_site_name":"Portal Tela Portugal","article_published_time":"2026-04-12T07:17:14+00:00","author":"Telinha","twitter_card":"summary_large_image","twitter_misc":{"Escrito por":"Telinha","Tempo estimado de leitura":"1 minuto"},"schema":{"@context":"https:\/\/schema.org","@graph":[{"@type":"Article","@id":"https:\/\/portaltela.pt\/noticias\/2026\/04\/12\/monica-salmaso-apresenta-alma-lirica-brasileira-renovada-em-encontro-feliz\/#article","isPartOf":{"@id":"https:\/\/portaltela.pt\/noticias\/2026\/04\/12\/monica-salmaso-apresenta-alma-lirica-brasileira-renovada-em-encontro-feliz\/"},"author":{"name":"Telinha","@id":"https:\/\/portaltela.pt\/#\/schema\/person\/c4278d4a6028830caff9ee44b42d32ed"},"headline":"M\u00f4nica Salmaso apresenta Alma L\u00edrica Brasileira renovada em encontro feliz","datePublished":"2026-04-12T07:17:14+00:00","mainEntityOfPage":{"@id":"https:\/\/portaltela.pt\/noticias\/2026\/04\/12\/monica-salmaso-apresenta-alma-lirica-brasileira-renovada-em-encontro-feliz\/"},"wordCount":297,"image":{"@id":"https:\/\/portaltela.pt\/noticias\/2026\/04\/12\/monica-salmaso-apresenta-alma-lirica-brasileira-renovada-em-encontro-feliz\/#primaryimage"},"thumbnailUrl":"https:\/\/portaltela.pt\/s.01k8rhncp4jt1\/2026\/04\/2080731.jpg","keywords":["Brasil","cultura","Espinho","Lisboa","m\u00fasica","Portugal"],"articleSection":["M\u00fasica"],"inLanguage":"pt-PT"},{"@type":"WebPage","@id":"https:\/\/portaltela.pt\/noticias\/2026\/04\/12\/monica-salmaso-apresenta-alma-lirica-brasileira-renovada-em-encontro-feliz\/","url":"https:\/\/portaltela.pt\/noticias\/2026\/04\/12\/monica-salmaso-apresenta-alma-lirica-brasileira-renovada-em-encontro-feliz\/","name":"M\u00f4nica Salmaso apresenta Alma L\u00edrica Brasileira renovada em encontro feliz - Portal Tela Portugal","isPartOf":{"@id":"https:\/\/portaltela.pt\/#website"},"primaryImageOfPage":{"@id":"https:\/\/portaltela.pt\/noticias\/2026\/04\/12\/monica-salmaso-apresenta-alma-lirica-brasileira-renovada-em-encontro-feliz\/#primaryimage"},"image":{"@id":"https:\/\/portaltela.pt\/noticias\/2026\/04\/12\/monica-salmaso-apresenta-alma-lirica-brasileira-renovada-em-encontro-feliz\/#primaryimage"},"thumbnailUrl":"https:\/\/portaltela.pt\/s.01k8rhncp4jt1\/2026\/04\/2080731.jpg","datePublished":"2026-04-12T07:17:14+00:00","author":{"@id":"https:\/\/portaltela.pt\/#\/schema\/person\/c4278d4a6028830caff9ee44b42d32ed"},"breadcrumb":{"@id":"https:\/\/portaltela.pt\/noticias\/2026\/04\/12\/monica-salmaso-apresenta-alma-lirica-brasileira-renovada-em-encontro-feliz\/#breadcrumb"},"inLanguage":"pt-PT","potentialAction":[{"@type":"ReadAction","target":["https:\/\/portaltela.pt\/noticias\/2026\/04\/12\/monica-salmaso-apresenta-alma-lirica-brasileira-renovada-em-encontro-feliz\/"]}]},{"@type":"ImageObject","inLanguage":"pt-PT","@id":"https:\/\/portaltela.pt\/noticias\/2026\/04\/12\/monica-salmaso-apresenta-alma-lirica-brasileira-renovada-em-encontro-feliz\/#primaryimage","url":"https:\/\/portaltela.pt\/s.01k8rhncp4jt1\/2026\/04\/2080731.jpg","contentUrl":"https:\/\/portaltela.pt\/s.01k8rhncp4jt1\/2026\/04\/2080731.jpg","width":796,"height":448,"caption":"M\u00f4nica Salmaso entre Nelson Ayres e Teco Cardoso"},{"@type":"BreadcrumbList","@id":"https:\/\/portaltela.pt\/noticias\/2026\/04\/12\/monica-salmaso-apresenta-alma-lirica-brasileira-renovada-em-encontro-feliz\/#breadcrumb","itemListElement":[{"@type":"ListItem","position":1,"name":"In\u00edcio","item":"https:\/\/portaltela.pt\/"},{"@type":"ListItem","position":2,"name":"M\u00f4nica Salmaso apresenta Alma L\u00edrica Brasileira renovada em encontro feliz"}]},{"@type":"WebSite","@id":"https:\/\/portaltela.pt\/#website","url":"https:\/\/portaltela.pt\/","name":"Portal Tela Portugal","description":"","potentialAction":[{"@type":"SearchAction","target":{"@type":"EntryPoint","urlTemplate":"https:\/\/portaltela.pt\/?s={search_term_string}"},"query-input":{"@type":"PropertyValueSpecification","valueRequired":true,"valueName":"search_term_string"}}],"inLanguage":"pt-PT"},{"@type":"Person","@id":"https:\/\/portaltela.pt\/#\/schema\/person\/c4278d4a6028830caff9ee44b42d32ed","name":"Telinha","image":{"@type":"ImageObject","inLanguage":"pt-PT","@id":"https:\/\/portaltela.pt\/s.01k8rhncp4jt1\/2025\/11\/talking-bot-125x125.png","url":"https:\/\/portaltela.pt\/s.01k8rhncp4jt1\/2025\/11\/talking-bot-125x125.png","contentUrl":"https:\/\/portaltela.pt\/s.01k8rhncp4jt1\/2025\/11\/talking-bot-125x125.png","caption":"Telinha"},"sameAs":["https:\/\/portaltela.pt\/"],"url":"https:\/\/portaltela.pt\/por\/367410592786\/"}]}},"_links":{"self":[{"href":"https:\/\/portaltela.pt\/api\/wp\/v2\/posts\/441089","targetHints":{"allow":["GET"]}}],"collection":[{"href":"https:\/\/portaltela.pt\/api\/wp\/v2\/posts"}],"about":[{"href":"https:\/\/portaltela.pt\/api\/wp\/v2\/types\/post"}],"author":[{"embeddable":true,"href":"https:\/\/portaltela.pt\/api\/wp\/v2\/users\/2"}],"replies":[{"embeddable":true,"href":"https:\/\/portaltela.pt\/api\/wp\/v2\/comments?post=441089"}],"version-history":[{"count":0,"href":"https:\/\/portaltela.pt\/api\/wp\/v2\/posts\/441089\/revisions"}],"wp:featuredmedia":[{"embeddable":true,"href":"https:\/\/portaltela.pt\/api\/wp\/v2\/media\/441094"}],"wp:attachment":[{"href":"https:\/\/portaltela.pt\/api\/wp\/v2\/media?parent=441089"}],"wp:term":[{"taxonomy":"category","embeddable":true,"href":"https:\/\/portaltela.pt\/api\/wp\/v2\/categories?post=441089"},{"taxonomy":"post_tag","embeddable":true,"href":"https:\/\/portaltela.pt\/api\/wp\/v2\/tags?post=441089"}],"curies":[{"name":"wp","href":"https:\/\/api.w.org\/{rel}","templated":true}]}}