{"id":441079,"date":"2026-04-12T04:02:09","date_gmt":"2026-04-12T07:02:09","guid":{"rendered":"https:\/\/portaltela.pt\/noticias\/2026\/04\/12\/eua-abandonam-negociacoes-com-irao-jd-vance-regressa-a-washington-sem-acordo\/"},"modified":"2026-04-12T04:02:09","modified_gmt":"2026-04-12T07:02:09","slug":"eua-abandonam-negociacoes-com-irao-jd-vance-regressa-a-washington-sem-acordo","status":"publish","type":"post","link":"https:\/\/portaltela.pt\/geopolitica\/2026\/04\/12\/eua-abandonam-negociacoes-com-irao-jd-vance-regressa-a-washington-sem-acordo\/","title":{"rendered":"EUA abandonam negocia\u00e7\u00f5es com Ir\u00e3o; JD Vance regressa a Washington sem acordo"},"content":{"rendered":"<p>O vice-presidente dos Estados Unidos, JD Vance, anunciou o encerramento das negocia\u00e7\u00f5es entre Washington e Teer\u00e3o ap\u00f3s 21 horas de talks, sem um acordo de paz. O objetivo era impedir o desenvolvimento de uma arma nuclear, conforme as condi\u00e7\u00f5es norte\u2011americanas.<\/p>\n<p>Vance afirmou que manteve comunica\u00e7\u00e3o constante com o Presidente dos EUA e outros membros da Administra\u00e7\u00e3o ao longo das negocia\u00e7\u00f5es, realizadas em Islamabad. Indeferiu-se a aceitar as condi\u00e7\u00f5es apresentadas por Washington.<\/p>\n<p>Segundo o comunicado, o foco central da reuni\u00e3o era obter um compromisso claro de que o Ir\u00e3o n\u00e3o perseguiria a constru\u00e7\u00e3o de armas nucleares nem o acesso \u00e0s ferramentas que permitam acelerar esse processo. O resultado n\u00e3o atendeu aos interesses de Washington.<\/p>\n","protected":false},"excerpt":{"rendered":"<ul>\n<li>As conversa\u00e7\u00f5es de alto n\u00edvel terminaram ap\u00f3s 21 horas, sem acordo entre Washington e Teer\u00e3o.<\/li>\n<li>O vice-presidente dos Estados Unidos, JD Vance, encerrou as negocia\u00e7\u00f5es sem um acordo de paz.<\/li>\n<li>Os iranianos recusaram aceitar as condi\u00e7\u00f5es americanas de n\u00e3o desenvolverem uma arma nuclear.<\/li>\n<li>Vance afirmou que \u00e9 necess\u00e1rio um compromisso expl\u00edcito de que o Ir\u00e3o n\u00e3o procurar\u00e1 obter uma arma nuclear.<\/li>\n<li>Disse ter mantido comunica\u00e7\u00e3o constante com o Presidente Donald Trump e outros membros da Administra\u00e7\u00e3o durante as negocia\u00e7\u00f5es, na confer\u00eancia em Islamad.<\/li>\n<\/ul>\n","protected":false},"author":2,"featured_media":441080,"comment_status":"closed","ping_status":"closed","sticky":false,"template":"","format":"standard","meta":{"footnotes":""},"categories":[6814],"tags":[272,6103,3153,2036,7439,4222],"class_list":["post-441079","post","type-post","status-publish","format-standard","has-post-thumbnail","hentry","category-geopolitica","tag-acordos-internacionais","tag-comunicacao-internacional","tag-ira","tag-negociacoes-internacionais","tag-politica-externa","tag-seguranca-internacional"],"yoast_head":"<!-- This site is optimized with the Yoast SEO plugin v27.2 - https:\/\/yoast.com\/product\/yoast-seo-wordpress\/ -->\n<title>EUA abandonam negocia\u00e7\u00f5es com Ir\u00e3o; JD Vance regressa a Washington sem acordo - Portal Tela Portugal<\/title>\n<meta name=\"robots\" content=\"index, follow, max-snippet:-1, max-image-preview:large, max-video-preview:-1\" \/>\n<meta property=\"og:locale\" content=\"pt_PT\" \/>\n<meta property=\"og:type\" content=\"article\" \/>\n<meta property=\"og:title\" content=\"EUA abandonam negocia\u00e7\u00f5es com Ir\u00e3o; JD Vance regressa a Washington sem acordo - Portal Tela Portugal\" \/>\n<meta property=\"og:description\" content=\"As conversa\u00e7\u00f5es de alto n\u00edvel terminaram ap\u00f3s 21 horas, sem acordo entre Washington e Teer\u00e3o. O vice-presidente dos Estados Unidos, JD Vance, encerrou as negocia\u00e7\u00f5es sem um acordo de paz. Os iranianos recusaram aceitar as condi\u00e7\u00f5es americanas de n\u00e3o desenvolverem uma arma nuclear. Vance afirmou que \u00e9 necess\u00e1rio um compromisso expl\u00edcito de que o Ir\u00e3o n\u00e3o procurar\u00e1 obter uma arma nuclear. Disse ter mantido comunica\u00e7\u00e3o constante com o Presidente Donald Trump e outros membros da Administra\u00e7\u00e3o durante as negocia\u00e7\u00f5es, na confer\u00eancia em Islamad.\" \/>\n<meta property=\"og:url\" content=\"https:\/\/portaltela.pt\/noticias\/2026\/04\/12\/eua-abandonam-negociacoes-com-irao-jd-vance-regressa-a-washington-sem-acordo\/\" \/>\n<meta property=\"og:site_name\" content=\"Portal Tela Portugal\" \/>\n<meta property=\"article:published_time\" content=\"2026-04-12T07:02:09+00:00\" \/>\n<meta name=\"author\" content=\"Telinha\" \/>\n<meta name=\"twitter:card\" content=\"summary_large_image\" \/>\n<meta name=\"twitter:label1\" content=\"Escrito por\" \/>\n\t<meta name=\"twitter:data1\" content=\"Telinha\" \/>\n\t<meta name=\"twitter:label2\" content=\"Tempo estimado de leitura\" \/>\n\t<meta name=\"twitter:data2\" content=\"1 minuto\" \/>\n<script type=\"application\/ld+json\" class=\"yoast-schema-graph\">{\"@context\":\"https:\/\/schema.org\",\"@graph\":[{\"@type\":\"Article\",\"@id\":\"https:\/\/portaltela.pt\/noticias\/2026\/04\/12\/eua-abandonam-negociacoes-com-irao-jd-vance-regressa-a-washington-sem-acordo\/#article\",\"isPartOf\":{\"@id\":\"https:\/\/portaltela.pt\/noticias\/2026\/04\/12\/eua-abandonam-negociacoes-com-irao-jd-vance-regressa-a-washington-sem-acordo\/\"},\"author\":{\"name\":\"Telinha\",\"@id\":\"https:\/\/portaltela.pt\/#\/schema\/person\/c4278d4a6028830caff9ee44b42d32ed\"},\"headline\":\"EUA abandonam negocia\u00e7\u00f5es com Ir\u00e3o; JD Vance regressa a Washington sem acordo\",\"datePublished\":\"2026-04-12T07:02:09+00:00\",\"mainEntityOfPage\":{\"@id\":\"https:\/\/portaltela.pt\/noticias\/2026\/04\/12\/eua-abandonam-negociacoes-com-irao-jd-vance-regressa-a-washington-sem-acordo\/\"},\"wordCount\":140,\"image\":{\"@id\":\"https:\/\/portaltela.pt\/noticias\/2026\/04\/12\/eua-abandonam-negociacoes-com-irao-jd-vance-regressa-a-washington-sem-acordo\/#primaryimage\"},\"thumbnailUrl\":\"https:\/\/portaltela.pt\/s.01k8rhncp4jt1\/2026\/04\/img_920x518uu2026-04-12-07-56-56-2432528-im-639115774447567767.jpg\",\"keywords\":[\"acordos internacionais\",\"comunica\u00e7\u00e3o internacional\",\"Ir\u00e3\",\"negocia\u00e7\u00f5es internacionais\",\"pol\u00edtica externa\",\"seguran\u00e7a internacional\"],\"articleSection\":[\"Geopol\u00edtica\"],\"inLanguage\":\"pt-PT\"},{\"@type\":\"WebPage\",\"@id\":\"https:\/\/portaltela.pt\/noticias\/2026\/04\/12\/eua-abandonam-negociacoes-com-irao-jd-vance-regressa-a-washington-sem-acordo\/\",\"url\":\"https:\/\/portaltela.pt\/noticias\/2026\/04\/12\/eua-abandonam-negociacoes-com-irao-jd-vance-regressa-a-washington-sem-acordo\/\",\"name\":\"EUA abandonam negocia\u00e7\u00f5es com Ir\u00e3o; JD Vance regressa a Washington sem acordo - Portal Tela Portugal\",\"isPartOf\":{\"@id\":\"https:\/\/portaltela.pt\/#website\"},\"primaryImageOfPage\":{\"@id\":\"https:\/\/portaltela.pt\/noticias\/2026\/04\/12\/eua-abandonam-negociacoes-com-irao-jd-vance-regressa-a-washington-sem-acordo\/#primaryimage\"},\"image\":{\"@id\":\"https:\/\/portaltela.pt\/noticias\/2026\/04\/12\/eua-abandonam-negociacoes-com-irao-jd-vance-regressa-a-washington-sem-acordo\/#primaryimage\"},\"thumbnailUrl\":\"https:\/\/portaltela.pt\/s.01k8rhncp4jt1\/2026\/04\/img_920x518uu2026-04-12-07-56-56-2432528-im-639115774447567767.jpg\",\"datePublished\":\"2026-04-12T07:02:09+00:00\",\"author\":{\"@id\":\"https:\/\/portaltela.pt\/#\/schema\/person\/c4278d4a6028830caff9ee44b42d32ed\"},\"breadcrumb\":{\"@id\":\"https:\/\/portaltela.pt\/noticias\/2026\/04\/12\/eua-abandonam-negociacoes-com-irao-jd-vance-regressa-a-washington-sem-acordo\/#breadcrumb\"},\"inLanguage\":\"pt-PT\",\"potentialAction\":[{\"@type\":\"ReadAction\",\"target\":[\"https:\/\/portaltela.pt\/noticias\/2026\/04\/12\/eua-abandonam-negociacoes-com-irao-jd-vance-regressa-a-washington-sem-acordo\/\"]}]},{\"@type\":\"ImageObject\",\"inLanguage\":\"pt-PT\",\"@id\":\"https:\/\/portaltela.pt\/noticias\/2026\/04\/12\/eua-abandonam-negociacoes-com-irao-jd-vance-regressa-a-washington-sem-acordo\/#primaryimage\",\"url\":\"https:\/\/portaltela.pt\/s.01k8rhncp4jt1\/2026\/04\/img_920x518uu2026-04-12-07-56-56-2432528-im-639115774447567767.jpg\",\"contentUrl\":\"https:\/\/portaltela.pt\/s.01k8rhncp4jt1\/2026\/04\/img_920x518uu2026-04-12-07-56-56-2432528-im-639115774447567767.jpg\",\"width\":796,\"height\":448,\"caption\":\"JD Vance, vice-presidente dos Estados Unidos\"},{\"@type\":\"BreadcrumbList\",\"@id\":\"https:\/\/portaltela.pt\/noticias\/2026\/04\/12\/eua-abandonam-negociacoes-com-irao-jd-vance-regressa-a-washington-sem-acordo\/#breadcrumb\",\"itemListElement\":[{\"@type\":\"ListItem\",\"position\":1,\"name\":\"In\u00edcio\",\"item\":\"https:\/\/portaltela.pt\/\"},{\"@type\":\"ListItem\",\"position\":2,\"name\":\"EUA abandonam negocia\u00e7\u00f5es com Ir\u00e3o; JD Vance regressa a Washington sem acordo\"}]},{\"@type\":\"WebSite\",\"@id\":\"https:\/\/portaltela.pt\/#website\",\"url\":\"https:\/\/portaltela.pt\/\",\"name\":\"Portal Tela Portugal\",\"description\":\"\",\"potentialAction\":[{\"@type\":\"SearchAction\",\"target\":{\"@type\":\"EntryPoint\",\"urlTemplate\":\"https:\/\/portaltela.pt\/?s={search_term_string}\"},\"query-input\":{\"@type\":\"PropertyValueSpecification\",\"valueRequired\":true,\"valueName\":\"search_term_string\"}}],\"inLanguage\":\"pt-PT\"},{\"@type\":\"Person\",\"@id\":\"https:\/\/portaltela.pt\/#\/schema\/person\/c4278d4a6028830caff9ee44b42d32ed\",\"name\":\"Telinha\",\"image\":{\"@type\":\"ImageObject\",\"inLanguage\":\"pt-PT\",\"@id\":\"https:\/\/portaltela.pt\/s.01k8rhncp4jt1\/2025\/11\/talking-bot-125x125.png\",\"url\":\"https:\/\/portaltela.pt\/s.01k8rhncp4jt1\/2025\/11\/talking-bot-125x125.png\",\"contentUrl\":\"https:\/\/portaltela.pt\/s.01k8rhncp4jt1\/2025\/11\/talking-bot-125x125.png\",\"caption\":\"Telinha\"},\"sameAs\":[\"https:\/\/portaltela.pt\/\"],\"url\":\"https:\/\/portaltela.pt\/por\/367410592786\/\"}]}<\/script>\n<!-- \/ Yoast SEO plugin. -->","yoast_head_json":{"title":"EUA abandonam negocia\u00e7\u00f5es com Ir\u00e3o; JD Vance regressa a Washington sem acordo - Portal Tela Portugal","robots":{"index":"index","follow":"follow","max-snippet":"max-snippet:-1","max-image-preview":"max-image-preview:large","max-video-preview":"max-video-preview:-1"},"og_locale":"pt_PT","og_type":"article","og_title":"EUA abandonam negocia\u00e7\u00f5es com Ir\u00e3o; JD Vance regressa a Washington sem acordo - Portal Tela Portugal","og_description":"As conversa\u00e7\u00f5es de alto n\u00edvel terminaram ap\u00f3s 21 horas, sem acordo entre Washington e Teer\u00e3o. O vice-presidente dos Estados Unidos, JD Vance, encerrou as negocia\u00e7\u00f5es sem um acordo de paz. Os iranianos recusaram aceitar as condi\u00e7\u00f5es americanas de n\u00e3o desenvolverem uma arma nuclear. Vance afirmou que \u00e9 necess\u00e1rio um compromisso expl\u00edcito de que o Ir\u00e3o n\u00e3o procurar\u00e1 obter uma arma nuclear. Disse ter mantido comunica\u00e7\u00e3o constante com o Presidente Donald Trump e outros membros da Administra\u00e7\u00e3o durante as negocia\u00e7\u00f5es, na confer\u00eancia em Islamad.","og_url":"https:\/\/portaltela.pt\/noticias\/2026\/04\/12\/eua-abandonam-negociacoes-com-irao-jd-vance-regressa-a-washington-sem-acordo\/","og_site_name":"Portal Tela Portugal","article_published_time":"2026-04-12T07:02:09+00:00","author":"Telinha","twitter_card":"summary_large_image","twitter_misc":{"Escrito por":"Telinha","Tempo estimado de leitura":"1 minuto"},"schema":{"@context":"https:\/\/schema.org","@graph":[{"@type":"Article","@id":"https:\/\/portaltela.pt\/noticias\/2026\/04\/12\/eua-abandonam-negociacoes-com-irao-jd-vance-regressa-a-washington-sem-acordo\/#article","isPartOf":{"@id":"https:\/\/portaltela.pt\/noticias\/2026\/04\/12\/eua-abandonam-negociacoes-com-irao-jd-vance-regressa-a-washington-sem-acordo\/"},"author":{"name":"Telinha","@id":"https:\/\/portaltela.pt\/#\/schema\/person\/c4278d4a6028830caff9ee44b42d32ed"},"headline":"EUA abandonam negocia\u00e7\u00f5es com Ir\u00e3o; JD Vance regressa a Washington sem acordo","datePublished":"2026-04-12T07:02:09+00:00","mainEntityOfPage":{"@id":"https:\/\/portaltela.pt\/noticias\/2026\/04\/12\/eua-abandonam-negociacoes-com-irao-jd-vance-regressa-a-washington-sem-acordo\/"},"wordCount":140,"image":{"@id":"https:\/\/portaltela.pt\/noticias\/2026\/04\/12\/eua-abandonam-negociacoes-com-irao-jd-vance-regressa-a-washington-sem-acordo\/#primaryimage"},"thumbnailUrl":"https:\/\/portaltela.pt\/s.01k8rhncp4jt1\/2026\/04\/img_920x518uu2026-04-12-07-56-56-2432528-im-639115774447567767.jpg","keywords":["acordos internacionais","comunica\u00e7\u00e3o internacional","Ir\u00e3","negocia\u00e7\u00f5es internacionais","pol\u00edtica externa","seguran\u00e7a internacional"],"articleSection":["Geopol\u00edtica"],"inLanguage":"pt-PT"},{"@type":"WebPage","@id":"https:\/\/portaltela.pt\/noticias\/2026\/04\/12\/eua-abandonam-negociacoes-com-irao-jd-vance-regressa-a-washington-sem-acordo\/","url":"https:\/\/portaltela.pt\/noticias\/2026\/04\/12\/eua-abandonam-negociacoes-com-irao-jd-vance-regressa-a-washington-sem-acordo\/","name":"EUA abandonam negocia\u00e7\u00f5es com Ir\u00e3o; JD Vance regressa a Washington sem acordo - Portal Tela Portugal","isPartOf":{"@id":"https:\/\/portaltela.pt\/#website"},"primaryImageOfPage":{"@id":"https:\/\/portaltela.pt\/noticias\/2026\/04\/12\/eua-abandonam-negociacoes-com-irao-jd-vance-regressa-a-washington-sem-acordo\/#primaryimage"},"image":{"@id":"https:\/\/portaltela.pt\/noticias\/2026\/04\/12\/eua-abandonam-negociacoes-com-irao-jd-vance-regressa-a-washington-sem-acordo\/#primaryimage"},"thumbnailUrl":"https:\/\/portaltela.pt\/s.01k8rhncp4jt1\/2026\/04\/img_920x518uu2026-04-12-07-56-56-2432528-im-639115774447567767.jpg","datePublished":"2026-04-12T07:02:09+00:00","author":{"@id":"https:\/\/portaltela.pt\/#\/schema\/person\/c4278d4a6028830caff9ee44b42d32ed"},"breadcrumb":{"@id":"https:\/\/portaltela.pt\/noticias\/2026\/04\/12\/eua-abandonam-negociacoes-com-irao-jd-vance-regressa-a-washington-sem-acordo\/#breadcrumb"},"inLanguage":"pt-PT","potentialAction":[{"@type":"ReadAction","target":["https:\/\/portaltela.pt\/noticias\/2026\/04\/12\/eua-abandonam-negociacoes-com-irao-jd-vance-regressa-a-washington-sem-acordo\/"]}]},{"@type":"ImageObject","inLanguage":"pt-PT","@id":"https:\/\/portaltela.pt\/noticias\/2026\/04\/12\/eua-abandonam-negociacoes-com-irao-jd-vance-regressa-a-washington-sem-acordo\/#primaryimage","url":"https:\/\/portaltela.pt\/s.01k8rhncp4jt1\/2026\/04\/img_920x518uu2026-04-12-07-56-56-2432528-im-639115774447567767.jpg","contentUrl":"https:\/\/portaltela.pt\/s.01k8rhncp4jt1\/2026\/04\/img_920x518uu2026-04-12-07-56-56-2432528-im-639115774447567767.jpg","width":796,"height":448,"caption":"JD Vance, vice-presidente dos Estados Unidos"},{"@type":"BreadcrumbList","@id":"https:\/\/portaltela.pt\/noticias\/2026\/04\/12\/eua-abandonam-negociacoes-com-irao-jd-vance-regressa-a-washington-sem-acordo\/#breadcrumb","itemListElement":[{"@type":"ListItem","position":1,"name":"In\u00edcio","item":"https:\/\/portaltela.pt\/"},{"@type":"ListItem","position":2,"name":"EUA abandonam negocia\u00e7\u00f5es com Ir\u00e3o; JD Vance regressa a Washington sem acordo"}]},{"@type":"WebSite","@id":"https:\/\/portaltela.pt\/#website","url":"https:\/\/portaltela.pt\/","name":"Portal Tela Portugal","description":"","potentialAction":[{"@type":"SearchAction","target":{"@type":"EntryPoint","urlTemplate":"https:\/\/portaltela.pt\/?s={search_term_string}"},"query-input":{"@type":"PropertyValueSpecification","valueRequired":true,"valueName":"search_term_string"}}],"inLanguage":"pt-PT"},{"@type":"Person","@id":"https:\/\/portaltela.pt\/#\/schema\/person\/c4278d4a6028830caff9ee44b42d32ed","name":"Telinha","image":{"@type":"ImageObject","inLanguage":"pt-PT","@id":"https:\/\/portaltela.pt\/s.01k8rhncp4jt1\/2025\/11\/talking-bot-125x125.png","url":"https:\/\/portaltela.pt\/s.01k8rhncp4jt1\/2025\/11\/talking-bot-125x125.png","contentUrl":"https:\/\/portaltela.pt\/s.01k8rhncp4jt1\/2025\/11\/talking-bot-125x125.png","caption":"Telinha"},"sameAs":["https:\/\/portaltela.pt\/"],"url":"https:\/\/portaltela.pt\/por\/367410592786\/"}]}},"_links":{"self":[{"href":"https:\/\/portaltela.pt\/api\/wp\/v2\/posts\/441079","targetHints":{"allow":["GET"]}}],"collection":[{"href":"https:\/\/portaltela.pt\/api\/wp\/v2\/posts"}],"about":[{"href":"https:\/\/portaltela.pt\/api\/wp\/v2\/types\/post"}],"author":[{"embeddable":true,"href":"https:\/\/portaltela.pt\/api\/wp\/v2\/users\/2"}],"replies":[{"embeddable":true,"href":"https:\/\/portaltela.pt\/api\/wp\/v2\/comments?post=441079"}],"version-history":[{"count":0,"href":"https:\/\/portaltela.pt\/api\/wp\/v2\/posts\/441079\/revisions"}],"wp:featuredmedia":[{"embeddable":true,"href":"https:\/\/portaltela.pt\/api\/wp\/v2\/media\/441080"}],"wp:attachment":[{"href":"https:\/\/portaltela.pt\/api\/wp\/v2\/media?parent=441079"}],"wp:term":[{"taxonomy":"category","embeddable":true,"href":"https:\/\/portaltela.pt\/api\/wp\/v2\/categories?post=441079"},{"taxonomy":"post_tag","embeddable":true,"href":"https:\/\/portaltela.pt\/api\/wp\/v2\/tags?post=441079"}],"curies":[{"name":"wp","href":"https:\/\/api.w.org\/{rel}","templated":true}]}}