{"id":441071,"date":"2026-04-12T03:47:24","date_gmt":"2026-04-12T06:47:24","guid":{"rendered":"https:\/\/portaltela.pt\/noticias\/2026\/04\/12\/bairros-vaticano-e-terra-prometida-saudam-leao-xiv-e-solicitam-agua-e-energia\/"},"modified":"2026-04-12T03:47:24","modified_gmt":"2026-04-12T06:47:24","slug":"bairros-vaticano-e-terra-prometida-saudam-leao-xiv-e-solicitam-agua-e-energia","status":"publish","type":"post","link":"https:\/\/portaltela.pt\/sociedade\/2026\/04\/12\/bairros-vaticano-e-terra-prometida-saudam-leao-xiv-e-solicitam-agua-e-energia\/","title":{"rendered":"Bairros Vaticano e Terra Prometida saudam Le\u00e3o XIV e solicitam \u00e1gua e energia"},"content":{"rendered":"<p>Na vila da Muxima, Angola, o Papa Le\u00e3o XIV visita a regi\u00e3o no dia 19 de abril, acompanhando o in\u00edcio de uma fase de requalifica\u00e7\u00e3o local e a expectativa de melhorias nos servi\u00e7os b\u00e1sicos. Moradores dos bairros informalmente designados como Vaticano e Terra Prometida mostram-se receptivos, mas apontam car\u00eancias em \u00e1gua e energia.<\/p>\n<p>O Vaticano foi criado no Coxi, a 10 km do Santu\u00e1rio da Muxima, como parte de habita\u00e7\u00f5es sociais que acolhem centenas de fam\u00edlias realojadas durante obras de requalifica\u00e7\u00e3o. A designa\u00e7\u00e3o n\u00e3o oficial homenageia a igreja local que incentivou o projeto.<\/p>\n<p>Do outro lado da via, Terra Prometida abriga habita\u00e7\u00f5es prec\u00e1rias de cabanas, com casas em constru\u00e7\u00e3o de chapa e pau-a-pique. Os moradores sonham com a transforma\u00e7\u00e3o para um novo bairro, enquanto aguardam avan\u00e7os na disponibilidade de \u00e1gua e eletricidade.<\/p>\n<p>As obras, que j\u00e1 atingem parte da Vila da Muxima, incluem a constru\u00e7\u00e3o de uma bas\u00edlica com capacidade para 4.600 fi\u00e9is e uma pra\u00e7a para mais de 200 mil peregrinos, estando o progresso estimado em 90%. No local, oper\u00e1rios tamb\u00e9m trabalham na pintura de paredes.<\/p>\n<p>Na zona urbana do Vaticano, a popula\u00e7\u00e3o celebra as resid\u00eancias recebidas, mas reclama falta de \u00e1gua e energia. Moradores destacam que o novo bairro \u00e9 urbanizado, com instala\u00e7\u00e3o policial em funcionamento, mas ainda enfrentam infiltra\u00e7\u00f5es e car\u00eancia de servi\u00e7os b\u00e1sicos.<\/p>\n<p>A Administra\u00e7\u00e3o autorizou, recentemente, obras emergenciais de eletricidade e \u00e1gua no valor de 3,56 mil milh\u00f5es de kwanzas para atender as \u00e1reas por onde o Papa vai passar, incluindo Coxi. A interven\u00e7\u00e3o visa assegurar fornecimentos durante o per\u00edodo de celebra\u00e7\u00f5es religiosas.<\/p>\n<p>V\u00e1rios moradores expressam que a visita de Le\u00e3o XIV deve acelerar a garantia de \u00e1gua e luz. Entre eles, um residente do Vaticano aponta a import\u00e2ncia da colabora\u00e7\u00e3o entre o Estado e a Igreja para dignificar a popula\u00e7\u00e3o realojada.<\/p>\n<p>Entre os que trabalham na vila, destaca-se o jovem Jorge Rafael, respons\u00e1vel pela pintura das paredes da futura bas\u00edlica, satisfeitos com o andamento da obra e com o potencial impacto tur\u00edstico do santu\u00e1rio. O projeto envolve tamb\u00e9m vendedores informais que atendem a oper\u00e1rios com bebidas e refei\u00e7\u00f5es r\u00e1pidas.<\/p>\n<p>Observa-se um cen\u00e1rio de contraste entre \u00e1reas urbanizadas e zonas ainda em constru\u00e7\u00e3o. Agricultores locais e residentes descrevem a reabilita\u00e7\u00e3o como oportunidade de desenvolvimento regional, destacando a expectativa de que o Papa traga mensagens de paz e estimule o turismo religioso na regi\u00e3o.<\/p>\n","protected":false},"excerpt":{"rendered":"<ul>\n<li>Na vila da Muxima, Angola, os bairros &#8220;Vaticano&#8221; e &#8220;Terra Prometida&#8221; recebem o Papa Le\u00e3o XIV a 19 de abril, com moradores a pedir \u00e1gua e energia.<\/li>\n<li>O bairro &#8220;Vaticano&#8221;, urbanizado, e o &#8220;Terra Prometida&#8221;, prec\u00e1rio, resultam do realojamento de residentes da \u00e1rea original durante obras de requalifica\u00e7\u00e3o.<\/li>\n<li>A designa\u00e7\u00e3o informal &#8220;Vaticano&#8221; homenageia a Igreja Cat\u00f3lica local, que ter\u00e1 incentivado o Governo a criar a nova vila habitacional; h\u00e1 ainda falta de \u00e1gua e luzn nas duas \u00e1reas.<\/li>\n<li>O Presidente autorizou obras emergenciais de \u00e1gua e eletricidade no valor de 3,56 mil milh\u00f5es de kwanzas, com a visita do Papa a incluir celebra\u00e7\u00f5es no santu\u00e1rio local.<\/li>\n<li>As obras incluem a constru\u00e7\u00e3o de uma bas\u00edlica com capacidade para at\u00e9 quatro mil e seiscentos fi\u00e9is, j\u00e1 com avan\u00e7o de cerca de noventa por cento, e a via de acesso liga a Muxima a Catete, num percurso de setenta e poucos quil\u00f4metros.<\/li>\n<\/ul>\n","protected":false},"author":2,"featured_media":441072,"comment_status":"closed","ping_status":"closed","sticky":false,"template":"","format":"standard","meta":{"footnotes":""},"categories":[7372,6871],"tags":[7791,7816,7777,1503,4729,4837],"class_list":["post-441071","post","type-post","status-publish","format-standard","has-post-thumbnail","hentry","category-comunidade","category-sociedade","tag-_habitacao","tag-_habitacao-social","tag-a-religiao","tag-abastecimento-de-agua","tag-abastecimento-de-energia","tag-angola"],"yoast_head":"<!-- This site is optimized with the Yoast SEO plugin v27.2 - https:\/\/yoast.com\/product\/yoast-seo-wordpress\/ -->\n<title>Bairros Vaticano e Terra Prometida saudam Le\u00e3o XIV e solicitam \u00e1gua e energia - Portal Tela Portugal<\/title>\n<meta name=\"robots\" content=\"index, follow, max-snippet:-1, max-image-preview:large, max-video-preview:-1\" \/>\n<meta property=\"og:locale\" content=\"pt_PT\" \/>\n<meta property=\"og:type\" content=\"article\" \/>\n<meta property=\"og:title\" content=\"Bairros Vaticano e Terra Prometida saudam Le\u00e3o XIV e solicitam \u00e1gua e energia - Portal Tela Portugal\" \/>\n<meta property=\"og:description\" content=\"Na vila da Muxima, Angola, os bairros &quot;Vaticano&quot; e &quot;Terra Prometida&quot; recebem o Papa Le\u00e3o XIV a 19 de abril, com moradores a pedir \u00e1gua e energia. O bairro &quot;Vaticano&quot;, urbanizado, e o &quot;Terra Prometida&quot;, prec\u00e1rio, resultam do realojamento de residentes da \u00e1rea original durante obras de requalifica\u00e7\u00e3o. A designa\u00e7\u00e3o informal &quot;Vaticano&quot; homenageia a Igreja Cat\u00f3lica local, que ter\u00e1 incentivado o Governo a criar a nova vila habitacional; h\u00e1 ainda falta de \u00e1gua e luzn nas duas \u00e1reas. O Presidente autorizou obras emergenciais de \u00e1gua e eletricidade no valor de 3,56 mil milh\u00f5es de kwanzas, com a visita do Papa a incluir celebra\u00e7\u00f5es no santu\u00e1rio local. As obras incluem a constru\u00e7\u00e3o de uma bas\u00edlica com capacidade para at\u00e9 quatro mil e seiscentos fi\u00e9is, j\u00e1 com avan\u00e7o de cerca de noventa por cento, e a via de acesso liga a Muxima a Catete, num percurso de setenta e poucos quil\u00f4metros.\" \/>\n<meta property=\"og:url\" content=\"https:\/\/portaltela.pt\/noticias\/2026\/04\/12\/bairros-vaticano-e-terra-prometida-saudam-leao-xiv-e-solicitam-agua-e-energia\/\" \/>\n<meta property=\"og:site_name\" content=\"Portal Tela Portugal\" \/>\n<meta property=\"article:published_time\" content=\"2026-04-12T06:47:24+00:00\" \/>\n<meta name=\"author\" content=\"Telinha\" \/>\n<meta name=\"twitter:card\" content=\"summary_large_image\" \/>\n<meta name=\"twitter:label1\" content=\"Escrito por\" \/>\n\t<meta name=\"twitter:data1\" content=\"Telinha\" \/>\n\t<meta name=\"twitter:label2\" content=\"Tempo estimado de leitura\" \/>\n\t<meta name=\"twitter:data2\" content=\"2 minutos\" \/>\n<script type=\"application\/ld+json\" class=\"yoast-schema-graph\">{\"@context\":\"https:\/\/schema.org\",\"@graph\":[{\"@type\":\"Article\",\"@id\":\"https:\/\/portaltela.pt\/noticias\/2026\/04\/12\/bairros-vaticano-e-terra-prometida-saudam-leao-xiv-e-solicitam-agua-e-energia\/#article\",\"isPartOf\":{\"@id\":\"https:\/\/portaltela.pt\/noticias\/2026\/04\/12\/bairros-vaticano-e-terra-prometida-saudam-leao-xiv-e-solicitam-agua-e-energia\/\"},\"author\":{\"name\":\"Telinha\",\"@id\":\"https:\/\/portaltela.pt\/#\/schema\/person\/c4278d4a6028830caff9ee44b42d32ed\"},\"headline\":\"Bairros Vaticano e Terra Prometida saudam Le\u00e3o XIV e solicitam \u00e1gua e energia\",\"datePublished\":\"2026-04-12T06:47:24+00:00\",\"mainEntityOfPage\":{\"@id\":\"https:\/\/portaltela.pt\/noticias\/2026\/04\/12\/bairros-vaticano-e-terra-prometida-saudam-leao-xiv-e-solicitam-agua-e-energia\/\"},\"wordCount\":448,\"image\":{\"@id\":\"https:\/\/portaltela.pt\/noticias\/2026\/04\/12\/bairros-vaticano-e-terra-prometida-saudam-leao-xiv-e-solicitam-agua-e-energia\/#primaryimage\"},\"thumbnailUrl\":\"https:\/\/portaltela.pt\/s.01k8rhncp4jt1\/2026\/04\/img_1500x1000uu2026-04-12-07-35-57-2278022.jpg\",\"keywords\":[\"_habita\u00e7\u00e3o\",\"_habita\u00e7\u00e3o social\",\"a religi\u00e3o\",\"abastecimento de \u00e1gua\",\"abastecimento de energia\",\"Angola\"],\"articleSection\":[\"Comunidade\",\"Sociedade\"],\"inLanguage\":\"pt-PT\"},{\"@type\":\"WebPage\",\"@id\":\"https:\/\/portaltela.pt\/noticias\/2026\/04\/12\/bairros-vaticano-e-terra-prometida-saudam-leao-xiv-e-solicitam-agua-e-energia\/\",\"url\":\"https:\/\/portaltela.pt\/noticias\/2026\/04\/12\/bairros-vaticano-e-terra-prometida-saudam-leao-xiv-e-solicitam-agua-e-energia\/\",\"name\":\"Bairros Vaticano e Terra Prometida saudam Le\u00e3o XIV e solicitam \u00e1gua e energia - Portal Tela Portugal\",\"isPartOf\":{\"@id\":\"https:\/\/portaltela.pt\/#website\"},\"primaryImageOfPage\":{\"@id\":\"https:\/\/portaltela.pt\/noticias\/2026\/04\/12\/bairros-vaticano-e-terra-prometida-saudam-leao-xiv-e-solicitam-agua-e-energia\/#primaryimage\"},\"image\":{\"@id\":\"https:\/\/portaltela.pt\/noticias\/2026\/04\/12\/bairros-vaticano-e-terra-prometida-saudam-leao-xiv-e-solicitam-agua-e-energia\/#primaryimage\"},\"thumbnailUrl\":\"https:\/\/portaltela.pt\/s.01k8rhncp4jt1\/2026\/04\/img_1500x1000uu2026-04-12-07-35-57-2278022.jpg\",\"datePublished\":\"2026-04-12T06:47:24+00:00\",\"author\":{\"@id\":\"https:\/\/portaltela.pt\/#\/schema\/person\/c4278d4a6028830caff9ee44b42d32ed\"},\"breadcrumb\":{\"@id\":\"https:\/\/portaltela.pt\/noticias\/2026\/04\/12\/bairros-vaticano-e-terra-prometida-saudam-leao-xiv-e-solicitam-agua-e-energia\/#breadcrumb\"},\"inLanguage\":\"pt-PT\",\"potentialAction\":[{\"@type\":\"ReadAction\",\"target\":[\"https:\/\/portaltela.pt\/noticias\/2026\/04\/12\/bairros-vaticano-e-terra-prometida-saudam-leao-xiv-e-solicitam-agua-e-energia\/\"]}]},{\"@type\":\"ImageObject\",\"inLanguage\":\"pt-PT\",\"@id\":\"https:\/\/portaltela.pt\/noticias\/2026\/04\/12\/bairros-vaticano-e-terra-prometida-saudam-leao-xiv-e-solicitam-agua-e-energia\/#primaryimage\",\"url\":\"https:\/\/portaltela.pt\/s.01k8rhncp4jt1\/2026\/04\/img_1500x1000uu2026-04-12-07-35-57-2278022.jpg\",\"contentUrl\":\"https:\/\/portaltela.pt\/s.01k8rhncp4jt1\/2026\/04\/img_1500x1000uu2026-04-12-07-35-57-2278022.jpg\",\"width\":796,\"height\":448,\"caption\":\"Populares junto de um placar alusivo \u00e0 visita do Papa Le\u00e3o XIV em Muxima, no munic\u00edpio da Quissama, prov\u00edncia de Luanda\"},{\"@type\":\"BreadcrumbList\",\"@id\":\"https:\/\/portaltela.pt\/noticias\/2026\/04\/12\/bairros-vaticano-e-terra-prometida-saudam-leao-xiv-e-solicitam-agua-e-energia\/#breadcrumb\",\"itemListElement\":[{\"@type\":\"ListItem\",\"position\":1,\"name\":\"In\u00edcio\",\"item\":\"https:\/\/portaltela.pt\/\"},{\"@type\":\"ListItem\",\"position\":2,\"name\":\"Bairros Vaticano e Terra Prometida saudam Le\u00e3o XIV e solicitam \u00e1gua e energia\"}]},{\"@type\":\"WebSite\",\"@id\":\"https:\/\/portaltela.pt\/#website\",\"url\":\"https:\/\/portaltela.pt\/\",\"name\":\"Portal Tela Portugal\",\"description\":\"\",\"potentialAction\":[{\"@type\":\"SearchAction\",\"target\":{\"@type\":\"EntryPoint\",\"urlTemplate\":\"https:\/\/portaltela.pt\/?s={search_term_string}\"},\"query-input\":{\"@type\":\"PropertyValueSpecification\",\"valueRequired\":true,\"valueName\":\"search_term_string\"}}],\"inLanguage\":\"pt-PT\"},{\"@type\":\"Person\",\"@id\":\"https:\/\/portaltela.pt\/#\/schema\/person\/c4278d4a6028830caff9ee44b42d32ed\",\"name\":\"Telinha\",\"image\":{\"@type\":\"ImageObject\",\"inLanguage\":\"pt-PT\",\"@id\":\"https:\/\/portaltela.pt\/s.01k8rhncp4jt1\/2025\/11\/talking-bot-125x125.png\",\"url\":\"https:\/\/portaltela.pt\/s.01k8rhncp4jt1\/2025\/11\/talking-bot-125x125.png\",\"contentUrl\":\"https:\/\/portaltela.pt\/s.01k8rhncp4jt1\/2025\/11\/talking-bot-125x125.png\",\"caption\":\"Telinha\"},\"sameAs\":[\"https:\/\/portaltela.pt\/\"],\"url\":\"https:\/\/portaltela.pt\/por\/367410592786\/\"}]}<\/script>\n<!-- \/ Yoast SEO plugin. -->","yoast_head_json":{"title":"Bairros Vaticano e Terra Prometida saudam Le\u00e3o XIV e solicitam \u00e1gua e energia - Portal Tela Portugal","robots":{"index":"index","follow":"follow","max-snippet":"max-snippet:-1","max-image-preview":"max-image-preview:large","max-video-preview":"max-video-preview:-1"},"og_locale":"pt_PT","og_type":"article","og_title":"Bairros Vaticano e Terra Prometida saudam Le\u00e3o XIV e solicitam \u00e1gua e energia - Portal Tela Portugal","og_description":"Na vila da Muxima, Angola, os bairros \"Vaticano\" e \"Terra Prometida\" recebem o Papa Le\u00e3o XIV a 19 de abril, com moradores a pedir \u00e1gua e energia. O bairro \"Vaticano\", urbanizado, e o \"Terra Prometida\", prec\u00e1rio, resultam do realojamento de residentes da \u00e1rea original durante obras de requalifica\u00e7\u00e3o. A designa\u00e7\u00e3o informal \"Vaticano\" homenageia a Igreja Cat\u00f3lica local, que ter\u00e1 incentivado o Governo a criar a nova vila habitacional; h\u00e1 ainda falta de \u00e1gua e luzn nas duas \u00e1reas. O Presidente autorizou obras emergenciais de \u00e1gua e eletricidade no valor de 3,56 mil milh\u00f5es de kwanzas, com a visita do Papa a incluir celebra\u00e7\u00f5es no santu\u00e1rio local. As obras incluem a constru\u00e7\u00e3o de uma bas\u00edlica com capacidade para at\u00e9 quatro mil e seiscentos fi\u00e9is, j\u00e1 com avan\u00e7o de cerca de noventa por cento, e a via de acesso liga a Muxima a Catete, num percurso de setenta e poucos quil\u00f4metros.","og_url":"https:\/\/portaltela.pt\/noticias\/2026\/04\/12\/bairros-vaticano-e-terra-prometida-saudam-leao-xiv-e-solicitam-agua-e-energia\/","og_site_name":"Portal Tela Portugal","article_published_time":"2026-04-12T06:47:24+00:00","author":"Telinha","twitter_card":"summary_large_image","twitter_misc":{"Escrito por":"Telinha","Tempo estimado de leitura":"2 minutos"},"schema":{"@context":"https:\/\/schema.org","@graph":[{"@type":"Article","@id":"https:\/\/portaltela.pt\/noticias\/2026\/04\/12\/bairros-vaticano-e-terra-prometida-saudam-leao-xiv-e-solicitam-agua-e-energia\/#article","isPartOf":{"@id":"https:\/\/portaltela.pt\/noticias\/2026\/04\/12\/bairros-vaticano-e-terra-prometida-saudam-leao-xiv-e-solicitam-agua-e-energia\/"},"author":{"name":"Telinha","@id":"https:\/\/portaltela.pt\/#\/schema\/person\/c4278d4a6028830caff9ee44b42d32ed"},"headline":"Bairros Vaticano e Terra Prometida saudam Le\u00e3o XIV e solicitam \u00e1gua e energia","datePublished":"2026-04-12T06:47:24+00:00","mainEntityOfPage":{"@id":"https:\/\/portaltela.pt\/noticias\/2026\/04\/12\/bairros-vaticano-e-terra-prometida-saudam-leao-xiv-e-solicitam-agua-e-energia\/"},"wordCount":448,"image":{"@id":"https:\/\/portaltela.pt\/noticias\/2026\/04\/12\/bairros-vaticano-e-terra-prometida-saudam-leao-xiv-e-solicitam-agua-e-energia\/#primaryimage"},"thumbnailUrl":"https:\/\/portaltela.pt\/s.01k8rhncp4jt1\/2026\/04\/img_1500x1000uu2026-04-12-07-35-57-2278022.jpg","keywords":["_habita\u00e7\u00e3o","_habita\u00e7\u00e3o social","a religi\u00e3o","abastecimento de \u00e1gua","abastecimento de energia","Angola"],"articleSection":["Comunidade","Sociedade"],"inLanguage":"pt-PT"},{"@type":"WebPage","@id":"https:\/\/portaltela.pt\/noticias\/2026\/04\/12\/bairros-vaticano-e-terra-prometida-saudam-leao-xiv-e-solicitam-agua-e-energia\/","url":"https:\/\/portaltela.pt\/noticias\/2026\/04\/12\/bairros-vaticano-e-terra-prometida-saudam-leao-xiv-e-solicitam-agua-e-energia\/","name":"Bairros Vaticano e Terra Prometida saudam Le\u00e3o XIV e solicitam \u00e1gua e energia - Portal Tela Portugal","isPartOf":{"@id":"https:\/\/portaltela.pt\/#website"},"primaryImageOfPage":{"@id":"https:\/\/portaltela.pt\/noticias\/2026\/04\/12\/bairros-vaticano-e-terra-prometida-saudam-leao-xiv-e-solicitam-agua-e-energia\/#primaryimage"},"image":{"@id":"https:\/\/portaltela.pt\/noticias\/2026\/04\/12\/bairros-vaticano-e-terra-prometida-saudam-leao-xiv-e-solicitam-agua-e-energia\/#primaryimage"},"thumbnailUrl":"https:\/\/portaltela.pt\/s.01k8rhncp4jt1\/2026\/04\/img_1500x1000uu2026-04-12-07-35-57-2278022.jpg","datePublished":"2026-04-12T06:47:24+00:00","author":{"@id":"https:\/\/portaltela.pt\/#\/schema\/person\/c4278d4a6028830caff9ee44b42d32ed"},"breadcrumb":{"@id":"https:\/\/portaltela.pt\/noticias\/2026\/04\/12\/bairros-vaticano-e-terra-prometida-saudam-leao-xiv-e-solicitam-agua-e-energia\/#breadcrumb"},"inLanguage":"pt-PT","potentialAction":[{"@type":"ReadAction","target":["https:\/\/portaltela.pt\/noticias\/2026\/04\/12\/bairros-vaticano-e-terra-prometida-saudam-leao-xiv-e-solicitam-agua-e-energia\/"]}]},{"@type":"ImageObject","inLanguage":"pt-PT","@id":"https:\/\/portaltela.pt\/noticias\/2026\/04\/12\/bairros-vaticano-e-terra-prometida-saudam-leao-xiv-e-solicitam-agua-e-energia\/#primaryimage","url":"https:\/\/portaltela.pt\/s.01k8rhncp4jt1\/2026\/04\/img_1500x1000uu2026-04-12-07-35-57-2278022.jpg","contentUrl":"https:\/\/portaltela.pt\/s.01k8rhncp4jt1\/2026\/04\/img_1500x1000uu2026-04-12-07-35-57-2278022.jpg","width":796,"height":448,"caption":"Populares junto de um placar alusivo \u00e0 visita do Papa Le\u00e3o XIV em Muxima, no munic\u00edpio da Quissama, prov\u00edncia de Luanda"},{"@type":"BreadcrumbList","@id":"https:\/\/portaltela.pt\/noticias\/2026\/04\/12\/bairros-vaticano-e-terra-prometida-saudam-leao-xiv-e-solicitam-agua-e-energia\/#breadcrumb","itemListElement":[{"@type":"ListItem","position":1,"name":"In\u00edcio","item":"https:\/\/portaltela.pt\/"},{"@type":"ListItem","position":2,"name":"Bairros Vaticano e Terra Prometida saudam Le\u00e3o XIV e solicitam \u00e1gua e energia"}]},{"@type":"WebSite","@id":"https:\/\/portaltela.pt\/#website","url":"https:\/\/portaltela.pt\/","name":"Portal Tela Portugal","description":"","potentialAction":[{"@type":"SearchAction","target":{"@type":"EntryPoint","urlTemplate":"https:\/\/portaltela.pt\/?s={search_term_string}"},"query-input":{"@type":"PropertyValueSpecification","valueRequired":true,"valueName":"search_term_string"}}],"inLanguage":"pt-PT"},{"@type":"Person","@id":"https:\/\/portaltela.pt\/#\/schema\/person\/c4278d4a6028830caff9ee44b42d32ed","name":"Telinha","image":{"@type":"ImageObject","inLanguage":"pt-PT","@id":"https:\/\/portaltela.pt\/s.01k8rhncp4jt1\/2025\/11\/talking-bot-125x125.png","url":"https:\/\/portaltela.pt\/s.01k8rhncp4jt1\/2025\/11\/talking-bot-125x125.png","contentUrl":"https:\/\/portaltela.pt\/s.01k8rhncp4jt1\/2025\/11\/talking-bot-125x125.png","caption":"Telinha"},"sameAs":["https:\/\/portaltela.pt\/"],"url":"https:\/\/portaltela.pt\/por\/367410592786\/"}]}},"_links":{"self":[{"href":"https:\/\/portaltela.pt\/api\/wp\/v2\/posts\/441071","targetHints":{"allow":["GET"]}}],"collection":[{"href":"https:\/\/portaltela.pt\/api\/wp\/v2\/posts"}],"about":[{"href":"https:\/\/portaltela.pt\/api\/wp\/v2\/types\/post"}],"author":[{"embeddable":true,"href":"https:\/\/portaltela.pt\/api\/wp\/v2\/users\/2"}],"replies":[{"embeddable":true,"href":"https:\/\/portaltela.pt\/api\/wp\/v2\/comments?post=441071"}],"version-history":[{"count":0,"href":"https:\/\/portaltela.pt\/api\/wp\/v2\/posts\/441071\/revisions"}],"wp:featuredmedia":[{"embeddable":true,"href":"https:\/\/portaltela.pt\/api\/wp\/v2\/media\/441072"}],"wp:attachment":[{"href":"https:\/\/portaltela.pt\/api\/wp\/v2\/media?parent=441071"}],"wp:term":[{"taxonomy":"category","embeddable":true,"href":"https:\/\/portaltela.pt\/api\/wp\/v2\/categories?post=441071"},{"taxonomy":"post_tag","embeddable":true,"href":"https:\/\/portaltela.pt\/api\/wp\/v2\/tags?post=441071"}],"curies":[{"name":"wp","href":"https:\/\/api.w.org\/{rel}","templated":true}]}}