{"id":441067,"date":"2026-04-12T03:46:52","date_gmt":"2026-04-12T06:46:52","guid":{"rendered":"https:\/\/portaltela.pt\/noticias\/2026\/04\/12\/video-divulgado-revela-informacoes-sobre-o-caso\/"},"modified":"2026-04-12T03:46:52","modified_gmt":"2026-04-12T06:46:52","slug":"video-divulgado-revela-informacoes-sobre-o-caso","status":"publish","type":"post","link":"https:\/\/portaltela.pt\/noticias\/internacional\/2026\/04\/12\/video-divulgado-revela-informacoes-sobre-o-caso\/","title":{"rendered":"V\u00eddeo divulgado revela informa\u00e7\u00f5es sobre o caso"},"content":{"rendered":"<p>Foi lan\u00e7ado um v\u00eddeo de briefing intitulado Not\u00edcias do dia | 12 de abril 2026 &#8211; Manh\u00e3, que apresenta um resumo das not\u00edcias mais relevantes da Europa e al\u00e9m, para a sess\u00e3o matinal.<\/p>\n<p>A produ\u00e7\u00e3o agrega informa\u00e7\u00f5es de v\u00e1rias fontes para oferecer contexto sobre acontecimentos do dia, com foco em factualidade e neutralidade.<\/p>\n<p>Data, hora e alcance: 12 de abril de 2026, manh\u00e3, dispon\u00edvel para leitores em Portugal e audi\u00eancia global, sem opini\u00f5es, apenas dados verificados.<\/p>\n","protected":false},"excerpt":{"rendered":"<ul>\n<li>Data e per\u00edodo: 12 de abril de 2026 \u2014 manh\u00e3.<\/li>\n<li>Tema principal: \u00faltimas not\u00edcias da Europa e do mundo, com atualiza\u00e7\u00f5es di\u00e1rias.<\/li>\n<li>\u00c2mbitos cobertos: mundo, neg\u00f3cios, entretenimento, pol\u00edtica, cultura e viagens.<\/li>\n<li>Objetivo do resumo: leitura r\u00e1pida e objetiva, sem opini\u00f5es.<\/li>\n<li>Observa\u00e7\u00e3o: o conte\u00fado fornecido n\u00e3o apresenta fatos ou eventos espec\u00edficos a serem sintetizados.<\/li>\n<\/ul>\n","protected":false},"author":2,"featured_media":441068,"comment_status":"closed","ping_status":"closed","sticky":false,"template":"","format":"standard","meta":{"footnotes":""},"categories":[4,1],"tags":[2487,195,5547,5563,41,7221],"class_list":["post-441067","post","type-post","status-publish","format-standard","has-post-thumbnail","hentry","category-internacional","category-noticias","tag-europa","tag-informacao","tag-informacao-internacional","tag-informacao-publica","tag-noticia","tag-noticias"],"yoast_head":"<!-- This site is optimized with the Yoast SEO plugin v27.2 - https:\/\/yoast.com\/product\/yoast-seo-wordpress\/ -->\n<title>V\u00eddeo divulgado revela informa\u00e7\u00f5es sobre o caso - Portal Tela Portugal<\/title>\n<meta name=\"robots\" content=\"index, follow, max-snippet:-1, max-image-preview:large, max-video-preview:-1\" \/>\n<meta property=\"og:locale\" content=\"pt_PT\" \/>\n<meta property=\"og:type\" content=\"article\" \/>\n<meta property=\"og:title\" content=\"V\u00eddeo divulgado revela informa\u00e7\u00f5es sobre o caso - Portal Tela Portugal\" \/>\n<meta property=\"og:description\" content=\"Data e per\u00edodo: 12 de abril de 2026 \u2014 manh\u00e3. Tema principal: \u00faltimas not\u00edcias da Europa e do mundo, com atualiza\u00e7\u00f5es di\u00e1rias. \u00c2mbitos cobertos: mundo, neg\u00f3cios, entretenimento, pol\u00edtica, cultura e viagens. Objetivo do resumo: leitura r\u00e1pida e objetiva, sem opini\u00f5es. Observa\u00e7\u00e3o: o conte\u00fado fornecido n\u00e3o apresenta fatos ou eventos espec\u00edficos a serem sintetizados.\" \/>\n<meta property=\"og:url\" content=\"https:\/\/portaltela.pt\/noticias\/2026\/04\/12\/video-divulgado-revela-informacoes-sobre-o-caso\/\" \/>\n<meta property=\"og:site_name\" content=\"Portal Tela Portugal\" \/>\n<meta property=\"article:published_time\" content=\"2026-04-12T06:46:52+00:00\" \/>\n<meta name=\"author\" content=\"Telinha\" \/>\n<meta name=\"twitter:card\" content=\"summary_large_image\" \/>\n<meta name=\"twitter:label1\" content=\"Escrito por\" \/>\n\t<meta name=\"twitter:data1\" content=\"Telinha\" \/>\n<script type=\"application\/ld+json\" class=\"yoast-schema-graph\">{\"@context\":\"https:\/\/schema.org\",\"@graph\":[{\"@type\":\"Article\",\"@id\":\"https:\/\/portaltela.pt\/noticias\/2026\/04\/12\/video-divulgado-revela-informacoes-sobre-o-caso\/#article\",\"isPartOf\":{\"@id\":\"https:\/\/portaltela.pt\/noticias\/2026\/04\/12\/video-divulgado-revela-informacoes-sobre-o-caso\/\"},\"author\":{\"name\":\"Telinha\",\"@id\":\"https:\/\/portaltela.pt\/#\/schema\/person\/c4278d4a6028830caff9ee44b42d32ed\"},\"headline\":\"V\u00eddeo divulgado revela informa\u00e7\u00f5es sobre o caso\",\"datePublished\":\"2026-04-12T06:46:52+00:00\",\"mainEntityOfPage\":{\"@id\":\"https:\/\/portaltela.pt\/noticias\/2026\/04\/12\/video-divulgado-revela-informacoes-sobre-o-caso\/\"},\"wordCount\":92,\"image\":{\"@id\":\"https:\/\/portaltela.pt\/noticias\/2026\/04\/12\/video-divulgado-revela-informacoes-sobre-o-caso\/#primaryimage\"},\"thumbnailUrl\":\"https:\/\/portaltela.pt\/s.01k8rhncp4jt1\/2026\/04\/1536x864_cmsv2_d42abe0e-2f25-5c15-bcd9-37f3eea3d383-9718764.jpg\",\"keywords\":[\"Europa\",\"informa\u00e7\u00e3o\",\"informa\u00e7\u00e3o internacional\",\"informa\u00e7\u00e3o p\u00fablica\",\"not\u00edcia\",\"not\u00edcias\"],\"articleSection\":[\"Internacional\",\"Not\u00edcias\"],\"inLanguage\":\"pt-PT\"},{\"@type\":\"WebPage\",\"@id\":\"https:\/\/portaltela.pt\/noticias\/2026\/04\/12\/video-divulgado-revela-informacoes-sobre-o-caso\/\",\"url\":\"https:\/\/portaltela.pt\/noticias\/2026\/04\/12\/video-divulgado-revela-informacoes-sobre-o-caso\/\",\"name\":\"V\u00eddeo divulgado revela informa\u00e7\u00f5es sobre o caso - Portal Tela Portugal\",\"isPartOf\":{\"@id\":\"https:\/\/portaltela.pt\/#website\"},\"primaryImageOfPage\":{\"@id\":\"https:\/\/portaltela.pt\/noticias\/2026\/04\/12\/video-divulgado-revela-informacoes-sobre-o-caso\/#primaryimage\"},\"image\":{\"@id\":\"https:\/\/portaltela.pt\/noticias\/2026\/04\/12\/video-divulgado-revela-informacoes-sobre-o-caso\/#primaryimage\"},\"thumbnailUrl\":\"https:\/\/portaltela.pt\/s.01k8rhncp4jt1\/2026\/04\/1536x864_cmsv2_d42abe0e-2f25-5c15-bcd9-37f3eea3d383-9718764.jpg\",\"datePublished\":\"2026-04-12T06:46:52+00:00\",\"author\":{\"@id\":\"https:\/\/portaltela.pt\/#\/schema\/person\/c4278d4a6028830caff9ee44b42d32ed\"},\"breadcrumb\":{\"@id\":\"https:\/\/portaltela.pt\/noticias\/2026\/04\/12\/video-divulgado-revela-informacoes-sobre-o-caso\/#breadcrumb\"},\"inLanguage\":\"pt-PT\",\"potentialAction\":[{\"@type\":\"ReadAction\",\"target\":[\"https:\/\/portaltela.pt\/noticias\/2026\/04\/12\/video-divulgado-revela-informacoes-sobre-o-caso\/\"]}]},{\"@type\":\"ImageObject\",\"inLanguage\":\"pt-PT\",\"@id\":\"https:\/\/portaltela.pt\/noticias\/2026\/04\/12\/video-divulgado-revela-informacoes-sobre-o-caso\/#primaryimage\",\"url\":\"https:\/\/portaltela.pt\/s.01k8rhncp4jt1\/2026\/04\/1536x864_cmsv2_d42abe0e-2f25-5c15-bcd9-37f3eea3d383-9718764.jpg\",\"contentUrl\":\"https:\/\/portaltela.pt\/s.01k8rhncp4jt1\/2026\/04\/1536x864_cmsv2_d42abe0e-2f25-5c15-bcd9-37f3eea3d383-9718764.jpg\",\"width\":1536,\"height\":864,\"caption\":\"Not\u00edcias do dia | 12 de abril 2026 - Manh\u00e3\"},{\"@type\":\"BreadcrumbList\",\"@id\":\"https:\/\/portaltela.pt\/noticias\/2026\/04\/12\/video-divulgado-revela-informacoes-sobre-o-caso\/#breadcrumb\",\"itemListElement\":[{\"@type\":\"ListItem\",\"position\":1,\"name\":\"In\u00edcio\",\"item\":\"https:\/\/portaltela.pt\/\"},{\"@type\":\"ListItem\",\"position\":2,\"name\":\"V\u00eddeo divulgado revela informa\u00e7\u00f5es sobre o caso\"}]},{\"@type\":\"WebSite\",\"@id\":\"https:\/\/portaltela.pt\/#website\",\"url\":\"https:\/\/portaltela.pt\/\",\"name\":\"Portal Tela Portugal\",\"description\":\"\",\"potentialAction\":[{\"@type\":\"SearchAction\",\"target\":{\"@type\":\"EntryPoint\",\"urlTemplate\":\"https:\/\/portaltela.pt\/?s={search_term_string}\"},\"query-input\":{\"@type\":\"PropertyValueSpecification\",\"valueRequired\":true,\"valueName\":\"search_term_string\"}}],\"inLanguage\":\"pt-PT\"},{\"@type\":\"Person\",\"@id\":\"https:\/\/portaltela.pt\/#\/schema\/person\/c4278d4a6028830caff9ee44b42d32ed\",\"name\":\"Telinha\",\"image\":{\"@type\":\"ImageObject\",\"inLanguage\":\"pt-PT\",\"@id\":\"https:\/\/portaltela.pt\/s.01k8rhncp4jt1\/2025\/11\/talking-bot-125x125.png\",\"url\":\"https:\/\/portaltela.pt\/s.01k8rhncp4jt1\/2025\/11\/talking-bot-125x125.png\",\"contentUrl\":\"https:\/\/portaltela.pt\/s.01k8rhncp4jt1\/2025\/11\/talking-bot-125x125.png\",\"caption\":\"Telinha\"},\"sameAs\":[\"https:\/\/portaltela.pt\/\"],\"url\":\"https:\/\/portaltela.pt\/por\/367410592786\/\"}]}<\/script>\n<!-- \/ Yoast SEO plugin. -->","yoast_head_json":{"title":"V\u00eddeo divulgado revela informa\u00e7\u00f5es sobre o caso - Portal Tela Portugal","robots":{"index":"index","follow":"follow","max-snippet":"max-snippet:-1","max-image-preview":"max-image-preview:large","max-video-preview":"max-video-preview:-1"},"og_locale":"pt_PT","og_type":"article","og_title":"V\u00eddeo divulgado revela informa\u00e7\u00f5es sobre o caso - Portal Tela Portugal","og_description":"Data e per\u00edodo: 12 de abril de 2026 \u2014 manh\u00e3. Tema principal: \u00faltimas not\u00edcias da Europa e do mundo, com atualiza\u00e7\u00f5es di\u00e1rias. \u00c2mbitos cobertos: mundo, neg\u00f3cios, entretenimento, pol\u00edtica, cultura e viagens. Objetivo do resumo: leitura r\u00e1pida e objetiva, sem opini\u00f5es. Observa\u00e7\u00e3o: o conte\u00fado fornecido n\u00e3o apresenta fatos ou eventos espec\u00edficos a serem sintetizados.","og_url":"https:\/\/portaltela.pt\/noticias\/2026\/04\/12\/video-divulgado-revela-informacoes-sobre-o-caso\/","og_site_name":"Portal Tela Portugal","article_published_time":"2026-04-12T06:46:52+00:00","author":"Telinha","twitter_card":"summary_large_image","twitter_misc":{"Escrito por":"Telinha"},"schema":{"@context":"https:\/\/schema.org","@graph":[{"@type":"Article","@id":"https:\/\/portaltela.pt\/noticias\/2026\/04\/12\/video-divulgado-revela-informacoes-sobre-o-caso\/#article","isPartOf":{"@id":"https:\/\/portaltela.pt\/noticias\/2026\/04\/12\/video-divulgado-revela-informacoes-sobre-o-caso\/"},"author":{"name":"Telinha","@id":"https:\/\/portaltela.pt\/#\/schema\/person\/c4278d4a6028830caff9ee44b42d32ed"},"headline":"V\u00eddeo divulgado revela informa\u00e7\u00f5es sobre o caso","datePublished":"2026-04-12T06:46:52+00:00","mainEntityOfPage":{"@id":"https:\/\/portaltela.pt\/noticias\/2026\/04\/12\/video-divulgado-revela-informacoes-sobre-o-caso\/"},"wordCount":92,"image":{"@id":"https:\/\/portaltela.pt\/noticias\/2026\/04\/12\/video-divulgado-revela-informacoes-sobre-o-caso\/#primaryimage"},"thumbnailUrl":"https:\/\/portaltela.pt\/s.01k8rhncp4jt1\/2026\/04\/1536x864_cmsv2_d42abe0e-2f25-5c15-bcd9-37f3eea3d383-9718764.jpg","keywords":["Europa","informa\u00e7\u00e3o","informa\u00e7\u00e3o internacional","informa\u00e7\u00e3o p\u00fablica","not\u00edcia","not\u00edcias"],"articleSection":["Internacional","Not\u00edcias"],"inLanguage":"pt-PT"},{"@type":"WebPage","@id":"https:\/\/portaltela.pt\/noticias\/2026\/04\/12\/video-divulgado-revela-informacoes-sobre-o-caso\/","url":"https:\/\/portaltela.pt\/noticias\/2026\/04\/12\/video-divulgado-revela-informacoes-sobre-o-caso\/","name":"V\u00eddeo divulgado revela informa\u00e7\u00f5es sobre o caso - Portal Tela Portugal","isPartOf":{"@id":"https:\/\/portaltela.pt\/#website"},"primaryImageOfPage":{"@id":"https:\/\/portaltela.pt\/noticias\/2026\/04\/12\/video-divulgado-revela-informacoes-sobre-o-caso\/#primaryimage"},"image":{"@id":"https:\/\/portaltela.pt\/noticias\/2026\/04\/12\/video-divulgado-revela-informacoes-sobre-o-caso\/#primaryimage"},"thumbnailUrl":"https:\/\/portaltela.pt\/s.01k8rhncp4jt1\/2026\/04\/1536x864_cmsv2_d42abe0e-2f25-5c15-bcd9-37f3eea3d383-9718764.jpg","datePublished":"2026-04-12T06:46:52+00:00","author":{"@id":"https:\/\/portaltela.pt\/#\/schema\/person\/c4278d4a6028830caff9ee44b42d32ed"},"breadcrumb":{"@id":"https:\/\/portaltela.pt\/noticias\/2026\/04\/12\/video-divulgado-revela-informacoes-sobre-o-caso\/#breadcrumb"},"inLanguage":"pt-PT","potentialAction":[{"@type":"ReadAction","target":["https:\/\/portaltela.pt\/noticias\/2026\/04\/12\/video-divulgado-revela-informacoes-sobre-o-caso\/"]}]},{"@type":"ImageObject","inLanguage":"pt-PT","@id":"https:\/\/portaltela.pt\/noticias\/2026\/04\/12\/video-divulgado-revela-informacoes-sobre-o-caso\/#primaryimage","url":"https:\/\/portaltela.pt\/s.01k8rhncp4jt1\/2026\/04\/1536x864_cmsv2_d42abe0e-2f25-5c15-bcd9-37f3eea3d383-9718764.jpg","contentUrl":"https:\/\/portaltela.pt\/s.01k8rhncp4jt1\/2026\/04\/1536x864_cmsv2_d42abe0e-2f25-5c15-bcd9-37f3eea3d383-9718764.jpg","width":1536,"height":864,"caption":"Not\u00edcias do dia | 12 de abril 2026 - Manh\u00e3"},{"@type":"BreadcrumbList","@id":"https:\/\/portaltela.pt\/noticias\/2026\/04\/12\/video-divulgado-revela-informacoes-sobre-o-caso\/#breadcrumb","itemListElement":[{"@type":"ListItem","position":1,"name":"In\u00edcio","item":"https:\/\/portaltela.pt\/"},{"@type":"ListItem","position":2,"name":"V\u00eddeo divulgado revela informa\u00e7\u00f5es sobre o caso"}]},{"@type":"WebSite","@id":"https:\/\/portaltela.pt\/#website","url":"https:\/\/portaltela.pt\/","name":"Portal Tela Portugal","description":"","potentialAction":[{"@type":"SearchAction","target":{"@type":"EntryPoint","urlTemplate":"https:\/\/portaltela.pt\/?s={search_term_string}"},"query-input":{"@type":"PropertyValueSpecification","valueRequired":true,"valueName":"search_term_string"}}],"inLanguage":"pt-PT"},{"@type":"Person","@id":"https:\/\/portaltela.pt\/#\/schema\/person\/c4278d4a6028830caff9ee44b42d32ed","name":"Telinha","image":{"@type":"ImageObject","inLanguage":"pt-PT","@id":"https:\/\/portaltela.pt\/s.01k8rhncp4jt1\/2025\/11\/talking-bot-125x125.png","url":"https:\/\/portaltela.pt\/s.01k8rhncp4jt1\/2025\/11\/talking-bot-125x125.png","contentUrl":"https:\/\/portaltela.pt\/s.01k8rhncp4jt1\/2025\/11\/talking-bot-125x125.png","caption":"Telinha"},"sameAs":["https:\/\/portaltela.pt\/"],"url":"https:\/\/portaltela.pt\/por\/367410592786\/"}]}},"_links":{"self":[{"href":"https:\/\/portaltela.pt\/api\/wp\/v2\/posts\/441067","targetHints":{"allow":["GET"]}}],"collection":[{"href":"https:\/\/portaltela.pt\/api\/wp\/v2\/posts"}],"about":[{"href":"https:\/\/portaltela.pt\/api\/wp\/v2\/types\/post"}],"author":[{"embeddable":true,"href":"https:\/\/portaltela.pt\/api\/wp\/v2\/users\/2"}],"replies":[{"embeddable":true,"href":"https:\/\/portaltela.pt\/api\/wp\/v2\/comments?post=441067"}],"version-history":[{"count":0,"href":"https:\/\/portaltela.pt\/api\/wp\/v2\/posts\/441067\/revisions"}],"wp:featuredmedia":[{"embeddable":true,"href":"https:\/\/portaltela.pt\/api\/wp\/v2\/media\/441068"}],"wp:attachment":[{"href":"https:\/\/portaltela.pt\/api\/wp\/v2\/media?parent=441067"}],"wp:term":[{"taxonomy":"category","embeddable":true,"href":"https:\/\/portaltela.pt\/api\/wp\/v2\/categories?post=441067"},{"taxonomy":"post_tag","embeddable":true,"href":"https:\/\/portaltela.pt\/api\/wp\/v2\/tags?post=441067"}],"curies":[{"name":"wp","href":"https:\/\/api.w.org\/{rel}","templated":true}]}}