{"id":441056,"date":"2026-04-12T03:32:05","date_gmt":"2026-04-12T06:32:05","guid":{"rendered":"https:\/\/portaltela.pt\/noticias\/2026\/04\/12\/boubacar-ould-messaoud-1945-2026-filho-de-escravo-que-lutou-pela-liberdade\/"},"modified":"2026-04-12T03:32:05","modified_gmt":"2026-04-12T06:32:05","slug":"boubacar-ould-messaoud-1945-2026-filho-de-escravo-que-lutou-pela-liberdade","status":"publish","type":"post","link":"https:\/\/portaltela.pt\/sociedade\/2026\/04\/12\/boubacar-ould-messaoud-1945-2026-filho-de-escravo-que-lutou-pela-liberdade\/","title":{"rendered":"Boubacar Ould Messaoud (1945-2026) filho de escravo que lutou pela liberdade"},"content":{"rendered":"<p>Boubacar Ould Messaoud, figura de refer\u00eancia na luta contra a escravatura na Maurit\u00e2nia, faleceu a 12 de mar\u00e7o de 2026. O falecimento ocorreu pouco antes de a ONU tomar uma decis\u00e3o relevante sobre o tema.<\/p>\n<p>Filho de escravos, Ould Messaoud destacou-se desde jovem por defender direitos humanos e lutar contra a escravatura. Ao longo da vida, enfrentou pris\u00f5es por causa do seu ativismo, sem abandonar a causa.<\/p>\n<p>A coincid\u00eancia temporal envolve a Assembleia Geral da ONU, que aprovou a 25 de mar\u00e7o uma resolu\u00e7\u00e3o proposta pelo Gana. A medida declarou o tr\u00e1fico transatl\u00e2ntico de africanos escravizados como crime grave contra a humanidade.<\/p>\n<p>A resolu\u00e7\u00e3o instou os Estados-membros a apresentarem pedidos formais de desculpa e a contribu\u00edrem para um fundo de repara\u00e7\u00f5es, enquadrando o trabalho de Ould Messaoud no contexto de uma responsabiliza\u00e7\u00e3o internacional.<\/p>\n","protected":false},"excerpt":{"rendered":"<ul>\n<li>Boubacar Ould Messaoud (1945-2026) foi o principal rosto da luta contra a escravatura na Maurit\u00e2nia.<\/li>\n<li>Filho de escravos, desde jovem lutou contra a escravatura e foi preso v\u00e1rias vezes, sem desistir.<\/li>\n<li>Morreu a 12 de mar\u00e7o deste ano.<\/li>\n<li>A sua morte ocorreu pouco antes da Assembleia Geral da ONU aprovar, a 25 de mar\u00e7o, uma resolu\u00e7\u00e3o proposta pelo Gana que classifica o tr\u00e1fico transatl\u00e2ntico de africanos escravizados como crime grave contra a humanidade.<\/li>\n<li>A resolu\u00e7\u00e3o chama os Estados-membros a apresentarem pedidos de desculpa formais e a contribu\u00edrem para um fundo de repara\u00e7\u00f5es.<\/li>\n<\/ul>\n","protected":false},"author":2,"featured_media":441060,"comment_status":"closed","ping_status":"closed","sticky":false,"template":"","format":"standard","meta":{"footnotes":""},"categories":[7384,6871],"tags":[2633,7900,5123,466,40,473],"class_list":["post-441056","post","type-post","status-publish","format-standard","has-post-thumbnail","hentry","category-curiosidades","category-sociedade","tag-direitos-humanos","tag-escravatura","tag-onu","tag-organizacao-internacional","tag-pessoas","tag-trafico-de-pessoas"],"yoast_head":"<!-- This site is optimized with the Yoast SEO plugin v27.2 - https:\/\/yoast.com\/product\/yoast-seo-wordpress\/ -->\n<title>Boubacar Ould Messaoud (1945-2026) filho de escravo que lutou pela liberdade - Portal Tela Portugal<\/title>\n<meta name=\"robots\" content=\"index, follow, max-snippet:-1, max-image-preview:large, max-video-preview:-1\" \/>\n<meta property=\"og:locale\" content=\"pt_PT\" \/>\n<meta property=\"og:type\" content=\"article\" \/>\n<meta property=\"og:title\" content=\"Boubacar Ould Messaoud (1945-2026) filho de escravo que lutou pela liberdade - Portal Tela Portugal\" \/>\n<meta property=\"og:description\" content=\"Boubacar Ould Messaoud (1945-2026) foi o principal rosto da luta contra a escravatura na Maurit\u00e2nia. Filho de escravos, desde jovem lutou contra a escravatura e foi preso v\u00e1rias vezes, sem desistir. Morreu a 12 de mar\u00e7o deste ano. A sua morte ocorreu pouco antes da Assembleia Geral da ONU aprovar, a 25 de mar\u00e7o, uma resolu\u00e7\u00e3o proposta pelo Gana que classifica o tr\u00e1fico transatl\u00e2ntico de africanos escravizados como crime grave contra a humanidade. A resolu\u00e7\u00e3o chama os Estados-membros a apresentarem pedidos de desculpa formais e a contribu\u00edrem para um fundo de repara\u00e7\u00f5es.\" \/>\n<meta property=\"og:url\" content=\"https:\/\/portaltela.pt\/noticias\/2026\/04\/12\/boubacar-ould-messaoud-1945-2026-filho-de-escravo-que-lutou-pela-liberdade\/\" \/>\n<meta property=\"og:site_name\" content=\"Portal Tela Portugal\" \/>\n<meta property=\"article:published_time\" content=\"2026-04-12T06:32:05+00:00\" \/>\n<meta name=\"author\" content=\"Telinha\" \/>\n<meta name=\"twitter:card\" content=\"summary_large_image\" \/>\n<meta name=\"twitter:label1\" content=\"Escrito por\" \/>\n\t<meta name=\"twitter:data1\" content=\"Telinha\" \/>\n\t<meta name=\"twitter:label2\" content=\"Tempo estimado de leitura\" \/>\n\t<meta name=\"twitter:data2\" content=\"1 minuto\" \/>\n<script type=\"application\/ld+json\" class=\"yoast-schema-graph\">{\"@context\":\"https:\/\/schema.org\",\"@graph\":[{\"@type\":\"Article\",\"@id\":\"https:\/\/portaltela.pt\/noticias\/2026\/04\/12\/boubacar-ould-messaoud-1945-2026-filho-de-escravo-que-lutou-pela-liberdade\/#article\",\"isPartOf\":{\"@id\":\"https:\/\/portaltela.pt\/noticias\/2026\/04\/12\/boubacar-ould-messaoud-1945-2026-filho-de-escravo-que-lutou-pela-liberdade\/\"},\"author\":{\"name\":\"Telinha\",\"@id\":\"https:\/\/portaltela.pt\/#\/schema\/person\/c4278d4a6028830caff9ee44b42d32ed\"},\"headline\":\"Boubacar Ould Messaoud (1945-2026) filho de escravo que lutou pela liberdade\",\"datePublished\":\"2026-04-12T06:32:05+00:00\",\"mainEntityOfPage\":{\"@id\":\"https:\/\/portaltela.pt\/noticias\/2026\/04\/12\/boubacar-ould-messaoud-1945-2026-filho-de-escravo-que-lutou-pela-liberdade\/\"},\"wordCount\":155,\"image\":{\"@id\":\"https:\/\/portaltela.pt\/noticias\/2026\/04\/12\/boubacar-ould-messaoud-1945-2026-filho-de-escravo-que-lutou-pela-liberdade\/#primaryimage\"},\"thumbnailUrl\":\"https:\/\/portaltela.pt\/s.01k8rhncp4jt1\/2026\/04\/2080705.jpg\",\"keywords\":[\"direitos humanos\",\"escravatura\",\"ONU\",\"organiza\u00e7\u00e3o internacional\",\"pessoas\",\"tr\u00e1fico de pessoas\"],\"articleSection\":[\"Curiosidades\",\"Sociedade\"],\"inLanguage\":\"pt-PT\"},{\"@type\":\"WebPage\",\"@id\":\"https:\/\/portaltela.pt\/noticias\/2026\/04\/12\/boubacar-ould-messaoud-1945-2026-filho-de-escravo-que-lutou-pela-liberdade\/\",\"url\":\"https:\/\/portaltela.pt\/noticias\/2026\/04\/12\/boubacar-ould-messaoud-1945-2026-filho-de-escravo-que-lutou-pela-liberdade\/\",\"name\":\"Boubacar Ould Messaoud (1945-2026) filho de escravo que lutou pela liberdade - Portal Tela Portugal\",\"isPartOf\":{\"@id\":\"https:\/\/portaltela.pt\/#website\"},\"primaryImageOfPage\":{\"@id\":\"https:\/\/portaltela.pt\/noticias\/2026\/04\/12\/boubacar-ould-messaoud-1945-2026-filho-de-escravo-que-lutou-pela-liberdade\/#primaryimage\"},\"image\":{\"@id\":\"https:\/\/portaltela.pt\/noticias\/2026\/04\/12\/boubacar-ould-messaoud-1945-2026-filho-de-escravo-que-lutou-pela-liberdade\/#primaryimage\"},\"thumbnailUrl\":\"https:\/\/portaltela.pt\/s.01k8rhncp4jt1\/2026\/04\/2080705.jpg\",\"datePublished\":\"2026-04-12T06:32:05+00:00\",\"author\":{\"@id\":\"https:\/\/portaltela.pt\/#\/schema\/person\/c4278d4a6028830caff9ee44b42d32ed\"},\"breadcrumb\":{\"@id\":\"https:\/\/portaltela.pt\/noticias\/2026\/04\/12\/boubacar-ould-messaoud-1945-2026-filho-de-escravo-que-lutou-pela-liberdade\/#breadcrumb\"},\"inLanguage\":\"pt-PT\",\"potentialAction\":[{\"@type\":\"ReadAction\",\"target\":[\"https:\/\/portaltela.pt\/noticias\/2026\/04\/12\/boubacar-ould-messaoud-1945-2026-filho-de-escravo-que-lutou-pela-liberdade\/\"]}]},{\"@type\":\"ImageObject\",\"inLanguage\":\"pt-PT\",\"@id\":\"https:\/\/portaltela.pt\/noticias\/2026\/04\/12\/boubacar-ould-messaoud-1945-2026-filho-de-escravo-que-lutou-pela-liberdade\/#primaryimage\",\"url\":\"https:\/\/portaltela.pt\/s.01k8rhncp4jt1\/2026\/04\/2080705.jpg\",\"contentUrl\":\"https:\/\/portaltela.pt\/s.01k8rhncp4jt1\/2026\/04\/2080705.jpg\",\"width\":796,\"height\":448,\"caption\":\"Boubacar era filho de escravos, pelo que n\u00e3o admira que desde muito novo se tenha erguido contra esta realidade abomin\u00e1vel\"},{\"@type\":\"BreadcrumbList\",\"@id\":\"https:\/\/portaltela.pt\/noticias\/2026\/04\/12\/boubacar-ould-messaoud-1945-2026-filho-de-escravo-que-lutou-pela-liberdade\/#breadcrumb\",\"itemListElement\":[{\"@type\":\"ListItem\",\"position\":1,\"name\":\"In\u00edcio\",\"item\":\"https:\/\/portaltela.pt\/\"},{\"@type\":\"ListItem\",\"position\":2,\"name\":\"Boubacar Ould Messaoud (1945-2026) filho de escravo que lutou pela liberdade\"}]},{\"@type\":\"WebSite\",\"@id\":\"https:\/\/portaltela.pt\/#website\",\"url\":\"https:\/\/portaltela.pt\/\",\"name\":\"Portal Tela Portugal\",\"description\":\"\",\"potentialAction\":[{\"@type\":\"SearchAction\",\"target\":{\"@type\":\"EntryPoint\",\"urlTemplate\":\"https:\/\/portaltela.pt\/?s={search_term_string}\"},\"query-input\":{\"@type\":\"PropertyValueSpecification\",\"valueRequired\":true,\"valueName\":\"search_term_string\"}}],\"inLanguage\":\"pt-PT\"},{\"@type\":\"Person\",\"@id\":\"https:\/\/portaltela.pt\/#\/schema\/person\/c4278d4a6028830caff9ee44b42d32ed\",\"name\":\"Telinha\",\"image\":{\"@type\":\"ImageObject\",\"inLanguage\":\"pt-PT\",\"@id\":\"https:\/\/portaltela.pt\/s.01k8rhncp4jt1\/2025\/11\/talking-bot-125x125.png\",\"url\":\"https:\/\/portaltela.pt\/s.01k8rhncp4jt1\/2025\/11\/talking-bot-125x125.png\",\"contentUrl\":\"https:\/\/portaltela.pt\/s.01k8rhncp4jt1\/2025\/11\/talking-bot-125x125.png\",\"caption\":\"Telinha\"},\"sameAs\":[\"https:\/\/portaltela.pt\/\"],\"url\":\"https:\/\/portaltela.pt\/por\/367410592786\/\"}]}<\/script>\n<!-- \/ Yoast SEO plugin. -->","yoast_head_json":{"title":"Boubacar Ould Messaoud (1945-2026) filho de escravo que lutou pela liberdade - Portal Tela Portugal","robots":{"index":"index","follow":"follow","max-snippet":"max-snippet:-1","max-image-preview":"max-image-preview:large","max-video-preview":"max-video-preview:-1"},"og_locale":"pt_PT","og_type":"article","og_title":"Boubacar Ould Messaoud (1945-2026) filho de escravo que lutou pela liberdade - Portal Tela Portugal","og_description":"Boubacar Ould Messaoud (1945-2026) foi o principal rosto da luta contra a escravatura na Maurit\u00e2nia. Filho de escravos, desde jovem lutou contra a escravatura e foi preso v\u00e1rias vezes, sem desistir. Morreu a 12 de mar\u00e7o deste ano. A sua morte ocorreu pouco antes da Assembleia Geral da ONU aprovar, a 25 de mar\u00e7o, uma resolu\u00e7\u00e3o proposta pelo Gana que classifica o tr\u00e1fico transatl\u00e2ntico de africanos escravizados como crime grave contra a humanidade. A resolu\u00e7\u00e3o chama os Estados-membros a apresentarem pedidos de desculpa formais e a contribu\u00edrem para um fundo de repara\u00e7\u00f5es.","og_url":"https:\/\/portaltela.pt\/noticias\/2026\/04\/12\/boubacar-ould-messaoud-1945-2026-filho-de-escravo-que-lutou-pela-liberdade\/","og_site_name":"Portal Tela Portugal","article_published_time":"2026-04-12T06:32:05+00:00","author":"Telinha","twitter_card":"summary_large_image","twitter_misc":{"Escrito por":"Telinha","Tempo estimado de leitura":"1 minuto"},"schema":{"@context":"https:\/\/schema.org","@graph":[{"@type":"Article","@id":"https:\/\/portaltela.pt\/noticias\/2026\/04\/12\/boubacar-ould-messaoud-1945-2026-filho-de-escravo-que-lutou-pela-liberdade\/#article","isPartOf":{"@id":"https:\/\/portaltela.pt\/noticias\/2026\/04\/12\/boubacar-ould-messaoud-1945-2026-filho-de-escravo-que-lutou-pela-liberdade\/"},"author":{"name":"Telinha","@id":"https:\/\/portaltela.pt\/#\/schema\/person\/c4278d4a6028830caff9ee44b42d32ed"},"headline":"Boubacar Ould Messaoud (1945-2026) filho de escravo que lutou pela liberdade","datePublished":"2026-04-12T06:32:05+00:00","mainEntityOfPage":{"@id":"https:\/\/portaltela.pt\/noticias\/2026\/04\/12\/boubacar-ould-messaoud-1945-2026-filho-de-escravo-que-lutou-pela-liberdade\/"},"wordCount":155,"image":{"@id":"https:\/\/portaltela.pt\/noticias\/2026\/04\/12\/boubacar-ould-messaoud-1945-2026-filho-de-escravo-que-lutou-pela-liberdade\/#primaryimage"},"thumbnailUrl":"https:\/\/portaltela.pt\/s.01k8rhncp4jt1\/2026\/04\/2080705.jpg","keywords":["direitos humanos","escravatura","ONU","organiza\u00e7\u00e3o internacional","pessoas","tr\u00e1fico de pessoas"],"articleSection":["Curiosidades","Sociedade"],"inLanguage":"pt-PT"},{"@type":"WebPage","@id":"https:\/\/portaltela.pt\/noticias\/2026\/04\/12\/boubacar-ould-messaoud-1945-2026-filho-de-escravo-que-lutou-pela-liberdade\/","url":"https:\/\/portaltela.pt\/noticias\/2026\/04\/12\/boubacar-ould-messaoud-1945-2026-filho-de-escravo-que-lutou-pela-liberdade\/","name":"Boubacar Ould Messaoud (1945-2026) filho de escravo que lutou pela liberdade - Portal Tela Portugal","isPartOf":{"@id":"https:\/\/portaltela.pt\/#website"},"primaryImageOfPage":{"@id":"https:\/\/portaltela.pt\/noticias\/2026\/04\/12\/boubacar-ould-messaoud-1945-2026-filho-de-escravo-que-lutou-pela-liberdade\/#primaryimage"},"image":{"@id":"https:\/\/portaltela.pt\/noticias\/2026\/04\/12\/boubacar-ould-messaoud-1945-2026-filho-de-escravo-que-lutou-pela-liberdade\/#primaryimage"},"thumbnailUrl":"https:\/\/portaltela.pt\/s.01k8rhncp4jt1\/2026\/04\/2080705.jpg","datePublished":"2026-04-12T06:32:05+00:00","author":{"@id":"https:\/\/portaltela.pt\/#\/schema\/person\/c4278d4a6028830caff9ee44b42d32ed"},"breadcrumb":{"@id":"https:\/\/portaltela.pt\/noticias\/2026\/04\/12\/boubacar-ould-messaoud-1945-2026-filho-de-escravo-que-lutou-pela-liberdade\/#breadcrumb"},"inLanguage":"pt-PT","potentialAction":[{"@type":"ReadAction","target":["https:\/\/portaltela.pt\/noticias\/2026\/04\/12\/boubacar-ould-messaoud-1945-2026-filho-de-escravo-que-lutou-pela-liberdade\/"]}]},{"@type":"ImageObject","inLanguage":"pt-PT","@id":"https:\/\/portaltela.pt\/noticias\/2026\/04\/12\/boubacar-ould-messaoud-1945-2026-filho-de-escravo-que-lutou-pela-liberdade\/#primaryimage","url":"https:\/\/portaltela.pt\/s.01k8rhncp4jt1\/2026\/04\/2080705.jpg","contentUrl":"https:\/\/portaltela.pt\/s.01k8rhncp4jt1\/2026\/04\/2080705.jpg","width":796,"height":448,"caption":"Boubacar era filho de escravos, pelo que n\u00e3o admira que desde muito novo se tenha erguido contra esta realidade abomin\u00e1vel"},{"@type":"BreadcrumbList","@id":"https:\/\/portaltela.pt\/noticias\/2026\/04\/12\/boubacar-ould-messaoud-1945-2026-filho-de-escravo-que-lutou-pela-liberdade\/#breadcrumb","itemListElement":[{"@type":"ListItem","position":1,"name":"In\u00edcio","item":"https:\/\/portaltela.pt\/"},{"@type":"ListItem","position":2,"name":"Boubacar Ould Messaoud (1945-2026) filho de escravo que lutou pela liberdade"}]},{"@type":"WebSite","@id":"https:\/\/portaltela.pt\/#website","url":"https:\/\/portaltela.pt\/","name":"Portal Tela Portugal","description":"","potentialAction":[{"@type":"SearchAction","target":{"@type":"EntryPoint","urlTemplate":"https:\/\/portaltela.pt\/?s={search_term_string}"},"query-input":{"@type":"PropertyValueSpecification","valueRequired":true,"valueName":"search_term_string"}}],"inLanguage":"pt-PT"},{"@type":"Person","@id":"https:\/\/portaltela.pt\/#\/schema\/person\/c4278d4a6028830caff9ee44b42d32ed","name":"Telinha","image":{"@type":"ImageObject","inLanguage":"pt-PT","@id":"https:\/\/portaltela.pt\/s.01k8rhncp4jt1\/2025\/11\/talking-bot-125x125.png","url":"https:\/\/portaltela.pt\/s.01k8rhncp4jt1\/2025\/11\/talking-bot-125x125.png","contentUrl":"https:\/\/portaltela.pt\/s.01k8rhncp4jt1\/2025\/11\/talking-bot-125x125.png","caption":"Telinha"},"sameAs":["https:\/\/portaltela.pt\/"],"url":"https:\/\/portaltela.pt\/por\/367410592786\/"}]}},"_links":{"self":[{"href":"https:\/\/portaltela.pt\/api\/wp\/v2\/posts\/441056","targetHints":{"allow":["GET"]}}],"collection":[{"href":"https:\/\/portaltela.pt\/api\/wp\/v2\/posts"}],"about":[{"href":"https:\/\/portaltela.pt\/api\/wp\/v2\/types\/post"}],"author":[{"embeddable":true,"href":"https:\/\/portaltela.pt\/api\/wp\/v2\/users\/2"}],"replies":[{"embeddable":true,"href":"https:\/\/portaltela.pt\/api\/wp\/v2\/comments?post=441056"}],"version-history":[{"count":0,"href":"https:\/\/portaltela.pt\/api\/wp\/v2\/posts\/441056\/revisions"}],"wp:featuredmedia":[{"embeddable":true,"href":"https:\/\/portaltela.pt\/api\/wp\/v2\/media\/441060"}],"wp:attachment":[{"href":"https:\/\/portaltela.pt\/api\/wp\/v2\/media?parent=441056"}],"wp:term":[{"taxonomy":"category","embeddable":true,"href":"https:\/\/portaltela.pt\/api\/wp\/v2\/categories?post=441056"},{"taxonomy":"post_tag","embeddable":true,"href":"https:\/\/portaltela.pt\/api\/wp\/v2\/tags?post=441056"}],"curies":[{"name":"wp","href":"https:\/\/api.w.org\/{rel}","templated":true}]}}