{"id":441035,"date":"2026-04-11T18:46:00","date_gmt":"2026-04-11T21:46:00","guid":{"rendered":"https:\/\/portaltela.pt\/noticias\/2026\/04\/11\/orban-e-magyar-encerram-campanha-com-apelo-aos-jovens\/"},"modified":"2026-04-11T18:46:00","modified_gmt":"2026-04-11T21:46:00","slug":"orban-e-magyar-encerram-campanha-com-apelo-aos-jovens","status":"publish","type":"post","link":"https:\/\/portaltela.pt\/noticias\/internacional\/2026\/04\/11\/orban-e-magyar-encerram-campanha-com-apelo-aos-jovens\/","title":{"rendered":"Orb\u00e1n e Magyar encerram campanha com apelo aos jovens"},"content":{"rendered":"<p>Orb\u00e1n Viktor e o l\u00edder do partido Magyar encerraram hoje a campanha eleitoral na Hungria, em tom de apelo aos eleitores jovens. O discurso de encerramento ocorreu durante um evento de \u00faltima hora, com o objetivo de mobilizar o segmento juvenil para a vota\u00e7\u00e3o.<\/p>\n<p>Segundo a ag\u00eancia, o conte\u00fado completo da not\u00edcia permanece dispon\u00edvel apenas para subscritores, o que limita neste momento o acesso a detalhes adicionais sobre o local exato do evento, intervenientes secund\u00e1rios e mensagens espec\u00edficas apresentadas pelos dois l\u00edderes.<\/p>\n<p>Enquanto as informa\u00e7\u00f5es oficiais n\u00e3o s\u00e3o ampliadas publicamente, a cobertura aponta para um foco claro no voto jovem, enquadrando o encerramento da campanha como uma etapa decisiva para o escrut\u00ednio nacional. Novas informa\u00e7\u00f5es devem surgir conforme o jornalismo de investiga\u00e7\u00e3o tenha acesso a fontes adicionais.<\/p>\n","protected":false},"excerpt":{"rendered":"<ul>\n<li>Viktor Orb\u00e1n e Magyar encerraram a campanha, com foco no voto jovem.<\/li>\n<li>O encerramento ocorreu no \u00e2mbito das elei\u00e7\u00f5es, dirigindo mensagens aos eleitores mais novos.<\/li>\n<li>O apelo central foi mobilizar a participa\u00e7\u00e3o dos jovens nas urnas.<\/li>\n<li>O conte\u00fado completo da not\u00edcia est\u00e1 dispon\u00edvel apenas para subscritores.<\/li>\n<li>N\u00e3o foram fornecidos detalhes adicionais neste resumo devido \u00e0 disponibilidade limitada.<\/li>\n<\/ul>\n","protected":false},"author":2,"featured_media":441036,"comment_status":"closed","ping_status":"closed","sticky":false,"template":"","format":"standard","meta":{"footnotes":""},"categories":[4,7127],"tags":[823,68,2579,2844,2832,7892],"class_list":["post-441035","post","type-post","status-publish","format-standard","has-post-thumbnail","hentry","category-internacional","category-politica-internacional","tag-campanha","tag-eleicoes","tag-hungria","tag-jovens","tag-politica","tag-politica-interna"],"yoast_head":"<!-- This site is optimized with the Yoast SEO plugin v27.2 - https:\/\/yoast.com\/product\/yoast-seo-wordpress\/ -->\n<title>Orb\u00e1n e Magyar encerram campanha com apelo aos jovens - Portal Tela Portugal<\/title>\n<meta name=\"robots\" content=\"index, follow, max-snippet:-1, max-image-preview:large, max-video-preview:-1\" \/>\n<meta property=\"og:locale\" content=\"pt_PT\" \/>\n<meta property=\"og:type\" content=\"article\" \/>\n<meta property=\"og:title\" content=\"Orb\u00e1n e Magyar encerram campanha com apelo aos jovens - Portal Tela Portugal\" \/>\n<meta property=\"og:description\" content=\"Viktor Orb\u00e1n e Magyar encerraram a campanha, com foco no voto jovem. O encerramento ocorreu no \u00e2mbito das elei\u00e7\u00f5es, dirigindo mensagens aos eleitores mais novos. O apelo central foi mobilizar a participa\u00e7\u00e3o dos jovens nas urnas. O conte\u00fado completo da not\u00edcia est\u00e1 dispon\u00edvel apenas para subscritores. N\u00e3o foram fornecidos detalhes adicionais neste resumo devido \u00e0 disponibilidade limitada.\" \/>\n<meta property=\"og:url\" content=\"https:\/\/portaltela.pt\/noticias\/2026\/04\/11\/orban-e-magyar-encerram-campanha-com-apelo-aos-jovens\/\" \/>\n<meta property=\"og:site_name\" content=\"Portal Tela Portugal\" \/>\n<meta property=\"article:published_time\" content=\"2026-04-11T21:46:00+00:00\" \/>\n<meta name=\"author\" content=\"Telinha\" \/>\n<meta name=\"twitter:card\" content=\"summary_large_image\" \/>\n<meta name=\"twitter:label1\" content=\"Escrito por\" \/>\n\t<meta name=\"twitter:data1\" content=\"Telinha\" \/>\n\t<meta name=\"twitter:label2\" content=\"Tempo estimado de leitura\" \/>\n\t<meta name=\"twitter:data2\" content=\"1 minuto\" \/>\n<script type=\"application\/ld+json\" class=\"yoast-schema-graph\">{\"@context\":\"https:\/\/schema.org\",\"@graph\":[{\"@type\":\"Article\",\"@id\":\"https:\/\/portaltela.pt\/noticias\/2026\/04\/11\/orban-e-magyar-encerram-campanha-com-apelo-aos-jovens\/#article\",\"isPartOf\":{\"@id\":\"https:\/\/portaltela.pt\/noticias\/2026\/04\/11\/orban-e-magyar-encerram-campanha-com-apelo-aos-jovens\/\"},\"author\":{\"name\":\"Telinha\",\"@id\":\"https:\/\/portaltela.pt\/#\/schema\/person\/c4278d4a6028830caff9ee44b42d32ed\"},\"headline\":\"Orb\u00e1n e Magyar encerram campanha com apelo aos jovens\",\"datePublished\":\"2026-04-11T21:46:00+00:00\",\"mainEntityOfPage\":{\"@id\":\"https:\/\/portaltela.pt\/noticias\/2026\/04\/11\/orban-e-magyar-encerram-campanha-com-apelo-aos-jovens\/\"},\"wordCount\":153,\"image\":{\"@id\":\"https:\/\/portaltela.pt\/noticias\/2026\/04\/11\/orban-e-magyar-encerram-campanha-com-apelo-aos-jovens\/#primaryimage\"},\"thumbnailUrl\":\"https:\/\/portaltela.pt\/s.01k8rhncp4jt1\/2026\/04\/CACHE_780X1200_ANALOG_WATERMARKED_46914886_1208821944761165.jpg\",\"keywords\":[\"campanha\",\"elei\u00e7\u00f5es\",\"Hungria\",\"jovens\",\"pol\u00edtica\",\"pol\u00edtica interna\"],\"articleSection\":[\"Internacional\",\"Pol\u00edtica Internacional\"],\"inLanguage\":\"pt-PT\"},{\"@type\":\"WebPage\",\"@id\":\"https:\/\/portaltela.pt\/noticias\/2026\/04\/11\/orban-e-magyar-encerram-campanha-com-apelo-aos-jovens\/\",\"url\":\"https:\/\/portaltela.pt\/noticias\/2026\/04\/11\/orban-e-magyar-encerram-campanha-com-apelo-aos-jovens\/\",\"name\":\"Orb\u00e1n e Magyar encerram campanha com apelo aos jovens - Portal Tela Portugal\",\"isPartOf\":{\"@id\":\"https:\/\/portaltela.pt\/#website\"},\"primaryImageOfPage\":{\"@id\":\"https:\/\/portaltela.pt\/noticias\/2026\/04\/11\/orban-e-magyar-encerram-campanha-com-apelo-aos-jovens\/#primaryimage\"},\"image\":{\"@id\":\"https:\/\/portaltela.pt\/noticias\/2026\/04\/11\/orban-e-magyar-encerram-campanha-com-apelo-aos-jovens\/#primaryimage\"},\"thumbnailUrl\":\"https:\/\/portaltela.pt\/s.01k8rhncp4jt1\/2026\/04\/CACHE_780X1200_ANALOG_WATERMARKED_46914886_1208821944761165.jpg\",\"datePublished\":\"2026-04-11T21:46:00+00:00\",\"author\":{\"@id\":\"https:\/\/portaltela.pt\/#\/schema\/person\/c4278d4a6028830caff9ee44b42d32ed\"},\"breadcrumb\":{\"@id\":\"https:\/\/portaltela.pt\/noticias\/2026\/04\/11\/orban-e-magyar-encerram-campanha-com-apelo-aos-jovens\/#breadcrumb\"},\"inLanguage\":\"pt-PT\",\"potentialAction\":[{\"@type\":\"ReadAction\",\"target\":[\"https:\/\/portaltela.pt\/noticias\/2026\/04\/11\/orban-e-magyar-encerram-campanha-com-apelo-aos-jovens\/\"]}]},{\"@type\":\"ImageObject\",\"inLanguage\":\"pt-PT\",\"@id\":\"https:\/\/portaltela.pt\/noticias\/2026\/04\/11\/orban-e-magyar-encerram-campanha-com-apelo-aos-jovens\/#primaryimage\",\"url\":\"https:\/\/portaltela.pt\/s.01k8rhncp4jt1\/2026\/04\/CACHE_780X1200_ANALOG_WATERMARKED_46914886_1208821944761165.jpg\",\"contentUrl\":\"https:\/\/portaltela.pt\/s.01k8rhncp4jt1\/2026\/04\/CACHE_780X1200_ANALOG_WATERMARKED_46914886_1208821944761165.jpg\",\"width\":768,\"height\":512,\"caption\":\"Photo\"},{\"@type\":\"BreadcrumbList\",\"@id\":\"https:\/\/portaltela.pt\/noticias\/2026\/04\/11\/orban-e-magyar-encerram-campanha-com-apelo-aos-jovens\/#breadcrumb\",\"itemListElement\":[{\"@type\":\"ListItem\",\"position\":1,\"name\":\"In\u00edcio\",\"item\":\"https:\/\/portaltela.pt\/\"},{\"@type\":\"ListItem\",\"position\":2,\"name\":\"Orb\u00e1n e Magyar encerram campanha com apelo aos jovens\"}]},{\"@type\":\"WebSite\",\"@id\":\"https:\/\/portaltela.pt\/#website\",\"url\":\"https:\/\/portaltela.pt\/\",\"name\":\"Portal Tela Portugal\",\"description\":\"\",\"potentialAction\":[{\"@type\":\"SearchAction\",\"target\":{\"@type\":\"EntryPoint\",\"urlTemplate\":\"https:\/\/portaltela.pt\/?s={search_term_string}\"},\"query-input\":{\"@type\":\"PropertyValueSpecification\",\"valueRequired\":true,\"valueName\":\"search_term_string\"}}],\"inLanguage\":\"pt-PT\"},{\"@type\":\"Person\",\"@id\":\"https:\/\/portaltela.pt\/#\/schema\/person\/c4278d4a6028830caff9ee44b42d32ed\",\"name\":\"Telinha\",\"image\":{\"@type\":\"ImageObject\",\"inLanguage\":\"pt-PT\",\"@id\":\"https:\/\/portaltela.pt\/s.01k8rhncp4jt1\/2025\/11\/talking-bot-125x125.png\",\"url\":\"https:\/\/portaltela.pt\/s.01k8rhncp4jt1\/2025\/11\/talking-bot-125x125.png\",\"contentUrl\":\"https:\/\/portaltela.pt\/s.01k8rhncp4jt1\/2025\/11\/talking-bot-125x125.png\",\"caption\":\"Telinha\"},\"sameAs\":[\"https:\/\/portaltela.pt\/\"],\"url\":\"https:\/\/portaltela.pt\/por\/367410592786\/\"}]}<\/script>\n<!-- \/ Yoast SEO plugin. -->","yoast_head_json":{"title":"Orb\u00e1n e Magyar encerram campanha com apelo aos jovens - Portal Tela Portugal","robots":{"index":"index","follow":"follow","max-snippet":"max-snippet:-1","max-image-preview":"max-image-preview:large","max-video-preview":"max-video-preview:-1"},"og_locale":"pt_PT","og_type":"article","og_title":"Orb\u00e1n e Magyar encerram campanha com apelo aos jovens - Portal Tela Portugal","og_description":"Viktor Orb\u00e1n e Magyar encerraram a campanha, com foco no voto jovem. O encerramento ocorreu no \u00e2mbito das elei\u00e7\u00f5es, dirigindo mensagens aos eleitores mais novos. O apelo central foi mobilizar a participa\u00e7\u00e3o dos jovens nas urnas. O conte\u00fado completo da not\u00edcia est\u00e1 dispon\u00edvel apenas para subscritores. N\u00e3o foram fornecidos detalhes adicionais neste resumo devido \u00e0 disponibilidade limitada.","og_url":"https:\/\/portaltela.pt\/noticias\/2026\/04\/11\/orban-e-magyar-encerram-campanha-com-apelo-aos-jovens\/","og_site_name":"Portal Tela Portugal","article_published_time":"2026-04-11T21:46:00+00:00","author":"Telinha","twitter_card":"summary_large_image","twitter_misc":{"Escrito por":"Telinha","Tempo estimado de leitura":"1 minuto"},"schema":{"@context":"https:\/\/schema.org","@graph":[{"@type":"Article","@id":"https:\/\/portaltela.pt\/noticias\/2026\/04\/11\/orban-e-magyar-encerram-campanha-com-apelo-aos-jovens\/#article","isPartOf":{"@id":"https:\/\/portaltela.pt\/noticias\/2026\/04\/11\/orban-e-magyar-encerram-campanha-com-apelo-aos-jovens\/"},"author":{"name":"Telinha","@id":"https:\/\/portaltela.pt\/#\/schema\/person\/c4278d4a6028830caff9ee44b42d32ed"},"headline":"Orb\u00e1n e Magyar encerram campanha com apelo aos jovens","datePublished":"2026-04-11T21:46:00+00:00","mainEntityOfPage":{"@id":"https:\/\/portaltela.pt\/noticias\/2026\/04\/11\/orban-e-magyar-encerram-campanha-com-apelo-aos-jovens\/"},"wordCount":153,"image":{"@id":"https:\/\/portaltela.pt\/noticias\/2026\/04\/11\/orban-e-magyar-encerram-campanha-com-apelo-aos-jovens\/#primaryimage"},"thumbnailUrl":"https:\/\/portaltela.pt\/s.01k8rhncp4jt1\/2026\/04\/CACHE_780X1200_ANALOG_WATERMARKED_46914886_1208821944761165.jpg","keywords":["campanha","elei\u00e7\u00f5es","Hungria","jovens","pol\u00edtica","pol\u00edtica interna"],"articleSection":["Internacional","Pol\u00edtica Internacional"],"inLanguage":"pt-PT"},{"@type":"WebPage","@id":"https:\/\/portaltela.pt\/noticias\/2026\/04\/11\/orban-e-magyar-encerram-campanha-com-apelo-aos-jovens\/","url":"https:\/\/portaltela.pt\/noticias\/2026\/04\/11\/orban-e-magyar-encerram-campanha-com-apelo-aos-jovens\/","name":"Orb\u00e1n e Magyar encerram campanha com apelo aos jovens - Portal Tela Portugal","isPartOf":{"@id":"https:\/\/portaltela.pt\/#website"},"primaryImageOfPage":{"@id":"https:\/\/portaltela.pt\/noticias\/2026\/04\/11\/orban-e-magyar-encerram-campanha-com-apelo-aos-jovens\/#primaryimage"},"image":{"@id":"https:\/\/portaltela.pt\/noticias\/2026\/04\/11\/orban-e-magyar-encerram-campanha-com-apelo-aos-jovens\/#primaryimage"},"thumbnailUrl":"https:\/\/portaltela.pt\/s.01k8rhncp4jt1\/2026\/04\/CACHE_780X1200_ANALOG_WATERMARKED_46914886_1208821944761165.jpg","datePublished":"2026-04-11T21:46:00+00:00","author":{"@id":"https:\/\/portaltela.pt\/#\/schema\/person\/c4278d4a6028830caff9ee44b42d32ed"},"breadcrumb":{"@id":"https:\/\/portaltela.pt\/noticias\/2026\/04\/11\/orban-e-magyar-encerram-campanha-com-apelo-aos-jovens\/#breadcrumb"},"inLanguage":"pt-PT","potentialAction":[{"@type":"ReadAction","target":["https:\/\/portaltela.pt\/noticias\/2026\/04\/11\/orban-e-magyar-encerram-campanha-com-apelo-aos-jovens\/"]}]},{"@type":"ImageObject","inLanguage":"pt-PT","@id":"https:\/\/portaltela.pt\/noticias\/2026\/04\/11\/orban-e-magyar-encerram-campanha-com-apelo-aos-jovens\/#primaryimage","url":"https:\/\/portaltela.pt\/s.01k8rhncp4jt1\/2026\/04\/CACHE_780X1200_ANALOG_WATERMARKED_46914886_1208821944761165.jpg","contentUrl":"https:\/\/portaltela.pt\/s.01k8rhncp4jt1\/2026\/04\/CACHE_780X1200_ANALOG_WATERMARKED_46914886_1208821944761165.jpg","width":768,"height":512,"caption":"Photo"},{"@type":"BreadcrumbList","@id":"https:\/\/portaltela.pt\/noticias\/2026\/04\/11\/orban-e-magyar-encerram-campanha-com-apelo-aos-jovens\/#breadcrumb","itemListElement":[{"@type":"ListItem","position":1,"name":"In\u00edcio","item":"https:\/\/portaltela.pt\/"},{"@type":"ListItem","position":2,"name":"Orb\u00e1n e Magyar encerram campanha com apelo aos jovens"}]},{"@type":"WebSite","@id":"https:\/\/portaltela.pt\/#website","url":"https:\/\/portaltela.pt\/","name":"Portal Tela Portugal","description":"","potentialAction":[{"@type":"SearchAction","target":{"@type":"EntryPoint","urlTemplate":"https:\/\/portaltela.pt\/?s={search_term_string}"},"query-input":{"@type":"PropertyValueSpecification","valueRequired":true,"valueName":"search_term_string"}}],"inLanguage":"pt-PT"},{"@type":"Person","@id":"https:\/\/portaltela.pt\/#\/schema\/person\/c4278d4a6028830caff9ee44b42d32ed","name":"Telinha","image":{"@type":"ImageObject","inLanguage":"pt-PT","@id":"https:\/\/portaltela.pt\/s.01k8rhncp4jt1\/2025\/11\/talking-bot-125x125.png","url":"https:\/\/portaltela.pt\/s.01k8rhncp4jt1\/2025\/11\/talking-bot-125x125.png","contentUrl":"https:\/\/portaltela.pt\/s.01k8rhncp4jt1\/2025\/11\/talking-bot-125x125.png","caption":"Telinha"},"sameAs":["https:\/\/portaltela.pt\/"],"url":"https:\/\/portaltela.pt\/por\/367410592786\/"}]}},"_links":{"self":[{"href":"https:\/\/portaltela.pt\/api\/wp\/v2\/posts\/441035","targetHints":{"allow":["GET"]}}],"collection":[{"href":"https:\/\/portaltela.pt\/api\/wp\/v2\/posts"}],"about":[{"href":"https:\/\/portaltela.pt\/api\/wp\/v2\/types\/post"}],"author":[{"embeddable":true,"href":"https:\/\/portaltela.pt\/api\/wp\/v2\/users\/2"}],"replies":[{"embeddable":true,"href":"https:\/\/portaltela.pt\/api\/wp\/v2\/comments?post=441035"}],"version-history":[{"count":0,"href":"https:\/\/portaltela.pt\/api\/wp\/v2\/posts\/441035\/revisions"}],"wp:featuredmedia":[{"embeddable":true,"href":"https:\/\/portaltela.pt\/api\/wp\/v2\/media\/441036"}],"wp:attachment":[{"href":"https:\/\/portaltela.pt\/api\/wp\/v2\/media?parent=441035"}],"wp:term":[{"taxonomy":"category","embeddable":true,"href":"https:\/\/portaltela.pt\/api\/wp\/v2\/categories?post=441035"},{"taxonomy":"post_tag","embeddable":true,"href":"https:\/\/portaltela.pt\/api\/wp\/v2\/tags?post=441035"}],"curies":[{"name":"wp","href":"https:\/\/api.w.org\/{rel}","templated":true}]}}