{"id":441027,"date":"2026-04-11T21:47:01","date_gmt":"2026-04-12T00:47:01","guid":{"rendered":"https:\/\/portaltela.pt\/noticias\/2026\/04\/11\/tardes-da-correio-da-manha-radio-chegam-com-conteudo-variado\/"},"modified":"2026-04-11T21:47:01","modified_gmt":"2026-04-12T00:47:01","slug":"tardes-da-correio-da-manha-radio-chegam-com-conteudo-variado","status":"publish","type":"post","link":"https:\/\/portaltela.pt\/lazer\/2026\/04\/11\/tardes-da-correio-da-manha-radio-chegam-com-conteudo-variado\/","title":{"rendered":"Tardes da Correio da Manh\u00e3 R\u00e1dio chegam com conte\u00fado variado"},"content":{"rendered":"<p>A Correio da Manh\u00e3 R\u00e1dio renovou a grelha de programa\u00e7\u00e3o com o novo formato Regresso a Casa. O programa \u00e9 apresentado a partir de Lisboa por Luciana Abreu (est\u00fadio 90.4) e no Porto por Alberto Rocha (est\u00fadio 94.8), com o objetivo de acompanhar o regresso dos ouvintes.<\/p>\n<p>A equipa promete rep\u00f3rteres na rua, em ambas as cidades, para avaliar o estado do tr\u00e2nsito e as condi\u00e7\u00f5es de circula\u00e7\u00e3o. O espa\u00e7o decorre entre as 16h00 e as 19h45, altura de maior tr\u00e1fego de sa\u00edda do trabalho.<\/p>\n<h3>Formato e rubricas<\/h3>\n<p>Durante o\u00edntegro, o programa traz servi\u00e7os noticiosos de meia em meia hora, entrevistas com convidados e rubricas de humor. Entre estas est\u00e3o Fala Barato e Descasca-me a rir, consegues?, com anedotas dos ouvintes, bem como a rubrica Eu sou extremamente agrad\u00e1vel.<\/p>\n<p>Acontecem tamb\u00e9m sec\u00e7\u00f5es de intera\u00e7\u00e3o, com uma tert\u00falia \u00e0s 17h15 \u2014 uma janela para acontecimentos que merecem destaque \u2014 e a rubrica Pede-me que eu dou-te, a parceria para discos pedidos, \u00e0s 16h45.<\/p>\n<p>No \u00e2mbito do humor, destaca-se a rubrica de karaoke protagonizada por Luciana ou pela personagem Fatinha, prevista para as 17h45. A dire\u00e7\u00e3o do projeto \u00e9 assegurada pela Medialivre, que v\u00ea com entusiasmo a continuidade da emiss\u00e3o.<\/p>\n","protected":false},"excerpt":{"rendered":"<ul>\n<li>A Correio da Manh\u00e3 R\u00e1dio renovou a grelha com o regresso de Regresso a Casa, apresentado por Luciana Abreu em Lisboa (90.4) e Alberto Rocha no Porto (94.8).<\/li>\n<li>O programa contar\u00e1 com rep\u00f3rteres na rua para aferir o estado do tr\u00e2nsito e as condi\u00e7\u00f5es de circula\u00e7\u00e3o, na capital e na Invicta.<\/li>\n<li>Entre as 16h00 e as 19h45 haver\u00e1 servi\u00e7os noticiosos a cada meia hora, entrevistas com convidados especiais e rubricas de humor.<\/li>\n<li>Destaques incluem Fala Barato de Eduardo Madeira, Descasca-me a rir, consegues? com anedotas enviadas pelos ouvintes, e Eu sou extremamente agrad\u00e1vel! \u00e0s 17h15.<\/li>\n<li>Outras rubricas previstas s\u00e3o expressing express\u00f5es populares, Pede-me que eu dou-te (discos pedidos) \u00e0s 16h45 e karaoke com Luciana ou Fatinha, \u00e0s 17h45, segundo a dire\u00e7\u00e3o.<\/li>\n<\/ul>\n","protected":false},"author":2,"featured_media":441030,"comment_status":"closed","ping_status":"closed","sticky":false,"template":"","format":"standard","meta":{"footnotes":""},"categories":[12,7381],"tags":[7756,6774,981,41,982,1923],"class_list":["post-441027","post","type-post","status-publish","format-standard","has-post-thumbnail","hentry","category-entretenimento","category-lazer","tag-_cultura","tag-a-comunicacao-social","tag-lisboa","tag-noticia","tag-porto","tag-programacao"],"yoast_head":"<!-- This site is optimized with the Yoast SEO plugin v27.2 - https:\/\/yoast.com\/product\/yoast-seo-wordpress\/ -->\n<title>Tardes da Correio da Manh\u00e3 R\u00e1dio chegam com conte\u00fado variado - Portal Tela Portugal<\/title>\n<meta name=\"robots\" content=\"index, follow, max-snippet:-1, max-image-preview:large, max-video-preview:-1\" \/>\n<meta property=\"og:locale\" content=\"pt_PT\" \/>\n<meta property=\"og:type\" content=\"article\" \/>\n<meta property=\"og:title\" content=\"Tardes da Correio da Manh\u00e3 R\u00e1dio chegam com conte\u00fado variado - Portal Tela Portugal\" \/>\n<meta property=\"og:description\" content=\"A Correio da Manh\u00e3 R\u00e1dio renovou a grelha com o regresso de Regresso a Casa, apresentado por Luciana Abreu em Lisboa (90.4) e Alberto Rocha no Porto (94.8). O programa contar\u00e1 com rep\u00f3rteres na rua para aferir o estado do tr\u00e2nsito e as condi\u00e7\u00f5es de circula\u00e7\u00e3o, na capital e na Invicta. Entre as 16h00 e as 19h45 haver\u00e1 servi\u00e7os noticiosos a cada meia hora, entrevistas com convidados especiais e rubricas de humor. Destaques incluem Fala Barato de Eduardo Madeira, Descasca-me a rir, consegues? com anedotas enviadas pelos ouvintes, e Eu sou extremamente agrad\u00e1vel! \u00e0s 17h15. Outras rubricas previstas s\u00e3o expressing express\u00f5es populares, Pede-me que eu dou-te (discos pedidos) \u00e0s 16h45 e karaoke com Luciana ou Fatinha, \u00e0s 17h45, segundo a dire\u00e7\u00e3o.\" \/>\n<meta property=\"og:url\" content=\"https:\/\/portaltela.pt\/noticias\/2026\/04\/11\/tardes-da-correio-da-manha-radio-chegam-com-conteudo-variado\/\" \/>\n<meta property=\"og:site_name\" content=\"Portal Tela Portugal\" \/>\n<meta property=\"article:published_time\" content=\"2026-04-12T00:47:01+00:00\" \/>\n<meta name=\"author\" content=\"Telinha\" \/>\n<meta name=\"twitter:card\" content=\"summary_large_image\" \/>\n<meta name=\"twitter:label1\" content=\"Escrito por\" \/>\n\t<meta name=\"twitter:data1\" content=\"Telinha\" \/>\n\t<meta name=\"twitter:label2\" content=\"Tempo estimado de leitura\" \/>\n\t<meta name=\"twitter:data2\" content=\"1 minuto\" \/>\n<script type=\"application\/ld+json\" class=\"yoast-schema-graph\">{\"@context\":\"https:\/\/schema.org\",\"@graph\":[{\"@type\":\"Article\",\"@id\":\"https:\/\/portaltela.pt\/noticias\/2026\/04\/11\/tardes-da-correio-da-manha-radio-chegam-com-conteudo-variado\/#article\",\"isPartOf\":{\"@id\":\"https:\/\/portaltela.pt\/noticias\/2026\/04\/11\/tardes-da-correio-da-manha-radio-chegam-com-conteudo-variado\/\"},\"author\":{\"name\":\"Telinha\",\"@id\":\"https:\/\/portaltela.pt\/#\/schema\/person\/c4278d4a6028830caff9ee44b42d32ed\"},\"headline\":\"Tardes da Correio da Manh\u00e3 R\u00e1dio chegam com conte\u00fado variado\",\"datePublished\":\"2026-04-12T00:47:01+00:00\",\"mainEntityOfPage\":{\"@id\":\"https:\/\/portaltela.pt\/noticias\/2026\/04\/11\/tardes-da-correio-da-manha-radio-chegam-com-conteudo-variado\/\"},\"wordCount\":225,\"image\":{\"@id\":\"https:\/\/portaltela.pt\/noticias\/2026\/04\/11\/tardes-da-correio-da-manha-radio-chegam-com-conteudo-variado\/#primaryimage\"},\"thumbnailUrl\":\"https:\/\/portaltela.pt\/s.01k8rhncp4jt1\/2026\/04\/img_1280x721uu2026-04-11-21-25-57-2277995.jpg\",\"keywords\":[\"_cultura\",\"a comunica\u00e7\u00e3o social\",\"Lisboa\",\"not\u00edcia\",\"Porto\",\"programa\u00e7\u00e3o\"],\"articleSection\":[\"Entretenimento\",\"Lazer\"],\"inLanguage\":\"pt-PT\"},{\"@type\":\"WebPage\",\"@id\":\"https:\/\/portaltela.pt\/noticias\/2026\/04\/11\/tardes-da-correio-da-manha-radio-chegam-com-conteudo-variado\/\",\"url\":\"https:\/\/portaltela.pt\/noticias\/2026\/04\/11\/tardes-da-correio-da-manha-radio-chegam-com-conteudo-variado\/\",\"name\":\"Tardes da Correio da Manh\u00e3 R\u00e1dio chegam com conte\u00fado variado - Portal Tela Portugal\",\"isPartOf\":{\"@id\":\"https:\/\/portaltela.pt\/#website\"},\"primaryImageOfPage\":{\"@id\":\"https:\/\/portaltela.pt\/noticias\/2026\/04\/11\/tardes-da-correio-da-manha-radio-chegam-com-conteudo-variado\/#primaryimage\"},\"image\":{\"@id\":\"https:\/\/portaltela.pt\/noticias\/2026\/04\/11\/tardes-da-correio-da-manha-radio-chegam-com-conteudo-variado\/#primaryimage\"},\"thumbnailUrl\":\"https:\/\/portaltela.pt\/s.01k8rhncp4jt1\/2026\/04\/img_1280x721uu2026-04-11-21-25-57-2277995.jpg\",\"datePublished\":\"2026-04-12T00:47:01+00:00\",\"author\":{\"@id\":\"https:\/\/portaltela.pt\/#\/schema\/person\/c4278d4a6028830caff9ee44b42d32ed\"},\"breadcrumb\":{\"@id\":\"https:\/\/portaltela.pt\/noticias\/2026\/04\/11\/tardes-da-correio-da-manha-radio-chegam-com-conteudo-variado\/#breadcrumb\"},\"inLanguage\":\"pt-PT\",\"potentialAction\":[{\"@type\":\"ReadAction\",\"target\":[\"https:\/\/portaltela.pt\/noticias\/2026\/04\/11\/tardes-da-correio-da-manha-radio-chegam-com-conteudo-variado\/\"]}]},{\"@type\":\"ImageObject\",\"inLanguage\":\"pt-PT\",\"@id\":\"https:\/\/portaltela.pt\/noticias\/2026\/04\/11\/tardes-da-correio-da-manha-radio-chegam-com-conteudo-variado\/#primaryimage\",\"url\":\"https:\/\/portaltela.pt\/s.01k8rhncp4jt1\/2026\/04\/img_1280x721uu2026-04-11-21-25-57-2277995.jpg\",\"contentUrl\":\"https:\/\/portaltela.pt\/s.01k8rhncp4jt1\/2026\/04\/img_1280x721uu2026-04-11-21-25-57-2277995.jpg\",\"width\":796,\"height\":448,\"caption\":\"Photo\"},{\"@type\":\"BreadcrumbList\",\"@id\":\"https:\/\/portaltela.pt\/noticias\/2026\/04\/11\/tardes-da-correio-da-manha-radio-chegam-com-conteudo-variado\/#breadcrumb\",\"itemListElement\":[{\"@type\":\"ListItem\",\"position\":1,\"name\":\"In\u00edcio\",\"item\":\"https:\/\/portaltela.pt\/\"},{\"@type\":\"ListItem\",\"position\":2,\"name\":\"Tardes da Correio da Manh\u00e3 R\u00e1dio chegam com conte\u00fado variado\"}]},{\"@type\":\"WebSite\",\"@id\":\"https:\/\/portaltela.pt\/#website\",\"url\":\"https:\/\/portaltela.pt\/\",\"name\":\"Portal Tela Portugal\",\"description\":\"\",\"potentialAction\":[{\"@type\":\"SearchAction\",\"target\":{\"@type\":\"EntryPoint\",\"urlTemplate\":\"https:\/\/portaltela.pt\/?s={search_term_string}\"},\"query-input\":{\"@type\":\"PropertyValueSpecification\",\"valueRequired\":true,\"valueName\":\"search_term_string\"}}],\"inLanguage\":\"pt-PT\"},{\"@type\":\"Person\",\"@id\":\"https:\/\/portaltela.pt\/#\/schema\/person\/c4278d4a6028830caff9ee44b42d32ed\",\"name\":\"Telinha\",\"image\":{\"@type\":\"ImageObject\",\"inLanguage\":\"pt-PT\",\"@id\":\"https:\/\/portaltela.pt\/s.01k8rhncp4jt1\/2025\/11\/talking-bot-125x125.png\",\"url\":\"https:\/\/portaltela.pt\/s.01k8rhncp4jt1\/2025\/11\/talking-bot-125x125.png\",\"contentUrl\":\"https:\/\/portaltela.pt\/s.01k8rhncp4jt1\/2025\/11\/talking-bot-125x125.png\",\"caption\":\"Telinha\"},\"sameAs\":[\"https:\/\/portaltela.pt\/\"],\"url\":\"https:\/\/portaltela.pt\/por\/367410592786\/\"}]}<\/script>\n<!-- \/ Yoast SEO plugin. -->","yoast_head_json":{"title":"Tardes da Correio da Manh\u00e3 R\u00e1dio chegam com conte\u00fado variado - Portal Tela Portugal","robots":{"index":"index","follow":"follow","max-snippet":"max-snippet:-1","max-image-preview":"max-image-preview:large","max-video-preview":"max-video-preview:-1"},"og_locale":"pt_PT","og_type":"article","og_title":"Tardes da Correio da Manh\u00e3 R\u00e1dio chegam com conte\u00fado variado - Portal Tela Portugal","og_description":"A Correio da Manh\u00e3 R\u00e1dio renovou a grelha com o regresso de Regresso a Casa, apresentado por Luciana Abreu em Lisboa (90.4) e Alberto Rocha no Porto (94.8). O programa contar\u00e1 com rep\u00f3rteres na rua para aferir o estado do tr\u00e2nsito e as condi\u00e7\u00f5es de circula\u00e7\u00e3o, na capital e na Invicta. Entre as 16h00 e as 19h45 haver\u00e1 servi\u00e7os noticiosos a cada meia hora, entrevistas com convidados especiais e rubricas de humor. Destaques incluem Fala Barato de Eduardo Madeira, Descasca-me a rir, consegues? com anedotas enviadas pelos ouvintes, e Eu sou extremamente agrad\u00e1vel! \u00e0s 17h15. Outras rubricas previstas s\u00e3o expressing express\u00f5es populares, Pede-me que eu dou-te (discos pedidos) \u00e0s 16h45 e karaoke com Luciana ou Fatinha, \u00e0s 17h45, segundo a dire\u00e7\u00e3o.","og_url":"https:\/\/portaltela.pt\/noticias\/2026\/04\/11\/tardes-da-correio-da-manha-radio-chegam-com-conteudo-variado\/","og_site_name":"Portal Tela Portugal","article_published_time":"2026-04-12T00:47:01+00:00","author":"Telinha","twitter_card":"summary_large_image","twitter_misc":{"Escrito por":"Telinha","Tempo estimado de leitura":"1 minuto"},"schema":{"@context":"https:\/\/schema.org","@graph":[{"@type":"Article","@id":"https:\/\/portaltela.pt\/noticias\/2026\/04\/11\/tardes-da-correio-da-manha-radio-chegam-com-conteudo-variado\/#article","isPartOf":{"@id":"https:\/\/portaltela.pt\/noticias\/2026\/04\/11\/tardes-da-correio-da-manha-radio-chegam-com-conteudo-variado\/"},"author":{"name":"Telinha","@id":"https:\/\/portaltela.pt\/#\/schema\/person\/c4278d4a6028830caff9ee44b42d32ed"},"headline":"Tardes da Correio da Manh\u00e3 R\u00e1dio chegam com conte\u00fado variado","datePublished":"2026-04-12T00:47:01+00:00","mainEntityOfPage":{"@id":"https:\/\/portaltela.pt\/noticias\/2026\/04\/11\/tardes-da-correio-da-manha-radio-chegam-com-conteudo-variado\/"},"wordCount":225,"image":{"@id":"https:\/\/portaltela.pt\/noticias\/2026\/04\/11\/tardes-da-correio-da-manha-radio-chegam-com-conteudo-variado\/#primaryimage"},"thumbnailUrl":"https:\/\/portaltela.pt\/s.01k8rhncp4jt1\/2026\/04\/img_1280x721uu2026-04-11-21-25-57-2277995.jpg","keywords":["_cultura","a comunica\u00e7\u00e3o social","Lisboa","not\u00edcia","Porto","programa\u00e7\u00e3o"],"articleSection":["Entretenimento","Lazer"],"inLanguage":"pt-PT"},{"@type":"WebPage","@id":"https:\/\/portaltela.pt\/noticias\/2026\/04\/11\/tardes-da-correio-da-manha-radio-chegam-com-conteudo-variado\/","url":"https:\/\/portaltela.pt\/noticias\/2026\/04\/11\/tardes-da-correio-da-manha-radio-chegam-com-conteudo-variado\/","name":"Tardes da Correio da Manh\u00e3 R\u00e1dio chegam com conte\u00fado variado - Portal Tela Portugal","isPartOf":{"@id":"https:\/\/portaltela.pt\/#website"},"primaryImageOfPage":{"@id":"https:\/\/portaltela.pt\/noticias\/2026\/04\/11\/tardes-da-correio-da-manha-radio-chegam-com-conteudo-variado\/#primaryimage"},"image":{"@id":"https:\/\/portaltela.pt\/noticias\/2026\/04\/11\/tardes-da-correio-da-manha-radio-chegam-com-conteudo-variado\/#primaryimage"},"thumbnailUrl":"https:\/\/portaltela.pt\/s.01k8rhncp4jt1\/2026\/04\/img_1280x721uu2026-04-11-21-25-57-2277995.jpg","datePublished":"2026-04-12T00:47:01+00:00","author":{"@id":"https:\/\/portaltela.pt\/#\/schema\/person\/c4278d4a6028830caff9ee44b42d32ed"},"breadcrumb":{"@id":"https:\/\/portaltela.pt\/noticias\/2026\/04\/11\/tardes-da-correio-da-manha-radio-chegam-com-conteudo-variado\/#breadcrumb"},"inLanguage":"pt-PT","potentialAction":[{"@type":"ReadAction","target":["https:\/\/portaltela.pt\/noticias\/2026\/04\/11\/tardes-da-correio-da-manha-radio-chegam-com-conteudo-variado\/"]}]},{"@type":"ImageObject","inLanguage":"pt-PT","@id":"https:\/\/portaltela.pt\/noticias\/2026\/04\/11\/tardes-da-correio-da-manha-radio-chegam-com-conteudo-variado\/#primaryimage","url":"https:\/\/portaltela.pt\/s.01k8rhncp4jt1\/2026\/04\/img_1280x721uu2026-04-11-21-25-57-2277995.jpg","contentUrl":"https:\/\/portaltela.pt\/s.01k8rhncp4jt1\/2026\/04\/img_1280x721uu2026-04-11-21-25-57-2277995.jpg","width":796,"height":448,"caption":"Photo"},{"@type":"BreadcrumbList","@id":"https:\/\/portaltela.pt\/noticias\/2026\/04\/11\/tardes-da-correio-da-manha-radio-chegam-com-conteudo-variado\/#breadcrumb","itemListElement":[{"@type":"ListItem","position":1,"name":"In\u00edcio","item":"https:\/\/portaltela.pt\/"},{"@type":"ListItem","position":2,"name":"Tardes da Correio da Manh\u00e3 R\u00e1dio chegam com conte\u00fado variado"}]},{"@type":"WebSite","@id":"https:\/\/portaltela.pt\/#website","url":"https:\/\/portaltela.pt\/","name":"Portal Tela Portugal","description":"","potentialAction":[{"@type":"SearchAction","target":{"@type":"EntryPoint","urlTemplate":"https:\/\/portaltela.pt\/?s={search_term_string}"},"query-input":{"@type":"PropertyValueSpecification","valueRequired":true,"valueName":"search_term_string"}}],"inLanguage":"pt-PT"},{"@type":"Person","@id":"https:\/\/portaltela.pt\/#\/schema\/person\/c4278d4a6028830caff9ee44b42d32ed","name":"Telinha","image":{"@type":"ImageObject","inLanguage":"pt-PT","@id":"https:\/\/portaltela.pt\/s.01k8rhncp4jt1\/2025\/11\/talking-bot-125x125.png","url":"https:\/\/portaltela.pt\/s.01k8rhncp4jt1\/2025\/11\/talking-bot-125x125.png","contentUrl":"https:\/\/portaltela.pt\/s.01k8rhncp4jt1\/2025\/11\/talking-bot-125x125.png","caption":"Telinha"},"sameAs":["https:\/\/portaltela.pt\/"],"url":"https:\/\/portaltela.pt\/por\/367410592786\/"}]}},"_links":{"self":[{"href":"https:\/\/portaltela.pt\/api\/wp\/v2\/posts\/441027","targetHints":{"allow":["GET"]}}],"collection":[{"href":"https:\/\/portaltela.pt\/api\/wp\/v2\/posts"}],"about":[{"href":"https:\/\/portaltela.pt\/api\/wp\/v2\/types\/post"}],"author":[{"embeddable":true,"href":"https:\/\/portaltela.pt\/api\/wp\/v2\/users\/2"}],"replies":[{"embeddable":true,"href":"https:\/\/portaltela.pt\/api\/wp\/v2\/comments?post=441027"}],"version-history":[{"count":0,"href":"https:\/\/portaltela.pt\/api\/wp\/v2\/posts\/441027\/revisions"}],"wp:featuredmedia":[{"embeddable":true,"href":"https:\/\/portaltela.pt\/api\/wp\/v2\/media\/441030"}],"wp:attachment":[{"href":"https:\/\/portaltela.pt\/api\/wp\/v2\/media?parent=441027"}],"wp:term":[{"taxonomy":"category","embeddable":true,"href":"https:\/\/portaltela.pt\/api\/wp\/v2\/categories?post=441027"},{"taxonomy":"post_tag","embeddable":true,"href":"https:\/\/portaltela.pt\/api\/wp\/v2\/tags?post=441027"}],"curies":[{"name":"wp","href":"https:\/\/api.w.org\/{rel}","templated":true}]}}