{"id":440999,"date":"2026-04-11T21:17:18","date_gmt":"2026-04-12T00:17:18","guid":{"rendered":"https:\/\/portaltela.pt\/noticias\/2026\/04\/11\/braganca-inspira-leao-em-decisao-de-servicos-minimos\/"},"modified":"2026-04-11T21:17:18","modified_gmt":"2026-04-12T00:17:18","slug":"braganca-inspira-leao-em-decisao-de-servicos-minimos","status":"publish","type":"post","link":"https:\/\/portaltela.pt\/desporto\/futebol\/2026\/04\/11\/braganca-inspira-leao-em-decisao-de-servicos-minimos\/","title":{"rendered":"Bragan\u00e7a inspira le\u00e3o em decis\u00e3o de servi\u00e7os m\u00ednimos"},"content":{"rendered":"<p>O Sporting venceu fora o Estrela da Amadora, em jogo da  jornada, com um golo de Daniel Bragan\u00e7a na segunda parte. O m\u00e9dio voltou a competir quatro meses depois, marcando o tento decisivo que garantiu a vit\u00f3ria ao bicampe\u00e3o.<\/p>\n<p>O encontro ficou marcado pela insist\u00eancia do Sporting e pela frustra\u00e7\u00e3o na organiza\u00e7\u00e3o ofensiva da equipa da casa. Bragan\u00e7a soma j\u00e1 cinco golos nesta \u00e9poca, tendo aberto o marcador noutra reedi\u00e7\u00e3o da temporada frente ao Famalic\u00e3o.<\/p>\n<p>Apesar da vit\u00f3ria, o jogo revelou desequil\u00edbrios na clarivid\u00eancia ofensiva do conjunto orientado por Rui Borges, que dominou por partes, lutou, mas falhou em traduzir o dom\u00ednio em mais oportunidades.<\/p>\n<p>O triunfo permite ao Sporting aproximar-se da lideran\u00e7a, pressionando o FC Porto, que recebe hoje o Estoril. O caminho continua exigente no atual ciclo competitivo, com o le\u00e3o a manter o objetivo de consolidar posi\u00e7\u00f5es.<\/p>\n","protected":false},"excerpt":{"rendered":"<ul>\n<li>O Sporting venceu fora o Estrela da Amadora com um golo de Daniel Bragan\u00e7a na segunda metade.<\/li>\n<li>Bragan\u00e7a chegou aos cinco golos na \u00e9poca, j\u00e1 tendo marcado frente ao Famalic\u00e3o.<\/li>\n<li>O triunfo aproxima o Sporting da lideran\u00e7a e coloca press\u00e3o sobre o F. C. Porto, que hoje joga com o Estoril.<\/li>\n<li>A exibi\u00e7\u00e3o manteve-se sem brilho ofensivo, com o conjunto de Rui Borges a dominar, mas sem aproveitar melhor as oportunidades.<\/li>\n<li>Quenda voltou a competir passados quatro meses.<\/li>\n<\/ul>\n","protected":false},"author":2,"featured_media":441000,"comment_status":"closed","ping_status":"closed","sticky":false,"template":"","format":"standard","meta":{"footnotes":""},"categories":[21,24],"tags":[4143,906,3284,1396,32,1652],"class_list":["post-440999","post","type-post","status-publish","format-standard","has-post-thumbnail","hentry","category-desporto","category-futebol","tag-1-liga","tag-braganca","tag-daniel-braganca","tag-famalicao","tag-futebol","tag-sporting"],"yoast_head":"<!-- This site is optimized with the Yoast SEO plugin v27.2 - https:\/\/yoast.com\/product\/yoast-seo-wordpress\/ -->\n<title>Bragan\u00e7a inspira le\u00e3o em decis\u00e3o de servi\u00e7os m\u00ednimos - Portal Tela Portugal<\/title>\n<meta name=\"robots\" content=\"index, follow, max-snippet:-1, max-image-preview:large, max-video-preview:-1\" \/>\n<meta property=\"og:locale\" content=\"pt_PT\" \/>\n<meta property=\"og:type\" content=\"article\" \/>\n<meta property=\"og:title\" content=\"Bragan\u00e7a inspira le\u00e3o em decis\u00e3o de servi\u00e7os m\u00ednimos - Portal Tela Portugal\" \/>\n<meta property=\"og:description\" content=\"O Sporting venceu fora o Estrela da Amadora com um golo de Daniel Bragan\u00e7a na segunda metade. Bragan\u00e7a chegou aos cinco golos na \u00e9poca, j\u00e1 tendo marcado frente ao Famalic\u00e3o. O triunfo aproxima o Sporting da lideran\u00e7a e coloca press\u00e3o sobre o F. C. Porto, que hoje joga com o Estoril. A exibi\u00e7\u00e3o manteve-se sem brilho ofensivo, com o conjunto de Rui Borges a dominar, mas sem aproveitar melhor as oportunidades. Quenda voltou a competir passados quatro meses.\" \/>\n<meta property=\"og:url\" content=\"https:\/\/portaltela.pt\/noticias\/2026\/04\/11\/braganca-inspira-leao-em-decisao-de-servicos-minimos\/\" \/>\n<meta property=\"og:site_name\" content=\"Portal Tela Portugal\" \/>\n<meta property=\"article:published_time\" content=\"2026-04-12T00:17:18+00:00\" \/>\n<meta name=\"author\" content=\"Telinha\" \/>\n<meta name=\"twitter:card\" content=\"summary_large_image\" \/>\n<meta name=\"twitter:label1\" content=\"Escrito por\" \/>\n\t<meta name=\"twitter:data1\" content=\"Telinha\" \/>\n\t<meta name=\"twitter:label2\" content=\"Tempo estimado de leitura\" \/>\n\t<meta name=\"twitter:data2\" content=\"1 minuto\" \/>\n<script type=\"application\/ld+json\" class=\"yoast-schema-graph\">{\"@context\":\"https:\/\/schema.org\",\"@graph\":[{\"@type\":\"Article\",\"@id\":\"https:\/\/portaltela.pt\/noticias\/2026\/04\/11\/braganca-inspira-leao-em-decisao-de-servicos-minimos\/#article\",\"isPartOf\":{\"@id\":\"https:\/\/portaltela.pt\/noticias\/2026\/04\/11\/braganca-inspira-leao-em-decisao-de-servicos-minimos\/\"},\"author\":{\"name\":\"Telinha\",\"@id\":\"https:\/\/portaltela.pt\/#\/schema\/person\/c4278d4a6028830caff9ee44b42d32ed\"},\"headline\":\"Bragan\u00e7a inspira le\u00e3o em decis\u00e3o de servi\u00e7os m\u00ednimos\",\"datePublished\":\"2026-04-12T00:17:18+00:00\",\"mainEntityOfPage\":{\"@id\":\"https:\/\/portaltela.pt\/noticias\/2026\/04\/11\/braganca-inspira-leao-em-decisao-de-servicos-minimos\/\"},\"wordCount\":170,\"image\":{\"@id\":\"https:\/\/portaltela.pt\/noticias\/2026\/04\/11\/braganca-inspira-leao-em-decisao-de-servicos-minimos\/#primaryimage\"},\"thumbnailUrl\":\"https:\/\/portaltela.pt\/s.01k8rhncp4jt1\/2026\/04\/image-682.jpg\",\"keywords\":[\"1. Liga\",\"Bragan\u00e7a\",\"Daniel Bragan\u00e7a\",\"Famalic\u00e3o\",\"futebol\",\"Sporting\"],\"articleSection\":[\"Desporto\",\"Futebol\"],\"inLanguage\":\"pt-PT\"},{\"@type\":\"WebPage\",\"@id\":\"https:\/\/portaltela.pt\/noticias\/2026\/04\/11\/braganca-inspira-leao-em-decisao-de-servicos-minimos\/\",\"url\":\"https:\/\/portaltela.pt\/noticias\/2026\/04\/11\/braganca-inspira-leao-em-decisao-de-servicos-minimos\/\",\"name\":\"Bragan\u00e7a inspira le\u00e3o em decis\u00e3o de servi\u00e7os m\u00ednimos - Portal Tela Portugal\",\"isPartOf\":{\"@id\":\"https:\/\/portaltela.pt\/#website\"},\"primaryImageOfPage\":{\"@id\":\"https:\/\/portaltela.pt\/noticias\/2026\/04\/11\/braganca-inspira-leao-em-decisao-de-servicos-minimos\/#primaryimage\"},\"image\":{\"@id\":\"https:\/\/portaltela.pt\/noticias\/2026\/04\/11\/braganca-inspira-leao-em-decisao-de-servicos-minimos\/#primaryimage\"},\"thumbnailUrl\":\"https:\/\/portaltela.pt\/s.01k8rhncp4jt1\/2026\/04\/image-682.jpg\",\"datePublished\":\"2026-04-12T00:17:18+00:00\",\"author\":{\"@id\":\"https:\/\/portaltela.pt\/#\/schema\/person\/c4278d4a6028830caff9ee44b42d32ed\"},\"breadcrumb\":{\"@id\":\"https:\/\/portaltela.pt\/noticias\/2026\/04\/11\/braganca-inspira-leao-em-decisao-de-servicos-minimos\/#breadcrumb\"},\"inLanguage\":\"pt-PT\",\"potentialAction\":[{\"@type\":\"ReadAction\",\"target\":[\"https:\/\/portaltela.pt\/noticias\/2026\/04\/11\/braganca-inspira-leao-em-decisao-de-servicos-minimos\/\"]}]},{\"@type\":\"ImageObject\",\"inLanguage\":\"pt-PT\",\"@id\":\"https:\/\/portaltela.pt\/noticias\/2026\/04\/11\/braganca-inspira-leao-em-decisao-de-servicos-minimos\/#primaryimage\",\"url\":\"https:\/\/portaltela.pt\/s.01k8rhncp4jt1\/2026\/04\/image-682.jpg\",\"contentUrl\":\"https:\/\/portaltela.pt\/s.01k8rhncp4jt1\/2026\/04\/image-682.jpg\",\"width\":796,\"height\":448,\"caption\":\"Daniel Bragan\u00e7a, em luta com o amadorense Dou\u00e9, voltou a marcar um golo que valeu tr\u00eas pontos ao Sporting\"},{\"@type\":\"BreadcrumbList\",\"@id\":\"https:\/\/portaltela.pt\/noticias\/2026\/04\/11\/braganca-inspira-leao-em-decisao-de-servicos-minimos\/#breadcrumb\",\"itemListElement\":[{\"@type\":\"ListItem\",\"position\":1,\"name\":\"In\u00edcio\",\"item\":\"https:\/\/portaltela.pt\/\"},{\"@type\":\"ListItem\",\"position\":2,\"name\":\"Bragan\u00e7a inspira le\u00e3o em decis\u00e3o de servi\u00e7os m\u00ednimos\"}]},{\"@type\":\"WebSite\",\"@id\":\"https:\/\/portaltela.pt\/#website\",\"url\":\"https:\/\/portaltela.pt\/\",\"name\":\"Portal Tela Portugal\",\"description\":\"\",\"potentialAction\":[{\"@type\":\"SearchAction\",\"target\":{\"@type\":\"EntryPoint\",\"urlTemplate\":\"https:\/\/portaltela.pt\/?s={search_term_string}\"},\"query-input\":{\"@type\":\"PropertyValueSpecification\",\"valueRequired\":true,\"valueName\":\"search_term_string\"}}],\"inLanguage\":\"pt-PT\"},{\"@type\":\"Person\",\"@id\":\"https:\/\/portaltela.pt\/#\/schema\/person\/c4278d4a6028830caff9ee44b42d32ed\",\"name\":\"Telinha\",\"image\":{\"@type\":\"ImageObject\",\"inLanguage\":\"pt-PT\",\"@id\":\"https:\/\/portaltela.pt\/s.01k8rhncp4jt1\/2025\/11\/talking-bot-125x125.png\",\"url\":\"https:\/\/portaltela.pt\/s.01k8rhncp4jt1\/2025\/11\/talking-bot-125x125.png\",\"contentUrl\":\"https:\/\/portaltela.pt\/s.01k8rhncp4jt1\/2025\/11\/talking-bot-125x125.png\",\"caption\":\"Telinha\"},\"sameAs\":[\"https:\/\/portaltela.pt\/\"],\"url\":\"https:\/\/portaltela.pt\/por\/367410592786\/\"}]}<\/script>\n<!-- \/ Yoast SEO plugin. -->","yoast_head_json":{"title":"Bragan\u00e7a inspira le\u00e3o em decis\u00e3o de servi\u00e7os m\u00ednimos - Portal Tela Portugal","robots":{"index":"index","follow":"follow","max-snippet":"max-snippet:-1","max-image-preview":"max-image-preview:large","max-video-preview":"max-video-preview:-1"},"og_locale":"pt_PT","og_type":"article","og_title":"Bragan\u00e7a inspira le\u00e3o em decis\u00e3o de servi\u00e7os m\u00ednimos - Portal Tela Portugal","og_description":"O Sporting venceu fora o Estrela da Amadora com um golo de Daniel Bragan\u00e7a na segunda metade. Bragan\u00e7a chegou aos cinco golos na \u00e9poca, j\u00e1 tendo marcado frente ao Famalic\u00e3o. O triunfo aproxima o Sporting da lideran\u00e7a e coloca press\u00e3o sobre o F. C. Porto, que hoje joga com o Estoril. A exibi\u00e7\u00e3o manteve-se sem brilho ofensivo, com o conjunto de Rui Borges a dominar, mas sem aproveitar melhor as oportunidades. Quenda voltou a competir passados quatro meses.","og_url":"https:\/\/portaltela.pt\/noticias\/2026\/04\/11\/braganca-inspira-leao-em-decisao-de-servicos-minimos\/","og_site_name":"Portal Tela Portugal","article_published_time":"2026-04-12T00:17:18+00:00","author":"Telinha","twitter_card":"summary_large_image","twitter_misc":{"Escrito por":"Telinha","Tempo estimado de leitura":"1 minuto"},"schema":{"@context":"https:\/\/schema.org","@graph":[{"@type":"Article","@id":"https:\/\/portaltela.pt\/noticias\/2026\/04\/11\/braganca-inspira-leao-em-decisao-de-servicos-minimos\/#article","isPartOf":{"@id":"https:\/\/portaltela.pt\/noticias\/2026\/04\/11\/braganca-inspira-leao-em-decisao-de-servicos-minimos\/"},"author":{"name":"Telinha","@id":"https:\/\/portaltela.pt\/#\/schema\/person\/c4278d4a6028830caff9ee44b42d32ed"},"headline":"Bragan\u00e7a inspira le\u00e3o em decis\u00e3o de servi\u00e7os m\u00ednimos","datePublished":"2026-04-12T00:17:18+00:00","mainEntityOfPage":{"@id":"https:\/\/portaltela.pt\/noticias\/2026\/04\/11\/braganca-inspira-leao-em-decisao-de-servicos-minimos\/"},"wordCount":170,"image":{"@id":"https:\/\/portaltela.pt\/noticias\/2026\/04\/11\/braganca-inspira-leao-em-decisao-de-servicos-minimos\/#primaryimage"},"thumbnailUrl":"https:\/\/portaltela.pt\/s.01k8rhncp4jt1\/2026\/04\/image-682.jpg","keywords":["1. Liga","Bragan\u00e7a","Daniel Bragan\u00e7a","Famalic\u00e3o","futebol","Sporting"],"articleSection":["Desporto","Futebol"],"inLanguage":"pt-PT"},{"@type":"WebPage","@id":"https:\/\/portaltela.pt\/noticias\/2026\/04\/11\/braganca-inspira-leao-em-decisao-de-servicos-minimos\/","url":"https:\/\/portaltela.pt\/noticias\/2026\/04\/11\/braganca-inspira-leao-em-decisao-de-servicos-minimos\/","name":"Bragan\u00e7a inspira le\u00e3o em decis\u00e3o de servi\u00e7os m\u00ednimos - Portal Tela Portugal","isPartOf":{"@id":"https:\/\/portaltela.pt\/#website"},"primaryImageOfPage":{"@id":"https:\/\/portaltela.pt\/noticias\/2026\/04\/11\/braganca-inspira-leao-em-decisao-de-servicos-minimos\/#primaryimage"},"image":{"@id":"https:\/\/portaltela.pt\/noticias\/2026\/04\/11\/braganca-inspira-leao-em-decisao-de-servicos-minimos\/#primaryimage"},"thumbnailUrl":"https:\/\/portaltela.pt\/s.01k8rhncp4jt1\/2026\/04\/image-682.jpg","datePublished":"2026-04-12T00:17:18+00:00","author":{"@id":"https:\/\/portaltela.pt\/#\/schema\/person\/c4278d4a6028830caff9ee44b42d32ed"},"breadcrumb":{"@id":"https:\/\/portaltela.pt\/noticias\/2026\/04\/11\/braganca-inspira-leao-em-decisao-de-servicos-minimos\/#breadcrumb"},"inLanguage":"pt-PT","potentialAction":[{"@type":"ReadAction","target":["https:\/\/portaltela.pt\/noticias\/2026\/04\/11\/braganca-inspira-leao-em-decisao-de-servicos-minimos\/"]}]},{"@type":"ImageObject","inLanguage":"pt-PT","@id":"https:\/\/portaltela.pt\/noticias\/2026\/04\/11\/braganca-inspira-leao-em-decisao-de-servicos-minimos\/#primaryimage","url":"https:\/\/portaltela.pt\/s.01k8rhncp4jt1\/2026\/04\/image-682.jpg","contentUrl":"https:\/\/portaltela.pt\/s.01k8rhncp4jt1\/2026\/04\/image-682.jpg","width":796,"height":448,"caption":"Daniel Bragan\u00e7a, em luta com o amadorense Dou\u00e9, voltou a marcar um golo que valeu tr\u00eas pontos ao Sporting"},{"@type":"BreadcrumbList","@id":"https:\/\/portaltela.pt\/noticias\/2026\/04\/11\/braganca-inspira-leao-em-decisao-de-servicos-minimos\/#breadcrumb","itemListElement":[{"@type":"ListItem","position":1,"name":"In\u00edcio","item":"https:\/\/portaltela.pt\/"},{"@type":"ListItem","position":2,"name":"Bragan\u00e7a inspira le\u00e3o em decis\u00e3o de servi\u00e7os m\u00ednimos"}]},{"@type":"WebSite","@id":"https:\/\/portaltela.pt\/#website","url":"https:\/\/portaltela.pt\/","name":"Portal Tela Portugal","description":"","potentialAction":[{"@type":"SearchAction","target":{"@type":"EntryPoint","urlTemplate":"https:\/\/portaltela.pt\/?s={search_term_string}"},"query-input":{"@type":"PropertyValueSpecification","valueRequired":true,"valueName":"search_term_string"}}],"inLanguage":"pt-PT"},{"@type":"Person","@id":"https:\/\/portaltela.pt\/#\/schema\/person\/c4278d4a6028830caff9ee44b42d32ed","name":"Telinha","image":{"@type":"ImageObject","inLanguage":"pt-PT","@id":"https:\/\/portaltela.pt\/s.01k8rhncp4jt1\/2025\/11\/talking-bot-125x125.png","url":"https:\/\/portaltela.pt\/s.01k8rhncp4jt1\/2025\/11\/talking-bot-125x125.png","contentUrl":"https:\/\/portaltela.pt\/s.01k8rhncp4jt1\/2025\/11\/talking-bot-125x125.png","caption":"Telinha"},"sameAs":["https:\/\/portaltela.pt\/"],"url":"https:\/\/portaltela.pt\/por\/367410592786\/"}]}},"_links":{"self":[{"href":"https:\/\/portaltela.pt\/api\/wp\/v2\/posts\/440999","targetHints":{"allow":["GET"]}}],"collection":[{"href":"https:\/\/portaltela.pt\/api\/wp\/v2\/posts"}],"about":[{"href":"https:\/\/portaltela.pt\/api\/wp\/v2\/types\/post"}],"author":[{"embeddable":true,"href":"https:\/\/portaltela.pt\/api\/wp\/v2\/users\/2"}],"replies":[{"embeddable":true,"href":"https:\/\/portaltela.pt\/api\/wp\/v2\/comments?post=440999"}],"version-history":[{"count":0,"href":"https:\/\/portaltela.pt\/api\/wp\/v2\/posts\/440999\/revisions"}],"wp:featuredmedia":[{"embeddable":true,"href":"https:\/\/portaltela.pt\/api\/wp\/v2\/media\/441000"}],"wp:attachment":[{"href":"https:\/\/portaltela.pt\/api\/wp\/v2\/media?parent=440999"}],"wp:term":[{"taxonomy":"category","embeddable":true,"href":"https:\/\/portaltela.pt\/api\/wp\/v2\/categories?post=440999"},{"taxonomy":"post_tag","embeddable":true,"href":"https:\/\/portaltela.pt\/api\/wp\/v2\/tags?post=440999"}],"curies":[{"name":"wp","href":"https:\/\/api.w.org\/{rel}","templated":true}]}}