{"id":440976,"date":"2026-04-11T20:02:16","date_gmt":"2026-04-11T23:02:16","guid":{"rendered":"https:\/\/portaltela.pt\/noticias\/2026\/04\/11\/falece-o-historiador-diogo-ramada-curto\/"},"modified":"2026-04-11T20:02:16","modified_gmt":"2026-04-11T23:02:16","slug":"falece-o-historiador-diogo-ramada-curto","status":"publish","type":"post","link":"https:\/\/portaltela.pt\/lazer\/2026\/04\/11\/falece-o-historiador-diogo-ramada-curto\/","title":{"rendered":"Falece o historiador Diogo Ramada Curto"},"content":{"rendered":"<p>Diogo Ramada Curto, historiador, professor catedr\u00e1tico e director da Biblioteca Nacional, morreu neste s\u00e1bado aos 66 anos. A not\u00edcia foi avan\u00e7ada pelo Expresso, jornal para o qual escrevia h\u00e1 v\u00e1rios anos. Ramada Curto deixa um legado ligado \u00e0 hist\u00f3ria global e colonialismo.<\/p>\n<p>Nasceu em Lisboa a 22 de Abril de 1959. Licenciou-se em Hist\u00f3ria e doutorou-se em Sociologia Hist\u00f3rica pela Universidade Nova de Lisboa, onde foi professor catedr\u00e1tico no Departamento de Estudos Pol\u00edticos.<\/p>\n<h3>Vida acad\u00e9mica e internacional<\/h3>\n<p>Especialista em hist\u00f3ria global, Ramada Curto lecionou ainda no estrangeiro, em institui\u00e7\u00f5es como a \u00c9cole des Hautes \u00c9tudes en Sciences Sociales, Yale, USP e Universitat Aut\u00f2noma de Barcelona. Entre 2000 e 2008 integrou o Instituto Universit\u00e1rio Europeu de Floren\u00e7a.<\/p>\n<p>Foi distinguido com o Pr\u00e9mio P.E.N. Clube (Ensaio) em 2014 pela obra Para que Serve a Hist\u00f3ria? e, em 2015, com o Pr\u00e9mio Jabuti (colectivo) pela O Brasil Colonial. Coordenou diversas obras colectivas sobre livro e leitura.<\/p>\n<p>Foi respons\u00e1vel por s\u00e9ries e colec\u00e7\u00f5es, como Mem\u00f3ria e Sociedade, na Difel, e Hist\u00f3ria e Sociedade, nas Edi\u00e7\u00f5es 70 da Almedina, dirigidas com Nuno Domingos e Miguel Bandeira Jer\u00f3nimo.<\/p>\n<h3>Diretor da Biblioteca Nacional<\/h3>\n<p>Desde 2024 acumulava a c\u00e1tedra na Universidade Nova com o cargo de director-geral da Biblioteca Nacional de Portugal, sucedendo a In\u00eas Cordeiro. Ramada Curto morreu em Lisboa, a poucos dias de completar 67 anos.<\/p>\n","protected":false},"excerpt":{"rendered":"<ul>\n<li>Morreu neste s\u00e1bado, aos 66 anos, Diogo Ramada Curto, historiador, professor catedr\u00e1tico e director da Biblioteca Nacional de Portugal.<\/li>\n<li>Nasceu em Lisboa a 22 de abril de 1959; licenciou-se em Hist\u00f3ria e doutorou-se em Sociologia Hist\u00f3rica pela Faculdade de Ci\u00eancias Sociais e Humanas da Universidade Nova de Lisboa.<\/li>\n<li>Foi professor catedr\u00e1tico no Departamento de Estudos Pol\u00edticos da Universidade Nova de Lisboa e professor visitante em v\u00e1rias institui\u00e7\u00f5es internacionais.<\/li>\n<li>Em 2014 foi distinguido com o Pr\u00e9mio P.E.N. Clube (ensaio) e, em 2015, com o Pr\u00e9mio Jabuti (colectivo) pelas suas obras.<\/li>\n<li>Desde 2024 acumulava a c\u00e1tedra na Universidade Nova e a fun\u00e7\u00e3o de director-geral da Biblioteca Nacional, sucedendo In\u00eas Cordeiro; faleceu em Lisboa poucos dias antes de completar 67 anos.<\/li>\n<\/ul>\n","protected":false},"author":2,"featured_media":440979,"comment_status":"closed","ping_status":"closed","sticky":false,"template":"","format":"standard","meta":{"footnotes":""},"categories":[7375,7381],"tags":[7795,5687,145,2443,299,1014],"class_list":["post-440976","post","type-post","status-publish","format-standard","has-post-thumbnail","hentry","category-cultura","category-lazer","tag-_educacao","tag-academico","tag-cultura","tag-educacao-publica","tag-historia","tag-portugal"],"yoast_head":"<!-- This site is optimized with the Yoast SEO plugin v27.2 - https:\/\/yoast.com\/product\/yoast-seo-wordpress\/ -->\n<title>Falece o historiador Diogo Ramada Curto - Portal Tela Portugal<\/title>\n<meta name=\"robots\" content=\"index, follow, max-snippet:-1, max-image-preview:large, max-video-preview:-1\" \/>\n<meta property=\"og:locale\" content=\"pt_PT\" \/>\n<meta property=\"og:type\" content=\"article\" \/>\n<meta property=\"og:title\" content=\"Falece o historiador Diogo Ramada Curto - Portal Tela Portugal\" \/>\n<meta property=\"og:description\" content=\"Morreu neste s\u00e1bado, aos 66 anos, Diogo Ramada Curto, historiador, professor catedr\u00e1tico e director da Biblioteca Nacional de Portugal. Nasceu em Lisboa a 22 de abril de 1959; licenciou-se em Hist\u00f3ria e doutorou-se em Sociologia Hist\u00f3rica pela Faculdade de Ci\u00eancias Sociais e Humanas da Universidade Nova de Lisboa. Foi professor catedr\u00e1tico no Departamento de Estudos Pol\u00edticos da Universidade Nova de Lisboa e professor visitante em v\u00e1rias institui\u00e7\u00f5es internacionais. Em 2014 foi distinguido com o Pr\u00e9mio P.E.N. Clube (ensaio) e, em 2015, com o Pr\u00e9mio Jabuti (colectivo) pelas suas obras. Desde 2024 acumulava a c\u00e1tedra na Universidade Nova e a fun\u00e7\u00e3o de director-geral da Biblioteca Nacional, sucedendo In\u00eas Cordeiro; faleceu em Lisboa poucos dias antes de completar 67 anos.\" \/>\n<meta property=\"og:url\" content=\"https:\/\/portaltela.pt\/noticias\/2026\/04\/11\/falece-o-historiador-diogo-ramada-curto\/\" \/>\n<meta property=\"og:site_name\" content=\"Portal Tela Portugal\" \/>\n<meta property=\"article:published_time\" content=\"2026-04-11T23:02:16+00:00\" \/>\n<meta name=\"author\" content=\"Telinha\" \/>\n<meta name=\"twitter:card\" content=\"summary_large_image\" \/>\n<meta name=\"twitter:label1\" content=\"Escrito por\" \/>\n\t<meta name=\"twitter:data1\" content=\"Telinha\" \/>\n\t<meta name=\"twitter:label2\" content=\"Tempo estimado de leitura\" \/>\n\t<meta name=\"twitter:data2\" content=\"1 minuto\" \/>\n<script type=\"application\/ld+json\" class=\"yoast-schema-graph\">{\"@context\":\"https:\/\/schema.org\",\"@graph\":[{\"@type\":\"Article\",\"@id\":\"https:\/\/portaltela.pt\/noticias\/2026\/04\/11\/falece-o-historiador-diogo-ramada-curto\/#article\",\"isPartOf\":{\"@id\":\"https:\/\/portaltela.pt\/noticias\/2026\/04\/11\/falece-o-historiador-diogo-ramada-curto\/\"},\"author\":{\"name\":\"Telinha\",\"@id\":\"https:\/\/portaltela.pt\/#\/schema\/person\/c4278d4a6028830caff9ee44b42d32ed\"},\"headline\":\"Falece o historiador Diogo Ramada Curto\",\"datePublished\":\"2026-04-11T23:02:16+00:00\",\"mainEntityOfPage\":{\"@id\":\"https:\/\/portaltela.pt\/noticias\/2026\/04\/11\/falece-o-historiador-diogo-ramada-curto\/\"},\"wordCount\":245,\"image\":{\"@id\":\"https:\/\/portaltela.pt\/noticias\/2026\/04\/11\/falece-o-historiador-diogo-ramada-curto\/#primaryimage\"},\"thumbnailUrl\":\"https:\/\/portaltela.pt\/s.01k8rhncp4jt1\/2026\/04\/2080773.jpg\",\"keywords\":[\"_educa\u00e7\u00e3o\",\"Acad\u00e9mico\",\"cultura\",\"educa\u00e7\u00e3o p\u00fablica\",\"hist\u00f3ria\",\"Portugal\"],\"articleSection\":[\"Cultura\",\"Lazer\"],\"inLanguage\":\"pt-PT\"},{\"@type\":\"WebPage\",\"@id\":\"https:\/\/portaltela.pt\/noticias\/2026\/04\/11\/falece-o-historiador-diogo-ramada-curto\/\",\"url\":\"https:\/\/portaltela.pt\/noticias\/2026\/04\/11\/falece-o-historiador-diogo-ramada-curto\/\",\"name\":\"Falece o historiador Diogo Ramada Curto - Portal Tela Portugal\",\"isPartOf\":{\"@id\":\"https:\/\/portaltela.pt\/#website\"},\"primaryImageOfPage\":{\"@id\":\"https:\/\/portaltela.pt\/noticias\/2026\/04\/11\/falece-o-historiador-diogo-ramada-curto\/#primaryimage\"},\"image\":{\"@id\":\"https:\/\/portaltela.pt\/noticias\/2026\/04\/11\/falece-o-historiador-diogo-ramada-curto\/#primaryimage\"},\"thumbnailUrl\":\"https:\/\/portaltela.pt\/s.01k8rhncp4jt1\/2026\/04\/2080773.jpg\",\"datePublished\":\"2026-04-11T23:02:16+00:00\",\"author\":{\"@id\":\"https:\/\/portaltela.pt\/#\/schema\/person\/c4278d4a6028830caff9ee44b42d32ed\"},\"breadcrumb\":{\"@id\":\"https:\/\/portaltela.pt\/noticias\/2026\/04\/11\/falece-o-historiador-diogo-ramada-curto\/#breadcrumb\"},\"inLanguage\":\"pt-PT\",\"potentialAction\":[{\"@type\":\"ReadAction\",\"target\":[\"https:\/\/portaltela.pt\/noticias\/2026\/04\/11\/falece-o-historiador-diogo-ramada-curto\/\"]}]},{\"@type\":\"ImageObject\",\"inLanguage\":\"pt-PT\",\"@id\":\"https:\/\/portaltela.pt\/noticias\/2026\/04\/11\/falece-o-historiador-diogo-ramada-curto\/#primaryimage\",\"url\":\"https:\/\/portaltela.pt\/s.01k8rhncp4jt1\/2026\/04\/2080773.jpg\",\"contentUrl\":\"https:\/\/portaltela.pt\/s.01k8rhncp4jt1\/2026\/04\/2080773.jpg\",\"width\":796,\"height\":448,\"caption\":\"Diogo Ramada Curto na Biblioteca Nacional, em 2024\"},{\"@type\":\"BreadcrumbList\",\"@id\":\"https:\/\/portaltela.pt\/noticias\/2026\/04\/11\/falece-o-historiador-diogo-ramada-curto\/#breadcrumb\",\"itemListElement\":[{\"@type\":\"ListItem\",\"position\":1,\"name\":\"In\u00edcio\",\"item\":\"https:\/\/portaltela.pt\/\"},{\"@type\":\"ListItem\",\"position\":2,\"name\":\"Falece o historiador Diogo Ramada Curto\"}]},{\"@type\":\"WebSite\",\"@id\":\"https:\/\/portaltela.pt\/#website\",\"url\":\"https:\/\/portaltela.pt\/\",\"name\":\"Portal Tela Portugal\",\"description\":\"\",\"potentialAction\":[{\"@type\":\"SearchAction\",\"target\":{\"@type\":\"EntryPoint\",\"urlTemplate\":\"https:\/\/portaltela.pt\/?s={search_term_string}\"},\"query-input\":{\"@type\":\"PropertyValueSpecification\",\"valueRequired\":true,\"valueName\":\"search_term_string\"}}],\"inLanguage\":\"pt-PT\"},{\"@type\":\"Person\",\"@id\":\"https:\/\/portaltela.pt\/#\/schema\/person\/c4278d4a6028830caff9ee44b42d32ed\",\"name\":\"Telinha\",\"image\":{\"@type\":\"ImageObject\",\"inLanguage\":\"pt-PT\",\"@id\":\"https:\/\/portaltela.pt\/s.01k8rhncp4jt1\/2025\/11\/talking-bot-125x125.png\",\"url\":\"https:\/\/portaltela.pt\/s.01k8rhncp4jt1\/2025\/11\/talking-bot-125x125.png\",\"contentUrl\":\"https:\/\/portaltela.pt\/s.01k8rhncp4jt1\/2025\/11\/talking-bot-125x125.png\",\"caption\":\"Telinha\"},\"sameAs\":[\"https:\/\/portaltela.pt\/\"],\"url\":\"https:\/\/portaltela.pt\/por\/367410592786\/\"}]}<\/script>\n<!-- \/ Yoast SEO plugin. -->","yoast_head_json":{"title":"Falece o historiador Diogo Ramada Curto - Portal Tela Portugal","robots":{"index":"index","follow":"follow","max-snippet":"max-snippet:-1","max-image-preview":"max-image-preview:large","max-video-preview":"max-video-preview:-1"},"og_locale":"pt_PT","og_type":"article","og_title":"Falece o historiador Diogo Ramada Curto - Portal Tela Portugal","og_description":"Morreu neste s\u00e1bado, aos 66 anos, Diogo Ramada Curto, historiador, professor catedr\u00e1tico e director da Biblioteca Nacional de Portugal. Nasceu em Lisboa a 22 de abril de 1959; licenciou-se em Hist\u00f3ria e doutorou-se em Sociologia Hist\u00f3rica pela Faculdade de Ci\u00eancias Sociais e Humanas da Universidade Nova de Lisboa. Foi professor catedr\u00e1tico no Departamento de Estudos Pol\u00edticos da Universidade Nova de Lisboa e professor visitante em v\u00e1rias institui\u00e7\u00f5es internacionais. Em 2014 foi distinguido com o Pr\u00e9mio P.E.N. Clube (ensaio) e, em 2015, com o Pr\u00e9mio Jabuti (colectivo) pelas suas obras. Desde 2024 acumulava a c\u00e1tedra na Universidade Nova e a fun\u00e7\u00e3o de director-geral da Biblioteca Nacional, sucedendo In\u00eas Cordeiro; faleceu em Lisboa poucos dias antes de completar 67 anos.","og_url":"https:\/\/portaltela.pt\/noticias\/2026\/04\/11\/falece-o-historiador-diogo-ramada-curto\/","og_site_name":"Portal Tela Portugal","article_published_time":"2026-04-11T23:02:16+00:00","author":"Telinha","twitter_card":"summary_large_image","twitter_misc":{"Escrito por":"Telinha","Tempo estimado de leitura":"1 minuto"},"schema":{"@context":"https:\/\/schema.org","@graph":[{"@type":"Article","@id":"https:\/\/portaltela.pt\/noticias\/2026\/04\/11\/falece-o-historiador-diogo-ramada-curto\/#article","isPartOf":{"@id":"https:\/\/portaltela.pt\/noticias\/2026\/04\/11\/falece-o-historiador-diogo-ramada-curto\/"},"author":{"name":"Telinha","@id":"https:\/\/portaltela.pt\/#\/schema\/person\/c4278d4a6028830caff9ee44b42d32ed"},"headline":"Falece o historiador Diogo Ramada Curto","datePublished":"2026-04-11T23:02:16+00:00","mainEntityOfPage":{"@id":"https:\/\/portaltela.pt\/noticias\/2026\/04\/11\/falece-o-historiador-diogo-ramada-curto\/"},"wordCount":245,"image":{"@id":"https:\/\/portaltela.pt\/noticias\/2026\/04\/11\/falece-o-historiador-diogo-ramada-curto\/#primaryimage"},"thumbnailUrl":"https:\/\/portaltela.pt\/s.01k8rhncp4jt1\/2026\/04\/2080773.jpg","keywords":["_educa\u00e7\u00e3o","Acad\u00e9mico","cultura","educa\u00e7\u00e3o p\u00fablica","hist\u00f3ria","Portugal"],"articleSection":["Cultura","Lazer"],"inLanguage":"pt-PT"},{"@type":"WebPage","@id":"https:\/\/portaltela.pt\/noticias\/2026\/04\/11\/falece-o-historiador-diogo-ramada-curto\/","url":"https:\/\/portaltela.pt\/noticias\/2026\/04\/11\/falece-o-historiador-diogo-ramada-curto\/","name":"Falece o historiador Diogo Ramada Curto - Portal Tela Portugal","isPartOf":{"@id":"https:\/\/portaltela.pt\/#website"},"primaryImageOfPage":{"@id":"https:\/\/portaltela.pt\/noticias\/2026\/04\/11\/falece-o-historiador-diogo-ramada-curto\/#primaryimage"},"image":{"@id":"https:\/\/portaltela.pt\/noticias\/2026\/04\/11\/falece-o-historiador-diogo-ramada-curto\/#primaryimage"},"thumbnailUrl":"https:\/\/portaltela.pt\/s.01k8rhncp4jt1\/2026\/04\/2080773.jpg","datePublished":"2026-04-11T23:02:16+00:00","author":{"@id":"https:\/\/portaltela.pt\/#\/schema\/person\/c4278d4a6028830caff9ee44b42d32ed"},"breadcrumb":{"@id":"https:\/\/portaltela.pt\/noticias\/2026\/04\/11\/falece-o-historiador-diogo-ramada-curto\/#breadcrumb"},"inLanguage":"pt-PT","potentialAction":[{"@type":"ReadAction","target":["https:\/\/portaltela.pt\/noticias\/2026\/04\/11\/falece-o-historiador-diogo-ramada-curto\/"]}]},{"@type":"ImageObject","inLanguage":"pt-PT","@id":"https:\/\/portaltela.pt\/noticias\/2026\/04\/11\/falece-o-historiador-diogo-ramada-curto\/#primaryimage","url":"https:\/\/portaltela.pt\/s.01k8rhncp4jt1\/2026\/04\/2080773.jpg","contentUrl":"https:\/\/portaltela.pt\/s.01k8rhncp4jt1\/2026\/04\/2080773.jpg","width":796,"height":448,"caption":"Diogo Ramada Curto na Biblioteca Nacional, em 2024"},{"@type":"BreadcrumbList","@id":"https:\/\/portaltela.pt\/noticias\/2026\/04\/11\/falece-o-historiador-diogo-ramada-curto\/#breadcrumb","itemListElement":[{"@type":"ListItem","position":1,"name":"In\u00edcio","item":"https:\/\/portaltela.pt\/"},{"@type":"ListItem","position":2,"name":"Falece o historiador Diogo Ramada Curto"}]},{"@type":"WebSite","@id":"https:\/\/portaltela.pt\/#website","url":"https:\/\/portaltela.pt\/","name":"Portal Tela Portugal","description":"","potentialAction":[{"@type":"SearchAction","target":{"@type":"EntryPoint","urlTemplate":"https:\/\/portaltela.pt\/?s={search_term_string}"},"query-input":{"@type":"PropertyValueSpecification","valueRequired":true,"valueName":"search_term_string"}}],"inLanguage":"pt-PT"},{"@type":"Person","@id":"https:\/\/portaltela.pt\/#\/schema\/person\/c4278d4a6028830caff9ee44b42d32ed","name":"Telinha","image":{"@type":"ImageObject","inLanguage":"pt-PT","@id":"https:\/\/portaltela.pt\/s.01k8rhncp4jt1\/2025\/11\/talking-bot-125x125.png","url":"https:\/\/portaltela.pt\/s.01k8rhncp4jt1\/2025\/11\/talking-bot-125x125.png","contentUrl":"https:\/\/portaltela.pt\/s.01k8rhncp4jt1\/2025\/11\/talking-bot-125x125.png","caption":"Telinha"},"sameAs":["https:\/\/portaltela.pt\/"],"url":"https:\/\/portaltela.pt\/por\/367410592786\/"}]}},"_links":{"self":[{"href":"https:\/\/portaltela.pt\/api\/wp\/v2\/posts\/440976","targetHints":{"allow":["GET"]}}],"collection":[{"href":"https:\/\/portaltela.pt\/api\/wp\/v2\/posts"}],"about":[{"href":"https:\/\/portaltela.pt\/api\/wp\/v2\/types\/post"}],"author":[{"embeddable":true,"href":"https:\/\/portaltela.pt\/api\/wp\/v2\/users\/2"}],"replies":[{"embeddable":true,"href":"https:\/\/portaltela.pt\/api\/wp\/v2\/comments?post=440976"}],"version-history":[{"count":0,"href":"https:\/\/portaltela.pt\/api\/wp\/v2\/posts\/440976\/revisions"}],"wp:featuredmedia":[{"embeddable":true,"href":"https:\/\/portaltela.pt\/api\/wp\/v2\/media\/440979"}],"wp:attachment":[{"href":"https:\/\/portaltela.pt\/api\/wp\/v2\/media?parent=440976"}],"wp:term":[{"taxonomy":"category","embeddable":true,"href":"https:\/\/portaltela.pt\/api\/wp\/v2\/categories?post=440976"},{"taxonomy":"post_tag","embeddable":true,"href":"https:\/\/portaltela.pt\/api\/wp\/v2\/tags?post=440976"}],"curies":[{"name":"wp","href":"https:\/\/api.w.org\/{rel}","templated":true}]}}