{"id":440956,"date":"2026-04-11T19:17:16","date_gmt":"2026-04-11T22:17:16","guid":{"rendered":"https:\/\/portaltela.pt\/noticias\/2026\/04\/11\/reaccoes-das-seleccionadoras-da-ab-lisboa-e-ab-porto-ao-tricampeonato-sub-14-femininas\/"},"modified":"2026-04-11T19:17:16","modified_gmt":"2026-04-11T22:17:16","slug":"reaccoes-das-seleccionadoras-da-ab-lisboa-e-ab-porto-ao-tricampeonato-sub-14-femininas","status":"publish","type":"post","link":"https:\/\/portaltela.pt\/desporto\/futebol\/2026\/04\/11\/reaccoes-das-seleccionadoras-da-ab-lisboa-e-ab-porto-ao-tricampeonato-sub-14-femininas\/","title":{"rendered":"Reac\u00e7\u00f5es das seleccionadoras da AB Lisboa e AB Porto ao tricampeonato sub-14 femininas"},"content":{"rendered":"<p>Na Festa do Basquetebol, realizada em Albufeira, a AB Lisboa venceu a final das sub-14 femininas frente \u00e0 AB Porto por 48-37, assegurando o tri\u00e2ngulo lisboeta no torneio. O jogo ficou marcado pela entrada forte das finalistas e pela gest\u00e3o de emo\u00e7\u00f5es ao longo do confronto.<\/p>\n<p>A vit\u00f3ria confirma a posi\u00e7\u00e3o dominante de Lisboa na prova, com as jogadoras a manterem-se fi\u00e9is a um estilo de jogo coletivo. O reencontro entre ambas as equipas deixou espa\u00e7o para an\u00e1lise do desempenho ao longo do torneio e das finalistas que participaram na modalidade.<\/p>\n<p>Ap\u00f3s o apito final, as selecionadoras de ambas as equipas falaram \u00e0 Record sobre o encontro e o torneio, analisando fatores que influenciaram o resultado.<\/p>\n<h3>Reac\u00e7\u00f5es das selecionadoras<\/h3>\n<p>Ana Cristina Nascimento (AB Lisboa) destacou o desejo de vencer o torneio, refor\u00e7ando que o grupo de Lisboa sempre entra com ambi\u00e7\u00f5es elevadas. Referiu que a humildade e a confian\u00e7a permitiram gerir as emo\u00e7\u00f5es nesta idade, destacando o esp\u00edrito de equipa como determinante para o triunfo.<\/p>\n<p>A t\u00e9cnica lisboeta apontou ainda que a entrada no jogo foi determinante, explicando que o Porto tamb\u00e9m tem uma forma\u00e7\u00e3o forte e que, mesmo diante da press\u00e3o, a AB Lisboa manteve o foco para conquistar o t\u00edtulo. Concluiu que o trabalho em equipa foi essencial para o sucesso.<\/p>\n<p>Quanto ao futuro, Ana Cristina Nascimento disse que a equipa vai celebrar, acompanhar as finais das restantes categorias e voltar ao treino com objetivo de continuar a evoluir.<\/p>\n<p>Cristina Leite (AB Porto) afirmou que faltou concretiza\u00e7\u00e3o ofensiva, admitindo reconhecer o m\u00e9rito de Lisboa, uma equipa organizada e r\u00e1pida que acabou por desequilibrar o encontro. Refere que a diferen\u00e7a f\u00edsica pesou no desfecho do jogo.<\/p>\n<p>Para a treinadora portista, o primeiro lance decisivo n\u00e3o foi o \u00fanico fator, defendendo que o desequil\u00edbrio na parte final, associado ao desgaste, acabou por comprometer a capacidade de manter o ritmo. Ainda assim, enalteceu o esfor\u00e7o das jogadoras ao longo de todo o torneio.<\/p>\n<p>Cristina Leite acrescentou que o grupo chegou \u00e0 final com m\u00e9rito, elogiando as jogadoras pelo desempenho mostrado ao longo da competi\u00e7\u00e3o e reconhecendo que apenas uma equipa pode vencer, destacando os argumentos que n\u00e3o conseguiram parar.<\/p>\n","protected":false},"excerpt":{"rendered":"<ul>\n<li>A AB Lisboa venceu a AB Porto por 48-37 na final da prova sub-14 femininas, na Festa do Basquetebol realizada em Albufeira.<\/li>\n<li>Ana Cristina Nascimento afirmou que o objetivo era ganhar e que o triunfo valeu pela entrada forte, pela gest\u00e3o das emo\u00e7\u00f5es e pelo esp\u00edrito de equipa.<\/li>\n<li>A treinadora lisboeta destacou que o segredo foi entrar com humildade e confian\u00e7a, mantendo-se fiel ao estilo coletivo ao longo do torneio.<\/li>\n<li>Cristina Leite, da AB Porto, admitiu que faltou colocar mais bolas a cesto, elogiou a organiza\u00e7\u00e3o da equipa advers\u00e1ria e apontou desgaste f\u00edsico como fator determinante.<\/li>\n<li>A treinadora portista reiterou que as jogadoras merecem parab\u00e9ns pelo desempenho at\u00e9 \u00e0 final e que houve equil\u00edbrio ap\u00f3s recuperar parte da desvantagem, antes do desfecho justo a favor de Lisboa.<\/li>\n<\/ul>\n","protected":false},"author":2,"featured_media":440958,"comment_status":"closed","ping_status":"closed","sticky":false,"template":"","format":"standard","meta":{"footnotes":""},"categories":[21,24],"tags":[1202,85,152,1242,981,982],"class_list":["post-440956","post","type-post","status-publish","format-standard","has-post-thumbnail","hentry","category-desporto","category-futebol","tag-albufeira","tag-basquete","tag-desporto","tag-feminino","tag-lisboa","tag-porto"],"yoast_head":"<!-- This site is optimized with the Yoast SEO plugin v27.2 - https:\/\/yoast.com\/product\/yoast-seo-wordpress\/ -->\n<title>Reac\u00e7\u00f5es das seleccionadoras da AB Lisboa e AB Porto ao tricampeonato sub-14 femininas - Portal Tela Portugal<\/title>\n<meta name=\"robots\" content=\"index, follow, max-snippet:-1, max-image-preview:large, max-video-preview:-1\" \/>\n<meta property=\"og:locale\" content=\"pt_PT\" \/>\n<meta property=\"og:type\" content=\"article\" \/>\n<meta property=\"og:title\" content=\"Reac\u00e7\u00f5es das seleccionadoras da AB Lisboa e AB Porto ao tricampeonato sub-14 femininas - Portal Tela Portugal\" \/>\n<meta property=\"og:description\" content=\"A AB Lisboa venceu a AB Porto por 48-37 na final da prova sub-14 femininas, na Festa do Basquetebol realizada em Albufeira. Ana Cristina Nascimento afirmou que o objetivo era ganhar e que o triunfo valeu pela entrada forte, pela gest\u00e3o das emo\u00e7\u00f5es e pelo esp\u00edrito de equipa. A treinadora lisboeta destacou que o segredo foi entrar com humildade e confian\u00e7a, mantendo-se fiel ao estilo coletivo ao longo do torneio. Cristina Leite, da AB Porto, admitiu que faltou colocar mais bolas a cesto, elogiou a organiza\u00e7\u00e3o da equipa advers\u00e1ria e apontou desgaste f\u00edsico como fator determinante. A treinadora portista reiterou que as jogadoras merecem parab\u00e9ns pelo desempenho at\u00e9 \u00e0 final e que houve equil\u00edbrio ap\u00f3s recuperar parte da desvantagem, antes do desfecho justo a favor de Lisboa.\" \/>\n<meta property=\"og:url\" content=\"https:\/\/portaltela.pt\/noticias\/2026\/04\/11\/reaccoes-das-seleccionadoras-da-ab-lisboa-e-ab-porto-ao-tricampeonato-sub-14-femininas\/\" \/>\n<meta property=\"og:site_name\" content=\"Portal Tela Portugal\" \/>\n<meta property=\"article:published_time\" content=\"2026-04-11T22:17:16+00:00\" \/>\n<meta name=\"author\" content=\"Telinha\" \/>\n<meta name=\"twitter:card\" content=\"summary_large_image\" \/>\n<meta name=\"twitter:label1\" content=\"Escrito por\" \/>\n\t<meta name=\"twitter:data1\" content=\"Telinha\" \/>\n\t<meta name=\"twitter:label2\" content=\"Tempo estimado de leitura\" \/>\n\t<meta name=\"twitter:data2\" content=\"2 minutos\" \/>\n<script type=\"application\/ld+json\" class=\"yoast-schema-graph\">{\"@context\":\"https:\/\/schema.org\",\"@graph\":[{\"@type\":\"Article\",\"@id\":\"https:\/\/portaltela.pt\/noticias\/2026\/04\/11\/reaccoes-das-seleccionadoras-da-ab-lisboa-e-ab-porto-ao-tricampeonato-sub-14-femininas\/#article\",\"isPartOf\":{\"@id\":\"https:\/\/portaltela.pt\/noticias\/2026\/04\/11\/reaccoes-das-seleccionadoras-da-ab-lisboa-e-ab-porto-ao-tricampeonato-sub-14-femininas\/\"},\"author\":{\"name\":\"Telinha\",\"@id\":\"https:\/\/portaltela.pt\/#\/schema\/person\/c4278d4a6028830caff9ee44b42d32ed\"},\"headline\":\"Reac\u00e7\u00f5es das seleccionadoras da AB Lisboa e AB Porto ao tricampeonato sub-14 femininas\",\"datePublished\":\"2026-04-11T22:17:16+00:00\",\"mainEntityOfPage\":{\"@id\":\"https:\/\/portaltela.pt\/noticias\/2026\/04\/11\/reaccoes-das-seleccionadoras-da-ab-lisboa-e-ab-porto-ao-tricampeonato-sub-14-femininas\/\"},\"wordCount\":400,\"image\":{\"@id\":\"https:\/\/portaltela.pt\/noticias\/2026\/04\/11\/reaccoes-das-seleccionadoras-da-ab-lisboa-e-ab-porto-ao-tricampeonato-sub-14-femininas\/#primaryimage\"},\"thumbnailUrl\":\"https:\/\/portaltela.pt\/s.01k8rhncp4jt1\/2026\/04\/img_920x518uu2026-04-11-23-09-35-2432500.jpg\",\"keywords\":[\"Albufeira\",\"basquete\",\"desporto\",\"feminino\",\"Lisboa\",\"Porto\"],\"articleSection\":[\"Desporto\",\"Futebol\"],\"inLanguage\":\"pt-PT\"},{\"@type\":\"WebPage\",\"@id\":\"https:\/\/portaltela.pt\/noticias\/2026\/04\/11\/reaccoes-das-seleccionadoras-da-ab-lisboa-e-ab-porto-ao-tricampeonato-sub-14-femininas\/\",\"url\":\"https:\/\/portaltela.pt\/noticias\/2026\/04\/11\/reaccoes-das-seleccionadoras-da-ab-lisboa-e-ab-porto-ao-tricampeonato-sub-14-femininas\/\",\"name\":\"Reac\u00e7\u00f5es das seleccionadoras da AB Lisboa e AB Porto ao tricampeonato sub-14 femininas - Portal Tela Portugal\",\"isPartOf\":{\"@id\":\"https:\/\/portaltela.pt\/#website\"},\"primaryImageOfPage\":{\"@id\":\"https:\/\/portaltela.pt\/noticias\/2026\/04\/11\/reaccoes-das-seleccionadoras-da-ab-lisboa-e-ab-porto-ao-tricampeonato-sub-14-femininas\/#primaryimage\"},\"image\":{\"@id\":\"https:\/\/portaltela.pt\/noticias\/2026\/04\/11\/reaccoes-das-seleccionadoras-da-ab-lisboa-e-ab-porto-ao-tricampeonato-sub-14-femininas\/#primaryimage\"},\"thumbnailUrl\":\"https:\/\/portaltela.pt\/s.01k8rhncp4jt1\/2026\/04\/img_920x518uu2026-04-11-23-09-35-2432500.jpg\",\"datePublished\":\"2026-04-11T22:17:16+00:00\",\"author\":{\"@id\":\"https:\/\/portaltela.pt\/#\/schema\/person\/c4278d4a6028830caff9ee44b42d32ed\"},\"breadcrumb\":{\"@id\":\"https:\/\/portaltela.pt\/noticias\/2026\/04\/11\/reaccoes-das-seleccionadoras-da-ab-lisboa-e-ab-porto-ao-tricampeonato-sub-14-femininas\/#breadcrumb\"},\"inLanguage\":\"pt-PT\",\"potentialAction\":[{\"@type\":\"ReadAction\",\"target\":[\"https:\/\/portaltela.pt\/noticias\/2026\/04\/11\/reaccoes-das-seleccionadoras-da-ab-lisboa-e-ab-porto-ao-tricampeonato-sub-14-femininas\/\"]}]},{\"@type\":\"ImageObject\",\"inLanguage\":\"pt-PT\",\"@id\":\"https:\/\/portaltela.pt\/noticias\/2026\/04\/11\/reaccoes-das-seleccionadoras-da-ab-lisboa-e-ab-porto-ao-tricampeonato-sub-14-femininas\/#primaryimage\",\"url\":\"https:\/\/portaltela.pt\/s.01k8rhncp4jt1\/2026\/04\/img_920x518uu2026-04-11-23-09-35-2432500.jpg\",\"contentUrl\":\"https:\/\/portaltela.pt\/s.01k8rhncp4jt1\/2026\/04\/img_920x518uu2026-04-11-23-09-35-2432500.jpg\",\"width\":796,\"height\":448,\"caption\":\"AB Lisboa sagrou-se tricampe\u00e3 em sub-14 feminino\"},{\"@type\":\"BreadcrumbList\",\"@id\":\"https:\/\/portaltela.pt\/noticias\/2026\/04\/11\/reaccoes-das-seleccionadoras-da-ab-lisboa-e-ab-porto-ao-tricampeonato-sub-14-femininas\/#breadcrumb\",\"itemListElement\":[{\"@type\":\"ListItem\",\"position\":1,\"name\":\"In\u00edcio\",\"item\":\"https:\/\/portaltela.pt\/\"},{\"@type\":\"ListItem\",\"position\":2,\"name\":\"Reac\u00e7\u00f5es das seleccionadoras da AB Lisboa e AB Porto ao tricampeonato sub-14 femininas\"}]},{\"@type\":\"WebSite\",\"@id\":\"https:\/\/portaltela.pt\/#website\",\"url\":\"https:\/\/portaltela.pt\/\",\"name\":\"Portal Tela Portugal\",\"description\":\"\",\"potentialAction\":[{\"@type\":\"SearchAction\",\"target\":{\"@type\":\"EntryPoint\",\"urlTemplate\":\"https:\/\/portaltela.pt\/?s={search_term_string}\"},\"query-input\":{\"@type\":\"PropertyValueSpecification\",\"valueRequired\":true,\"valueName\":\"search_term_string\"}}],\"inLanguage\":\"pt-PT\"},{\"@type\":\"Person\",\"@id\":\"https:\/\/portaltela.pt\/#\/schema\/person\/c4278d4a6028830caff9ee44b42d32ed\",\"name\":\"Telinha\",\"image\":{\"@type\":\"ImageObject\",\"inLanguage\":\"pt-PT\",\"@id\":\"https:\/\/portaltela.pt\/s.01k8rhncp4jt1\/2025\/11\/talking-bot-125x125.png\",\"url\":\"https:\/\/portaltela.pt\/s.01k8rhncp4jt1\/2025\/11\/talking-bot-125x125.png\",\"contentUrl\":\"https:\/\/portaltela.pt\/s.01k8rhncp4jt1\/2025\/11\/talking-bot-125x125.png\",\"caption\":\"Telinha\"},\"sameAs\":[\"https:\/\/portaltela.pt\/\"],\"url\":\"https:\/\/portaltela.pt\/por\/367410592786\/\"}]}<\/script>\n<!-- \/ Yoast SEO plugin. -->","yoast_head_json":{"title":"Reac\u00e7\u00f5es das seleccionadoras da AB Lisboa e AB Porto ao tricampeonato sub-14 femininas - Portal Tela Portugal","robots":{"index":"index","follow":"follow","max-snippet":"max-snippet:-1","max-image-preview":"max-image-preview:large","max-video-preview":"max-video-preview:-1"},"og_locale":"pt_PT","og_type":"article","og_title":"Reac\u00e7\u00f5es das seleccionadoras da AB Lisboa e AB Porto ao tricampeonato sub-14 femininas - Portal Tela Portugal","og_description":"A AB Lisboa venceu a AB Porto por 48-37 na final da prova sub-14 femininas, na Festa do Basquetebol realizada em Albufeira. Ana Cristina Nascimento afirmou que o objetivo era ganhar e que o triunfo valeu pela entrada forte, pela gest\u00e3o das emo\u00e7\u00f5es e pelo esp\u00edrito de equipa. A treinadora lisboeta destacou que o segredo foi entrar com humildade e confian\u00e7a, mantendo-se fiel ao estilo coletivo ao longo do torneio. Cristina Leite, da AB Porto, admitiu que faltou colocar mais bolas a cesto, elogiou a organiza\u00e7\u00e3o da equipa advers\u00e1ria e apontou desgaste f\u00edsico como fator determinante. A treinadora portista reiterou que as jogadoras merecem parab\u00e9ns pelo desempenho at\u00e9 \u00e0 final e que houve equil\u00edbrio ap\u00f3s recuperar parte da desvantagem, antes do desfecho justo a favor de Lisboa.","og_url":"https:\/\/portaltela.pt\/noticias\/2026\/04\/11\/reaccoes-das-seleccionadoras-da-ab-lisboa-e-ab-porto-ao-tricampeonato-sub-14-femininas\/","og_site_name":"Portal Tela Portugal","article_published_time":"2026-04-11T22:17:16+00:00","author":"Telinha","twitter_card":"summary_large_image","twitter_misc":{"Escrito por":"Telinha","Tempo estimado de leitura":"2 minutos"},"schema":{"@context":"https:\/\/schema.org","@graph":[{"@type":"Article","@id":"https:\/\/portaltela.pt\/noticias\/2026\/04\/11\/reaccoes-das-seleccionadoras-da-ab-lisboa-e-ab-porto-ao-tricampeonato-sub-14-femininas\/#article","isPartOf":{"@id":"https:\/\/portaltela.pt\/noticias\/2026\/04\/11\/reaccoes-das-seleccionadoras-da-ab-lisboa-e-ab-porto-ao-tricampeonato-sub-14-femininas\/"},"author":{"name":"Telinha","@id":"https:\/\/portaltela.pt\/#\/schema\/person\/c4278d4a6028830caff9ee44b42d32ed"},"headline":"Reac\u00e7\u00f5es das seleccionadoras da AB Lisboa e AB Porto ao tricampeonato sub-14 femininas","datePublished":"2026-04-11T22:17:16+00:00","mainEntityOfPage":{"@id":"https:\/\/portaltela.pt\/noticias\/2026\/04\/11\/reaccoes-das-seleccionadoras-da-ab-lisboa-e-ab-porto-ao-tricampeonato-sub-14-femininas\/"},"wordCount":400,"image":{"@id":"https:\/\/portaltela.pt\/noticias\/2026\/04\/11\/reaccoes-das-seleccionadoras-da-ab-lisboa-e-ab-porto-ao-tricampeonato-sub-14-femininas\/#primaryimage"},"thumbnailUrl":"https:\/\/portaltela.pt\/s.01k8rhncp4jt1\/2026\/04\/img_920x518uu2026-04-11-23-09-35-2432500.jpg","keywords":["Albufeira","basquete","desporto","feminino","Lisboa","Porto"],"articleSection":["Desporto","Futebol"],"inLanguage":"pt-PT"},{"@type":"WebPage","@id":"https:\/\/portaltela.pt\/noticias\/2026\/04\/11\/reaccoes-das-seleccionadoras-da-ab-lisboa-e-ab-porto-ao-tricampeonato-sub-14-femininas\/","url":"https:\/\/portaltela.pt\/noticias\/2026\/04\/11\/reaccoes-das-seleccionadoras-da-ab-lisboa-e-ab-porto-ao-tricampeonato-sub-14-femininas\/","name":"Reac\u00e7\u00f5es das seleccionadoras da AB Lisboa e AB Porto ao tricampeonato sub-14 femininas - Portal Tela Portugal","isPartOf":{"@id":"https:\/\/portaltela.pt\/#website"},"primaryImageOfPage":{"@id":"https:\/\/portaltela.pt\/noticias\/2026\/04\/11\/reaccoes-das-seleccionadoras-da-ab-lisboa-e-ab-porto-ao-tricampeonato-sub-14-femininas\/#primaryimage"},"image":{"@id":"https:\/\/portaltela.pt\/noticias\/2026\/04\/11\/reaccoes-das-seleccionadoras-da-ab-lisboa-e-ab-porto-ao-tricampeonato-sub-14-femininas\/#primaryimage"},"thumbnailUrl":"https:\/\/portaltela.pt\/s.01k8rhncp4jt1\/2026\/04\/img_920x518uu2026-04-11-23-09-35-2432500.jpg","datePublished":"2026-04-11T22:17:16+00:00","author":{"@id":"https:\/\/portaltela.pt\/#\/schema\/person\/c4278d4a6028830caff9ee44b42d32ed"},"breadcrumb":{"@id":"https:\/\/portaltela.pt\/noticias\/2026\/04\/11\/reaccoes-das-seleccionadoras-da-ab-lisboa-e-ab-porto-ao-tricampeonato-sub-14-femininas\/#breadcrumb"},"inLanguage":"pt-PT","potentialAction":[{"@type":"ReadAction","target":["https:\/\/portaltela.pt\/noticias\/2026\/04\/11\/reaccoes-das-seleccionadoras-da-ab-lisboa-e-ab-porto-ao-tricampeonato-sub-14-femininas\/"]}]},{"@type":"ImageObject","inLanguage":"pt-PT","@id":"https:\/\/portaltela.pt\/noticias\/2026\/04\/11\/reaccoes-das-seleccionadoras-da-ab-lisboa-e-ab-porto-ao-tricampeonato-sub-14-femininas\/#primaryimage","url":"https:\/\/portaltela.pt\/s.01k8rhncp4jt1\/2026\/04\/img_920x518uu2026-04-11-23-09-35-2432500.jpg","contentUrl":"https:\/\/portaltela.pt\/s.01k8rhncp4jt1\/2026\/04\/img_920x518uu2026-04-11-23-09-35-2432500.jpg","width":796,"height":448,"caption":"AB Lisboa sagrou-se tricampe\u00e3 em sub-14 feminino"},{"@type":"BreadcrumbList","@id":"https:\/\/portaltela.pt\/noticias\/2026\/04\/11\/reaccoes-das-seleccionadoras-da-ab-lisboa-e-ab-porto-ao-tricampeonato-sub-14-femininas\/#breadcrumb","itemListElement":[{"@type":"ListItem","position":1,"name":"In\u00edcio","item":"https:\/\/portaltela.pt\/"},{"@type":"ListItem","position":2,"name":"Reac\u00e7\u00f5es das seleccionadoras da AB Lisboa e AB Porto ao tricampeonato sub-14 femininas"}]},{"@type":"WebSite","@id":"https:\/\/portaltela.pt\/#website","url":"https:\/\/portaltela.pt\/","name":"Portal Tela Portugal","description":"","potentialAction":[{"@type":"SearchAction","target":{"@type":"EntryPoint","urlTemplate":"https:\/\/portaltela.pt\/?s={search_term_string}"},"query-input":{"@type":"PropertyValueSpecification","valueRequired":true,"valueName":"search_term_string"}}],"inLanguage":"pt-PT"},{"@type":"Person","@id":"https:\/\/portaltela.pt\/#\/schema\/person\/c4278d4a6028830caff9ee44b42d32ed","name":"Telinha","image":{"@type":"ImageObject","inLanguage":"pt-PT","@id":"https:\/\/portaltela.pt\/s.01k8rhncp4jt1\/2025\/11\/talking-bot-125x125.png","url":"https:\/\/portaltela.pt\/s.01k8rhncp4jt1\/2025\/11\/talking-bot-125x125.png","contentUrl":"https:\/\/portaltela.pt\/s.01k8rhncp4jt1\/2025\/11\/talking-bot-125x125.png","caption":"Telinha"},"sameAs":["https:\/\/portaltela.pt\/"],"url":"https:\/\/portaltela.pt\/por\/367410592786\/"}]}},"_links":{"self":[{"href":"https:\/\/portaltela.pt\/api\/wp\/v2\/posts\/440956","targetHints":{"allow":["GET"]}}],"collection":[{"href":"https:\/\/portaltela.pt\/api\/wp\/v2\/posts"}],"about":[{"href":"https:\/\/portaltela.pt\/api\/wp\/v2\/types\/post"}],"author":[{"embeddable":true,"href":"https:\/\/portaltela.pt\/api\/wp\/v2\/users\/2"}],"replies":[{"embeddable":true,"href":"https:\/\/portaltela.pt\/api\/wp\/v2\/comments?post=440956"}],"version-history":[{"count":0,"href":"https:\/\/portaltela.pt\/api\/wp\/v2\/posts\/440956\/revisions"}],"wp:featuredmedia":[{"embeddable":true,"href":"https:\/\/portaltela.pt\/api\/wp\/v2\/media\/440958"}],"wp:attachment":[{"href":"https:\/\/portaltela.pt\/api\/wp\/v2\/media?parent=440956"}],"wp:term":[{"taxonomy":"category","embeddable":true,"href":"https:\/\/portaltela.pt\/api\/wp\/v2\/categories?post=440956"},{"taxonomy":"post_tag","embeddable":true,"href":"https:\/\/portaltela.pt\/api\/wp\/v2\/tags?post=440956"}],"curies":[{"name":"wp","href":"https:\/\/api.w.org\/{rel}","templated":true}]}}