{"id":440942,"date":"2026-04-11T19:17:05","date_gmt":"2026-04-11T22:17:05","guid":{"rendered":"https:\/\/portaltela.pt\/noticias\/2026\/04\/11\/ab-lisboa-vence-ab-aveiro-nos-sub-14-masculinos-reacoes-dos-selecionadores\/"},"modified":"2026-04-11T19:17:05","modified_gmt":"2026-04-11T22:17:05","slug":"ab-lisboa-vence-ab-aveiro-nos-sub-14-masculinos-reacoes-dos-selecionadores","status":"publish","type":"post","link":"https:\/\/portaltela.pt\/desporto\/futebol\/2026\/04\/11\/ab-lisboa-vence-ab-aveiro-nos-sub-14-masculinos-reacoes-dos-selecionadores\/","title":{"rendered":"AB Lisboa vence AB Aveiro nos sub-14 masculinos; rea\u00e7\u00f5es dos selecionadores"},"content":{"rendered":"<p>Ap\u00f3s a final da Festa do Basquetebol, AB Lisboa venceu AB Aveiro por 72-43 no escal\u00e3o sub-14 masculinos. A vit\u00f3ria qualificou Lisboa como campe\u00e3 da prova frente a Aveiro, numa partida disputada diante de milhares de espetadores. O encontro ficou marcado pelo dom\u00ednio leonino ao longo de toda a din\u00e2mica do jogo.<\/p>\n<p>O triunfo refor\u00e7a a vis\u00e3o de consist\u00eancia da capital, refletindo uma gera\u00e7\u00e3o de atletas trabalhada ao longo do ano pela Associa\u00e7\u00e3o de Lisboa. A recupera\u00e7\u00e3o r\u00e1pida ap\u00f3s o in\u00edcio exigente foi apontada como o principal atributo que permitiu quebrar a resist\u00eancia de Aveiro.<\/p>\n<p>An\u00e1lise aos dados da final indicou que Lisboa assumiu o controlo com maior intensidade f\u00edsica e concentra\u00e7\u00e3o defensiva, fatores determinantes para ampliar a diferen\u00e7a no placar a partir do segundo quarto.<\/p>\n<h3>Rea\u00e7\u00f5es dos selecionadores<\/h3>\n<p>Guilherme Barreto, respons\u00e1vel por Lisboa, elogiou a gest\u00e3o da equipa e o percurso da gera\u00e7\u00e3o ao longo das Festas, destacando a supera\u00e7\u00e3o demonstrada da equipa na final. Enalteceu a integra\u00e7\u00e3o entre trabalho de longo prazo e o rendimento no dia da final, sublinhando o orgulho na performance dos jogadores.<\/p>\n<p>Jo\u00e3o Campos, t\u00e9cnico de Aveiro, reconheceu a superioridade f\u00edsica de Lisboa e admitiu dificuldades em contrariar o ritmo imposto pela equipa advers\u00e1ria. Considerou o grupo de Aveiro exemplar e \u00fatil, elogiando a for\u00e7a coletiva e a qu\u00edmica entre os atletas, apesar do resultado desfavor\u00e1vel.<\/p>\n","protected":false},"excerpt":{"rendered":"<ul>\n<li>Lisboa venceu Aveiro por 72-43 na final dos sub-14 masculinos da Festa do Basquetebol.<\/li>\n<li>Guilherme Barreto, selecionador de Lisboa, disse que o triunfo resulta de uma gera\u00e7\u00e3o trabalhada ao longo do ano e da supera\u00e7\u00e3o na final.<\/li>\n<li>Barreto afirmou ainda que o foco, a intensidade e a defesa com resili\u00eancia foram os fatores que desequilibraram a final a favor de Lisboa.<\/li>\n<li>Jo\u00e3o Campos, selecionador de Aveiro, reconheceu que Lisboa foi mais forte fisicamente e jogou com intensidade superior.<\/li>\n<li>Campos elogiou o grupo de Aveiro, destacando a qu\u00edmica da equipa, mesmo sem conseguir revalidar o t\u00edtulo.<\/li>\n<\/ul>\n","protected":false},"author":2,"featured_media":440947,"comment_status":"closed","ping_status":"closed","sticky":false,"template":"","format":"standard","meta":{"footnotes":""},"categories":[21,24],"tags":[1059,392,152,6220,981],"class_list":["post-440942","post","type-post","status-publish","format-standard","has-post-thumbnail","hentry","category-desporto","category-futebol","tag-aveiro","tag-basquetebol","tag-desporto","tag-desporto-federado","tag-lisboa"],"yoast_head":"<!-- This site is optimized with the Yoast SEO plugin v27.2 - https:\/\/yoast.com\/product\/yoast-seo-wordpress\/ -->\n<title>AB Lisboa vence AB Aveiro nos sub-14 masculinos; rea\u00e7\u00f5es dos selecionadores - Portal Tela Portugal<\/title>\n<meta name=\"robots\" content=\"index, follow, max-snippet:-1, max-image-preview:large, max-video-preview:-1\" \/>\n<meta property=\"og:locale\" content=\"pt_PT\" \/>\n<meta property=\"og:type\" content=\"article\" \/>\n<meta property=\"og:title\" content=\"AB Lisboa vence AB Aveiro nos sub-14 masculinos; rea\u00e7\u00f5es dos selecionadores - Portal Tela Portugal\" \/>\n<meta property=\"og:description\" content=\"Lisboa venceu Aveiro por 72-43 na final dos sub-14 masculinos da Festa do Basquetebol. Guilherme Barreto, selecionador de Lisboa, disse que o triunfo resulta de uma gera\u00e7\u00e3o trabalhada ao longo do ano e da supera\u00e7\u00e3o na final. Barreto afirmou ainda que o foco, a intensidade e a defesa com resili\u00eancia foram os fatores que desequilibraram a final a favor de Lisboa. Jo\u00e3o Campos, selecionador de Aveiro, reconheceu que Lisboa foi mais forte fisicamente e jogou com intensidade superior. Campos elogiou o grupo de Aveiro, destacando a qu\u00edmica da equipa, mesmo sem conseguir revalidar o t\u00edtulo.\" \/>\n<meta property=\"og:url\" content=\"https:\/\/portaltela.pt\/noticias\/2026\/04\/11\/ab-lisboa-vence-ab-aveiro-nos-sub-14-masculinos-reacoes-dos-selecionadores\/\" \/>\n<meta property=\"og:site_name\" content=\"Portal Tela Portugal\" \/>\n<meta property=\"article:published_time\" content=\"2026-04-11T22:17:05+00:00\" \/>\n<meta name=\"author\" content=\"Telinha\" \/>\n<meta name=\"twitter:card\" content=\"summary_large_image\" \/>\n<meta name=\"twitter:label1\" content=\"Escrito por\" \/>\n\t<meta name=\"twitter:data1\" content=\"Telinha\" \/>\n\t<meta name=\"twitter:label2\" content=\"Tempo estimado de leitura\" \/>\n\t<meta name=\"twitter:data2\" content=\"1 minuto\" \/>\n<script type=\"application\/ld+json\" class=\"yoast-schema-graph\">{\"@context\":\"https:\/\/schema.org\",\"@graph\":[{\"@type\":\"Article\",\"@id\":\"https:\/\/portaltela.pt\/noticias\/2026\/04\/11\/ab-lisboa-vence-ab-aveiro-nos-sub-14-masculinos-reacoes-dos-selecionadores\/#article\",\"isPartOf\":{\"@id\":\"https:\/\/portaltela.pt\/noticias\/2026\/04\/11\/ab-lisboa-vence-ab-aveiro-nos-sub-14-masculinos-reacoes-dos-selecionadores\/\"},\"author\":{\"name\":\"Telinha\",\"@id\":\"https:\/\/portaltela.pt\/#\/schema\/person\/c4278d4a6028830caff9ee44b42d32ed\"},\"headline\":\"AB Lisboa vence AB Aveiro nos sub-14 masculinos; rea\u00e7\u00f5es dos selecionadores\",\"datePublished\":\"2026-04-11T22:17:05+00:00\",\"mainEntityOfPage\":{\"@id\":\"https:\/\/portaltela.pt\/noticias\/2026\/04\/11\/ab-lisboa-vence-ab-aveiro-nos-sub-14-masculinos-reacoes-dos-selecionadores\/\"},\"wordCount\":266,\"image\":{\"@id\":\"https:\/\/portaltela.pt\/noticias\/2026\/04\/11\/ab-lisboa-vence-ab-aveiro-nos-sub-14-masculinos-reacoes-dos-selecionadores\/#primaryimage\"},\"thumbnailUrl\":\"https:\/\/portaltela.pt\/s.01k8rhncp4jt1\/2026\/04\/img_920x518uu2026-04-11-23-13-11-2432502.jpg\",\"keywords\":[\"Aveiro\",\"basquetebol\",\"desporto\",\"Desporto Federado\",\"Lisboa\"],\"articleSection\":[\"Desporto\",\"Futebol\"],\"inLanguage\":\"pt-PT\"},{\"@type\":\"WebPage\",\"@id\":\"https:\/\/portaltela.pt\/noticias\/2026\/04\/11\/ab-lisboa-vence-ab-aveiro-nos-sub-14-masculinos-reacoes-dos-selecionadores\/\",\"url\":\"https:\/\/portaltela.pt\/noticias\/2026\/04\/11\/ab-lisboa-vence-ab-aveiro-nos-sub-14-masculinos-reacoes-dos-selecionadores\/\",\"name\":\"AB Lisboa vence AB Aveiro nos sub-14 masculinos; rea\u00e7\u00f5es dos selecionadores - Portal Tela Portugal\",\"isPartOf\":{\"@id\":\"https:\/\/portaltela.pt\/#website\"},\"primaryImageOfPage\":{\"@id\":\"https:\/\/portaltela.pt\/noticias\/2026\/04\/11\/ab-lisboa-vence-ab-aveiro-nos-sub-14-masculinos-reacoes-dos-selecionadores\/#primaryimage\"},\"image\":{\"@id\":\"https:\/\/portaltela.pt\/noticias\/2026\/04\/11\/ab-lisboa-vence-ab-aveiro-nos-sub-14-masculinos-reacoes-dos-selecionadores\/#primaryimage\"},\"thumbnailUrl\":\"https:\/\/portaltela.pt\/s.01k8rhncp4jt1\/2026\/04\/img_920x518uu2026-04-11-23-13-11-2432502.jpg\",\"datePublished\":\"2026-04-11T22:17:05+00:00\",\"author\":{\"@id\":\"https:\/\/portaltela.pt\/#\/schema\/person\/c4278d4a6028830caff9ee44b42d32ed\"},\"breadcrumb\":{\"@id\":\"https:\/\/portaltela.pt\/noticias\/2026\/04\/11\/ab-lisboa-vence-ab-aveiro-nos-sub-14-masculinos-reacoes-dos-selecionadores\/#breadcrumb\"},\"inLanguage\":\"pt-PT\",\"potentialAction\":[{\"@type\":\"ReadAction\",\"target\":[\"https:\/\/portaltela.pt\/noticias\/2026\/04\/11\/ab-lisboa-vence-ab-aveiro-nos-sub-14-masculinos-reacoes-dos-selecionadores\/\"]}]},{\"@type\":\"ImageObject\",\"inLanguage\":\"pt-PT\",\"@id\":\"https:\/\/portaltela.pt\/noticias\/2026\/04\/11\/ab-lisboa-vence-ab-aveiro-nos-sub-14-masculinos-reacoes-dos-selecionadores\/#primaryimage\",\"url\":\"https:\/\/portaltela.pt\/s.01k8rhncp4jt1\/2026\/04\/img_920x518uu2026-04-11-23-13-11-2432502.jpg\",\"contentUrl\":\"https:\/\/portaltela.pt\/s.01k8rhncp4jt1\/2026\/04\/img_920x518uu2026-04-11-23-13-11-2432502.jpg\",\"width\":796,\"height\":448,\"caption\":\"Lisboa fez o pleno nos sub-14 em Albufeira\"},{\"@type\":\"BreadcrumbList\",\"@id\":\"https:\/\/portaltela.pt\/noticias\/2026\/04\/11\/ab-lisboa-vence-ab-aveiro-nos-sub-14-masculinos-reacoes-dos-selecionadores\/#breadcrumb\",\"itemListElement\":[{\"@type\":\"ListItem\",\"position\":1,\"name\":\"In\u00edcio\",\"item\":\"https:\/\/portaltela.pt\/\"},{\"@type\":\"ListItem\",\"position\":2,\"name\":\"AB Lisboa vence AB Aveiro nos sub-14 masculinos; rea\u00e7\u00f5es dos selecionadores\"}]},{\"@type\":\"WebSite\",\"@id\":\"https:\/\/portaltela.pt\/#website\",\"url\":\"https:\/\/portaltela.pt\/\",\"name\":\"Portal Tela Portugal\",\"description\":\"\",\"potentialAction\":[{\"@type\":\"SearchAction\",\"target\":{\"@type\":\"EntryPoint\",\"urlTemplate\":\"https:\/\/portaltela.pt\/?s={search_term_string}\"},\"query-input\":{\"@type\":\"PropertyValueSpecification\",\"valueRequired\":true,\"valueName\":\"search_term_string\"}}],\"inLanguage\":\"pt-PT\"},{\"@type\":\"Person\",\"@id\":\"https:\/\/portaltela.pt\/#\/schema\/person\/c4278d4a6028830caff9ee44b42d32ed\",\"name\":\"Telinha\",\"image\":{\"@type\":\"ImageObject\",\"inLanguage\":\"pt-PT\",\"@id\":\"https:\/\/portaltela.pt\/s.01k8rhncp4jt1\/2025\/11\/talking-bot-125x125.png\",\"url\":\"https:\/\/portaltela.pt\/s.01k8rhncp4jt1\/2025\/11\/talking-bot-125x125.png\",\"contentUrl\":\"https:\/\/portaltela.pt\/s.01k8rhncp4jt1\/2025\/11\/talking-bot-125x125.png\",\"caption\":\"Telinha\"},\"sameAs\":[\"https:\/\/portaltela.pt\/\"],\"url\":\"https:\/\/portaltela.pt\/por\/367410592786\/\"}]}<\/script>\n<!-- \/ Yoast SEO plugin. -->","yoast_head_json":{"title":"AB Lisboa vence AB Aveiro nos sub-14 masculinos; rea\u00e7\u00f5es dos selecionadores - Portal Tela Portugal","robots":{"index":"index","follow":"follow","max-snippet":"max-snippet:-1","max-image-preview":"max-image-preview:large","max-video-preview":"max-video-preview:-1"},"og_locale":"pt_PT","og_type":"article","og_title":"AB Lisboa vence AB Aveiro nos sub-14 masculinos; rea\u00e7\u00f5es dos selecionadores - Portal Tela Portugal","og_description":"Lisboa venceu Aveiro por 72-43 na final dos sub-14 masculinos da Festa do Basquetebol. Guilherme Barreto, selecionador de Lisboa, disse que o triunfo resulta de uma gera\u00e7\u00e3o trabalhada ao longo do ano e da supera\u00e7\u00e3o na final. Barreto afirmou ainda que o foco, a intensidade e a defesa com resili\u00eancia foram os fatores que desequilibraram a final a favor de Lisboa. Jo\u00e3o Campos, selecionador de Aveiro, reconheceu que Lisboa foi mais forte fisicamente e jogou com intensidade superior. Campos elogiou o grupo de Aveiro, destacando a qu\u00edmica da equipa, mesmo sem conseguir revalidar o t\u00edtulo.","og_url":"https:\/\/portaltela.pt\/noticias\/2026\/04\/11\/ab-lisboa-vence-ab-aveiro-nos-sub-14-masculinos-reacoes-dos-selecionadores\/","og_site_name":"Portal Tela Portugal","article_published_time":"2026-04-11T22:17:05+00:00","author":"Telinha","twitter_card":"summary_large_image","twitter_misc":{"Escrito por":"Telinha","Tempo estimado de leitura":"1 minuto"},"schema":{"@context":"https:\/\/schema.org","@graph":[{"@type":"Article","@id":"https:\/\/portaltela.pt\/noticias\/2026\/04\/11\/ab-lisboa-vence-ab-aveiro-nos-sub-14-masculinos-reacoes-dos-selecionadores\/#article","isPartOf":{"@id":"https:\/\/portaltela.pt\/noticias\/2026\/04\/11\/ab-lisboa-vence-ab-aveiro-nos-sub-14-masculinos-reacoes-dos-selecionadores\/"},"author":{"name":"Telinha","@id":"https:\/\/portaltela.pt\/#\/schema\/person\/c4278d4a6028830caff9ee44b42d32ed"},"headline":"AB Lisboa vence AB Aveiro nos sub-14 masculinos; rea\u00e7\u00f5es dos selecionadores","datePublished":"2026-04-11T22:17:05+00:00","mainEntityOfPage":{"@id":"https:\/\/portaltela.pt\/noticias\/2026\/04\/11\/ab-lisboa-vence-ab-aveiro-nos-sub-14-masculinos-reacoes-dos-selecionadores\/"},"wordCount":266,"image":{"@id":"https:\/\/portaltela.pt\/noticias\/2026\/04\/11\/ab-lisboa-vence-ab-aveiro-nos-sub-14-masculinos-reacoes-dos-selecionadores\/#primaryimage"},"thumbnailUrl":"https:\/\/portaltela.pt\/s.01k8rhncp4jt1\/2026\/04\/img_920x518uu2026-04-11-23-13-11-2432502.jpg","keywords":["Aveiro","basquetebol","desporto","Desporto Federado","Lisboa"],"articleSection":["Desporto","Futebol"],"inLanguage":"pt-PT"},{"@type":"WebPage","@id":"https:\/\/portaltela.pt\/noticias\/2026\/04\/11\/ab-lisboa-vence-ab-aveiro-nos-sub-14-masculinos-reacoes-dos-selecionadores\/","url":"https:\/\/portaltela.pt\/noticias\/2026\/04\/11\/ab-lisboa-vence-ab-aveiro-nos-sub-14-masculinos-reacoes-dos-selecionadores\/","name":"AB Lisboa vence AB Aveiro nos sub-14 masculinos; rea\u00e7\u00f5es dos selecionadores - Portal Tela Portugal","isPartOf":{"@id":"https:\/\/portaltela.pt\/#website"},"primaryImageOfPage":{"@id":"https:\/\/portaltela.pt\/noticias\/2026\/04\/11\/ab-lisboa-vence-ab-aveiro-nos-sub-14-masculinos-reacoes-dos-selecionadores\/#primaryimage"},"image":{"@id":"https:\/\/portaltela.pt\/noticias\/2026\/04\/11\/ab-lisboa-vence-ab-aveiro-nos-sub-14-masculinos-reacoes-dos-selecionadores\/#primaryimage"},"thumbnailUrl":"https:\/\/portaltela.pt\/s.01k8rhncp4jt1\/2026\/04\/img_920x518uu2026-04-11-23-13-11-2432502.jpg","datePublished":"2026-04-11T22:17:05+00:00","author":{"@id":"https:\/\/portaltela.pt\/#\/schema\/person\/c4278d4a6028830caff9ee44b42d32ed"},"breadcrumb":{"@id":"https:\/\/portaltela.pt\/noticias\/2026\/04\/11\/ab-lisboa-vence-ab-aveiro-nos-sub-14-masculinos-reacoes-dos-selecionadores\/#breadcrumb"},"inLanguage":"pt-PT","potentialAction":[{"@type":"ReadAction","target":["https:\/\/portaltela.pt\/noticias\/2026\/04\/11\/ab-lisboa-vence-ab-aveiro-nos-sub-14-masculinos-reacoes-dos-selecionadores\/"]}]},{"@type":"ImageObject","inLanguage":"pt-PT","@id":"https:\/\/portaltela.pt\/noticias\/2026\/04\/11\/ab-lisboa-vence-ab-aveiro-nos-sub-14-masculinos-reacoes-dos-selecionadores\/#primaryimage","url":"https:\/\/portaltela.pt\/s.01k8rhncp4jt1\/2026\/04\/img_920x518uu2026-04-11-23-13-11-2432502.jpg","contentUrl":"https:\/\/portaltela.pt\/s.01k8rhncp4jt1\/2026\/04\/img_920x518uu2026-04-11-23-13-11-2432502.jpg","width":796,"height":448,"caption":"Lisboa fez o pleno nos sub-14 em Albufeira"},{"@type":"BreadcrumbList","@id":"https:\/\/portaltela.pt\/noticias\/2026\/04\/11\/ab-lisboa-vence-ab-aveiro-nos-sub-14-masculinos-reacoes-dos-selecionadores\/#breadcrumb","itemListElement":[{"@type":"ListItem","position":1,"name":"In\u00edcio","item":"https:\/\/portaltela.pt\/"},{"@type":"ListItem","position":2,"name":"AB Lisboa vence AB Aveiro nos sub-14 masculinos; rea\u00e7\u00f5es dos selecionadores"}]},{"@type":"WebSite","@id":"https:\/\/portaltela.pt\/#website","url":"https:\/\/portaltela.pt\/","name":"Portal Tela Portugal","description":"","potentialAction":[{"@type":"SearchAction","target":{"@type":"EntryPoint","urlTemplate":"https:\/\/portaltela.pt\/?s={search_term_string}"},"query-input":{"@type":"PropertyValueSpecification","valueRequired":true,"valueName":"search_term_string"}}],"inLanguage":"pt-PT"},{"@type":"Person","@id":"https:\/\/portaltela.pt\/#\/schema\/person\/c4278d4a6028830caff9ee44b42d32ed","name":"Telinha","image":{"@type":"ImageObject","inLanguage":"pt-PT","@id":"https:\/\/portaltela.pt\/s.01k8rhncp4jt1\/2025\/11\/talking-bot-125x125.png","url":"https:\/\/portaltela.pt\/s.01k8rhncp4jt1\/2025\/11\/talking-bot-125x125.png","contentUrl":"https:\/\/portaltela.pt\/s.01k8rhncp4jt1\/2025\/11\/talking-bot-125x125.png","caption":"Telinha"},"sameAs":["https:\/\/portaltela.pt\/"],"url":"https:\/\/portaltela.pt\/por\/367410592786\/"}]}},"_links":{"self":[{"href":"https:\/\/portaltela.pt\/api\/wp\/v2\/posts\/440942","targetHints":{"allow":["GET"]}}],"collection":[{"href":"https:\/\/portaltela.pt\/api\/wp\/v2\/posts"}],"about":[{"href":"https:\/\/portaltela.pt\/api\/wp\/v2\/types\/post"}],"author":[{"embeddable":true,"href":"https:\/\/portaltela.pt\/api\/wp\/v2\/users\/2"}],"replies":[{"embeddable":true,"href":"https:\/\/portaltela.pt\/api\/wp\/v2\/comments?post=440942"}],"version-history":[{"count":0,"href":"https:\/\/portaltela.pt\/api\/wp\/v2\/posts\/440942\/revisions"}],"wp:featuredmedia":[{"embeddable":true,"href":"https:\/\/portaltela.pt\/api\/wp\/v2\/media\/440947"}],"wp:attachment":[{"href":"https:\/\/portaltela.pt\/api\/wp\/v2\/media?parent=440942"}],"wp:term":[{"taxonomy":"category","embeddable":true,"href":"https:\/\/portaltela.pt\/api\/wp\/v2\/categories?post=440942"},{"taxonomy":"post_tag","embeddable":true,"href":"https:\/\/portaltela.pt\/api\/wp\/v2\/tags?post=440942"}],"curies":[{"name":"wp","href":"https:\/\/api.w.org\/{rel}","templated":true}]}}