{"id":440932,"date":"2026-04-11T19:02:15","date_gmt":"2026-04-11T22:02:15","guid":{"rendered":"https:\/\/portaltela.pt\/noticias\/2026\/04\/11\/furos-alteram-a-classificacao-no-segundo-dia-do-rali-da-croacia\/"},"modified":"2026-04-11T19:02:15","modified_gmt":"2026-04-11T22:02:15","slug":"furos-alteram-a-classificacao-no-segundo-dia-do-rali-da-croacia","status":"publish","type":"post","link":"https:\/\/portaltela.pt\/desporto\/futebol\/2026\/04\/11\/furos-alteram-a-classificacao-no-segundo-dia-do-rali-da-croacia\/","title":{"rendered":"Furos alteram a classifica\u00e7\u00e3o no segundo dia do Rali da Cro\u00e1cia"},"content":{"rendered":"<p>O belga Thierry Neuville, piloto Hyundai i20, assumiu a lideran\u00e7a do Rali da Cro\u00e1cia ap\u00f3s dois dos tr\u00eas dias disputados. A posi\u00e7\u00e3o ficou poss\u00edvel devido a uma sucess\u00e3o de furos que atingiu os principais favoritos.<\/p>\n<p>O dia come\u00e7ou com o finland\u00eas Sami Pajari na frente, mantendo a lideran\u00e7a pela manh\u00e3. Contudo, na 14.\u00aa passagem, o piloto perdeu tempo com um furo e caiu para a terceira posi\u00e7\u00e3o, ap\u00f3s substituir a roda e perder cerca de dois minutos.<\/p>\n<p>Takamoto Katsuta, vencedor da ronda anterior no Qu\u00e9nia, tamb\u00e9m foi atingido por um furo na mesma passagem. O atraso acabou por retirar-lhe a lideran\u00e7a e aproximar Neuville da lideran\u00e7a da prova.<\/p>\n<h3>Desdobramentos do dia<\/h3>\n<p>O irland\u00eas John Armstrong e o neozeland\u00eas Hayden Paddon tamb\u00e9m sofreram furos durante a jornada, afetando o desempenho dos seus carros nas especiais em asfalto. A vit\u00f3ria parcial de Katsuta ficou comprometida pelo intervalo de tempo.<\/p>\n<p>O dia viu ainda o regresso do sueco Oliver Solberg, que tinha abandonado na sexta-feira. Solberg venceu quatro especiais consecutivas entre as zonas SS9 e SS12, mas tamb\u00e9m acabou atrasado por um furo na passagem seguinte.<\/p>\n<p>Neuville afirmou que o carro tem respondido bem e que as condi\u00e7\u00f5es t\u00eam exigido concentra\u00e7\u00e3o constante para manter o ritmo. Katsuta descreveu a jornada como uma aut\u00eantica lotaria, destacando a imprevisibilidade das avarias.<\/p>\n<p>Amanh\u00e3, domingo, disputam-se as quatro \u00faltimas especiais da prova, totalizando 60 quil\u00f3metros cronometrados. A classifica\u00e7\u00e3o permanece incerta, com v\u00e1rias equipas a lutar por posi\u00e7\u00f5es finais no rali.<\/p>\n","protected":false},"excerpt":{"rendered":"<ul>\n<li>O belga Thierry Neuville (Hyundai i20) passou a liderar o Rali da Cro\u00e1cia no segundo dia, ap\u00f3s uma s\u00e9rie de furos ter atrasado os rivais.<\/li>\n<li>Neuville terminus o dia com 1,14,5 minutos de vantagem sobre o japon\u00eas Takamoto Katsuta (Toyota Yaris), segundo classificado, e 1,46,4 sobre o finland\u00eas Sami Pajari (Toyota Yaris), terceiro.<\/li>\n<li>Pajari sofreu furo na sexta das oito especiais do dia, perdendo cerca de dois minutos, o que o deixou atr\u00e1s de Neuville.<\/li>\n<li>Katsuta tamb\u00e9m foi afetado por um furo, perdendo aproximadamente 1,30 minutos, o que permitiu a Neuville manter a lideran\u00e7a.<\/li>\n<li>Al\u00e9m de Pajari e Katsuta, o irland\u00eas John Armstrong (Ford Puma) e o neozeland\u00eas Hayden Paddon (Hyundai i20) tamb\u00e9m lidaram com furos; o sueco Oliver Solberg (Toyota Yaris) regressou \u00e0 prova, vencendo quatro especiais seguidas, mas ficou atrasado por um furo na etapa seguinte.<\/li>\n<li>No domingo disputam\u2011se as derradeiras quatro especiais, totalizando 60 quil\u00f3metros cronometrados.<\/li>\n<\/ul>\n","protected":false},"author":2,"featured_media":440935,"comment_status":"closed","ping_status":"closed","sticky":false,"template":"","format":"standard","meta":{"footnotes":""},"categories":[21,24],"tags":[2371,6042,152,186,5972],"class_list":["post-440932","post","type-post","status-publish","format-standard","has-post-thumbnail","hentry","category-desporto","category-futebol","tag-automoveis","tag-carros","tag-desporto","tag-desportos","tag-pilotos"],"yoast_head":"<!-- This site is optimized with the Yoast SEO plugin v27.2 - https:\/\/yoast.com\/product\/yoast-seo-wordpress\/ -->\n<title>Furos alteram a classifica\u00e7\u00e3o no segundo dia do Rali da Cro\u00e1cia - Portal Tela Portugal<\/title>\n<meta name=\"robots\" content=\"index, follow, max-snippet:-1, max-image-preview:large, max-video-preview:-1\" \/>\n<meta property=\"og:locale\" content=\"pt_PT\" \/>\n<meta property=\"og:type\" content=\"article\" \/>\n<meta property=\"og:title\" content=\"Furos alteram a classifica\u00e7\u00e3o no segundo dia do Rali da Cro\u00e1cia - Portal Tela Portugal\" \/>\n<meta property=\"og:description\" content=\"O belga Thierry Neuville (Hyundai i20) passou a liderar o Rali da Cro\u00e1cia no segundo dia, ap\u00f3s uma s\u00e9rie de furos ter atrasado os rivais. Neuville terminus o dia com 1,14,5 minutos de vantagem sobre o japon\u00eas Takamoto Katsuta (Toyota Yaris), segundo classificado, e 1,46,4 sobre o finland\u00eas Sami Pajari (Toyota Yaris), terceiro. Pajari sofreu furo na sexta das oito especiais do dia, perdendo cerca de dois minutos, o que o deixou atr\u00e1s de Neuville. Katsuta tamb\u00e9m foi afetado por um furo, perdendo aproximadamente 1,30 minutos, o que permitiu a Neuville manter a lideran\u00e7a. Al\u00e9m de Pajari e Katsuta, o irland\u00eas John Armstrong (Ford Puma) e o neozeland\u00eas Hayden Paddon (Hyundai i20) tamb\u00e9m lidaram com furos; o sueco Oliver Solberg (Toyota Yaris) regressou \u00e0 prova, vencendo quatro especiais seguidas, mas ficou atrasado por um furo na etapa seguinte. No domingo disputam\u2011se as derradeiras quatro especiais, totalizando 60 quil\u00f3metros cronometrados.\" \/>\n<meta property=\"og:url\" content=\"https:\/\/portaltela.pt\/noticias\/2026\/04\/11\/furos-alteram-a-classificacao-no-segundo-dia-do-rali-da-croacia\/\" \/>\n<meta property=\"og:site_name\" content=\"Portal Tela Portugal\" \/>\n<meta property=\"article:published_time\" content=\"2026-04-11T22:02:15+00:00\" \/>\n<meta name=\"author\" content=\"Telinha\" \/>\n<meta name=\"twitter:card\" content=\"summary_large_image\" \/>\n<meta name=\"twitter:label1\" content=\"Escrito por\" \/>\n\t<meta name=\"twitter:data1\" content=\"Telinha\" \/>\n\t<meta name=\"twitter:label2\" content=\"Tempo estimado de leitura\" \/>\n\t<meta name=\"twitter:data2\" content=\"1 minuto\" \/>\n<script type=\"application\/ld+json\" class=\"yoast-schema-graph\">{\"@context\":\"https:\/\/schema.org\",\"@graph\":[{\"@type\":\"Article\",\"@id\":\"https:\/\/portaltela.pt\/noticias\/2026\/04\/11\/furos-alteram-a-classificacao-no-segundo-dia-do-rali-da-croacia\/#article\",\"isPartOf\":{\"@id\":\"https:\/\/portaltela.pt\/noticias\/2026\/04\/11\/furos-alteram-a-classificacao-no-segundo-dia-do-rali-da-croacia\/\"},\"author\":{\"name\":\"Telinha\",\"@id\":\"https:\/\/portaltela.pt\/#\/schema\/person\/c4278d4a6028830caff9ee44b42d32ed\"},\"headline\":\"Furos alteram a classifica\u00e7\u00e3o no segundo dia do Rali da Cro\u00e1cia\",\"datePublished\":\"2026-04-11T22:02:15+00:00\",\"mainEntityOfPage\":{\"@id\":\"https:\/\/portaltela.pt\/noticias\/2026\/04\/11\/furos-alteram-a-classificacao-no-segundo-dia-do-rali-da-croacia\/\"},\"wordCount\":283,\"image\":{\"@id\":\"https:\/\/portaltela.pt\/noticias\/2026\/04\/11\/furos-alteram-a-classificacao-no-segundo-dia-do-rali-da-croacia\/#primaryimage\"},\"thumbnailUrl\":\"https:\/\/portaltela.pt\/s.01k8rhncp4jt1\/2026\/04\/img_920x518uu2026-04-11-22-53-33-2432494.jpg\",\"keywords\":[\"Autom\u00f3veis\",\"carros\",\"desporto\",\"desportos\",\"pilotos\"],\"articleSection\":[\"Desporto\",\"Futebol\"],\"inLanguage\":\"pt-PT\"},{\"@type\":\"WebPage\",\"@id\":\"https:\/\/portaltela.pt\/noticias\/2026\/04\/11\/furos-alteram-a-classificacao-no-segundo-dia-do-rali-da-croacia\/\",\"url\":\"https:\/\/portaltela.pt\/noticias\/2026\/04\/11\/furos-alteram-a-classificacao-no-segundo-dia-do-rali-da-croacia\/\",\"name\":\"Furos alteram a classifica\u00e7\u00e3o no segundo dia do Rali da Cro\u00e1cia - Portal Tela Portugal\",\"isPartOf\":{\"@id\":\"https:\/\/portaltela.pt\/#website\"},\"primaryImageOfPage\":{\"@id\":\"https:\/\/portaltela.pt\/noticias\/2026\/04\/11\/furos-alteram-a-classificacao-no-segundo-dia-do-rali-da-croacia\/#primaryimage\"},\"image\":{\"@id\":\"https:\/\/portaltela.pt\/noticias\/2026\/04\/11\/furos-alteram-a-classificacao-no-segundo-dia-do-rali-da-croacia\/#primaryimage\"},\"thumbnailUrl\":\"https:\/\/portaltela.pt\/s.01k8rhncp4jt1\/2026\/04\/img_920x518uu2026-04-11-22-53-33-2432494.jpg\",\"datePublished\":\"2026-04-11T22:02:15+00:00\",\"author\":{\"@id\":\"https:\/\/portaltela.pt\/#\/schema\/person\/c4278d4a6028830caff9ee44b42d32ed\"},\"breadcrumb\":{\"@id\":\"https:\/\/portaltela.pt\/noticias\/2026\/04\/11\/furos-alteram-a-classificacao-no-segundo-dia-do-rali-da-croacia\/#breadcrumb\"},\"inLanguage\":\"pt-PT\",\"potentialAction\":[{\"@type\":\"ReadAction\",\"target\":[\"https:\/\/portaltela.pt\/noticias\/2026\/04\/11\/furos-alteram-a-classificacao-no-segundo-dia-do-rali-da-croacia\/\"]}]},{\"@type\":\"ImageObject\",\"inLanguage\":\"pt-PT\",\"@id\":\"https:\/\/portaltela.pt\/noticias\/2026\/04\/11\/furos-alteram-a-classificacao-no-segundo-dia-do-rali-da-croacia\/#primaryimage\",\"url\":\"https:\/\/portaltela.pt\/s.01k8rhncp4jt1\/2026\/04\/img_920x518uu2026-04-11-22-53-33-2432494.jpg\",\"contentUrl\":\"https:\/\/portaltela.pt\/s.01k8rhncp4jt1\/2026\/04\/img_920x518uu2026-04-11-22-53-33-2432494.jpg\",\"width\":796,\"height\":448,\"caption\":\"Thierry Neuville lidera Rali da Cro\u00e1cia ap\u00f3s furos dos rivais\"},{\"@type\":\"BreadcrumbList\",\"@id\":\"https:\/\/portaltela.pt\/noticias\/2026\/04\/11\/furos-alteram-a-classificacao-no-segundo-dia-do-rali-da-croacia\/#breadcrumb\",\"itemListElement\":[{\"@type\":\"ListItem\",\"position\":1,\"name\":\"In\u00edcio\",\"item\":\"https:\/\/portaltela.pt\/\"},{\"@type\":\"ListItem\",\"position\":2,\"name\":\"Furos alteram a classifica\u00e7\u00e3o no segundo dia do Rali da Cro\u00e1cia\"}]},{\"@type\":\"WebSite\",\"@id\":\"https:\/\/portaltela.pt\/#website\",\"url\":\"https:\/\/portaltela.pt\/\",\"name\":\"Portal Tela Portugal\",\"description\":\"\",\"potentialAction\":[{\"@type\":\"SearchAction\",\"target\":{\"@type\":\"EntryPoint\",\"urlTemplate\":\"https:\/\/portaltela.pt\/?s={search_term_string}\"},\"query-input\":{\"@type\":\"PropertyValueSpecification\",\"valueRequired\":true,\"valueName\":\"search_term_string\"}}],\"inLanguage\":\"pt-PT\"},{\"@type\":\"Person\",\"@id\":\"https:\/\/portaltela.pt\/#\/schema\/person\/c4278d4a6028830caff9ee44b42d32ed\",\"name\":\"Telinha\",\"image\":{\"@type\":\"ImageObject\",\"inLanguage\":\"pt-PT\",\"@id\":\"https:\/\/portaltela.pt\/s.01k8rhncp4jt1\/2025\/11\/talking-bot-125x125.png\",\"url\":\"https:\/\/portaltela.pt\/s.01k8rhncp4jt1\/2025\/11\/talking-bot-125x125.png\",\"contentUrl\":\"https:\/\/portaltela.pt\/s.01k8rhncp4jt1\/2025\/11\/talking-bot-125x125.png\",\"caption\":\"Telinha\"},\"sameAs\":[\"https:\/\/portaltela.pt\/\"],\"url\":\"https:\/\/portaltela.pt\/por\/367410592786\/\"}]}<\/script>\n<!-- \/ Yoast SEO plugin. -->","yoast_head_json":{"title":"Furos alteram a classifica\u00e7\u00e3o no segundo dia do Rali da Cro\u00e1cia - Portal Tela Portugal","robots":{"index":"index","follow":"follow","max-snippet":"max-snippet:-1","max-image-preview":"max-image-preview:large","max-video-preview":"max-video-preview:-1"},"og_locale":"pt_PT","og_type":"article","og_title":"Furos alteram a classifica\u00e7\u00e3o no segundo dia do Rali da Cro\u00e1cia - Portal Tela Portugal","og_description":"O belga Thierry Neuville (Hyundai i20) passou a liderar o Rali da Cro\u00e1cia no segundo dia, ap\u00f3s uma s\u00e9rie de furos ter atrasado os rivais. Neuville terminus o dia com 1,14,5 minutos de vantagem sobre o japon\u00eas Takamoto Katsuta (Toyota Yaris), segundo classificado, e 1,46,4 sobre o finland\u00eas Sami Pajari (Toyota Yaris), terceiro. Pajari sofreu furo na sexta das oito especiais do dia, perdendo cerca de dois minutos, o que o deixou atr\u00e1s de Neuville. Katsuta tamb\u00e9m foi afetado por um furo, perdendo aproximadamente 1,30 minutos, o que permitiu a Neuville manter a lideran\u00e7a. Al\u00e9m de Pajari e Katsuta, o irland\u00eas John Armstrong (Ford Puma) e o neozeland\u00eas Hayden Paddon (Hyundai i20) tamb\u00e9m lidaram com furos; o sueco Oliver Solberg (Toyota Yaris) regressou \u00e0 prova, vencendo quatro especiais seguidas, mas ficou atrasado por um furo na etapa seguinte. No domingo disputam\u2011se as derradeiras quatro especiais, totalizando 60 quil\u00f3metros cronometrados.","og_url":"https:\/\/portaltela.pt\/noticias\/2026\/04\/11\/furos-alteram-a-classificacao-no-segundo-dia-do-rali-da-croacia\/","og_site_name":"Portal Tela Portugal","article_published_time":"2026-04-11T22:02:15+00:00","author":"Telinha","twitter_card":"summary_large_image","twitter_misc":{"Escrito por":"Telinha","Tempo estimado de leitura":"1 minuto"},"schema":{"@context":"https:\/\/schema.org","@graph":[{"@type":"Article","@id":"https:\/\/portaltela.pt\/noticias\/2026\/04\/11\/furos-alteram-a-classificacao-no-segundo-dia-do-rali-da-croacia\/#article","isPartOf":{"@id":"https:\/\/portaltela.pt\/noticias\/2026\/04\/11\/furos-alteram-a-classificacao-no-segundo-dia-do-rali-da-croacia\/"},"author":{"name":"Telinha","@id":"https:\/\/portaltela.pt\/#\/schema\/person\/c4278d4a6028830caff9ee44b42d32ed"},"headline":"Furos alteram a classifica\u00e7\u00e3o no segundo dia do Rali da Cro\u00e1cia","datePublished":"2026-04-11T22:02:15+00:00","mainEntityOfPage":{"@id":"https:\/\/portaltela.pt\/noticias\/2026\/04\/11\/furos-alteram-a-classificacao-no-segundo-dia-do-rali-da-croacia\/"},"wordCount":283,"image":{"@id":"https:\/\/portaltela.pt\/noticias\/2026\/04\/11\/furos-alteram-a-classificacao-no-segundo-dia-do-rali-da-croacia\/#primaryimage"},"thumbnailUrl":"https:\/\/portaltela.pt\/s.01k8rhncp4jt1\/2026\/04\/img_920x518uu2026-04-11-22-53-33-2432494.jpg","keywords":["Autom\u00f3veis","carros","desporto","desportos","pilotos"],"articleSection":["Desporto","Futebol"],"inLanguage":"pt-PT"},{"@type":"WebPage","@id":"https:\/\/portaltela.pt\/noticias\/2026\/04\/11\/furos-alteram-a-classificacao-no-segundo-dia-do-rali-da-croacia\/","url":"https:\/\/portaltela.pt\/noticias\/2026\/04\/11\/furos-alteram-a-classificacao-no-segundo-dia-do-rali-da-croacia\/","name":"Furos alteram a classifica\u00e7\u00e3o no segundo dia do Rali da Cro\u00e1cia - Portal Tela Portugal","isPartOf":{"@id":"https:\/\/portaltela.pt\/#website"},"primaryImageOfPage":{"@id":"https:\/\/portaltela.pt\/noticias\/2026\/04\/11\/furos-alteram-a-classificacao-no-segundo-dia-do-rali-da-croacia\/#primaryimage"},"image":{"@id":"https:\/\/portaltela.pt\/noticias\/2026\/04\/11\/furos-alteram-a-classificacao-no-segundo-dia-do-rali-da-croacia\/#primaryimage"},"thumbnailUrl":"https:\/\/portaltela.pt\/s.01k8rhncp4jt1\/2026\/04\/img_920x518uu2026-04-11-22-53-33-2432494.jpg","datePublished":"2026-04-11T22:02:15+00:00","author":{"@id":"https:\/\/portaltela.pt\/#\/schema\/person\/c4278d4a6028830caff9ee44b42d32ed"},"breadcrumb":{"@id":"https:\/\/portaltela.pt\/noticias\/2026\/04\/11\/furos-alteram-a-classificacao-no-segundo-dia-do-rali-da-croacia\/#breadcrumb"},"inLanguage":"pt-PT","potentialAction":[{"@type":"ReadAction","target":["https:\/\/portaltela.pt\/noticias\/2026\/04\/11\/furos-alteram-a-classificacao-no-segundo-dia-do-rali-da-croacia\/"]}]},{"@type":"ImageObject","inLanguage":"pt-PT","@id":"https:\/\/portaltela.pt\/noticias\/2026\/04\/11\/furos-alteram-a-classificacao-no-segundo-dia-do-rali-da-croacia\/#primaryimage","url":"https:\/\/portaltela.pt\/s.01k8rhncp4jt1\/2026\/04\/img_920x518uu2026-04-11-22-53-33-2432494.jpg","contentUrl":"https:\/\/portaltela.pt\/s.01k8rhncp4jt1\/2026\/04\/img_920x518uu2026-04-11-22-53-33-2432494.jpg","width":796,"height":448,"caption":"Thierry Neuville lidera Rali da Cro\u00e1cia ap\u00f3s furos dos rivais"},{"@type":"BreadcrumbList","@id":"https:\/\/portaltela.pt\/noticias\/2026\/04\/11\/furos-alteram-a-classificacao-no-segundo-dia-do-rali-da-croacia\/#breadcrumb","itemListElement":[{"@type":"ListItem","position":1,"name":"In\u00edcio","item":"https:\/\/portaltela.pt\/"},{"@type":"ListItem","position":2,"name":"Furos alteram a classifica\u00e7\u00e3o no segundo dia do Rali da Cro\u00e1cia"}]},{"@type":"WebSite","@id":"https:\/\/portaltela.pt\/#website","url":"https:\/\/portaltela.pt\/","name":"Portal Tela Portugal","description":"","potentialAction":[{"@type":"SearchAction","target":{"@type":"EntryPoint","urlTemplate":"https:\/\/portaltela.pt\/?s={search_term_string}"},"query-input":{"@type":"PropertyValueSpecification","valueRequired":true,"valueName":"search_term_string"}}],"inLanguage":"pt-PT"},{"@type":"Person","@id":"https:\/\/portaltela.pt\/#\/schema\/person\/c4278d4a6028830caff9ee44b42d32ed","name":"Telinha","image":{"@type":"ImageObject","inLanguage":"pt-PT","@id":"https:\/\/portaltela.pt\/s.01k8rhncp4jt1\/2025\/11\/talking-bot-125x125.png","url":"https:\/\/portaltela.pt\/s.01k8rhncp4jt1\/2025\/11\/talking-bot-125x125.png","contentUrl":"https:\/\/portaltela.pt\/s.01k8rhncp4jt1\/2025\/11\/talking-bot-125x125.png","caption":"Telinha"},"sameAs":["https:\/\/portaltela.pt\/"],"url":"https:\/\/portaltela.pt\/por\/367410592786\/"}]}},"_links":{"self":[{"href":"https:\/\/portaltela.pt\/api\/wp\/v2\/posts\/440932","targetHints":{"allow":["GET"]}}],"collection":[{"href":"https:\/\/portaltela.pt\/api\/wp\/v2\/posts"}],"about":[{"href":"https:\/\/portaltela.pt\/api\/wp\/v2\/types\/post"}],"author":[{"embeddable":true,"href":"https:\/\/portaltela.pt\/api\/wp\/v2\/users\/2"}],"replies":[{"embeddable":true,"href":"https:\/\/portaltela.pt\/api\/wp\/v2\/comments?post=440932"}],"version-history":[{"count":0,"href":"https:\/\/portaltela.pt\/api\/wp\/v2\/posts\/440932\/revisions"}],"wp:featuredmedia":[{"embeddable":true,"href":"https:\/\/portaltela.pt\/api\/wp\/v2\/media\/440935"}],"wp:attachment":[{"href":"https:\/\/portaltela.pt\/api\/wp\/v2\/media?parent=440932"}],"wp:term":[{"taxonomy":"category","embeddable":true,"href":"https:\/\/portaltela.pt\/api\/wp\/v2\/categories?post=440932"},{"taxonomy":"post_tag","embeddable":true,"href":"https:\/\/portaltela.pt\/api\/wp\/v2\/tags?post=440932"}],"curies":[{"name":"wp","href":"https:\/\/api.w.org\/{rel}","templated":true}]}}