{"id":440887,"date":"2026-04-11T17:47:15","date_gmt":"2026-04-11T20:47:15","guid":{"rendered":"https:\/\/portaltela.pt\/noticias\/2026\/04\/11\/portugal-fecha-quarto-dia-europeu-de-trampolins-com-cinco-bronzes-por-equipas\/"},"modified":"2026-04-11T17:47:15","modified_gmt":"2026-04-11T20:47:15","slug":"portugal-fecha-quarto-dia-europeu-de-trampolins-com-cinco-bronzes-por-equipas","status":"publish","type":"post","link":"https:\/\/portaltela.pt\/desporto\/futebol\/2026\/04\/11\/portugal-fecha-quarto-dia-europeu-de-trampolins-com-cinco-bronzes-por-equipas\/","title":{"rendered":"Portugal fecha quarto dia Europeu de trampolins com cinco bronzes por equipas"},"content":{"rendered":"<p>Portugal fechou o quarto dia do Europeu de Trampolins em Portim\u00e3o, Algarve, com cinco bronzes por equipas. As finais individuais do domingo mant\u00eam-se como objetivo central para os atletas nacionais.<\/p>\n<p>A primeira medalha do dia surgiu no duplo minitrampolim masculino, com a equipa Andr\u00e9 Dias, Francisco Jos\u00e9 e Tiago Teixeira a conquistar o 3.\u00ba lugar, com 21 pontos. A R\u00fassia foi campe\u00e3 europeia com 26 e a Gr\u00e3-Bretanha ficou em 2.\u00ba, com 23.<\/p>\n<p>Pouco depois, Alexandra Garcia, Beatriz Mendes e Matilde Oliveira asseguraram o bronze na final de duplo minitrampolim por equipas seniores femininas, com 3.\u00ba lugar. A competi\u00e7\u00e3o viu a hegemonia de sele\u00e7\u00f5es tradicionais da modalidade.<\/p>\n<h3>Medalhadas por equipa<\/h3>\n<p>A turma s\u00e9nior masculina de tumbling, Jo\u00e3o Azinheira, Jo\u00e3o Saraiva e Vasco Peso, completou o p\u00f3dio com o bronze, 18 pontos. Em trampolim individual s\u00e9nior masculino, Diogo Abreu, Gabriel Albuquerque e Pedro Ferreira alcan\u00e7aram o 3.\u00ba lugar com 19 pontos.<\/p>\n<p>A quinta medalha do dia chegou pela equipa j\u00fanior feminina de duplo minitrampolim, In\u00eas Correia, Matilde Louro e Rafaela Rosa, com 18 pontos, terminando no p\u00f3dio em uma prova equilibrada entre sele\u00e7\u00f5es.<\/p>\n<p>Entre os restantes resultados lusos, a equipa s\u00e9nior feminina de trampolim individual \u2014 Catarina Nunes, In\u00eas Reis e Sofia Correia \u2014 ficou em 4.\u00ba, com 13 pontos, perto do p\u00f3dio. No duplo minitrampolim j\u00fanior masculino, Artur Martins, Nuno Correia e Tom\u00e1s Serra terminaram no 4.\u00ba lugar.<\/p>\n<p>A academia j\u00fanior de tumbling masculina, Duarte Alface, Duarte Rocha e Manuel Santos, ficou em 5.\u00ba na final, com 14 pontos. A forma\u00e7\u00e3o j\u00fanior de trampolim individual \u2014 Artur Martins, Martim Lopes e Sim\u00e3o Dias \u2014 somou 11 pontos e ficou em 6.\u00ba.<\/p>\n<p>Com cinco medalhas somadas hoje, Portugal encerra uma das jornadas mais produtivas do Europeu, mantendo elevadas expetativas para as finais de domingo no Arena de Portim\u00e3o.<\/p>\n","protected":false},"excerpt":{"rendered":"<ul>\n<li>Portugal fechou o quarto dia do European de Trampolins em Portim\u00e3o com cinco bronzes por equipas, \u00e0 espera das finais no domingo.<\/li>\n<li>Bronze no duplo minitrampolim masculino s\u00e9nior (Andr\u00e9 Dias, Francisco Jos\u00e9 e Tiago Teixeira) e bronze no duplo minitrampolim por equipas juniores femininas (In\u00eas Correia, Matilde Louro e Rafaela Rosa).<\/li>\n<li>Bronze na tumbling s\u00e9nior masculino (Jo\u00e3o Azinheira, Jo\u00e3o Saraiva e Vasco Peso).<\/li>\n<li>Bronze no trampolim individual s\u00e9nior masculino (Diogo Abreu, Gabriel Albuquerque e Pedro Ferreira).<\/li>\n<li>Bronze no duplo minitrampolim por equipas s\u00e9niores femininas (Alexandra Garcia, Beatriz Mendes e Matilde Oliveira).<\/li>\n<\/ul>\n","protected":false},"author":2,"featured_media":440890,"comment_status":"closed","ping_status":"closed","sticky":false,"template":"","format":"standard","meta":{"footnotes":""},"categories":[21,24],"tags":[152,2487,120,7589,1764,1014],"class_list":["post-440887","post","type-post","status-publish","format-standard","has-post-thumbnail","hentry","category-desporto","category-futebol","tag-desporto","tag-europa","tag-medalhas","tag-podios","tag-portimao","tag-portugal"],"yoast_head":"<!-- This site is optimized with the Yoast SEO plugin v27.2 - https:\/\/yoast.com\/product\/yoast-seo-wordpress\/ -->\n<title>Portugal fecha quarto dia Europeu de trampolins com cinco bronzes por equipas - Portal Tela Portugal<\/title>\n<meta name=\"robots\" content=\"index, follow, max-snippet:-1, max-image-preview:large, max-video-preview:-1\" \/>\n<meta property=\"og:locale\" content=\"pt_PT\" \/>\n<meta property=\"og:type\" content=\"article\" \/>\n<meta property=\"og:title\" content=\"Portugal fecha quarto dia Europeu de trampolins com cinco bronzes por equipas - Portal Tela Portugal\" \/>\n<meta property=\"og:description\" content=\"Portugal fechou o quarto dia do European de Trampolins em Portim\u00e3o com cinco bronzes por equipas, \u00e0 espera das finais no domingo. Bronze no duplo minitrampolim masculino s\u00e9nior (Andr\u00e9 Dias, Francisco Jos\u00e9 e Tiago Teixeira) e bronze no duplo minitrampolim por equipas juniores femininas (In\u00eas Correia, Matilde Louro e Rafaela Rosa). Bronze na tumbling s\u00e9nior masculino (Jo\u00e3o Azinheira, Jo\u00e3o Saraiva e Vasco Peso). Bronze no trampolim individual s\u00e9nior masculino (Diogo Abreu, Gabriel Albuquerque e Pedro Ferreira). Bronze no duplo minitrampolim por equipas s\u00e9niores femininas (Alexandra Garcia, Beatriz Mendes e Matilde Oliveira).\" \/>\n<meta property=\"og:url\" content=\"https:\/\/portaltela.pt\/noticias\/2026\/04\/11\/portugal-fecha-quarto-dia-europeu-de-trampolins-com-cinco-bronzes-por-equipas\/\" \/>\n<meta property=\"og:site_name\" content=\"Portal Tela Portugal\" \/>\n<meta property=\"article:published_time\" content=\"2026-04-11T20:47:15+00:00\" \/>\n<meta name=\"author\" content=\"Telinha\" \/>\n<meta name=\"twitter:card\" content=\"summary_large_image\" \/>\n<meta name=\"twitter:label1\" content=\"Escrito por\" \/>\n\t<meta name=\"twitter:data1\" content=\"Telinha\" \/>\n\t<meta name=\"twitter:label2\" content=\"Tempo estimado de leitura\" \/>\n\t<meta name=\"twitter:data2\" content=\"2 minutos\" \/>\n<script type=\"application\/ld+json\" class=\"yoast-schema-graph\">{\"@context\":\"https:\/\/schema.org\",\"@graph\":[{\"@type\":\"Article\",\"@id\":\"https:\/\/portaltela.pt\/noticias\/2026\/04\/11\/portugal-fecha-quarto-dia-europeu-de-trampolins-com-cinco-bronzes-por-equipas\/#article\",\"isPartOf\":{\"@id\":\"https:\/\/portaltela.pt\/noticias\/2026\/04\/11\/portugal-fecha-quarto-dia-europeu-de-trampolins-com-cinco-bronzes-por-equipas\/\"},\"author\":{\"name\":\"Telinha\",\"@id\":\"https:\/\/portaltela.pt\/#\/schema\/person\/c4278d4a6028830caff9ee44b42d32ed\"},\"headline\":\"Portugal fecha quarto dia Europeu de trampolins com cinco bronzes por equipas\",\"datePublished\":\"2026-04-11T20:47:15+00:00\",\"mainEntityOfPage\":{\"@id\":\"https:\/\/portaltela.pt\/noticias\/2026\/04\/11\/portugal-fecha-quarto-dia-europeu-de-trampolins-com-cinco-bronzes-por-equipas\/\"},\"wordCount\":314,\"image\":{\"@id\":\"https:\/\/portaltela.pt\/noticias\/2026\/04\/11\/portugal-fecha-quarto-dia-europeu-de-trampolins-com-cinco-bronzes-por-equipas\/#primaryimage\"},\"thumbnailUrl\":\"https:\/\/portaltela.pt\/s.01k8rhncp4jt1\/2026\/04\/img_920x518uu2026-04-11-21-36-34-2432475.jpg\",\"keywords\":[\"desporto\",\"Europa\",\"medalhas\",\"p\u00f3dios\",\"Portim\u00e3o\",\"Portugal\"],\"articleSection\":[\"Desporto\",\"Futebol\"],\"inLanguage\":\"pt-PT\"},{\"@type\":\"WebPage\",\"@id\":\"https:\/\/portaltela.pt\/noticias\/2026\/04\/11\/portugal-fecha-quarto-dia-europeu-de-trampolins-com-cinco-bronzes-por-equipas\/\",\"url\":\"https:\/\/portaltela.pt\/noticias\/2026\/04\/11\/portugal-fecha-quarto-dia-europeu-de-trampolins-com-cinco-bronzes-por-equipas\/\",\"name\":\"Portugal fecha quarto dia Europeu de trampolins com cinco bronzes por equipas - Portal Tela Portugal\",\"isPartOf\":{\"@id\":\"https:\/\/portaltela.pt\/#website\"},\"primaryImageOfPage\":{\"@id\":\"https:\/\/portaltela.pt\/noticias\/2026\/04\/11\/portugal-fecha-quarto-dia-europeu-de-trampolins-com-cinco-bronzes-por-equipas\/#primaryimage\"},\"image\":{\"@id\":\"https:\/\/portaltela.pt\/noticias\/2026\/04\/11\/portugal-fecha-quarto-dia-europeu-de-trampolins-com-cinco-bronzes-por-equipas\/#primaryimage\"},\"thumbnailUrl\":\"https:\/\/portaltela.pt\/s.01k8rhncp4jt1\/2026\/04\/img_920x518uu2026-04-11-21-36-34-2432475.jpg\",\"datePublished\":\"2026-04-11T20:47:15+00:00\",\"author\":{\"@id\":\"https:\/\/portaltela.pt\/#\/schema\/person\/c4278d4a6028830caff9ee44b42d32ed\"},\"breadcrumb\":{\"@id\":\"https:\/\/portaltela.pt\/noticias\/2026\/04\/11\/portugal-fecha-quarto-dia-europeu-de-trampolins-com-cinco-bronzes-por-equipas\/#breadcrumb\"},\"inLanguage\":\"pt-PT\",\"potentialAction\":[{\"@type\":\"ReadAction\",\"target\":[\"https:\/\/portaltela.pt\/noticias\/2026\/04\/11\/portugal-fecha-quarto-dia-europeu-de-trampolins-com-cinco-bronzes-por-equipas\/\"]}]},{\"@type\":\"ImageObject\",\"inLanguage\":\"pt-PT\",\"@id\":\"https:\/\/portaltela.pt\/noticias\/2026\/04\/11\/portugal-fecha-quarto-dia-europeu-de-trampolins-com-cinco-bronzes-por-equipas\/#primaryimage\",\"url\":\"https:\/\/portaltela.pt\/s.01k8rhncp4jt1\/2026\/04\/img_920x518uu2026-04-11-21-36-34-2432475.jpg\",\"contentUrl\":\"https:\/\/portaltela.pt\/s.01k8rhncp4jt1\/2026\/04\/img_920x518uu2026-04-11-21-36-34-2432475.jpg\",\"width\":796,\"height\":448,\"caption\":\"Equipa de seniores masculinos de trampolim individual\"},{\"@type\":\"BreadcrumbList\",\"@id\":\"https:\/\/portaltela.pt\/noticias\/2026\/04\/11\/portugal-fecha-quarto-dia-europeu-de-trampolins-com-cinco-bronzes-por-equipas\/#breadcrumb\",\"itemListElement\":[{\"@type\":\"ListItem\",\"position\":1,\"name\":\"In\u00edcio\",\"item\":\"https:\/\/portaltela.pt\/\"},{\"@type\":\"ListItem\",\"position\":2,\"name\":\"Portugal fecha quarto dia Europeu de trampolins com cinco bronzes por equipas\"}]},{\"@type\":\"WebSite\",\"@id\":\"https:\/\/portaltela.pt\/#website\",\"url\":\"https:\/\/portaltela.pt\/\",\"name\":\"Portal Tela Portugal\",\"description\":\"\",\"potentialAction\":[{\"@type\":\"SearchAction\",\"target\":{\"@type\":\"EntryPoint\",\"urlTemplate\":\"https:\/\/portaltela.pt\/?s={search_term_string}\"},\"query-input\":{\"@type\":\"PropertyValueSpecification\",\"valueRequired\":true,\"valueName\":\"search_term_string\"}}],\"inLanguage\":\"pt-PT\"},{\"@type\":\"Person\",\"@id\":\"https:\/\/portaltela.pt\/#\/schema\/person\/c4278d4a6028830caff9ee44b42d32ed\",\"name\":\"Telinha\",\"image\":{\"@type\":\"ImageObject\",\"inLanguage\":\"pt-PT\",\"@id\":\"https:\/\/portaltela.pt\/s.01k8rhncp4jt1\/2025\/11\/talking-bot-125x125.png\",\"url\":\"https:\/\/portaltela.pt\/s.01k8rhncp4jt1\/2025\/11\/talking-bot-125x125.png\",\"contentUrl\":\"https:\/\/portaltela.pt\/s.01k8rhncp4jt1\/2025\/11\/talking-bot-125x125.png\",\"caption\":\"Telinha\"},\"sameAs\":[\"https:\/\/portaltela.pt\/\"],\"url\":\"https:\/\/portaltela.pt\/por\/367410592786\/\"}]}<\/script>\n<!-- \/ Yoast SEO plugin. -->","yoast_head_json":{"title":"Portugal fecha quarto dia Europeu de trampolins com cinco bronzes por equipas - Portal Tela Portugal","robots":{"index":"index","follow":"follow","max-snippet":"max-snippet:-1","max-image-preview":"max-image-preview:large","max-video-preview":"max-video-preview:-1"},"og_locale":"pt_PT","og_type":"article","og_title":"Portugal fecha quarto dia Europeu de trampolins com cinco bronzes por equipas - Portal Tela Portugal","og_description":"Portugal fechou o quarto dia do European de Trampolins em Portim\u00e3o com cinco bronzes por equipas, \u00e0 espera das finais no domingo. Bronze no duplo minitrampolim masculino s\u00e9nior (Andr\u00e9 Dias, Francisco Jos\u00e9 e Tiago Teixeira) e bronze no duplo minitrampolim por equipas juniores femininas (In\u00eas Correia, Matilde Louro e Rafaela Rosa). Bronze na tumbling s\u00e9nior masculino (Jo\u00e3o Azinheira, Jo\u00e3o Saraiva e Vasco Peso). Bronze no trampolim individual s\u00e9nior masculino (Diogo Abreu, Gabriel Albuquerque e Pedro Ferreira). Bronze no duplo minitrampolim por equipas s\u00e9niores femininas (Alexandra Garcia, Beatriz Mendes e Matilde Oliveira).","og_url":"https:\/\/portaltela.pt\/noticias\/2026\/04\/11\/portugal-fecha-quarto-dia-europeu-de-trampolins-com-cinco-bronzes-por-equipas\/","og_site_name":"Portal Tela Portugal","article_published_time":"2026-04-11T20:47:15+00:00","author":"Telinha","twitter_card":"summary_large_image","twitter_misc":{"Escrito por":"Telinha","Tempo estimado de leitura":"2 minutos"},"schema":{"@context":"https:\/\/schema.org","@graph":[{"@type":"Article","@id":"https:\/\/portaltela.pt\/noticias\/2026\/04\/11\/portugal-fecha-quarto-dia-europeu-de-trampolins-com-cinco-bronzes-por-equipas\/#article","isPartOf":{"@id":"https:\/\/portaltela.pt\/noticias\/2026\/04\/11\/portugal-fecha-quarto-dia-europeu-de-trampolins-com-cinco-bronzes-por-equipas\/"},"author":{"name":"Telinha","@id":"https:\/\/portaltela.pt\/#\/schema\/person\/c4278d4a6028830caff9ee44b42d32ed"},"headline":"Portugal fecha quarto dia Europeu de trampolins com cinco bronzes por equipas","datePublished":"2026-04-11T20:47:15+00:00","mainEntityOfPage":{"@id":"https:\/\/portaltela.pt\/noticias\/2026\/04\/11\/portugal-fecha-quarto-dia-europeu-de-trampolins-com-cinco-bronzes-por-equipas\/"},"wordCount":314,"image":{"@id":"https:\/\/portaltela.pt\/noticias\/2026\/04\/11\/portugal-fecha-quarto-dia-europeu-de-trampolins-com-cinco-bronzes-por-equipas\/#primaryimage"},"thumbnailUrl":"https:\/\/portaltela.pt\/s.01k8rhncp4jt1\/2026\/04\/img_920x518uu2026-04-11-21-36-34-2432475.jpg","keywords":["desporto","Europa","medalhas","p\u00f3dios","Portim\u00e3o","Portugal"],"articleSection":["Desporto","Futebol"],"inLanguage":"pt-PT"},{"@type":"WebPage","@id":"https:\/\/portaltela.pt\/noticias\/2026\/04\/11\/portugal-fecha-quarto-dia-europeu-de-trampolins-com-cinco-bronzes-por-equipas\/","url":"https:\/\/portaltela.pt\/noticias\/2026\/04\/11\/portugal-fecha-quarto-dia-europeu-de-trampolins-com-cinco-bronzes-por-equipas\/","name":"Portugal fecha quarto dia Europeu de trampolins com cinco bronzes por equipas - Portal Tela Portugal","isPartOf":{"@id":"https:\/\/portaltela.pt\/#website"},"primaryImageOfPage":{"@id":"https:\/\/portaltela.pt\/noticias\/2026\/04\/11\/portugal-fecha-quarto-dia-europeu-de-trampolins-com-cinco-bronzes-por-equipas\/#primaryimage"},"image":{"@id":"https:\/\/portaltela.pt\/noticias\/2026\/04\/11\/portugal-fecha-quarto-dia-europeu-de-trampolins-com-cinco-bronzes-por-equipas\/#primaryimage"},"thumbnailUrl":"https:\/\/portaltela.pt\/s.01k8rhncp4jt1\/2026\/04\/img_920x518uu2026-04-11-21-36-34-2432475.jpg","datePublished":"2026-04-11T20:47:15+00:00","author":{"@id":"https:\/\/portaltela.pt\/#\/schema\/person\/c4278d4a6028830caff9ee44b42d32ed"},"breadcrumb":{"@id":"https:\/\/portaltela.pt\/noticias\/2026\/04\/11\/portugal-fecha-quarto-dia-europeu-de-trampolins-com-cinco-bronzes-por-equipas\/#breadcrumb"},"inLanguage":"pt-PT","potentialAction":[{"@type":"ReadAction","target":["https:\/\/portaltela.pt\/noticias\/2026\/04\/11\/portugal-fecha-quarto-dia-europeu-de-trampolins-com-cinco-bronzes-por-equipas\/"]}]},{"@type":"ImageObject","inLanguage":"pt-PT","@id":"https:\/\/portaltela.pt\/noticias\/2026\/04\/11\/portugal-fecha-quarto-dia-europeu-de-trampolins-com-cinco-bronzes-por-equipas\/#primaryimage","url":"https:\/\/portaltela.pt\/s.01k8rhncp4jt1\/2026\/04\/img_920x518uu2026-04-11-21-36-34-2432475.jpg","contentUrl":"https:\/\/portaltela.pt\/s.01k8rhncp4jt1\/2026\/04\/img_920x518uu2026-04-11-21-36-34-2432475.jpg","width":796,"height":448,"caption":"Equipa de seniores masculinos de trampolim individual"},{"@type":"BreadcrumbList","@id":"https:\/\/portaltela.pt\/noticias\/2026\/04\/11\/portugal-fecha-quarto-dia-europeu-de-trampolins-com-cinco-bronzes-por-equipas\/#breadcrumb","itemListElement":[{"@type":"ListItem","position":1,"name":"In\u00edcio","item":"https:\/\/portaltela.pt\/"},{"@type":"ListItem","position":2,"name":"Portugal fecha quarto dia Europeu de trampolins com cinco bronzes por equipas"}]},{"@type":"WebSite","@id":"https:\/\/portaltela.pt\/#website","url":"https:\/\/portaltela.pt\/","name":"Portal Tela Portugal","description":"","potentialAction":[{"@type":"SearchAction","target":{"@type":"EntryPoint","urlTemplate":"https:\/\/portaltela.pt\/?s={search_term_string}"},"query-input":{"@type":"PropertyValueSpecification","valueRequired":true,"valueName":"search_term_string"}}],"inLanguage":"pt-PT"},{"@type":"Person","@id":"https:\/\/portaltela.pt\/#\/schema\/person\/c4278d4a6028830caff9ee44b42d32ed","name":"Telinha","image":{"@type":"ImageObject","inLanguage":"pt-PT","@id":"https:\/\/portaltela.pt\/s.01k8rhncp4jt1\/2025\/11\/talking-bot-125x125.png","url":"https:\/\/portaltela.pt\/s.01k8rhncp4jt1\/2025\/11\/talking-bot-125x125.png","contentUrl":"https:\/\/portaltela.pt\/s.01k8rhncp4jt1\/2025\/11\/talking-bot-125x125.png","caption":"Telinha"},"sameAs":["https:\/\/portaltela.pt\/"],"url":"https:\/\/portaltela.pt\/por\/367410592786\/"}]}},"_links":{"self":[{"href":"https:\/\/portaltela.pt\/api\/wp\/v2\/posts\/440887","targetHints":{"allow":["GET"]}}],"collection":[{"href":"https:\/\/portaltela.pt\/api\/wp\/v2\/posts"}],"about":[{"href":"https:\/\/portaltela.pt\/api\/wp\/v2\/types\/post"}],"author":[{"embeddable":true,"href":"https:\/\/portaltela.pt\/api\/wp\/v2\/users\/2"}],"replies":[{"embeddable":true,"href":"https:\/\/portaltela.pt\/api\/wp\/v2\/comments?post=440887"}],"version-history":[{"count":0,"href":"https:\/\/portaltela.pt\/api\/wp\/v2\/posts\/440887\/revisions"}],"wp:featuredmedia":[{"embeddable":true,"href":"https:\/\/portaltela.pt\/api\/wp\/v2\/media\/440890"}],"wp:attachment":[{"href":"https:\/\/portaltela.pt\/api\/wp\/v2\/media?parent=440887"}],"wp:term":[{"taxonomy":"category","embeddable":true,"href":"https:\/\/portaltela.pt\/api\/wp\/v2\/categories?post=440887"},{"taxonomy":"post_tag","embeddable":true,"href":"https:\/\/portaltela.pt\/api\/wp\/v2\/tags?post=440887"}],"curies":[{"name":"wp","href":"https:\/\/api.w.org\/{rel}","templated":true}]}}