{"id":440882,"date":"2026-04-11T17:42:00","date_gmt":"2026-04-11T20:42:00","guid":{"rendered":"https:\/\/portaltela.pt\/noticias\/2026\/04\/11\/ronaldo-e-felix-marcam-na-vitoria-do-al-nassr-de-jorge-jesus\/"},"modified":"2026-04-11T17:42:00","modified_gmt":"2026-04-11T20:42:00","slug":"ronaldo-e-felix-marcam-na-vitoria-do-al-nassr-de-jorge-jesus","status":"publish","type":"post","link":"https:\/\/portaltela.pt\/desporto\/futebol\/2026\/04\/11\/ronaldo-e-felix-marcam-na-vitoria-do-al-nassr-de-jorge-jesus\/","title":{"rendered":"Ronaldo e F\u00e9lix marcam na vit\u00f3ria do Al Nassr de Jorge Jesus"},"content":{"rendered":"<p>O Al Nassr, orientado por Jorge Jesus, venceu o Al Okhdood por 2-0 na 28.\u00aa jornada da liga saudita. Os golos foram de Cristiano Ronaldo aos 15 minutos e de Jo\u00e3o F\u00e9lix aos 47, consolidando a lideran\u00e7a da prova.<\/p>\n<p>Tratando-se de uma vit\u00f3ria que j\u00e1 soma a 14.\u00aa consecutiva na liga e a 16.\u00aa em todas as competi\u00e7\u00f5es, o Al Nassr aproximou-se ainda mais do t\u00edtulo. A equipa tem, nos seis jogos seguintes, confrontos com os tr\u00eas perseguidores diretos: Al Hilal, Al Ahli e Al Qadsiah.<\/p>\n<p>Na classifica\u00e7\u00e3o, o Al Nassr lidera com 73 pontos. O Al Hilal ocupa o segundo posto com 68, o Al Ahli soma 66 e o Al Qadsiah 61, todos ainda a enfrentar Jorge Jesus, Cristiano Ronaldo e Jo\u00e3o F\u00e9lix.<\/p>\n<h3>Desdobramentos e posi\u00e7\u00e3o de risco<\/h3>\n<p>O Al Okhdood mant\u00e9m-se na 17.\u00aa posi\u00e7\u00e3o, com 16 pontos, numa zona de descida, a sete pontos do Damac, 15.\u00ba com 23. A equipa tem{&#8221; &#8220;}bastante trabalho pela frente para assegurar a perman\u00eancia nesta fase da \u00e9poca.<\/p>\n","protected":false},"excerpt":{"rendered":"<ul>\n<li>O Al Nassr, treinado por Jorge Jesus, venceu o Al Okhdood por 2-0 na 28.\u00aa jornada da liga saudita, com golos de Cristiano Ronaldo e Jo\u00e3o F\u00e9lix.<\/li>\n<li>Cristiano Ronaldo marcou aos 15 minutos e Jo\u00e3o F\u00e9lix aos 47, garantindo a 14.\u00aa vit\u00f3ria consecutiva na liga, e 16 triunfos seguidos em todas as competi\u00e7\u00f5es.<\/li>\n<li>A vit\u00f3ria coloca o Al Nassr com 73 pontos na lideran\u00e7a, com uma vantagem de cinco pontos sobre o Al Hilal (68).<\/li>\n<li>O Al Ahli aparece em terceiro (66) e o Al Qadsiah em quarto (61); todos seguem no caminho do confronto com Jorge Jesus, Ronaldo e F\u00e9lix.<\/li>\n<li>O Al Okhdood permanece na 17.\u00aa posi\u00e7\u00e3o, com 16 pontos, a sete do Damac (15.\u00ba) que est\u00e1 acima da linha de despromo\u00e7\u00e3o.<\/li>\n<\/ul>\n","protected":false},"author":2,"featured_media":440885,"comment_status":"closed","ping_status":"closed","sticky":false,"template":"","format":"standard","meta":{"footnotes":""},"categories":[21,24],"tags":[72,1947,32,3338,2188,1786],"class_list":["post-440882","post","type-post","status-publish","format-standard","has-post-thumbnail","hentry","category-desporto","category-futebol","tag-craques","tag-cristiano-ronaldo","tag-futebol","tag-futebol-internacional","tag-joao-felix","tag-liga"],"yoast_head":"<!-- This site is optimized with the Yoast SEO plugin v27.2 - https:\/\/yoast.com\/product\/yoast-seo-wordpress\/ -->\n<title>Ronaldo e F\u00e9lix marcam na vit\u00f3ria do Al Nassr de Jorge Jesus - Portal Tela Portugal<\/title>\n<meta name=\"robots\" content=\"index, follow, max-snippet:-1, max-image-preview:large, max-video-preview:-1\" \/>\n<meta property=\"og:locale\" content=\"pt_PT\" \/>\n<meta property=\"og:type\" content=\"article\" \/>\n<meta property=\"og:title\" content=\"Ronaldo e F\u00e9lix marcam na vit\u00f3ria do Al Nassr de Jorge Jesus - Portal Tela Portugal\" \/>\n<meta property=\"og:description\" content=\"O Al Nassr, treinado por Jorge Jesus, venceu o Al Okhdood por 2-0 na 28.\u00aa jornada da liga saudita, com golos de Cristiano Ronaldo e Jo\u00e3o F\u00e9lix. Cristiano Ronaldo marcou aos 15 minutos e Jo\u00e3o F\u00e9lix aos 47, garantindo a 14.\u00aa vit\u00f3ria consecutiva na liga, e 16 triunfos seguidos em todas as competi\u00e7\u00f5es. A vit\u00f3ria coloca o Al Nassr com 73 pontos na lideran\u00e7a, com uma vantagem de cinco pontos sobre o Al Hilal (68). O Al Ahli aparece em terceiro (66) e o Al Qadsiah em quarto (61); todos seguem no caminho do confronto com Jorge Jesus, Ronaldo e F\u00e9lix. O Al Okhdood permanece na 17.\u00aa posi\u00e7\u00e3o, com 16 pontos, a sete do Damac (15.\u00ba) que est\u00e1 acima da linha de despromo\u00e7\u00e3o.\" \/>\n<meta property=\"og:url\" content=\"https:\/\/portaltela.pt\/noticias\/2026\/04\/11\/ronaldo-e-felix-marcam-na-vitoria-do-al-nassr-de-jorge-jesus\/\" \/>\n<meta property=\"og:site_name\" content=\"Portal Tela Portugal\" \/>\n<meta property=\"article:published_time\" content=\"2026-04-11T20:42:00+00:00\" \/>\n<meta name=\"author\" content=\"Telinha\" \/>\n<meta name=\"twitter:card\" content=\"summary_large_image\" \/>\n<meta name=\"twitter:label1\" content=\"Escrito por\" \/>\n\t<meta name=\"twitter:data1\" content=\"Telinha\" \/>\n\t<meta name=\"twitter:label2\" content=\"Tempo estimado de leitura\" \/>\n\t<meta name=\"twitter:data2\" content=\"1 minuto\" \/>\n<script type=\"application\/ld+json\" class=\"yoast-schema-graph\">{\"@context\":\"https:\/\/schema.org\",\"@graph\":[{\"@type\":\"Article\",\"@id\":\"https:\/\/portaltela.pt\/noticias\/2026\/04\/11\/ronaldo-e-felix-marcam-na-vitoria-do-al-nassr-de-jorge-jesus\/#article\",\"isPartOf\":{\"@id\":\"https:\/\/portaltela.pt\/noticias\/2026\/04\/11\/ronaldo-e-felix-marcam-na-vitoria-do-al-nassr-de-jorge-jesus\/\"},\"author\":{\"name\":\"Telinha\",\"@id\":\"https:\/\/portaltela.pt\/#\/schema\/person\/c4278d4a6028830caff9ee44b42d32ed\"},\"headline\":\"Ronaldo e F\u00e9lix marcam na vit\u00f3ria do Al Nassr de Jorge Jesus\",\"datePublished\":\"2026-04-11T20:42:00+00:00\",\"mainEntityOfPage\":{\"@id\":\"https:\/\/portaltela.pt\/noticias\/2026\/04\/11\/ronaldo-e-felix-marcam-na-vitoria-do-al-nassr-de-jorge-jesus\/\"},\"wordCount\":182,\"image\":{\"@id\":\"https:\/\/portaltela.pt\/noticias\/2026\/04\/11\/ronaldo-e-felix-marcam-na-vitoria-do-al-nassr-de-jorge-jesus\/#primaryimage\"},\"thumbnailUrl\":\"https:\/\/portaltela.pt\/s.01k8rhncp4jt1\/2026\/04\/image-675.jpg\",\"keywords\":[\"craques\",\"Cristiano Ronaldo\",\"futebol\",\"futebol internacional\",\"Jo\u00e3o F\u00e9lix\",\"Liga\"],\"articleSection\":[\"Desporto\",\"Futebol\"],\"inLanguage\":\"pt-PT\"},{\"@type\":\"WebPage\",\"@id\":\"https:\/\/portaltela.pt\/noticias\/2026\/04\/11\/ronaldo-e-felix-marcam-na-vitoria-do-al-nassr-de-jorge-jesus\/\",\"url\":\"https:\/\/portaltela.pt\/noticias\/2026\/04\/11\/ronaldo-e-felix-marcam-na-vitoria-do-al-nassr-de-jorge-jesus\/\",\"name\":\"Ronaldo e F\u00e9lix marcam na vit\u00f3ria do Al Nassr de Jorge Jesus - Portal Tela Portugal\",\"isPartOf\":{\"@id\":\"https:\/\/portaltela.pt\/#website\"},\"primaryImageOfPage\":{\"@id\":\"https:\/\/portaltela.pt\/noticias\/2026\/04\/11\/ronaldo-e-felix-marcam-na-vitoria-do-al-nassr-de-jorge-jesus\/#primaryimage\"},\"image\":{\"@id\":\"https:\/\/portaltela.pt\/noticias\/2026\/04\/11\/ronaldo-e-felix-marcam-na-vitoria-do-al-nassr-de-jorge-jesus\/#primaryimage\"},\"thumbnailUrl\":\"https:\/\/portaltela.pt\/s.01k8rhncp4jt1\/2026\/04\/image-675.jpg\",\"datePublished\":\"2026-04-11T20:42:00+00:00\",\"author\":{\"@id\":\"https:\/\/portaltela.pt\/#\/schema\/person\/c4278d4a6028830caff9ee44b42d32ed\"},\"breadcrumb\":{\"@id\":\"https:\/\/portaltela.pt\/noticias\/2026\/04\/11\/ronaldo-e-felix-marcam-na-vitoria-do-al-nassr-de-jorge-jesus\/#breadcrumb\"},\"inLanguage\":\"pt-PT\",\"potentialAction\":[{\"@type\":\"ReadAction\",\"target\":[\"https:\/\/portaltela.pt\/noticias\/2026\/04\/11\/ronaldo-e-felix-marcam-na-vitoria-do-al-nassr-de-jorge-jesus\/\"]}]},{\"@type\":\"ImageObject\",\"inLanguage\":\"pt-PT\",\"@id\":\"https:\/\/portaltela.pt\/noticias\/2026\/04\/11\/ronaldo-e-felix-marcam-na-vitoria-do-al-nassr-de-jorge-jesus\/#primaryimage\",\"url\":\"https:\/\/portaltela.pt\/s.01k8rhncp4jt1\/2026\/04\/image-675.jpg\",\"contentUrl\":\"https:\/\/portaltela.pt\/s.01k8rhncp4jt1\/2026\/04\/image-675.jpg\",\"width\":796,\"height\":448,\"caption\":\"Cristiano Ronaldo voltou a marcar pelos sauditas\"},{\"@type\":\"BreadcrumbList\",\"@id\":\"https:\/\/portaltela.pt\/noticias\/2026\/04\/11\/ronaldo-e-felix-marcam-na-vitoria-do-al-nassr-de-jorge-jesus\/#breadcrumb\",\"itemListElement\":[{\"@type\":\"ListItem\",\"position\":1,\"name\":\"In\u00edcio\",\"item\":\"https:\/\/portaltela.pt\/\"},{\"@type\":\"ListItem\",\"position\":2,\"name\":\"Ronaldo e F\u00e9lix marcam na vit\u00f3ria do Al Nassr de Jorge Jesus\"}]},{\"@type\":\"WebSite\",\"@id\":\"https:\/\/portaltela.pt\/#website\",\"url\":\"https:\/\/portaltela.pt\/\",\"name\":\"Portal Tela Portugal\",\"description\":\"\",\"potentialAction\":[{\"@type\":\"SearchAction\",\"target\":{\"@type\":\"EntryPoint\",\"urlTemplate\":\"https:\/\/portaltela.pt\/?s={search_term_string}\"},\"query-input\":{\"@type\":\"PropertyValueSpecification\",\"valueRequired\":true,\"valueName\":\"search_term_string\"}}],\"inLanguage\":\"pt-PT\"},{\"@type\":\"Person\",\"@id\":\"https:\/\/portaltela.pt\/#\/schema\/person\/c4278d4a6028830caff9ee44b42d32ed\",\"name\":\"Telinha\",\"image\":{\"@type\":\"ImageObject\",\"inLanguage\":\"pt-PT\",\"@id\":\"https:\/\/portaltela.pt\/s.01k8rhncp4jt1\/2025\/11\/talking-bot-125x125.png\",\"url\":\"https:\/\/portaltela.pt\/s.01k8rhncp4jt1\/2025\/11\/talking-bot-125x125.png\",\"contentUrl\":\"https:\/\/portaltela.pt\/s.01k8rhncp4jt1\/2025\/11\/talking-bot-125x125.png\",\"caption\":\"Telinha\"},\"sameAs\":[\"https:\/\/portaltela.pt\/\"],\"url\":\"https:\/\/portaltela.pt\/por\/367410592786\/\"}]}<\/script>\n<!-- \/ Yoast SEO plugin. -->","yoast_head_json":{"title":"Ronaldo e F\u00e9lix marcam na vit\u00f3ria do Al Nassr de Jorge Jesus - Portal Tela Portugal","robots":{"index":"index","follow":"follow","max-snippet":"max-snippet:-1","max-image-preview":"max-image-preview:large","max-video-preview":"max-video-preview:-1"},"og_locale":"pt_PT","og_type":"article","og_title":"Ronaldo e F\u00e9lix marcam na vit\u00f3ria do Al Nassr de Jorge Jesus - Portal Tela Portugal","og_description":"O Al Nassr, treinado por Jorge Jesus, venceu o Al Okhdood por 2-0 na 28.\u00aa jornada da liga saudita, com golos de Cristiano Ronaldo e Jo\u00e3o F\u00e9lix. Cristiano Ronaldo marcou aos 15 minutos e Jo\u00e3o F\u00e9lix aos 47, garantindo a 14.\u00aa vit\u00f3ria consecutiva na liga, e 16 triunfos seguidos em todas as competi\u00e7\u00f5es. A vit\u00f3ria coloca o Al Nassr com 73 pontos na lideran\u00e7a, com uma vantagem de cinco pontos sobre o Al Hilal (68). O Al Ahli aparece em terceiro (66) e o Al Qadsiah em quarto (61); todos seguem no caminho do confronto com Jorge Jesus, Ronaldo e F\u00e9lix. O Al Okhdood permanece na 17.\u00aa posi\u00e7\u00e3o, com 16 pontos, a sete do Damac (15.\u00ba) que est\u00e1 acima da linha de despromo\u00e7\u00e3o.","og_url":"https:\/\/portaltela.pt\/noticias\/2026\/04\/11\/ronaldo-e-felix-marcam-na-vitoria-do-al-nassr-de-jorge-jesus\/","og_site_name":"Portal Tela Portugal","article_published_time":"2026-04-11T20:42:00+00:00","author":"Telinha","twitter_card":"summary_large_image","twitter_misc":{"Escrito por":"Telinha","Tempo estimado de leitura":"1 minuto"},"schema":{"@context":"https:\/\/schema.org","@graph":[{"@type":"Article","@id":"https:\/\/portaltela.pt\/noticias\/2026\/04\/11\/ronaldo-e-felix-marcam-na-vitoria-do-al-nassr-de-jorge-jesus\/#article","isPartOf":{"@id":"https:\/\/portaltela.pt\/noticias\/2026\/04\/11\/ronaldo-e-felix-marcam-na-vitoria-do-al-nassr-de-jorge-jesus\/"},"author":{"name":"Telinha","@id":"https:\/\/portaltela.pt\/#\/schema\/person\/c4278d4a6028830caff9ee44b42d32ed"},"headline":"Ronaldo e F\u00e9lix marcam na vit\u00f3ria do Al Nassr de Jorge Jesus","datePublished":"2026-04-11T20:42:00+00:00","mainEntityOfPage":{"@id":"https:\/\/portaltela.pt\/noticias\/2026\/04\/11\/ronaldo-e-felix-marcam-na-vitoria-do-al-nassr-de-jorge-jesus\/"},"wordCount":182,"image":{"@id":"https:\/\/portaltela.pt\/noticias\/2026\/04\/11\/ronaldo-e-felix-marcam-na-vitoria-do-al-nassr-de-jorge-jesus\/#primaryimage"},"thumbnailUrl":"https:\/\/portaltela.pt\/s.01k8rhncp4jt1\/2026\/04\/image-675.jpg","keywords":["craques","Cristiano Ronaldo","futebol","futebol internacional","Jo\u00e3o F\u00e9lix","Liga"],"articleSection":["Desporto","Futebol"],"inLanguage":"pt-PT"},{"@type":"WebPage","@id":"https:\/\/portaltela.pt\/noticias\/2026\/04\/11\/ronaldo-e-felix-marcam-na-vitoria-do-al-nassr-de-jorge-jesus\/","url":"https:\/\/portaltela.pt\/noticias\/2026\/04\/11\/ronaldo-e-felix-marcam-na-vitoria-do-al-nassr-de-jorge-jesus\/","name":"Ronaldo e F\u00e9lix marcam na vit\u00f3ria do Al Nassr de Jorge Jesus - Portal Tela Portugal","isPartOf":{"@id":"https:\/\/portaltela.pt\/#website"},"primaryImageOfPage":{"@id":"https:\/\/portaltela.pt\/noticias\/2026\/04\/11\/ronaldo-e-felix-marcam-na-vitoria-do-al-nassr-de-jorge-jesus\/#primaryimage"},"image":{"@id":"https:\/\/portaltela.pt\/noticias\/2026\/04\/11\/ronaldo-e-felix-marcam-na-vitoria-do-al-nassr-de-jorge-jesus\/#primaryimage"},"thumbnailUrl":"https:\/\/portaltela.pt\/s.01k8rhncp4jt1\/2026\/04\/image-675.jpg","datePublished":"2026-04-11T20:42:00+00:00","author":{"@id":"https:\/\/portaltela.pt\/#\/schema\/person\/c4278d4a6028830caff9ee44b42d32ed"},"breadcrumb":{"@id":"https:\/\/portaltela.pt\/noticias\/2026\/04\/11\/ronaldo-e-felix-marcam-na-vitoria-do-al-nassr-de-jorge-jesus\/#breadcrumb"},"inLanguage":"pt-PT","potentialAction":[{"@type":"ReadAction","target":["https:\/\/portaltela.pt\/noticias\/2026\/04\/11\/ronaldo-e-felix-marcam-na-vitoria-do-al-nassr-de-jorge-jesus\/"]}]},{"@type":"ImageObject","inLanguage":"pt-PT","@id":"https:\/\/portaltela.pt\/noticias\/2026\/04\/11\/ronaldo-e-felix-marcam-na-vitoria-do-al-nassr-de-jorge-jesus\/#primaryimage","url":"https:\/\/portaltela.pt\/s.01k8rhncp4jt1\/2026\/04\/image-675.jpg","contentUrl":"https:\/\/portaltela.pt\/s.01k8rhncp4jt1\/2026\/04\/image-675.jpg","width":796,"height":448,"caption":"Cristiano Ronaldo voltou a marcar pelos sauditas"},{"@type":"BreadcrumbList","@id":"https:\/\/portaltela.pt\/noticias\/2026\/04\/11\/ronaldo-e-felix-marcam-na-vitoria-do-al-nassr-de-jorge-jesus\/#breadcrumb","itemListElement":[{"@type":"ListItem","position":1,"name":"In\u00edcio","item":"https:\/\/portaltela.pt\/"},{"@type":"ListItem","position":2,"name":"Ronaldo e F\u00e9lix marcam na vit\u00f3ria do Al Nassr de Jorge Jesus"}]},{"@type":"WebSite","@id":"https:\/\/portaltela.pt\/#website","url":"https:\/\/portaltela.pt\/","name":"Portal Tela Portugal","description":"","potentialAction":[{"@type":"SearchAction","target":{"@type":"EntryPoint","urlTemplate":"https:\/\/portaltela.pt\/?s={search_term_string}"},"query-input":{"@type":"PropertyValueSpecification","valueRequired":true,"valueName":"search_term_string"}}],"inLanguage":"pt-PT"},{"@type":"Person","@id":"https:\/\/portaltela.pt\/#\/schema\/person\/c4278d4a6028830caff9ee44b42d32ed","name":"Telinha","image":{"@type":"ImageObject","inLanguage":"pt-PT","@id":"https:\/\/portaltela.pt\/s.01k8rhncp4jt1\/2025\/11\/talking-bot-125x125.png","url":"https:\/\/portaltela.pt\/s.01k8rhncp4jt1\/2025\/11\/talking-bot-125x125.png","contentUrl":"https:\/\/portaltela.pt\/s.01k8rhncp4jt1\/2025\/11\/talking-bot-125x125.png","caption":"Telinha"},"sameAs":["https:\/\/portaltela.pt\/"],"url":"https:\/\/portaltela.pt\/por\/367410592786\/"}]}},"_links":{"self":[{"href":"https:\/\/portaltela.pt\/api\/wp\/v2\/posts\/440882","targetHints":{"allow":["GET"]}}],"collection":[{"href":"https:\/\/portaltela.pt\/api\/wp\/v2\/posts"}],"about":[{"href":"https:\/\/portaltela.pt\/api\/wp\/v2\/types\/post"}],"author":[{"embeddable":true,"href":"https:\/\/portaltela.pt\/api\/wp\/v2\/users\/2"}],"replies":[{"embeddable":true,"href":"https:\/\/portaltela.pt\/api\/wp\/v2\/comments?post=440882"}],"version-history":[{"count":0,"href":"https:\/\/portaltela.pt\/api\/wp\/v2\/posts\/440882\/revisions"}],"wp:featuredmedia":[{"embeddable":true,"href":"https:\/\/portaltela.pt\/api\/wp\/v2\/media\/440885"}],"wp:attachment":[{"href":"https:\/\/portaltela.pt\/api\/wp\/v2\/media?parent=440882"}],"wp:term":[{"taxonomy":"category","embeddable":true,"href":"https:\/\/portaltela.pt\/api\/wp\/v2\/categories?post=440882"},{"taxonomy":"post_tag","embeddable":true,"href":"https:\/\/portaltela.pt\/api\/wp\/v2\/tags?post=440882"}],"curies":[{"name":"wp","href":"https:\/\/api.w.org\/{rel}","templated":true}]}}