{"id":440880,"date":"2026-04-11T17:37:05","date_gmt":"2026-04-11T20:37:05","guid":{"rendered":"https:\/\/portaltela.pt\/noticias\/2026\/04\/11\/familia-mourinho-reune-se-em-azeitao\/"},"modified":"2026-04-11T17:37:05","modified_gmt":"2026-04-11T20:37:05","slug":"familia-mourinho-reune-se-em-azeitao","status":"publish","type":"post","link":"https:\/\/portaltela.pt\/celebridades\/2026\/04\/11\/familia-mourinho-reune-se-em-azeitao\/","title":{"rendered":"Fam\u00edlia Mourinho re\u00fane-se em Azeit\u00e3o"},"content":{"rendered":"<p>A fam\u00edlia Mourinho reuniu-se em Azeit\u00e3o para celebrar a quadra pascal, numa ocasi\u00e3o em que Jos\u00e9 Mourinho privilegiou momentos de uni\u00e3o familiar entre compromissos profissionais. O encontro ocorreu no contexto da P\u00e1scoa, no concelho de Set\u00fabal.<\/p>\n<p>Matilde Mourinho, filha mais velha do treinador do Benfica, chegou de Londres para o regresso a casa. A jovem partilhou nas redes sociais instantes do reencontro, em ambiente familiar, com a paisagem de fundo t\u00edpica da regi\u00e3o.<\/p>\n<p>O reencontro decorreu na casa da fam\u00edlia, onde aproveitaram para agradecer a visita e partilhar bons momentos ao ar livre, sob a luz do sol, em plena celebra\u00e7\u00e3o pascal.<\/p>\n<p>Apesar da agenda exigente no Seixal, onde dirige o treino do Benfica, Mourinho valoriza estas visitas de fam\u00edlia sempre que poss\u00edvel, destacando a import\u00e2ncia dos la\u00e7os familiares nestas \u00e9pocas festivas.<\/p>\n<p>A equipa de treino do Benfica e a pr\u00f3pria rotina do treinador s\u00e3o os elementos que, de forma cont\u00ednua, moldam a disponibilidade para momentos como este, que a fam\u00edlia descreve como especiais.<\/p>\n","protected":false},"excerpt":{"rendered":"<ul>\n<li>A fam\u00edlia Mourinho reuniu-se em Azeit\u00e3o para a quadra pascal.<\/li>\n<li>Matilde Mourinho, filha mais velha de Jos\u00e9 Mourinho, veio de Londres para a P\u00e1scoa.<\/li>\n<li>O treinador do Benfica valoriza estes momentos em fam\u00edlia, mesmo com a exig\u00eancia da escola de treino no Seixal.<\/li>\n<li>Matilde partilhou momentos nas redes sociais, incluindo o reencontro com a m\u00e3e e as vistas do distrito de Set\u00fabal.<\/li>\n<li>As imagens mostram a reuni\u00e3o familiar em casa, aproveitando o sol da regi\u00e3o.<\/li>\n<\/ul>\n","protected":false},"author":2,"featured_media":440881,"comment_status":"closed","ping_status":"closed","sticky":false,"template":"","format":"standard","meta":{"footnotes":""},"categories":[6675],"tags":[974,1946,64,32,994],"class_list":["post-440880","post","type-post","status-publish","format-standard","has-post-thumbnail","hentry","category-celebridades","tag-azeitao","tag-benfica","tag-familia","tag-futebol","tag-setubal"],"yoast_head":"<!-- This site is optimized with the Yoast SEO plugin v27.2 - https:\/\/yoast.com\/product\/yoast-seo-wordpress\/ -->\n<title>Fam\u00edlia Mourinho re\u00fane-se em Azeit\u00e3o - Portal Tela Portugal<\/title>\n<meta name=\"robots\" content=\"index, follow, max-snippet:-1, max-image-preview:large, max-video-preview:-1\" \/>\n<meta property=\"og:locale\" content=\"pt_PT\" \/>\n<meta property=\"og:type\" content=\"article\" \/>\n<meta property=\"og:title\" content=\"Fam\u00edlia Mourinho re\u00fane-se em Azeit\u00e3o - Portal Tela Portugal\" \/>\n<meta property=\"og:description\" content=\"A fam\u00edlia Mourinho reuniu-se em Azeit\u00e3o para a quadra pascal. Matilde Mourinho, filha mais velha de Jos\u00e9 Mourinho, veio de Londres para a P\u00e1scoa. O treinador do Benfica valoriza estes momentos em fam\u00edlia, mesmo com a exig\u00eancia da escola de treino no Seixal. Matilde partilhou momentos nas redes sociais, incluindo o reencontro com a m\u00e3e e as vistas do distrito de Set\u00fabal. As imagens mostram a reuni\u00e3o familiar em casa, aproveitando o sol da regi\u00e3o.\" \/>\n<meta property=\"og:url\" content=\"https:\/\/portaltela.pt\/noticias\/2026\/04\/11\/familia-mourinho-reune-se-em-azeitao\/\" \/>\n<meta property=\"og:site_name\" content=\"Portal Tela Portugal\" \/>\n<meta property=\"article:published_time\" content=\"2026-04-11T20:37:05+00:00\" \/>\n<meta name=\"author\" content=\"Telinha\" \/>\n<meta name=\"twitter:card\" content=\"summary_large_image\" \/>\n<meta name=\"twitter:label1\" content=\"Escrito por\" \/>\n\t<meta name=\"twitter:data1\" content=\"Telinha\" \/>\n\t<meta name=\"twitter:label2\" content=\"Tempo estimado de leitura\" \/>\n\t<meta name=\"twitter:data2\" content=\"1 minuto\" \/>\n<script type=\"application\/ld+json\" class=\"yoast-schema-graph\">{\"@context\":\"https:\/\/schema.org\",\"@graph\":[{\"@type\":\"Article\",\"@id\":\"https:\/\/portaltela.pt\/noticias\/2026\/04\/11\/familia-mourinho-reune-se-em-azeitao\/#article\",\"isPartOf\":{\"@id\":\"https:\/\/portaltela.pt\/noticias\/2026\/04\/11\/familia-mourinho-reune-se-em-azeitao\/\"},\"author\":{\"name\":\"Telinha\",\"@id\":\"https:\/\/portaltela.pt\/#\/schema\/person\/c4278d4a6028830caff9ee44b42d32ed\"},\"headline\":\"Fam\u00edlia Mourinho re\u00fane-se em Azeit\u00e3o\",\"datePublished\":\"2026-04-11T20:37:05+00:00\",\"mainEntityOfPage\":{\"@id\":\"https:\/\/portaltela.pt\/noticias\/2026\/04\/11\/familia-mourinho-reune-se-em-azeitao\/\"},\"wordCount\":190,\"image\":{\"@id\":\"https:\/\/portaltela.pt\/noticias\/2026\/04\/11\/familia-mourinho-reune-se-em-azeitao\/#primaryimage\"},\"thumbnailUrl\":\"https:\/\/portaltela.pt\/s.01k8rhncp4jt1\/2026\/04\/img_1280x718uu2026-04-07-12-20-40-2277019.jpg\",\"keywords\":[\"Azeit\u00e3o\",\"Benfica\",\"fam\u00edlia\",\"futebol\",\"Set\u00fabal\"],\"articleSection\":[\"Celebridades\"],\"inLanguage\":\"pt-PT\"},{\"@type\":\"WebPage\",\"@id\":\"https:\/\/portaltela.pt\/noticias\/2026\/04\/11\/familia-mourinho-reune-se-em-azeitao\/\",\"url\":\"https:\/\/portaltela.pt\/noticias\/2026\/04\/11\/familia-mourinho-reune-se-em-azeitao\/\",\"name\":\"Fam\u00edlia Mourinho re\u00fane-se em Azeit\u00e3o - Portal Tela Portugal\",\"isPartOf\":{\"@id\":\"https:\/\/portaltela.pt\/#website\"},\"primaryImageOfPage\":{\"@id\":\"https:\/\/portaltela.pt\/noticias\/2026\/04\/11\/familia-mourinho-reune-se-em-azeitao\/#primaryimage\"},\"image\":{\"@id\":\"https:\/\/portaltela.pt\/noticias\/2026\/04\/11\/familia-mourinho-reune-se-em-azeitao\/#primaryimage\"},\"thumbnailUrl\":\"https:\/\/portaltela.pt\/s.01k8rhncp4jt1\/2026\/04\/img_1280x718uu2026-04-07-12-20-40-2277019.jpg\",\"datePublished\":\"2026-04-11T20:37:05+00:00\",\"author\":{\"@id\":\"https:\/\/portaltela.pt\/#\/schema\/person\/c4278d4a6028830caff9ee44b42d32ed\"},\"breadcrumb\":{\"@id\":\"https:\/\/portaltela.pt\/noticias\/2026\/04\/11\/familia-mourinho-reune-se-em-azeitao\/#breadcrumb\"},\"inLanguage\":\"pt-PT\",\"potentialAction\":[{\"@type\":\"ReadAction\",\"target\":[\"https:\/\/portaltela.pt\/noticias\/2026\/04\/11\/familia-mourinho-reune-se-em-azeitao\/\"]}]},{\"@type\":\"ImageObject\",\"inLanguage\":\"pt-PT\",\"@id\":\"https:\/\/portaltela.pt\/noticias\/2026\/04\/11\/familia-mourinho-reune-se-em-azeitao\/#primaryimage\",\"url\":\"https:\/\/portaltela.pt\/s.01k8rhncp4jt1\/2026\/04\/img_1280x718uu2026-04-07-12-20-40-2277019.jpg\",\"contentUrl\":\"https:\/\/portaltela.pt\/s.01k8rhncp4jt1\/2026\/04\/img_1280x718uu2026-04-07-12-20-40-2277019.jpg\",\"width\":796,\"height\":448,\"caption\":\"Fam\u00edlia Mourinho reunida em Azeit\u00e3o para a P\u00e1scoa, com Matilde a chegar de Londres\"},{\"@type\":\"BreadcrumbList\",\"@id\":\"https:\/\/portaltela.pt\/noticias\/2026\/04\/11\/familia-mourinho-reune-se-em-azeitao\/#breadcrumb\",\"itemListElement\":[{\"@type\":\"ListItem\",\"position\":1,\"name\":\"In\u00edcio\",\"item\":\"https:\/\/portaltela.pt\/\"},{\"@type\":\"ListItem\",\"position\":2,\"name\":\"Fam\u00edlia Mourinho re\u00fane-se em Azeit\u00e3o\"}]},{\"@type\":\"WebSite\",\"@id\":\"https:\/\/portaltela.pt\/#website\",\"url\":\"https:\/\/portaltela.pt\/\",\"name\":\"Portal Tela Portugal\",\"description\":\"\",\"potentialAction\":[{\"@type\":\"SearchAction\",\"target\":{\"@type\":\"EntryPoint\",\"urlTemplate\":\"https:\/\/portaltela.pt\/?s={search_term_string}\"},\"query-input\":{\"@type\":\"PropertyValueSpecification\",\"valueRequired\":true,\"valueName\":\"search_term_string\"}}],\"inLanguage\":\"pt-PT\"},{\"@type\":\"Person\",\"@id\":\"https:\/\/portaltela.pt\/#\/schema\/person\/c4278d4a6028830caff9ee44b42d32ed\",\"name\":\"Telinha\",\"image\":{\"@type\":\"ImageObject\",\"inLanguage\":\"pt-PT\",\"@id\":\"https:\/\/portaltela.pt\/s.01k8rhncp4jt1\/2025\/11\/talking-bot-125x125.png\",\"url\":\"https:\/\/portaltela.pt\/s.01k8rhncp4jt1\/2025\/11\/talking-bot-125x125.png\",\"contentUrl\":\"https:\/\/portaltela.pt\/s.01k8rhncp4jt1\/2025\/11\/talking-bot-125x125.png\",\"caption\":\"Telinha\"},\"sameAs\":[\"https:\/\/portaltela.pt\/\"],\"url\":\"https:\/\/portaltela.pt\/por\/367410592786\/\"}]}<\/script>\n<!-- \/ Yoast SEO plugin. -->","yoast_head_json":{"title":"Fam\u00edlia Mourinho re\u00fane-se em Azeit\u00e3o - Portal Tela Portugal","robots":{"index":"index","follow":"follow","max-snippet":"max-snippet:-1","max-image-preview":"max-image-preview:large","max-video-preview":"max-video-preview:-1"},"og_locale":"pt_PT","og_type":"article","og_title":"Fam\u00edlia Mourinho re\u00fane-se em Azeit\u00e3o - Portal Tela Portugal","og_description":"A fam\u00edlia Mourinho reuniu-se em Azeit\u00e3o para a quadra pascal. Matilde Mourinho, filha mais velha de Jos\u00e9 Mourinho, veio de Londres para a P\u00e1scoa. O treinador do Benfica valoriza estes momentos em fam\u00edlia, mesmo com a exig\u00eancia da escola de treino no Seixal. Matilde partilhou momentos nas redes sociais, incluindo o reencontro com a m\u00e3e e as vistas do distrito de Set\u00fabal. As imagens mostram a reuni\u00e3o familiar em casa, aproveitando o sol da regi\u00e3o.","og_url":"https:\/\/portaltela.pt\/noticias\/2026\/04\/11\/familia-mourinho-reune-se-em-azeitao\/","og_site_name":"Portal Tela Portugal","article_published_time":"2026-04-11T20:37:05+00:00","author":"Telinha","twitter_card":"summary_large_image","twitter_misc":{"Escrito por":"Telinha","Tempo estimado de leitura":"1 minuto"},"schema":{"@context":"https:\/\/schema.org","@graph":[{"@type":"Article","@id":"https:\/\/portaltela.pt\/noticias\/2026\/04\/11\/familia-mourinho-reune-se-em-azeitao\/#article","isPartOf":{"@id":"https:\/\/portaltela.pt\/noticias\/2026\/04\/11\/familia-mourinho-reune-se-em-azeitao\/"},"author":{"name":"Telinha","@id":"https:\/\/portaltela.pt\/#\/schema\/person\/c4278d4a6028830caff9ee44b42d32ed"},"headline":"Fam\u00edlia Mourinho re\u00fane-se em Azeit\u00e3o","datePublished":"2026-04-11T20:37:05+00:00","mainEntityOfPage":{"@id":"https:\/\/portaltela.pt\/noticias\/2026\/04\/11\/familia-mourinho-reune-se-em-azeitao\/"},"wordCount":190,"image":{"@id":"https:\/\/portaltela.pt\/noticias\/2026\/04\/11\/familia-mourinho-reune-se-em-azeitao\/#primaryimage"},"thumbnailUrl":"https:\/\/portaltela.pt\/s.01k8rhncp4jt1\/2026\/04\/img_1280x718uu2026-04-07-12-20-40-2277019.jpg","keywords":["Azeit\u00e3o","Benfica","fam\u00edlia","futebol","Set\u00fabal"],"articleSection":["Celebridades"],"inLanguage":"pt-PT"},{"@type":"WebPage","@id":"https:\/\/portaltela.pt\/noticias\/2026\/04\/11\/familia-mourinho-reune-se-em-azeitao\/","url":"https:\/\/portaltela.pt\/noticias\/2026\/04\/11\/familia-mourinho-reune-se-em-azeitao\/","name":"Fam\u00edlia Mourinho re\u00fane-se em Azeit\u00e3o - Portal Tela Portugal","isPartOf":{"@id":"https:\/\/portaltela.pt\/#website"},"primaryImageOfPage":{"@id":"https:\/\/portaltela.pt\/noticias\/2026\/04\/11\/familia-mourinho-reune-se-em-azeitao\/#primaryimage"},"image":{"@id":"https:\/\/portaltela.pt\/noticias\/2026\/04\/11\/familia-mourinho-reune-se-em-azeitao\/#primaryimage"},"thumbnailUrl":"https:\/\/portaltela.pt\/s.01k8rhncp4jt1\/2026\/04\/img_1280x718uu2026-04-07-12-20-40-2277019.jpg","datePublished":"2026-04-11T20:37:05+00:00","author":{"@id":"https:\/\/portaltela.pt\/#\/schema\/person\/c4278d4a6028830caff9ee44b42d32ed"},"breadcrumb":{"@id":"https:\/\/portaltela.pt\/noticias\/2026\/04\/11\/familia-mourinho-reune-se-em-azeitao\/#breadcrumb"},"inLanguage":"pt-PT","potentialAction":[{"@type":"ReadAction","target":["https:\/\/portaltela.pt\/noticias\/2026\/04\/11\/familia-mourinho-reune-se-em-azeitao\/"]}]},{"@type":"ImageObject","inLanguage":"pt-PT","@id":"https:\/\/portaltela.pt\/noticias\/2026\/04\/11\/familia-mourinho-reune-se-em-azeitao\/#primaryimage","url":"https:\/\/portaltela.pt\/s.01k8rhncp4jt1\/2026\/04\/img_1280x718uu2026-04-07-12-20-40-2277019.jpg","contentUrl":"https:\/\/portaltela.pt\/s.01k8rhncp4jt1\/2026\/04\/img_1280x718uu2026-04-07-12-20-40-2277019.jpg","width":796,"height":448,"caption":"Fam\u00edlia Mourinho reunida em Azeit\u00e3o para a P\u00e1scoa, com Matilde a chegar de Londres"},{"@type":"BreadcrumbList","@id":"https:\/\/portaltela.pt\/noticias\/2026\/04\/11\/familia-mourinho-reune-se-em-azeitao\/#breadcrumb","itemListElement":[{"@type":"ListItem","position":1,"name":"In\u00edcio","item":"https:\/\/portaltela.pt\/"},{"@type":"ListItem","position":2,"name":"Fam\u00edlia Mourinho re\u00fane-se em Azeit\u00e3o"}]},{"@type":"WebSite","@id":"https:\/\/portaltela.pt\/#website","url":"https:\/\/portaltela.pt\/","name":"Portal Tela Portugal","description":"","potentialAction":[{"@type":"SearchAction","target":{"@type":"EntryPoint","urlTemplate":"https:\/\/portaltela.pt\/?s={search_term_string}"},"query-input":{"@type":"PropertyValueSpecification","valueRequired":true,"valueName":"search_term_string"}}],"inLanguage":"pt-PT"},{"@type":"Person","@id":"https:\/\/portaltela.pt\/#\/schema\/person\/c4278d4a6028830caff9ee44b42d32ed","name":"Telinha","image":{"@type":"ImageObject","inLanguage":"pt-PT","@id":"https:\/\/portaltela.pt\/s.01k8rhncp4jt1\/2025\/11\/talking-bot-125x125.png","url":"https:\/\/portaltela.pt\/s.01k8rhncp4jt1\/2025\/11\/talking-bot-125x125.png","contentUrl":"https:\/\/portaltela.pt\/s.01k8rhncp4jt1\/2025\/11\/talking-bot-125x125.png","caption":"Telinha"},"sameAs":["https:\/\/portaltela.pt\/"],"url":"https:\/\/portaltela.pt\/por\/367410592786\/"}]}},"_links":{"self":[{"href":"https:\/\/portaltela.pt\/api\/wp\/v2\/posts\/440880","targetHints":{"allow":["GET"]}}],"collection":[{"href":"https:\/\/portaltela.pt\/api\/wp\/v2\/posts"}],"about":[{"href":"https:\/\/portaltela.pt\/api\/wp\/v2\/types\/post"}],"author":[{"embeddable":true,"href":"https:\/\/portaltela.pt\/api\/wp\/v2\/users\/2"}],"replies":[{"embeddable":true,"href":"https:\/\/portaltela.pt\/api\/wp\/v2\/comments?post=440880"}],"version-history":[{"count":0,"href":"https:\/\/portaltela.pt\/api\/wp\/v2\/posts\/440880\/revisions"}],"wp:featuredmedia":[{"embeddable":true,"href":"https:\/\/portaltela.pt\/api\/wp\/v2\/media\/440881"}],"wp:attachment":[{"href":"https:\/\/portaltela.pt\/api\/wp\/v2\/media?parent=440880"}],"wp:term":[{"taxonomy":"category","embeddable":true,"href":"https:\/\/portaltela.pt\/api\/wp\/v2\/categories?post=440880"},{"taxonomy":"post_tag","embeddable":true,"href":"https:\/\/portaltela.pt\/api\/wp\/v2\/tags?post=440880"}],"curies":[{"name":"wp","href":"https:\/\/api.w.org\/{rel}","templated":true}]}}