{"id":440878,"date":"2026-04-11T17:32:26","date_gmt":"2026-04-11T20:32:26","guid":{"rendered":"https:\/\/portaltela.pt\/noticias\/2026\/04\/11\/rio-ave-vence-santa-clara-2-0-e-segue-em-ascensao\/"},"modified":"2026-04-11T17:32:26","modified_gmt":"2026-04-11T20:32:26","slug":"rio-ave-vence-santa-clara-2-0-e-segue-em-ascensao","status":"publish","type":"post","link":"https:\/\/portaltela.pt\/desporto\/futebol\/2026\/04\/11\/rio-ave-vence-santa-clara-2-0-e-segue-em-ascensao\/","title":{"rendered":"Rio Ave vence Santa Clara 2-0 e segue em ascens\u00e3o"},"content":{"rendered":"<p>O Rio Ave venceu o Santa Clara por 2-0, em pleno Funchal? N\u00e3o, em Ponta Delgada, A\u00e7ores, numa partida em que os vilacondenses estiveram sempre atentos \u00e0 vit\u00f3ria. Os golos chegaram com jogadascentro? n\u00e3o especificadas, mas com o ar como principal elemento de finaliza\u00e7\u00e3o.<\/p>\n<p>A equipa orientada por Sotiris somou a quarta vit\u00f3ria em cinco jogos, consolidando a boa fase. Com este resultado, a manuten\u00e7\u00e3o aproxima-se para o Rio Ave, que consolidou posi\u00e7\u00e3o na tabela.<\/p>\n<p>Do lado do Santa Clara, a derrota surge na sequ\u00eancia da chegada de Petit, que substituiu o anterior treinador. O clube registou duas derrotas consecutivas ap\u00f3s a integra\u00e7\u00e3o do novo t\u00e9cnico, quebrando o momento favor\u00e1vel anterior.<\/p>\n<p>Na classifica\u00e7\u00e3o, o Rio Ave mant\u00e9m-se em posi\u00e7\u00e3o privilegiada, com perspetivas de refor\u00e7ar a press\u00e3o nas zonas de perman\u00eancia. O Santa Clara enfrenta um per\u00edodo exigente para recuperar o fio ao jogo.<\/p>\n","protected":false},"excerpt":{"rendered":"<ul>\n<li>Rio Ave venceu o Santa Clara por 2-0, em Ponta Delgada, mantendo a boa forma com quatro vit\u00f3rias em cinco jogos.<\/li>\n<li>Os vila-condenses regressaram aos triunfos ap\u00f3s o desaire em casa com o Alverca.<\/li>\n<li>A recupera\u00e7\u00e3o aproxima a perman\u00eancia do Rio Ave no campeonato.<\/li>\n<li>Em contrapartida, o Santa Clara viu encerrar o seu per\u00edodo de gra\u00e7a com a chegada de Petit, com duas derrotas seguidas.<\/li>\n<\/ul>\n","protected":false},"author":2,"featured_media":440879,"comment_status":"closed","ping_status":"closed","sticky":false,"template":"","format":"standard","meta":{"footnotes":""},"categories":[21,24],"tags":[4143,822,152,32,2190,998],"class_list":["post-440878","post","type-post","status-publish","format-standard","has-post-thumbnail","hentry","category-desporto","category-futebol","tag-1-liga","tag-acores","tag-desporto","tag-futebol","tag-rio-ave","tag-santa-clara"],"yoast_head":"<!-- This site is optimized with the Yoast SEO plugin v27.2 - https:\/\/yoast.com\/product\/yoast-seo-wordpress\/ -->\n<title>Rio Ave vence Santa Clara 2-0 e segue em ascens\u00e3o - Portal Tela Portugal<\/title>\n<meta name=\"robots\" content=\"index, follow, max-snippet:-1, max-image-preview:large, max-video-preview:-1\" \/>\n<meta property=\"og:locale\" content=\"pt_PT\" \/>\n<meta property=\"og:type\" content=\"article\" \/>\n<meta property=\"og:title\" content=\"Rio Ave vence Santa Clara 2-0 e segue em ascens\u00e3o - Portal Tela Portugal\" \/>\n<meta property=\"og:description\" content=\"Rio Ave venceu o Santa Clara por 2-0, em Ponta Delgada, mantendo a boa forma com quatro vit\u00f3rias em cinco jogos. Os vila-condenses regressaram aos triunfos ap\u00f3s o desaire em casa com o Alverca. A recupera\u00e7\u00e3o aproxima a perman\u00eancia do Rio Ave no campeonato. Em contrapartida, o Santa Clara viu encerrar o seu per\u00edodo de gra\u00e7a com a chegada de Petit, com duas derrotas seguidas.\" \/>\n<meta property=\"og:url\" content=\"https:\/\/portaltela.pt\/noticias\/2026\/04\/11\/rio-ave-vence-santa-clara-2-0-e-segue-em-ascensao\/\" \/>\n<meta property=\"og:site_name\" content=\"Portal Tela Portugal\" \/>\n<meta property=\"article:published_time\" content=\"2026-04-11T20:32:26+00:00\" \/>\n<meta name=\"author\" content=\"Telinha\" \/>\n<meta name=\"twitter:card\" content=\"summary_large_image\" \/>\n<meta name=\"twitter:label1\" content=\"Escrito por\" \/>\n\t<meta name=\"twitter:data1\" content=\"Telinha\" \/>\n\t<meta name=\"twitter:label2\" content=\"Tempo estimado de leitura\" \/>\n\t<meta name=\"twitter:data2\" content=\"1 minuto\" \/>\n<script type=\"application\/ld+json\" class=\"yoast-schema-graph\">{\"@context\":\"https:\/\/schema.org\",\"@graph\":[{\"@type\":\"Article\",\"@id\":\"https:\/\/portaltela.pt\/noticias\/2026\/04\/11\/rio-ave-vence-santa-clara-2-0-e-segue-em-ascensao\/#article\",\"isPartOf\":{\"@id\":\"https:\/\/portaltela.pt\/noticias\/2026\/04\/11\/rio-ave-vence-santa-clara-2-0-e-segue-em-ascensao\/\"},\"author\":{\"name\":\"Telinha\",\"@id\":\"https:\/\/portaltela.pt\/#\/schema\/person\/c4278d4a6028830caff9ee44b42d32ed\"},\"headline\":\"Rio Ave vence Santa Clara 2-0 e segue em ascens\u00e3o\",\"datePublished\":\"2026-04-11T20:32:26+00:00\",\"mainEntityOfPage\":{\"@id\":\"https:\/\/portaltela.pt\/noticias\/2026\/04\/11\/rio-ave-vence-santa-clara-2-0-e-segue-em-ascensao\/\"},\"wordCount\":173,\"image\":{\"@id\":\"https:\/\/portaltela.pt\/noticias\/2026\/04\/11\/rio-ave-vence-santa-clara-2-0-e-segue-em-ascensao\/#primaryimage\"},\"thumbnailUrl\":\"https:\/\/portaltela.pt\/s.01k8rhncp4jt1\/2026\/04\/img_920x518uu2026-04-11-21-23-16-2432470-im-639115394752858801.jpg\",\"keywords\":[\"1. Liga\",\"A\u00e7ores\",\"desporto\",\"futebol\",\"Rio Ave\",\"Santa Clara\"],\"articleSection\":[\"Desporto\",\"Futebol\"],\"inLanguage\":\"pt-PT\"},{\"@type\":\"WebPage\",\"@id\":\"https:\/\/portaltela.pt\/noticias\/2026\/04\/11\/rio-ave-vence-santa-clara-2-0-e-segue-em-ascensao\/\",\"url\":\"https:\/\/portaltela.pt\/noticias\/2026\/04\/11\/rio-ave-vence-santa-clara-2-0-e-segue-em-ascensao\/\",\"name\":\"Rio Ave vence Santa Clara 2-0 e segue em ascens\u00e3o - Portal Tela Portugal\",\"isPartOf\":{\"@id\":\"https:\/\/portaltela.pt\/#website\"},\"primaryImageOfPage\":{\"@id\":\"https:\/\/portaltela.pt\/noticias\/2026\/04\/11\/rio-ave-vence-santa-clara-2-0-e-segue-em-ascensao\/#primaryimage\"},\"image\":{\"@id\":\"https:\/\/portaltela.pt\/noticias\/2026\/04\/11\/rio-ave-vence-santa-clara-2-0-e-segue-em-ascensao\/#primaryimage\"},\"thumbnailUrl\":\"https:\/\/portaltela.pt\/s.01k8rhncp4jt1\/2026\/04\/img_920x518uu2026-04-11-21-23-16-2432470-im-639115394752858801.jpg\",\"datePublished\":\"2026-04-11T20:32:26+00:00\",\"author\":{\"@id\":\"https:\/\/portaltela.pt\/#\/schema\/person\/c4278d4a6028830caff9ee44b42d32ed\"},\"breadcrumb\":{\"@id\":\"https:\/\/portaltela.pt\/noticias\/2026\/04\/11\/rio-ave-vence-santa-clara-2-0-e-segue-em-ascensao\/#breadcrumb\"},\"inLanguage\":\"pt-PT\",\"potentialAction\":[{\"@type\":\"ReadAction\",\"target\":[\"https:\/\/portaltela.pt\/noticias\/2026\/04\/11\/rio-ave-vence-santa-clara-2-0-e-segue-em-ascensao\/\"]}]},{\"@type\":\"ImageObject\",\"inLanguage\":\"pt-PT\",\"@id\":\"https:\/\/portaltela.pt\/noticias\/2026\/04\/11\/rio-ave-vence-santa-clara-2-0-e-segue-em-ascensao\/#primaryimage\",\"url\":\"https:\/\/portaltela.pt\/s.01k8rhncp4jt1\/2026\/04\/img_920x518uu2026-04-11-21-23-16-2432470-im-639115394752858801.jpg\",\"contentUrl\":\"https:\/\/portaltela.pt\/s.01k8rhncp4jt1\/2026\/04\/img_920x518uu2026-04-11-21-23-16-2432470-im-639115394752858801.jpg\",\"width\":796,\"height\":448,\"caption\":\"Rio Ave celebrou o triunfo nos A\u00e7ores\"},{\"@type\":\"BreadcrumbList\",\"@id\":\"https:\/\/portaltela.pt\/noticias\/2026\/04\/11\/rio-ave-vence-santa-clara-2-0-e-segue-em-ascensao\/#breadcrumb\",\"itemListElement\":[{\"@type\":\"ListItem\",\"position\":1,\"name\":\"In\u00edcio\",\"item\":\"https:\/\/portaltela.pt\/\"},{\"@type\":\"ListItem\",\"position\":2,\"name\":\"Rio Ave vence Santa Clara 2-0 e segue em ascens\u00e3o\"}]},{\"@type\":\"WebSite\",\"@id\":\"https:\/\/portaltela.pt\/#website\",\"url\":\"https:\/\/portaltela.pt\/\",\"name\":\"Portal Tela Portugal\",\"description\":\"\",\"potentialAction\":[{\"@type\":\"SearchAction\",\"target\":{\"@type\":\"EntryPoint\",\"urlTemplate\":\"https:\/\/portaltela.pt\/?s={search_term_string}\"},\"query-input\":{\"@type\":\"PropertyValueSpecification\",\"valueRequired\":true,\"valueName\":\"search_term_string\"}}],\"inLanguage\":\"pt-PT\"},{\"@type\":\"Person\",\"@id\":\"https:\/\/portaltela.pt\/#\/schema\/person\/c4278d4a6028830caff9ee44b42d32ed\",\"name\":\"Telinha\",\"image\":{\"@type\":\"ImageObject\",\"inLanguage\":\"pt-PT\",\"@id\":\"https:\/\/portaltela.pt\/s.01k8rhncp4jt1\/2025\/11\/talking-bot-125x125.png\",\"url\":\"https:\/\/portaltela.pt\/s.01k8rhncp4jt1\/2025\/11\/talking-bot-125x125.png\",\"contentUrl\":\"https:\/\/portaltela.pt\/s.01k8rhncp4jt1\/2025\/11\/talking-bot-125x125.png\",\"caption\":\"Telinha\"},\"sameAs\":[\"https:\/\/portaltela.pt\/\"],\"url\":\"https:\/\/portaltela.pt\/por\/367410592786\/\"}]}<\/script>\n<!-- \/ Yoast SEO plugin. -->","yoast_head_json":{"title":"Rio Ave vence Santa Clara 2-0 e segue em ascens\u00e3o - Portal Tela Portugal","robots":{"index":"index","follow":"follow","max-snippet":"max-snippet:-1","max-image-preview":"max-image-preview:large","max-video-preview":"max-video-preview:-1"},"og_locale":"pt_PT","og_type":"article","og_title":"Rio Ave vence Santa Clara 2-0 e segue em ascens\u00e3o - Portal Tela Portugal","og_description":"Rio Ave venceu o Santa Clara por 2-0, em Ponta Delgada, mantendo a boa forma com quatro vit\u00f3rias em cinco jogos. Os vila-condenses regressaram aos triunfos ap\u00f3s o desaire em casa com o Alverca. A recupera\u00e7\u00e3o aproxima a perman\u00eancia do Rio Ave no campeonato. Em contrapartida, o Santa Clara viu encerrar o seu per\u00edodo de gra\u00e7a com a chegada de Petit, com duas derrotas seguidas.","og_url":"https:\/\/portaltela.pt\/noticias\/2026\/04\/11\/rio-ave-vence-santa-clara-2-0-e-segue-em-ascensao\/","og_site_name":"Portal Tela Portugal","article_published_time":"2026-04-11T20:32:26+00:00","author":"Telinha","twitter_card":"summary_large_image","twitter_misc":{"Escrito por":"Telinha","Tempo estimado de leitura":"1 minuto"},"schema":{"@context":"https:\/\/schema.org","@graph":[{"@type":"Article","@id":"https:\/\/portaltela.pt\/noticias\/2026\/04\/11\/rio-ave-vence-santa-clara-2-0-e-segue-em-ascensao\/#article","isPartOf":{"@id":"https:\/\/portaltela.pt\/noticias\/2026\/04\/11\/rio-ave-vence-santa-clara-2-0-e-segue-em-ascensao\/"},"author":{"name":"Telinha","@id":"https:\/\/portaltela.pt\/#\/schema\/person\/c4278d4a6028830caff9ee44b42d32ed"},"headline":"Rio Ave vence Santa Clara 2-0 e segue em ascens\u00e3o","datePublished":"2026-04-11T20:32:26+00:00","mainEntityOfPage":{"@id":"https:\/\/portaltela.pt\/noticias\/2026\/04\/11\/rio-ave-vence-santa-clara-2-0-e-segue-em-ascensao\/"},"wordCount":173,"image":{"@id":"https:\/\/portaltela.pt\/noticias\/2026\/04\/11\/rio-ave-vence-santa-clara-2-0-e-segue-em-ascensao\/#primaryimage"},"thumbnailUrl":"https:\/\/portaltela.pt\/s.01k8rhncp4jt1\/2026\/04\/img_920x518uu2026-04-11-21-23-16-2432470-im-639115394752858801.jpg","keywords":["1. Liga","A\u00e7ores","desporto","futebol","Rio Ave","Santa Clara"],"articleSection":["Desporto","Futebol"],"inLanguage":"pt-PT"},{"@type":"WebPage","@id":"https:\/\/portaltela.pt\/noticias\/2026\/04\/11\/rio-ave-vence-santa-clara-2-0-e-segue-em-ascensao\/","url":"https:\/\/portaltela.pt\/noticias\/2026\/04\/11\/rio-ave-vence-santa-clara-2-0-e-segue-em-ascensao\/","name":"Rio Ave vence Santa Clara 2-0 e segue em ascens\u00e3o - Portal Tela Portugal","isPartOf":{"@id":"https:\/\/portaltela.pt\/#website"},"primaryImageOfPage":{"@id":"https:\/\/portaltela.pt\/noticias\/2026\/04\/11\/rio-ave-vence-santa-clara-2-0-e-segue-em-ascensao\/#primaryimage"},"image":{"@id":"https:\/\/portaltela.pt\/noticias\/2026\/04\/11\/rio-ave-vence-santa-clara-2-0-e-segue-em-ascensao\/#primaryimage"},"thumbnailUrl":"https:\/\/portaltela.pt\/s.01k8rhncp4jt1\/2026\/04\/img_920x518uu2026-04-11-21-23-16-2432470-im-639115394752858801.jpg","datePublished":"2026-04-11T20:32:26+00:00","author":{"@id":"https:\/\/portaltela.pt\/#\/schema\/person\/c4278d4a6028830caff9ee44b42d32ed"},"breadcrumb":{"@id":"https:\/\/portaltela.pt\/noticias\/2026\/04\/11\/rio-ave-vence-santa-clara-2-0-e-segue-em-ascensao\/#breadcrumb"},"inLanguage":"pt-PT","potentialAction":[{"@type":"ReadAction","target":["https:\/\/portaltela.pt\/noticias\/2026\/04\/11\/rio-ave-vence-santa-clara-2-0-e-segue-em-ascensao\/"]}]},{"@type":"ImageObject","inLanguage":"pt-PT","@id":"https:\/\/portaltela.pt\/noticias\/2026\/04\/11\/rio-ave-vence-santa-clara-2-0-e-segue-em-ascensao\/#primaryimage","url":"https:\/\/portaltela.pt\/s.01k8rhncp4jt1\/2026\/04\/img_920x518uu2026-04-11-21-23-16-2432470-im-639115394752858801.jpg","contentUrl":"https:\/\/portaltela.pt\/s.01k8rhncp4jt1\/2026\/04\/img_920x518uu2026-04-11-21-23-16-2432470-im-639115394752858801.jpg","width":796,"height":448,"caption":"Rio Ave celebrou o triunfo nos A\u00e7ores"},{"@type":"BreadcrumbList","@id":"https:\/\/portaltela.pt\/noticias\/2026\/04\/11\/rio-ave-vence-santa-clara-2-0-e-segue-em-ascensao\/#breadcrumb","itemListElement":[{"@type":"ListItem","position":1,"name":"In\u00edcio","item":"https:\/\/portaltela.pt\/"},{"@type":"ListItem","position":2,"name":"Rio Ave vence Santa Clara 2-0 e segue em ascens\u00e3o"}]},{"@type":"WebSite","@id":"https:\/\/portaltela.pt\/#website","url":"https:\/\/portaltela.pt\/","name":"Portal Tela Portugal","description":"","potentialAction":[{"@type":"SearchAction","target":{"@type":"EntryPoint","urlTemplate":"https:\/\/portaltela.pt\/?s={search_term_string}"},"query-input":{"@type":"PropertyValueSpecification","valueRequired":true,"valueName":"search_term_string"}}],"inLanguage":"pt-PT"},{"@type":"Person","@id":"https:\/\/portaltela.pt\/#\/schema\/person\/c4278d4a6028830caff9ee44b42d32ed","name":"Telinha","image":{"@type":"ImageObject","inLanguage":"pt-PT","@id":"https:\/\/portaltela.pt\/s.01k8rhncp4jt1\/2025\/11\/talking-bot-125x125.png","url":"https:\/\/portaltela.pt\/s.01k8rhncp4jt1\/2025\/11\/talking-bot-125x125.png","contentUrl":"https:\/\/portaltela.pt\/s.01k8rhncp4jt1\/2025\/11\/talking-bot-125x125.png","caption":"Telinha"},"sameAs":["https:\/\/portaltela.pt\/"],"url":"https:\/\/portaltela.pt\/por\/367410592786\/"}]}},"_links":{"self":[{"href":"https:\/\/portaltela.pt\/api\/wp\/v2\/posts\/440878","targetHints":{"allow":["GET"]}}],"collection":[{"href":"https:\/\/portaltela.pt\/api\/wp\/v2\/posts"}],"about":[{"href":"https:\/\/portaltela.pt\/api\/wp\/v2\/types\/post"}],"author":[{"embeddable":true,"href":"https:\/\/portaltela.pt\/api\/wp\/v2\/users\/2"}],"replies":[{"embeddable":true,"href":"https:\/\/portaltela.pt\/api\/wp\/v2\/comments?post=440878"}],"version-history":[{"count":0,"href":"https:\/\/portaltela.pt\/api\/wp\/v2\/posts\/440878\/revisions"}],"wp:featuredmedia":[{"embeddable":true,"href":"https:\/\/portaltela.pt\/api\/wp\/v2\/media\/440879"}],"wp:attachment":[{"href":"https:\/\/portaltela.pt\/api\/wp\/v2\/media?parent=440878"}],"wp:term":[{"taxonomy":"category","embeddable":true,"href":"https:\/\/portaltela.pt\/api\/wp\/v2\/categories?post=440878"},{"taxonomy":"post_tag","embeddable":true,"href":"https:\/\/portaltela.pt\/api\/wp\/v2\/tags?post=440878"}],"curies":[{"name":"wp","href":"https:\/\/api.w.org\/{rel}","templated":true}]}}