{"id":440876,"date":"2026-04-11T17:32:19","date_gmt":"2026-04-11T20:32:19","guid":{"rendered":"https:\/\/portaltela.pt\/noticias\/2026\/04\/11\/benfica-b-empata-com-u-leiria-apos-recuperacao-no-final\/"},"modified":"2026-04-11T17:32:19","modified_gmt":"2026-04-11T20:32:19","slug":"benfica-b-empata-com-u-leiria-apos-recuperacao-no-final","status":"publish","type":"post","link":"https:\/\/portaltela.pt\/desporto\/futebol\/2026\/04\/11\/benfica-b-empata-com-u-leiria-apos-recuperacao-no-final\/","title":{"rendered":"Benfica B empata com U. Leiria ap\u00f3s recupera\u00e7\u00e3o no final"},"content":{"rendered":"<p>Benfica B e Uni\u00e3o de Leiria empataram 2-2 no Seixal, num duelo da 29.\u00aa jornada da II Liga. Os leirienses chegaram a estar a vencer por 2-0, mas a rea\u00e7\u00e3o encarnada permitiu o empate aos 84 minutos, com Jelani Trevisan a marcar vindo do banco.<\/p>\n<p>No primeiro tempo, cada equipa criou oportunidades, mantendo as balizas invictas at\u00e9 \u00e0 confirma\u00e7\u00e3o do intervalo. Pablo Fern\u00e1ndez abriu o marcador aos 45+1, aproveitando uma jogada r\u00e1pida pelo flanco direito.<\/p>\n<p>Aos 55 minutos, Marcelo bisou para a Uni\u00e3o de Leiria, aumentado a vantagem. Ao recarregar, o Benfica B reduziu aos 72, com Rui Silva a rematar \u00e0 entrada da \u00e1rea, ap\u00f3s desvio na defesa.<\/p>\n<h3>Desfecho e classifica\u00e7\u00e3o<\/h3>\n<p>Jelani Trevisan, j\u00e1 aos 84, apareceu para empatar, ap\u00f3s assist\u00eancia de Diogo Prioste, selando o 2-2 final. Com o resultado, o Leiria segue no 4.\u00ba lugar com 46 pontos, mantendo dist\u00e2ncia de cinco pontos para os encarnados, provisoriamente no 6.\u00ba posto.<\/p>\n<p>O Benfica B fica igualado ao Sporting B e ao FC Porto B, com 41 pontos, ainda que menos um jogo disputado que os advers\u00e1rios. O jogo decorreu no Benfica Campus, perante cerca de 800 espetadores.<\/p>\n<p>Marcadores: 0-1 Pablo Fern\u00e1ndez 45+1; 0-2 Marcelo 55; 1-2 Rui Silva 72; 2-2 Jelani Trevisan 84.<\/p>\n<p>Equipa da casa: Diogo Ferreira; Rui Silva; Tiago Parente; Gon\u00e7alo Oliveira; Daniel Banjaqui (Trevisan 76); Nuno F\u00e9lix (Miguel Figueiredo 31); Jo\u00e3o Rego (Tiago Freitas 46); Diogo Prioste; Rodrigo R\u00eago (Eduardo Fernandes 46); Francisco Neto (Peter Edokpolor 65); Henrique Ara\u00fajo. Treinador: N\u00e9lson Ver\u00edssimo.<\/p>\n<p>Equipa visitante: Jo\u00e3o Bravim; Miguel Maga (Jo\u00e3o Silva 79); Marcelo; V\u00edctor Rufino; Marc Bar\u00f3 (Bernardo Gomes 90+1); Pablo Fern\u00e1ndez (Jair Matheus 69); Lucho Veja (Victor Silva 90+1); Diogo Amado (Genaro Rodr\u00edguez 46); Habib Sylla; Juan Mu\u00f1oz; Dieu Michel. Treinador: F\u00e1bio Pereira. \u00c1rbitro: Pedro Ramalho. Cart\u00f5es: Marcelo, Gon\u00e7alo Oliveira e Habib Sylla. Assist\u00eancia: cerca de 800 p\u00fablico.<\/p>\n","protected":false},"excerpt":{"rendered":"<ul>\n<li>Benfica B e Uni\u00e3o de Leiria empataram 2-2 no Seixal, na 29.\u00aa jornada da II Liga.<\/li>\n<li>A Uni\u00e3o de Leiria abriu o marcador aos 45+1 minutos, por Pablo Fern\u00e1ndez, e ampliou aos 55 minutos, por Marcelo.<\/li>\n<li>O Benfica B reduziu aos 72 minutos, por Rui Silva, e empatou aos 84, atrav\u00e9s de Jelani Trevisan, que entrou aos 76.<\/li>\n<li>No final, o Benfica B permanece no sexto lugar, com 41 pontos, enquanto a Uni\u00e3o de Leiria segue no quarto posto, com 46 pontos.<\/li>\n<li>O jogo contou com cerca de 800 espetadores.<\/li>\n<\/ul>\n","protected":false},"author":2,"featured_media":440877,"comment_status":"closed","ping_status":"closed","sticky":false,"template":"","format":"standard","meta":{"footnotes":""},"categories":[21,24],"tags":[7755,1784,1367,152,32],"class_list":["post-440876","post","type-post","status-publish","format-standard","has-post-thumbnail","hentry","category-desporto","category-futebol","tag-_futebol","tag-2-liga","tag-clubes","tag-desporto","tag-futebol"],"yoast_head":"<!-- This site is optimized with the Yoast SEO plugin v27.2 - https:\/\/yoast.com\/product\/yoast-seo-wordpress\/ -->\n<title>Benfica B empata com U. Leiria ap\u00f3s recupera\u00e7\u00e3o no final - Portal Tela Portugal<\/title>\n<meta name=\"robots\" content=\"index, follow, max-snippet:-1, max-image-preview:large, max-video-preview:-1\" \/>\n<meta property=\"og:locale\" content=\"pt_PT\" \/>\n<meta property=\"og:type\" content=\"article\" \/>\n<meta property=\"og:title\" content=\"Benfica B empata com U. Leiria ap\u00f3s recupera\u00e7\u00e3o no final - Portal Tela Portugal\" \/>\n<meta property=\"og:description\" content=\"Benfica B e Uni\u00e3o de Leiria empataram 2-2 no Seixal, na 29.\u00aa jornada da II Liga. A Uni\u00e3o de Leiria abriu o marcador aos 45+1 minutos, por Pablo Fern\u00e1ndez, e ampliou aos 55 minutos, por Marcelo. O Benfica B reduziu aos 72 minutos, por Rui Silva, e empatou aos 84, atrav\u00e9s de Jelani Trevisan, que entrou aos 76. No final, o Benfica B permanece no sexto lugar, com 41 pontos, enquanto a Uni\u00e3o de Leiria segue no quarto posto, com 46 pontos. O jogo contou com cerca de 800 espetadores.\" \/>\n<meta property=\"og:url\" content=\"https:\/\/portaltela.pt\/noticias\/2026\/04\/11\/benfica-b-empata-com-u-leiria-apos-recuperacao-no-final\/\" \/>\n<meta property=\"og:site_name\" content=\"Portal Tela Portugal\" \/>\n<meta property=\"article:published_time\" content=\"2026-04-11T20:32:19+00:00\" \/>\n<meta name=\"author\" content=\"Telinha\" \/>\n<meta name=\"twitter:card\" content=\"summary_large_image\" \/>\n<meta name=\"twitter:label1\" content=\"Escrito por\" \/>\n\t<meta name=\"twitter:data1\" content=\"Telinha\" \/>\n\t<meta name=\"twitter:label2\" content=\"Tempo estimado de leitura\" \/>\n\t<meta name=\"twitter:data2\" content=\"2 minutos\" \/>\n<script type=\"application\/ld+json\" class=\"yoast-schema-graph\">{\"@context\":\"https:\/\/schema.org\",\"@graph\":[{\"@type\":\"Article\",\"@id\":\"https:\/\/portaltela.pt\/noticias\/2026\/04\/11\/benfica-b-empata-com-u-leiria-apos-recuperacao-no-final\/#article\",\"isPartOf\":{\"@id\":\"https:\/\/portaltela.pt\/noticias\/2026\/04\/11\/benfica-b-empata-com-u-leiria-apos-recuperacao-no-final\/\"},\"author\":{\"name\":\"Telinha\",\"@id\":\"https:\/\/portaltela.pt\/#\/schema\/person\/c4278d4a6028830caff9ee44b42d32ed\"},\"headline\":\"Benfica B empata com U. Leiria ap\u00f3s recupera\u00e7\u00e3o no final\",\"datePublished\":\"2026-04-11T20:32:19+00:00\",\"mainEntityOfPage\":{\"@id\":\"https:\/\/portaltela.pt\/noticias\/2026\/04\/11\/benfica-b-empata-com-u-leiria-apos-recuperacao-no-final\/\"},\"wordCount\":318,\"image\":{\"@id\":\"https:\/\/portaltela.pt\/noticias\/2026\/04\/11\/benfica-b-empata-com-u-leiria-apos-recuperacao-no-final\/#primaryimage\"},\"thumbnailUrl\":\"https:\/\/portaltela.pt\/s.01k8rhncp4jt1\/2026\/04\/img_920x518uu2026-04-11-21-30-03-2432471-im-639115398178758249.jpg\",\"keywords\":[\"_futebol\",\"2. Liga\",\"clubes\",\"desporto\",\"futebol\"],\"articleSection\":[\"Desporto\",\"Futebol\"],\"inLanguage\":\"pt-PT\"},{\"@type\":\"WebPage\",\"@id\":\"https:\/\/portaltela.pt\/noticias\/2026\/04\/11\/benfica-b-empata-com-u-leiria-apos-recuperacao-no-final\/\",\"url\":\"https:\/\/portaltela.pt\/noticias\/2026\/04\/11\/benfica-b-empata-com-u-leiria-apos-recuperacao-no-final\/\",\"name\":\"Benfica B empata com U. Leiria ap\u00f3s recupera\u00e7\u00e3o no final - Portal Tela Portugal\",\"isPartOf\":{\"@id\":\"https:\/\/portaltela.pt\/#website\"},\"primaryImageOfPage\":{\"@id\":\"https:\/\/portaltela.pt\/noticias\/2026\/04\/11\/benfica-b-empata-com-u-leiria-apos-recuperacao-no-final\/#primaryimage\"},\"image\":{\"@id\":\"https:\/\/portaltela.pt\/noticias\/2026\/04\/11\/benfica-b-empata-com-u-leiria-apos-recuperacao-no-final\/#primaryimage\"},\"thumbnailUrl\":\"https:\/\/portaltela.pt\/s.01k8rhncp4jt1\/2026\/04\/img_920x518uu2026-04-11-21-30-03-2432471-im-639115398178758249.jpg\",\"datePublished\":\"2026-04-11T20:32:19+00:00\",\"author\":{\"@id\":\"https:\/\/portaltela.pt\/#\/schema\/person\/c4278d4a6028830caff9ee44b42d32ed\"},\"breadcrumb\":{\"@id\":\"https:\/\/portaltela.pt\/noticias\/2026\/04\/11\/benfica-b-empata-com-u-leiria-apos-recuperacao-no-final\/#breadcrumb\"},\"inLanguage\":\"pt-PT\",\"potentialAction\":[{\"@type\":\"ReadAction\",\"target\":[\"https:\/\/portaltela.pt\/noticias\/2026\/04\/11\/benfica-b-empata-com-u-leiria-apos-recuperacao-no-final\/\"]}]},{\"@type\":\"ImageObject\",\"inLanguage\":\"pt-PT\",\"@id\":\"https:\/\/portaltela.pt\/noticias\/2026\/04\/11\/benfica-b-empata-com-u-leiria-apos-recuperacao-no-final\/#primaryimage\",\"url\":\"https:\/\/portaltela.pt\/s.01k8rhncp4jt1\/2026\/04\/img_920x518uu2026-04-11-21-30-03-2432471-im-639115398178758249.jpg\",\"contentUrl\":\"https:\/\/portaltela.pt\/s.01k8rhncp4jt1\/2026\/04\/img_920x518uu2026-04-11-21-30-03-2432471-im-639115398178758249.jpg\",\"width\":796,\"height\":448,\"caption\":\"Henrique Ara\u00fajo tenta fazer golo\"},{\"@type\":\"BreadcrumbList\",\"@id\":\"https:\/\/portaltela.pt\/noticias\/2026\/04\/11\/benfica-b-empata-com-u-leiria-apos-recuperacao-no-final\/#breadcrumb\",\"itemListElement\":[{\"@type\":\"ListItem\",\"position\":1,\"name\":\"In\u00edcio\",\"item\":\"https:\/\/portaltela.pt\/\"},{\"@type\":\"ListItem\",\"position\":2,\"name\":\"Benfica B empata com U. Leiria ap\u00f3s recupera\u00e7\u00e3o no final\"}]},{\"@type\":\"WebSite\",\"@id\":\"https:\/\/portaltela.pt\/#website\",\"url\":\"https:\/\/portaltela.pt\/\",\"name\":\"Portal Tela Portugal\",\"description\":\"\",\"potentialAction\":[{\"@type\":\"SearchAction\",\"target\":{\"@type\":\"EntryPoint\",\"urlTemplate\":\"https:\/\/portaltela.pt\/?s={search_term_string}\"},\"query-input\":{\"@type\":\"PropertyValueSpecification\",\"valueRequired\":true,\"valueName\":\"search_term_string\"}}],\"inLanguage\":\"pt-PT\"},{\"@type\":\"Person\",\"@id\":\"https:\/\/portaltela.pt\/#\/schema\/person\/c4278d4a6028830caff9ee44b42d32ed\",\"name\":\"Telinha\",\"image\":{\"@type\":\"ImageObject\",\"inLanguage\":\"pt-PT\",\"@id\":\"https:\/\/portaltela.pt\/s.01k8rhncp4jt1\/2025\/11\/talking-bot-125x125.png\",\"url\":\"https:\/\/portaltela.pt\/s.01k8rhncp4jt1\/2025\/11\/talking-bot-125x125.png\",\"contentUrl\":\"https:\/\/portaltela.pt\/s.01k8rhncp4jt1\/2025\/11\/talking-bot-125x125.png\",\"caption\":\"Telinha\"},\"sameAs\":[\"https:\/\/portaltela.pt\/\"],\"url\":\"https:\/\/portaltela.pt\/por\/367410592786\/\"}]}<\/script>\n<!-- \/ Yoast SEO plugin. -->","yoast_head_json":{"title":"Benfica B empata com U. Leiria ap\u00f3s recupera\u00e7\u00e3o no final - Portal Tela Portugal","robots":{"index":"index","follow":"follow","max-snippet":"max-snippet:-1","max-image-preview":"max-image-preview:large","max-video-preview":"max-video-preview:-1"},"og_locale":"pt_PT","og_type":"article","og_title":"Benfica B empata com U. Leiria ap\u00f3s recupera\u00e7\u00e3o no final - Portal Tela Portugal","og_description":"Benfica B e Uni\u00e3o de Leiria empataram 2-2 no Seixal, na 29.\u00aa jornada da II Liga. A Uni\u00e3o de Leiria abriu o marcador aos 45+1 minutos, por Pablo Fern\u00e1ndez, e ampliou aos 55 minutos, por Marcelo. O Benfica B reduziu aos 72 minutos, por Rui Silva, e empatou aos 84, atrav\u00e9s de Jelani Trevisan, que entrou aos 76. No final, o Benfica B permanece no sexto lugar, com 41 pontos, enquanto a Uni\u00e3o de Leiria segue no quarto posto, com 46 pontos. O jogo contou com cerca de 800 espetadores.","og_url":"https:\/\/portaltela.pt\/noticias\/2026\/04\/11\/benfica-b-empata-com-u-leiria-apos-recuperacao-no-final\/","og_site_name":"Portal Tela Portugal","article_published_time":"2026-04-11T20:32:19+00:00","author":"Telinha","twitter_card":"summary_large_image","twitter_misc":{"Escrito por":"Telinha","Tempo estimado de leitura":"2 minutos"},"schema":{"@context":"https:\/\/schema.org","@graph":[{"@type":"Article","@id":"https:\/\/portaltela.pt\/noticias\/2026\/04\/11\/benfica-b-empata-com-u-leiria-apos-recuperacao-no-final\/#article","isPartOf":{"@id":"https:\/\/portaltela.pt\/noticias\/2026\/04\/11\/benfica-b-empata-com-u-leiria-apos-recuperacao-no-final\/"},"author":{"name":"Telinha","@id":"https:\/\/portaltela.pt\/#\/schema\/person\/c4278d4a6028830caff9ee44b42d32ed"},"headline":"Benfica B empata com U. Leiria ap\u00f3s recupera\u00e7\u00e3o no final","datePublished":"2026-04-11T20:32:19+00:00","mainEntityOfPage":{"@id":"https:\/\/portaltela.pt\/noticias\/2026\/04\/11\/benfica-b-empata-com-u-leiria-apos-recuperacao-no-final\/"},"wordCount":318,"image":{"@id":"https:\/\/portaltela.pt\/noticias\/2026\/04\/11\/benfica-b-empata-com-u-leiria-apos-recuperacao-no-final\/#primaryimage"},"thumbnailUrl":"https:\/\/portaltela.pt\/s.01k8rhncp4jt1\/2026\/04\/img_920x518uu2026-04-11-21-30-03-2432471-im-639115398178758249.jpg","keywords":["_futebol","2. Liga","clubes","desporto","futebol"],"articleSection":["Desporto","Futebol"],"inLanguage":"pt-PT"},{"@type":"WebPage","@id":"https:\/\/portaltela.pt\/noticias\/2026\/04\/11\/benfica-b-empata-com-u-leiria-apos-recuperacao-no-final\/","url":"https:\/\/portaltela.pt\/noticias\/2026\/04\/11\/benfica-b-empata-com-u-leiria-apos-recuperacao-no-final\/","name":"Benfica B empata com U. Leiria ap\u00f3s recupera\u00e7\u00e3o no final - Portal Tela Portugal","isPartOf":{"@id":"https:\/\/portaltela.pt\/#website"},"primaryImageOfPage":{"@id":"https:\/\/portaltela.pt\/noticias\/2026\/04\/11\/benfica-b-empata-com-u-leiria-apos-recuperacao-no-final\/#primaryimage"},"image":{"@id":"https:\/\/portaltela.pt\/noticias\/2026\/04\/11\/benfica-b-empata-com-u-leiria-apos-recuperacao-no-final\/#primaryimage"},"thumbnailUrl":"https:\/\/portaltela.pt\/s.01k8rhncp4jt1\/2026\/04\/img_920x518uu2026-04-11-21-30-03-2432471-im-639115398178758249.jpg","datePublished":"2026-04-11T20:32:19+00:00","author":{"@id":"https:\/\/portaltela.pt\/#\/schema\/person\/c4278d4a6028830caff9ee44b42d32ed"},"breadcrumb":{"@id":"https:\/\/portaltela.pt\/noticias\/2026\/04\/11\/benfica-b-empata-com-u-leiria-apos-recuperacao-no-final\/#breadcrumb"},"inLanguage":"pt-PT","potentialAction":[{"@type":"ReadAction","target":["https:\/\/portaltela.pt\/noticias\/2026\/04\/11\/benfica-b-empata-com-u-leiria-apos-recuperacao-no-final\/"]}]},{"@type":"ImageObject","inLanguage":"pt-PT","@id":"https:\/\/portaltela.pt\/noticias\/2026\/04\/11\/benfica-b-empata-com-u-leiria-apos-recuperacao-no-final\/#primaryimage","url":"https:\/\/portaltela.pt\/s.01k8rhncp4jt1\/2026\/04\/img_920x518uu2026-04-11-21-30-03-2432471-im-639115398178758249.jpg","contentUrl":"https:\/\/portaltela.pt\/s.01k8rhncp4jt1\/2026\/04\/img_920x518uu2026-04-11-21-30-03-2432471-im-639115398178758249.jpg","width":796,"height":448,"caption":"Henrique Ara\u00fajo tenta fazer golo"},{"@type":"BreadcrumbList","@id":"https:\/\/portaltela.pt\/noticias\/2026\/04\/11\/benfica-b-empata-com-u-leiria-apos-recuperacao-no-final\/#breadcrumb","itemListElement":[{"@type":"ListItem","position":1,"name":"In\u00edcio","item":"https:\/\/portaltela.pt\/"},{"@type":"ListItem","position":2,"name":"Benfica B empata com U. Leiria ap\u00f3s recupera\u00e7\u00e3o no final"}]},{"@type":"WebSite","@id":"https:\/\/portaltela.pt\/#website","url":"https:\/\/portaltela.pt\/","name":"Portal Tela Portugal","description":"","potentialAction":[{"@type":"SearchAction","target":{"@type":"EntryPoint","urlTemplate":"https:\/\/portaltela.pt\/?s={search_term_string}"},"query-input":{"@type":"PropertyValueSpecification","valueRequired":true,"valueName":"search_term_string"}}],"inLanguage":"pt-PT"},{"@type":"Person","@id":"https:\/\/portaltela.pt\/#\/schema\/person\/c4278d4a6028830caff9ee44b42d32ed","name":"Telinha","image":{"@type":"ImageObject","inLanguage":"pt-PT","@id":"https:\/\/portaltela.pt\/s.01k8rhncp4jt1\/2025\/11\/talking-bot-125x125.png","url":"https:\/\/portaltela.pt\/s.01k8rhncp4jt1\/2025\/11\/talking-bot-125x125.png","contentUrl":"https:\/\/portaltela.pt\/s.01k8rhncp4jt1\/2025\/11\/talking-bot-125x125.png","caption":"Telinha"},"sameAs":["https:\/\/portaltela.pt\/"],"url":"https:\/\/portaltela.pt\/por\/367410592786\/"}]}},"_links":{"self":[{"href":"https:\/\/portaltela.pt\/api\/wp\/v2\/posts\/440876","targetHints":{"allow":["GET"]}}],"collection":[{"href":"https:\/\/portaltela.pt\/api\/wp\/v2\/posts"}],"about":[{"href":"https:\/\/portaltela.pt\/api\/wp\/v2\/types\/post"}],"author":[{"embeddable":true,"href":"https:\/\/portaltela.pt\/api\/wp\/v2\/users\/2"}],"replies":[{"embeddable":true,"href":"https:\/\/portaltela.pt\/api\/wp\/v2\/comments?post=440876"}],"version-history":[{"count":0,"href":"https:\/\/portaltela.pt\/api\/wp\/v2\/posts\/440876\/revisions"}],"wp:featuredmedia":[{"embeddable":true,"href":"https:\/\/portaltela.pt\/api\/wp\/v2\/media\/440877"}],"wp:attachment":[{"href":"https:\/\/portaltela.pt\/api\/wp\/v2\/media?parent=440876"}],"wp:term":[{"taxonomy":"category","embeddable":true,"href":"https:\/\/portaltela.pt\/api\/wp\/v2\/categories?post=440876"},{"taxonomy":"post_tag","embeddable":true,"href":"https:\/\/portaltela.pt\/api\/wp\/v2\/tags?post=440876"}],"curies":[{"name":"wp","href":"https:\/\/api.w.org\/{rel}","templated":true}]}}