{"id":440871,"date":"2026-04-11T17:17:12","date_gmt":"2026-04-11T20:17:12","guid":{"rendered":"https:\/\/portaltela.pt\/noticias\/2026\/04\/11\/jose-massuca-conclui-a-maratona-das-areias-com-festa-portuguesa\/"},"modified":"2026-04-11T17:17:12","modified_gmt":"2026-04-11T20:17:12","slug":"jose-massuca-conclui-a-maratona-das-areias-com-festa-portuguesa","status":"publish","type":"post","link":"https:\/\/portaltela.pt\/desporto\/futebol\/2026\/04\/11\/jose-massuca-conclui-a-maratona-das-areias-com-festa-portuguesa\/","title":{"rendered":"Jos\u00e9 Massu\u00e7a conclui a Maratona das Areias com festa portuguesa"},"content":{"rendered":"<p>Jos\u00e9 Massu\u00e7a concluiu a Maratona das Areias, uma das provas mais exigentes de longa dist\u00e2ncia, com uma rece\u00e7\u00e3o de apoio de compatriotas \u00e0 chegada. A corrida decorreu no deserto, numa dist\u00e2ncia de 42,195 km percorrida na areia.<\/p>\n<p>A prova \u00e9 conhecida pela dureza, com altas temperaturas e condi\u00e7\u00f5es desafiantes para os atletas. Massu\u00e7a terminou a maratona mantendo o foco na resist\u00eancia que caracteriza o atletismo de fundo.<\/p>\n<p>Ap\u00f3s a chegada, Massu\u00e7a demonstrou satisfa\u00e7\u00e3o com o desempenho e agradeceu o apoio dos portugueses presentes no evento, que marcaram a ocasi\u00e3o com celebra\u00e7\u00f5es.<\/p>\n<p>Participantes de v\u00e1rias nacionalidades estiveram na prova, mas o esfor\u00e7o de Massu\u00e7a destacou-se pela dedica\u00e7\u00e3o ao objetivo. A sua participa\u00e7\u00e3o inspira jovens atletas a perseguirem metas exigentes.<\/p>\n<p>A organiza\u00e7\u00e3o destacou o esp\u00edrito de perseveran\u00e7a mostrado pelos atletas, com Massu\u00e7a a ser apontado como exemplo de determina\u00e7\u00e3o e paix\u00e3o pelo atletismo de resist\u00eancia.<\/p>\n<p>A festa portuguesa \u00e0 chegada refor\u00e7ou a liga\u00e7\u00e3o entre o atleta e a comunidade lusa no evento, servindo de orgulho para quem acompanha o desporto nacional.<\/p>\n","protected":false},"excerpt":{"rendered":"<ul>\n<li>O atleta portugu\u00eas Jos\u00e9 Massu\u00e7a terminou a Maratona das Areias, uma das provas mais exigentes de longa dist\u00e2ncia do mundo, realizada na areia do deserto, com uma festa portuguesa na chegada.<\/li>\n<li>A prova envolve percorrer quarenta e dois mil cento e noventa e cinco metros na areia, sob temperaturas elevadas e condi\u00e7\u00f5es adversas.<\/li>\n<li>Massu\u00e7a recebeu uma rece\u00e7\u00e3o calorosa dos apoiantes portugueses presentes no local.<\/li>\n<li>O atleta afirmou estar satisfeito com o desempenho e agradeceu o apoio de todos os portugueses que o acompanharam.<\/li>\n<li>A organiza\u00e7\u00e3o destacou o esp\u00edrito de perseveran\u00e7a de todos os participantes, destacando Massu\u00e7a como exemplo de determina\u00e7\u00e3o para jovens atletas.<\/li>\n<\/ul>\n","protected":false},"author":2,"featured_media":440874,"comment_status":"closed","ping_status":"closed","sticky":false,"template":"","format":"standard","meta":{"footnotes":""},"categories":[21,24],"tags":[137,1285,3035,152,81,1014],"class_list":["post-440871","post","type-post","status-publish","format-standard","has-post-thumbnail","hentry","category-desporto","category-futebol","tag-atletismo","tag-competicao","tag-comunidade","tag-desporto","tag-internacionais","tag-portugal"],"yoast_head":"<!-- This site is optimized with the Yoast SEO plugin v27.2 - https:\/\/yoast.com\/product\/yoast-seo-wordpress\/ -->\n<title>Jos\u00e9 Massu\u00e7a conclui a Maratona das Areias com festa portuguesa - Portal Tela Portugal<\/title>\n<meta name=\"robots\" content=\"index, follow, max-snippet:-1, max-image-preview:large, max-video-preview:-1\" \/>\n<meta property=\"og:locale\" content=\"pt_PT\" \/>\n<meta property=\"og:type\" content=\"article\" \/>\n<meta property=\"og:title\" content=\"Jos\u00e9 Massu\u00e7a conclui a Maratona das Areias com festa portuguesa - Portal Tela Portugal\" \/>\n<meta property=\"og:description\" content=\"O atleta portugu\u00eas Jos\u00e9 Massu\u00e7a terminou a Maratona das Areias, uma das provas mais exigentes de longa dist\u00e2ncia do mundo, realizada na areia do deserto, com uma festa portuguesa na chegada. A prova envolve percorrer quarenta e dois mil cento e noventa e cinco metros na areia, sob temperaturas elevadas e condi\u00e7\u00f5es adversas. Massu\u00e7a recebeu uma rece\u00e7\u00e3o calorosa dos apoiantes portugueses presentes no local. O atleta afirmou estar satisfeito com o desempenho e agradeceu o apoio de todos os portugueses que o acompanharam. A organiza\u00e7\u00e3o destacou o esp\u00edrito de perseveran\u00e7a de todos os participantes, destacando Massu\u00e7a como exemplo de determina\u00e7\u00e3o para jovens atletas.\" \/>\n<meta property=\"og:url\" content=\"https:\/\/portaltela.pt\/noticias\/2026\/04\/11\/jose-massuca-conclui-a-maratona-das-areias-com-festa-portuguesa\/\" \/>\n<meta property=\"og:site_name\" content=\"Portal Tela Portugal\" \/>\n<meta property=\"article:published_time\" content=\"2026-04-11T20:17:12+00:00\" \/>\n<meta name=\"author\" content=\"Telinha\" \/>\n<meta name=\"twitter:card\" content=\"summary_large_image\" \/>\n<meta name=\"twitter:label1\" content=\"Escrito por\" \/>\n\t<meta name=\"twitter:data1\" content=\"Telinha\" \/>\n\t<meta name=\"twitter:label2\" content=\"Tempo estimado de leitura\" \/>\n\t<meta name=\"twitter:data2\" content=\"1 minuto\" \/>\n<script type=\"application\/ld+json\" class=\"yoast-schema-graph\">{\"@context\":\"https:\/\/schema.org\",\"@graph\":[{\"@type\":\"Article\",\"@id\":\"https:\/\/portaltela.pt\/noticias\/2026\/04\/11\/jose-massuca-conclui-a-maratona-das-areias-com-festa-portuguesa\/#article\",\"isPartOf\":{\"@id\":\"https:\/\/portaltela.pt\/noticias\/2026\/04\/11\/jose-massuca-conclui-a-maratona-das-areias-com-festa-portuguesa\/\"},\"author\":{\"name\":\"Telinha\",\"@id\":\"https:\/\/portaltela.pt\/#\/schema\/person\/c4278d4a6028830caff9ee44b42d32ed\"},\"headline\":\"Jos\u00e9 Massu\u00e7a conclui a Maratona das Areias com festa portuguesa\",\"datePublished\":\"2026-04-11T20:17:12+00:00\",\"mainEntityOfPage\":{\"@id\":\"https:\/\/portaltela.pt\/noticias\/2026\/04\/11\/jose-massuca-conclui-a-maratona-das-areias-com-festa-portuguesa\/\"},\"wordCount\":202,\"image\":{\"@id\":\"https:\/\/portaltela.pt\/noticias\/2026\/04\/11\/jose-massuca-conclui-a-maratona-das-areias-com-festa-portuguesa\/#primaryimage\"},\"thumbnailUrl\":\"https:\/\/portaltela.pt\/s.01k8rhncp4jt1\/2026\/04\/img_1200x721uu2026-04-11-21-00-16-2432443.jpg\",\"keywords\":[\"atletismo\",\"competi\u00e7\u00e3o\",\"comunidade\",\"desporto\",\"internacionais\",\"Portugal\"],\"articleSection\":[\"Desporto\",\"Futebol\"],\"inLanguage\":\"pt-PT\"},{\"@type\":\"WebPage\",\"@id\":\"https:\/\/portaltela.pt\/noticias\/2026\/04\/11\/jose-massuca-conclui-a-maratona-das-areias-com-festa-portuguesa\/\",\"url\":\"https:\/\/portaltela.pt\/noticias\/2026\/04\/11\/jose-massuca-conclui-a-maratona-das-areias-com-festa-portuguesa\/\",\"name\":\"Jos\u00e9 Massu\u00e7a conclui a Maratona das Areias com festa portuguesa - Portal Tela Portugal\",\"isPartOf\":{\"@id\":\"https:\/\/portaltela.pt\/#website\"},\"primaryImageOfPage\":{\"@id\":\"https:\/\/portaltela.pt\/noticias\/2026\/04\/11\/jose-massuca-conclui-a-maratona-das-areias-com-festa-portuguesa\/#primaryimage\"},\"image\":{\"@id\":\"https:\/\/portaltela.pt\/noticias\/2026\/04\/11\/jose-massuca-conclui-a-maratona-das-areias-com-festa-portuguesa\/#primaryimage\"},\"thumbnailUrl\":\"https:\/\/portaltela.pt\/s.01k8rhncp4jt1\/2026\/04\/img_1200x721uu2026-04-11-21-00-16-2432443.jpg\",\"datePublished\":\"2026-04-11T20:17:12+00:00\",\"author\":{\"@id\":\"https:\/\/portaltela.pt\/#\/schema\/person\/c4278d4a6028830caff9ee44b42d32ed\"},\"breadcrumb\":{\"@id\":\"https:\/\/portaltela.pt\/noticias\/2026\/04\/11\/jose-massuca-conclui-a-maratona-das-areias-com-festa-portuguesa\/#breadcrumb\"},\"inLanguage\":\"pt-PT\",\"potentialAction\":[{\"@type\":\"ReadAction\",\"target\":[\"https:\/\/portaltela.pt\/noticias\/2026\/04\/11\/jose-massuca-conclui-a-maratona-das-areias-com-festa-portuguesa\/\"]}]},{\"@type\":\"ImageObject\",\"inLanguage\":\"pt-PT\",\"@id\":\"https:\/\/portaltela.pt\/noticias\/2026\/04\/11\/jose-massuca-conclui-a-maratona-das-areias-com-festa-portuguesa\/#primaryimage\",\"url\":\"https:\/\/portaltela.pt\/s.01k8rhncp4jt1\/2026\/04\/img_1200x721uu2026-04-11-21-00-16-2432443.jpg\",\"contentUrl\":\"https:\/\/portaltela.pt\/s.01k8rhncp4jt1\/2026\/04\/img_1200x721uu2026-04-11-21-00-16-2432443.jpg\",\"width\":796,\"height\":448,\"caption\":\"Portugu\u00eas conclui uma das mais exigentes provas de longa dist\u00e2ncia do mundo\"},{\"@type\":\"BreadcrumbList\",\"@id\":\"https:\/\/portaltela.pt\/noticias\/2026\/04\/11\/jose-massuca-conclui-a-maratona-das-areias-com-festa-portuguesa\/#breadcrumb\",\"itemListElement\":[{\"@type\":\"ListItem\",\"position\":1,\"name\":\"In\u00edcio\",\"item\":\"https:\/\/portaltela.pt\/\"},{\"@type\":\"ListItem\",\"position\":2,\"name\":\"Jos\u00e9 Massu\u00e7a conclui a Maratona das Areias com festa portuguesa\"}]},{\"@type\":\"WebSite\",\"@id\":\"https:\/\/portaltela.pt\/#website\",\"url\":\"https:\/\/portaltela.pt\/\",\"name\":\"Portal Tela Portugal\",\"description\":\"\",\"potentialAction\":[{\"@type\":\"SearchAction\",\"target\":{\"@type\":\"EntryPoint\",\"urlTemplate\":\"https:\/\/portaltela.pt\/?s={search_term_string}\"},\"query-input\":{\"@type\":\"PropertyValueSpecification\",\"valueRequired\":true,\"valueName\":\"search_term_string\"}}],\"inLanguage\":\"pt-PT\"},{\"@type\":\"Person\",\"@id\":\"https:\/\/portaltela.pt\/#\/schema\/person\/c4278d4a6028830caff9ee44b42d32ed\",\"name\":\"Telinha\",\"image\":{\"@type\":\"ImageObject\",\"inLanguage\":\"pt-PT\",\"@id\":\"https:\/\/portaltela.pt\/s.01k8rhncp4jt1\/2025\/11\/talking-bot-125x125.png\",\"url\":\"https:\/\/portaltela.pt\/s.01k8rhncp4jt1\/2025\/11\/talking-bot-125x125.png\",\"contentUrl\":\"https:\/\/portaltela.pt\/s.01k8rhncp4jt1\/2025\/11\/talking-bot-125x125.png\",\"caption\":\"Telinha\"},\"sameAs\":[\"https:\/\/portaltela.pt\/\"],\"url\":\"https:\/\/portaltela.pt\/por\/367410592786\/\"}]}<\/script>\n<!-- \/ Yoast SEO plugin. -->","yoast_head_json":{"title":"Jos\u00e9 Massu\u00e7a conclui a Maratona das Areias com festa portuguesa - Portal Tela Portugal","robots":{"index":"index","follow":"follow","max-snippet":"max-snippet:-1","max-image-preview":"max-image-preview:large","max-video-preview":"max-video-preview:-1"},"og_locale":"pt_PT","og_type":"article","og_title":"Jos\u00e9 Massu\u00e7a conclui a Maratona das Areias com festa portuguesa - Portal Tela Portugal","og_description":"O atleta portugu\u00eas Jos\u00e9 Massu\u00e7a terminou a Maratona das Areias, uma das provas mais exigentes de longa dist\u00e2ncia do mundo, realizada na areia do deserto, com uma festa portuguesa na chegada. A prova envolve percorrer quarenta e dois mil cento e noventa e cinco metros na areia, sob temperaturas elevadas e condi\u00e7\u00f5es adversas. Massu\u00e7a recebeu uma rece\u00e7\u00e3o calorosa dos apoiantes portugueses presentes no local. O atleta afirmou estar satisfeito com o desempenho e agradeceu o apoio de todos os portugueses que o acompanharam. A organiza\u00e7\u00e3o destacou o esp\u00edrito de perseveran\u00e7a de todos os participantes, destacando Massu\u00e7a como exemplo de determina\u00e7\u00e3o para jovens atletas.","og_url":"https:\/\/portaltela.pt\/noticias\/2026\/04\/11\/jose-massuca-conclui-a-maratona-das-areias-com-festa-portuguesa\/","og_site_name":"Portal Tela Portugal","article_published_time":"2026-04-11T20:17:12+00:00","author":"Telinha","twitter_card":"summary_large_image","twitter_misc":{"Escrito por":"Telinha","Tempo estimado de leitura":"1 minuto"},"schema":{"@context":"https:\/\/schema.org","@graph":[{"@type":"Article","@id":"https:\/\/portaltela.pt\/noticias\/2026\/04\/11\/jose-massuca-conclui-a-maratona-das-areias-com-festa-portuguesa\/#article","isPartOf":{"@id":"https:\/\/portaltela.pt\/noticias\/2026\/04\/11\/jose-massuca-conclui-a-maratona-das-areias-com-festa-portuguesa\/"},"author":{"name":"Telinha","@id":"https:\/\/portaltela.pt\/#\/schema\/person\/c4278d4a6028830caff9ee44b42d32ed"},"headline":"Jos\u00e9 Massu\u00e7a conclui a Maratona das Areias com festa portuguesa","datePublished":"2026-04-11T20:17:12+00:00","mainEntityOfPage":{"@id":"https:\/\/portaltela.pt\/noticias\/2026\/04\/11\/jose-massuca-conclui-a-maratona-das-areias-com-festa-portuguesa\/"},"wordCount":202,"image":{"@id":"https:\/\/portaltela.pt\/noticias\/2026\/04\/11\/jose-massuca-conclui-a-maratona-das-areias-com-festa-portuguesa\/#primaryimage"},"thumbnailUrl":"https:\/\/portaltela.pt\/s.01k8rhncp4jt1\/2026\/04\/img_1200x721uu2026-04-11-21-00-16-2432443.jpg","keywords":["atletismo","competi\u00e7\u00e3o","comunidade","desporto","internacionais","Portugal"],"articleSection":["Desporto","Futebol"],"inLanguage":"pt-PT"},{"@type":"WebPage","@id":"https:\/\/portaltela.pt\/noticias\/2026\/04\/11\/jose-massuca-conclui-a-maratona-das-areias-com-festa-portuguesa\/","url":"https:\/\/portaltela.pt\/noticias\/2026\/04\/11\/jose-massuca-conclui-a-maratona-das-areias-com-festa-portuguesa\/","name":"Jos\u00e9 Massu\u00e7a conclui a Maratona das Areias com festa portuguesa - Portal Tela Portugal","isPartOf":{"@id":"https:\/\/portaltela.pt\/#website"},"primaryImageOfPage":{"@id":"https:\/\/portaltela.pt\/noticias\/2026\/04\/11\/jose-massuca-conclui-a-maratona-das-areias-com-festa-portuguesa\/#primaryimage"},"image":{"@id":"https:\/\/portaltela.pt\/noticias\/2026\/04\/11\/jose-massuca-conclui-a-maratona-das-areias-com-festa-portuguesa\/#primaryimage"},"thumbnailUrl":"https:\/\/portaltela.pt\/s.01k8rhncp4jt1\/2026\/04\/img_1200x721uu2026-04-11-21-00-16-2432443.jpg","datePublished":"2026-04-11T20:17:12+00:00","author":{"@id":"https:\/\/portaltela.pt\/#\/schema\/person\/c4278d4a6028830caff9ee44b42d32ed"},"breadcrumb":{"@id":"https:\/\/portaltela.pt\/noticias\/2026\/04\/11\/jose-massuca-conclui-a-maratona-das-areias-com-festa-portuguesa\/#breadcrumb"},"inLanguage":"pt-PT","potentialAction":[{"@type":"ReadAction","target":["https:\/\/portaltela.pt\/noticias\/2026\/04\/11\/jose-massuca-conclui-a-maratona-das-areias-com-festa-portuguesa\/"]}]},{"@type":"ImageObject","inLanguage":"pt-PT","@id":"https:\/\/portaltela.pt\/noticias\/2026\/04\/11\/jose-massuca-conclui-a-maratona-das-areias-com-festa-portuguesa\/#primaryimage","url":"https:\/\/portaltela.pt\/s.01k8rhncp4jt1\/2026\/04\/img_1200x721uu2026-04-11-21-00-16-2432443.jpg","contentUrl":"https:\/\/portaltela.pt\/s.01k8rhncp4jt1\/2026\/04\/img_1200x721uu2026-04-11-21-00-16-2432443.jpg","width":796,"height":448,"caption":"Portugu\u00eas conclui uma das mais exigentes provas de longa dist\u00e2ncia do mundo"},{"@type":"BreadcrumbList","@id":"https:\/\/portaltela.pt\/noticias\/2026\/04\/11\/jose-massuca-conclui-a-maratona-das-areias-com-festa-portuguesa\/#breadcrumb","itemListElement":[{"@type":"ListItem","position":1,"name":"In\u00edcio","item":"https:\/\/portaltela.pt\/"},{"@type":"ListItem","position":2,"name":"Jos\u00e9 Massu\u00e7a conclui a Maratona das Areias com festa portuguesa"}]},{"@type":"WebSite","@id":"https:\/\/portaltela.pt\/#website","url":"https:\/\/portaltela.pt\/","name":"Portal Tela Portugal","description":"","potentialAction":[{"@type":"SearchAction","target":{"@type":"EntryPoint","urlTemplate":"https:\/\/portaltela.pt\/?s={search_term_string}"},"query-input":{"@type":"PropertyValueSpecification","valueRequired":true,"valueName":"search_term_string"}}],"inLanguage":"pt-PT"},{"@type":"Person","@id":"https:\/\/portaltela.pt\/#\/schema\/person\/c4278d4a6028830caff9ee44b42d32ed","name":"Telinha","image":{"@type":"ImageObject","inLanguage":"pt-PT","@id":"https:\/\/portaltela.pt\/s.01k8rhncp4jt1\/2025\/11\/talking-bot-125x125.png","url":"https:\/\/portaltela.pt\/s.01k8rhncp4jt1\/2025\/11\/talking-bot-125x125.png","contentUrl":"https:\/\/portaltela.pt\/s.01k8rhncp4jt1\/2025\/11\/talking-bot-125x125.png","caption":"Telinha"},"sameAs":["https:\/\/portaltela.pt\/"],"url":"https:\/\/portaltela.pt\/por\/367410592786\/"}]}},"_links":{"self":[{"href":"https:\/\/portaltela.pt\/api\/wp\/v2\/posts\/440871","targetHints":{"allow":["GET"]}}],"collection":[{"href":"https:\/\/portaltela.pt\/api\/wp\/v2\/posts"}],"about":[{"href":"https:\/\/portaltela.pt\/api\/wp\/v2\/types\/post"}],"author":[{"embeddable":true,"href":"https:\/\/portaltela.pt\/api\/wp\/v2\/users\/2"}],"replies":[{"embeddable":true,"href":"https:\/\/portaltela.pt\/api\/wp\/v2\/comments?post=440871"}],"version-history":[{"count":0,"href":"https:\/\/portaltela.pt\/api\/wp\/v2\/posts\/440871\/revisions"}],"wp:featuredmedia":[{"embeddable":true,"href":"https:\/\/portaltela.pt\/api\/wp\/v2\/media\/440874"}],"wp:attachment":[{"href":"https:\/\/portaltela.pt\/api\/wp\/v2\/media?parent=440871"}],"wp:term":[{"taxonomy":"category","embeddable":true,"href":"https:\/\/portaltela.pt\/api\/wp\/v2\/categories?post=440871"},{"taxonomy":"post_tag","embeddable":true,"href":"https:\/\/portaltela.pt\/api\/wp\/v2\/tags?post=440871"}],"curies":[{"name":"wp","href":"https:\/\/api.w.org\/{rel}","templated":true}]}}