{"id":440854,"date":"2026-04-11T16:47:00","date_gmt":"2026-04-11T19:47:00","guid":{"rendered":"https:\/\/portaltela.pt\/noticias\/2026\/04\/11\/joao-felix-marca-pelo-al-nassr-no-sitio-certo\/"},"modified":"2026-04-11T16:47:00","modified_gmt":"2026-04-11T19:47:00","slug":"joao-felix-marca-pelo-al-nassr-no-sitio-certo","status":"publish","type":"post","link":"https:\/\/portaltela.pt\/desporto\/futebol\/2026\/04\/11\/joao-felix-marca-pelo-al-nassr-no-sitio-certo\/","title":{"rendered":"Jo\u00e3o F\u00e9lix marca pelo Al Nassr no s\u00edtio certo"},"content":{"rendered":"<p>O Al Nassr venceu o Al Okhdood por 2-0, com Jo\u00e3o F\u00e9lix a marcar o segundo golo da equipa. O tento foi decisivo para consolidar a vantagem do conjunto comandado por Jorge Jesus.<\/p>\n<p>A jogada que resultou no golo de F\u00e9lix surgiu ap\u00f3s uma assist\u00eancia que clareou a \u00e1rea, permitindo ao avan\u00e7ado portugu\u00eas bater o guardi\u00e3o advers\u00e1rio. O marcador anterior j\u00e1 tinha sido aberto, pelo atr\u00e1s de Cristiano Ronaldo.<\/p>\n<p>Esta foi a 16\u00aa forma\u00e7\u00e3o de golos de Jo\u00e3o F\u00e9lix no campeonato saudita, refor\u00e7ando a sua contribui\u00e7\u00e3o ofensiva desde a chegada ao clube. A vit\u00f3ria mant\u00e9m o Al Nassr na luta pela posi\u00e7\u00e3o de topo na liga.<\/p>\n","protected":false},"excerpt":{"rendered":"<ul>\n<li>Jo\u00e3o F\u00e9lix marcou o golo que fixou o 2-0 do Al Nassr frente ao Al Okhdood.<\/li>\n<li>Foi o 16.\u00ba golo do avan\u00e7ado portugu\u00eas no campeonato saudita.<\/li>\n<li>A partida ficou marcada pela presen\u00e7a de Cristiano Ronaldo, tamb\u00e9m ele a marcar antes.<\/li>\n<li>O Al Nassr \u00e9 treinado por Jorge Jesus.<\/li>\n<li>O resultado ocorreu no contexto do campeonato saudita.<\/li>\n<\/ul>\n","protected":false},"author":2,"featured_media":440856,"comment_status":"closed","ping_status":"closed","sticky":false,"template":"","format":"standard","meta":{"footnotes":""},"categories":[21,24],"tags":[7755,1947,3338,3505,50,1014],"class_list":["post-440854","post","type-post","status-publish","format-standard","has-post-thumbnail","hentry","category-desporto","category-futebol","tag-_futebol","tag-cristiano-ronaldo","tag-futebol-internacional","tag-ligas-internacionais","tag-mercado-da-bola","tag-portugal"],"yoast_head":"<!-- This site is optimized with the Yoast SEO plugin v27.2 - https:\/\/yoast.com\/product\/yoast-seo-wordpress\/ -->\n<title>Jo\u00e3o F\u00e9lix marca pelo Al Nassr no s\u00edtio certo - Portal Tela Portugal<\/title>\n<meta name=\"robots\" content=\"index, follow, max-snippet:-1, max-image-preview:large, max-video-preview:-1\" \/>\n<meta property=\"og:locale\" content=\"pt_PT\" \/>\n<meta property=\"og:type\" content=\"article\" \/>\n<meta property=\"og:title\" content=\"Jo\u00e3o F\u00e9lix marca pelo Al Nassr no s\u00edtio certo - Portal Tela Portugal\" \/>\n<meta property=\"og:description\" content=\"Jo\u00e3o F\u00e9lix marcou o golo que fixou o 2-0 do Al Nassr frente ao Al Okhdood. Foi o 16.\u00ba golo do avan\u00e7ado portugu\u00eas no campeonato saudita. A partida ficou marcada pela presen\u00e7a de Cristiano Ronaldo, tamb\u00e9m ele a marcar antes. O Al Nassr \u00e9 treinado por Jorge Jesus. O resultado ocorreu no contexto do campeonato saudita.\" \/>\n<meta property=\"og:url\" content=\"https:\/\/portaltela.pt\/noticias\/2026\/04\/11\/joao-felix-marca-pelo-al-nassr-no-sitio-certo\/\" \/>\n<meta property=\"og:site_name\" content=\"Portal Tela Portugal\" \/>\n<meta property=\"article:published_time\" content=\"2026-04-11T19:47:00+00:00\" \/>\n<meta name=\"author\" content=\"Telinha\" \/>\n<meta name=\"twitter:card\" content=\"summary_large_image\" \/>\n<meta name=\"twitter:label1\" content=\"Escrito por\" \/>\n\t<meta name=\"twitter:data1\" content=\"Telinha\" \/>\n\t<meta name=\"twitter:label2\" content=\"Tempo estimado de leitura\" \/>\n\t<meta name=\"twitter:data2\" content=\"1 minuto\" \/>\n<script type=\"application\/ld+json\" class=\"yoast-schema-graph\">{\"@context\":\"https:\/\/schema.org\",\"@graph\":[{\"@type\":\"Article\",\"@id\":\"https:\/\/portaltela.pt\/noticias\/2026\/04\/11\/joao-felix-marca-pelo-al-nassr-no-sitio-certo\/#article\",\"isPartOf\":{\"@id\":\"https:\/\/portaltela.pt\/noticias\/2026\/04\/11\/joao-felix-marca-pelo-al-nassr-no-sitio-certo\/\"},\"author\":{\"name\":\"Telinha\",\"@id\":\"https:\/\/portaltela.pt\/#\/schema\/person\/c4278d4a6028830caff9ee44b42d32ed\"},\"headline\":\"Jo\u00e3o F\u00e9lix marca pelo Al Nassr no s\u00edtio certo\",\"datePublished\":\"2026-04-11T19:47:00+00:00\",\"mainEntityOfPage\":{\"@id\":\"https:\/\/portaltela.pt\/noticias\/2026\/04\/11\/joao-felix-marca-pelo-al-nassr-no-sitio-certo\/\"},\"wordCount\":135,\"image\":{\"@id\":\"https:\/\/portaltela.pt\/noticias\/2026\/04\/11\/joao-felix-marca-pelo-al-nassr-no-sitio-certo\/#primaryimage\"},\"thumbnailUrl\":\"https:\/\/portaltela.pt\/s.01k8rhncp4jt1\/2026\/04\/img_1200x721uu2026-04-11-20-30-31-2432436.jpg\",\"keywords\":[\"_futebol\",\"Cristiano Ronaldo\",\"futebol internacional\",\"ligas internacionais\",\"mercado da bola\",\"Portugal\"],\"articleSection\":[\"Desporto\",\"Futebol\"],\"inLanguage\":\"pt-PT\"},{\"@type\":\"WebPage\",\"@id\":\"https:\/\/portaltela.pt\/noticias\/2026\/04\/11\/joao-felix-marca-pelo-al-nassr-no-sitio-certo\/\",\"url\":\"https:\/\/portaltela.pt\/noticias\/2026\/04\/11\/joao-felix-marca-pelo-al-nassr-no-sitio-certo\/\",\"name\":\"Jo\u00e3o F\u00e9lix marca pelo Al Nassr no s\u00edtio certo - Portal Tela Portugal\",\"isPartOf\":{\"@id\":\"https:\/\/portaltela.pt\/#website\"},\"primaryImageOfPage\":{\"@id\":\"https:\/\/portaltela.pt\/noticias\/2026\/04\/11\/joao-felix-marca-pelo-al-nassr-no-sitio-certo\/#primaryimage\"},\"image\":{\"@id\":\"https:\/\/portaltela.pt\/noticias\/2026\/04\/11\/joao-felix-marca-pelo-al-nassr-no-sitio-certo\/#primaryimage\"},\"thumbnailUrl\":\"https:\/\/portaltela.pt\/s.01k8rhncp4jt1\/2026\/04\/img_1200x721uu2026-04-11-20-30-31-2432436.jpg\",\"datePublished\":\"2026-04-11T19:47:00+00:00\",\"author\":{\"@id\":\"https:\/\/portaltela.pt\/#\/schema\/person\/c4278d4a6028830caff9ee44b42d32ed\"},\"breadcrumb\":{\"@id\":\"https:\/\/portaltela.pt\/noticias\/2026\/04\/11\/joao-felix-marca-pelo-al-nassr-no-sitio-certo\/#breadcrumb\"},\"inLanguage\":\"pt-PT\",\"potentialAction\":[{\"@type\":\"ReadAction\",\"target\":[\"https:\/\/portaltela.pt\/noticias\/2026\/04\/11\/joao-felix-marca-pelo-al-nassr-no-sitio-certo\/\"]}]},{\"@type\":\"ImageObject\",\"inLanguage\":\"pt-PT\",\"@id\":\"https:\/\/portaltela.pt\/noticias\/2026\/04\/11\/joao-felix-marca-pelo-al-nassr-no-sitio-certo\/#primaryimage\",\"url\":\"https:\/\/portaltela.pt\/s.01k8rhncp4jt1\/2026\/04\/img_1200x721uu2026-04-11-20-30-31-2432436.jpg\",\"contentUrl\":\"https:\/\/portaltela.pt\/s.01k8rhncp4jt1\/2026\/04\/img_1200x721uu2026-04-11-20-30-31-2432436.jpg\",\"width\":796,\"height\":448,\"caption\":\"No s\u00edtio certo \u00e0 hora certa: foi assim que Jo\u00e3o F\u00e9lix marcou mais um golo pelo Al Nassr\"},{\"@type\":\"BreadcrumbList\",\"@id\":\"https:\/\/portaltela.pt\/noticias\/2026\/04\/11\/joao-felix-marca-pelo-al-nassr-no-sitio-certo\/#breadcrumb\",\"itemListElement\":[{\"@type\":\"ListItem\",\"position\":1,\"name\":\"In\u00edcio\",\"item\":\"https:\/\/portaltela.pt\/\"},{\"@type\":\"ListItem\",\"position\":2,\"name\":\"Jo\u00e3o F\u00e9lix marca pelo Al Nassr no s\u00edtio certo\"}]},{\"@type\":\"WebSite\",\"@id\":\"https:\/\/portaltela.pt\/#website\",\"url\":\"https:\/\/portaltela.pt\/\",\"name\":\"Portal Tela Portugal\",\"description\":\"\",\"potentialAction\":[{\"@type\":\"SearchAction\",\"target\":{\"@type\":\"EntryPoint\",\"urlTemplate\":\"https:\/\/portaltela.pt\/?s={search_term_string}\"},\"query-input\":{\"@type\":\"PropertyValueSpecification\",\"valueRequired\":true,\"valueName\":\"search_term_string\"}}],\"inLanguage\":\"pt-PT\"},{\"@type\":\"Person\",\"@id\":\"https:\/\/portaltela.pt\/#\/schema\/person\/c4278d4a6028830caff9ee44b42d32ed\",\"name\":\"Telinha\",\"image\":{\"@type\":\"ImageObject\",\"inLanguage\":\"pt-PT\",\"@id\":\"https:\/\/portaltela.pt\/s.01k8rhncp4jt1\/2025\/11\/talking-bot-125x125.png\",\"url\":\"https:\/\/portaltela.pt\/s.01k8rhncp4jt1\/2025\/11\/talking-bot-125x125.png\",\"contentUrl\":\"https:\/\/portaltela.pt\/s.01k8rhncp4jt1\/2025\/11\/talking-bot-125x125.png\",\"caption\":\"Telinha\"},\"sameAs\":[\"https:\/\/portaltela.pt\/\"],\"url\":\"https:\/\/portaltela.pt\/por\/367410592786\/\"}]}<\/script>\n<!-- \/ Yoast SEO plugin. -->","yoast_head_json":{"title":"Jo\u00e3o F\u00e9lix marca pelo Al Nassr no s\u00edtio certo - Portal Tela Portugal","robots":{"index":"index","follow":"follow","max-snippet":"max-snippet:-1","max-image-preview":"max-image-preview:large","max-video-preview":"max-video-preview:-1"},"og_locale":"pt_PT","og_type":"article","og_title":"Jo\u00e3o F\u00e9lix marca pelo Al Nassr no s\u00edtio certo - Portal Tela Portugal","og_description":"Jo\u00e3o F\u00e9lix marcou o golo que fixou o 2-0 do Al Nassr frente ao Al Okhdood. Foi o 16.\u00ba golo do avan\u00e7ado portugu\u00eas no campeonato saudita. A partida ficou marcada pela presen\u00e7a de Cristiano Ronaldo, tamb\u00e9m ele a marcar antes. O Al Nassr \u00e9 treinado por Jorge Jesus. O resultado ocorreu no contexto do campeonato saudita.","og_url":"https:\/\/portaltela.pt\/noticias\/2026\/04\/11\/joao-felix-marca-pelo-al-nassr-no-sitio-certo\/","og_site_name":"Portal Tela Portugal","article_published_time":"2026-04-11T19:47:00+00:00","author":"Telinha","twitter_card":"summary_large_image","twitter_misc":{"Escrito por":"Telinha","Tempo estimado de leitura":"1 minuto"},"schema":{"@context":"https:\/\/schema.org","@graph":[{"@type":"Article","@id":"https:\/\/portaltela.pt\/noticias\/2026\/04\/11\/joao-felix-marca-pelo-al-nassr-no-sitio-certo\/#article","isPartOf":{"@id":"https:\/\/portaltela.pt\/noticias\/2026\/04\/11\/joao-felix-marca-pelo-al-nassr-no-sitio-certo\/"},"author":{"name":"Telinha","@id":"https:\/\/portaltela.pt\/#\/schema\/person\/c4278d4a6028830caff9ee44b42d32ed"},"headline":"Jo\u00e3o F\u00e9lix marca pelo Al Nassr no s\u00edtio certo","datePublished":"2026-04-11T19:47:00+00:00","mainEntityOfPage":{"@id":"https:\/\/portaltela.pt\/noticias\/2026\/04\/11\/joao-felix-marca-pelo-al-nassr-no-sitio-certo\/"},"wordCount":135,"image":{"@id":"https:\/\/portaltela.pt\/noticias\/2026\/04\/11\/joao-felix-marca-pelo-al-nassr-no-sitio-certo\/#primaryimage"},"thumbnailUrl":"https:\/\/portaltela.pt\/s.01k8rhncp4jt1\/2026\/04\/img_1200x721uu2026-04-11-20-30-31-2432436.jpg","keywords":["_futebol","Cristiano Ronaldo","futebol internacional","ligas internacionais","mercado da bola","Portugal"],"articleSection":["Desporto","Futebol"],"inLanguage":"pt-PT"},{"@type":"WebPage","@id":"https:\/\/portaltela.pt\/noticias\/2026\/04\/11\/joao-felix-marca-pelo-al-nassr-no-sitio-certo\/","url":"https:\/\/portaltela.pt\/noticias\/2026\/04\/11\/joao-felix-marca-pelo-al-nassr-no-sitio-certo\/","name":"Jo\u00e3o F\u00e9lix marca pelo Al Nassr no s\u00edtio certo - Portal Tela Portugal","isPartOf":{"@id":"https:\/\/portaltela.pt\/#website"},"primaryImageOfPage":{"@id":"https:\/\/portaltela.pt\/noticias\/2026\/04\/11\/joao-felix-marca-pelo-al-nassr-no-sitio-certo\/#primaryimage"},"image":{"@id":"https:\/\/portaltela.pt\/noticias\/2026\/04\/11\/joao-felix-marca-pelo-al-nassr-no-sitio-certo\/#primaryimage"},"thumbnailUrl":"https:\/\/portaltela.pt\/s.01k8rhncp4jt1\/2026\/04\/img_1200x721uu2026-04-11-20-30-31-2432436.jpg","datePublished":"2026-04-11T19:47:00+00:00","author":{"@id":"https:\/\/portaltela.pt\/#\/schema\/person\/c4278d4a6028830caff9ee44b42d32ed"},"breadcrumb":{"@id":"https:\/\/portaltela.pt\/noticias\/2026\/04\/11\/joao-felix-marca-pelo-al-nassr-no-sitio-certo\/#breadcrumb"},"inLanguage":"pt-PT","potentialAction":[{"@type":"ReadAction","target":["https:\/\/portaltela.pt\/noticias\/2026\/04\/11\/joao-felix-marca-pelo-al-nassr-no-sitio-certo\/"]}]},{"@type":"ImageObject","inLanguage":"pt-PT","@id":"https:\/\/portaltela.pt\/noticias\/2026\/04\/11\/joao-felix-marca-pelo-al-nassr-no-sitio-certo\/#primaryimage","url":"https:\/\/portaltela.pt\/s.01k8rhncp4jt1\/2026\/04\/img_1200x721uu2026-04-11-20-30-31-2432436.jpg","contentUrl":"https:\/\/portaltela.pt\/s.01k8rhncp4jt1\/2026\/04\/img_1200x721uu2026-04-11-20-30-31-2432436.jpg","width":796,"height":448,"caption":"No s\u00edtio certo \u00e0 hora certa: foi assim que Jo\u00e3o F\u00e9lix marcou mais um golo pelo Al Nassr"},{"@type":"BreadcrumbList","@id":"https:\/\/portaltela.pt\/noticias\/2026\/04\/11\/joao-felix-marca-pelo-al-nassr-no-sitio-certo\/#breadcrumb","itemListElement":[{"@type":"ListItem","position":1,"name":"In\u00edcio","item":"https:\/\/portaltela.pt\/"},{"@type":"ListItem","position":2,"name":"Jo\u00e3o F\u00e9lix marca pelo Al Nassr no s\u00edtio certo"}]},{"@type":"WebSite","@id":"https:\/\/portaltela.pt\/#website","url":"https:\/\/portaltela.pt\/","name":"Portal Tela Portugal","description":"","potentialAction":[{"@type":"SearchAction","target":{"@type":"EntryPoint","urlTemplate":"https:\/\/portaltela.pt\/?s={search_term_string}"},"query-input":{"@type":"PropertyValueSpecification","valueRequired":true,"valueName":"search_term_string"}}],"inLanguage":"pt-PT"},{"@type":"Person","@id":"https:\/\/portaltela.pt\/#\/schema\/person\/c4278d4a6028830caff9ee44b42d32ed","name":"Telinha","image":{"@type":"ImageObject","inLanguage":"pt-PT","@id":"https:\/\/portaltela.pt\/s.01k8rhncp4jt1\/2025\/11\/talking-bot-125x125.png","url":"https:\/\/portaltela.pt\/s.01k8rhncp4jt1\/2025\/11\/talking-bot-125x125.png","contentUrl":"https:\/\/portaltela.pt\/s.01k8rhncp4jt1\/2025\/11\/talking-bot-125x125.png","caption":"Telinha"},"sameAs":["https:\/\/portaltela.pt\/"],"url":"https:\/\/portaltela.pt\/por\/367410592786\/"}]}},"_links":{"self":[{"href":"https:\/\/portaltela.pt\/api\/wp\/v2\/posts\/440854","targetHints":{"allow":["GET"]}}],"collection":[{"href":"https:\/\/portaltela.pt\/api\/wp\/v2\/posts"}],"about":[{"href":"https:\/\/portaltela.pt\/api\/wp\/v2\/types\/post"}],"author":[{"embeddable":true,"href":"https:\/\/portaltela.pt\/api\/wp\/v2\/users\/2"}],"replies":[{"embeddable":true,"href":"https:\/\/portaltela.pt\/api\/wp\/v2\/comments?post=440854"}],"version-history":[{"count":0,"href":"https:\/\/portaltela.pt\/api\/wp\/v2\/posts\/440854\/revisions"}],"wp:featuredmedia":[{"embeddable":true,"href":"https:\/\/portaltela.pt\/api\/wp\/v2\/media\/440856"}],"wp:attachment":[{"href":"https:\/\/portaltela.pt\/api\/wp\/v2\/media?parent=440854"}],"wp:term":[{"taxonomy":"category","embeddable":true,"href":"https:\/\/portaltela.pt\/api\/wp\/v2\/categories?post=440854"},{"taxonomy":"post_tag","embeddable":true,"href":"https:\/\/portaltela.pt\/api\/wp\/v2\/tags?post=440854"}],"curies":[{"name":"wp","href":"https:\/\/api.w.org\/{rel}","templated":true}]}}