{"id":440852,"date":"2026-04-11T16:46:48","date_gmt":"2026-04-11T19:46:48","guid":{"rendered":"https:\/\/portaltela.pt\/noticias\/2026\/04\/11\/paul-seixas-sucede-joao-almeida-e-vence-a-volta-ao-pais-basco\/"},"modified":"2026-04-11T16:46:48","modified_gmt":"2026-04-11T19:46:48","slug":"paul-seixas-sucede-joao-almeida-e-vence-a-volta-ao-pais-basco","status":"publish","type":"post","link":"https:\/\/portaltela.pt\/desporto\/futebol\/2026\/04\/11\/paul-seixas-sucede-joao-almeida-e-vence-a-volta-ao-pais-basco\/","title":{"rendered":"Paul Seixas sucede Jo\u00e3o Almeida e vence a Volta ao Pa\u00eds Basco"},"content":{"rendered":"<p>Paul Seixas (Decathlon) tornou-se o vencedor da Volta ao Pa\u00eds Basco de 2026, sucedendo Jo\u00e3o Almeida. Aos 19 anos, o franc\u00eas conquistou a 65. edi\u00e7\u00e3o da prova, cuja \u00faltima tirada foi vencida pelo norte-americano Andrew August (Ineos). O duelo decorreu na regi\u00e3o basca de Espanha entre Goizper-Antzuola e Bergara.<\/p>\n<p>Seixas dominou a geral e tamb\u00e9m levou as mazelas de montanha, pontos e juventude, num feito in\u00e9dito para um jovem de pelot\u00e3o internacional apenas 14 meses depois de estreia. Tornou-se assim o mais jovem a ganhar uma corrida por etapas do World Tour, superando Tadej Pogacar.<\/p>\n<p>Na \u00faltima etapa, August abriu-se \u00e0 frente com vit\u00f3ria em Bergara ap\u00f3s 135,2 km percorridos em 3h29m35s, mas o garoto da Decathlon manteve a lideran\u00e7a na Classifica\u00e7\u00e3o Geral. O franc\u00eas chega com vantagem de 2m30s sobre Lipowitz e 2m33s sobre Johannessen.<\/p>\n<p>Resultados da tirada final mostraram August a cruzar primeiro, seguido por Ra\u00fal Garc\u00eda Pierna e Frank van den Broek. A prova manteve chuva intensa, transformando a \u00faltima etapa num desafio adicional para os favoritos e para o p\u00fablico presente.<\/p>\n","protected":false},"excerpt":{"rendered":"<ul>\n<li>Paul Seixas (Decathlon) venceu a Volta ao Pa\u00eds Basco, tornando-se o mais jovem a conquistar uma corrida por etapas do World Tour, aos 19 anos.<\/li>\n<li>O franc\u00eas sucedeu a Jo\u00e3o Almeida na presid\u00eancia da prova, com a sexta e \u00faltima etapa vencida por Andrew August (Ineos) em Bergara ap\u00f3s 135,2 quil\u00f3metros.<\/li>\n<li>Seixas dominou todas as classifica\u00e7\u00f5es: geral individual, montanha, pontos e juventude, tornando-se o primeiro franc\u00eas a vencer a Volta ao Pa\u00eds Basco desde Laurent Jalabert, em 1999.<\/li>\n<li>O Time do vencedor celebrou o feito mesmo com chuva; Seixas atacou aos 56 quil\u00f3metros da meta, sem necessidade de mudan\u00e7a no resultado final.<\/li>\n<li>No p\u00f3dio, Seixas foi seguido por Florian Lipowitz (Red Bull-BORA-hansgrohe) a 2,30 minutos e Tobias Johannessen (Uno-X Mobility) a 2,33, enquanto a \u00faltima tirada foi vencida por Andrew August.<\/li>\n<\/ul>\n","protected":false},"author":2,"featured_media":440853,"comment_status":"closed","ping_status":"closed","sticky":false,"template":"","format":"standard","meta":{"footnotes":""},"categories":[21,24],"tags":[923,2487,1014,5902],"class_list":["post-440852","post","type-post","status-publish","format-standard","has-post-thumbnail","hentry","category-desporto","category-futebol","tag-ciclismo","tag-europa","tag-portugal","tag-world-tour"],"yoast_head":"<!-- This site is optimized with the Yoast SEO plugin v27.2 - https:\/\/yoast.com\/product\/yoast-seo-wordpress\/ -->\n<title>Paul Seixas sucede Jo\u00e3o Almeida e vence a Volta ao Pa\u00eds Basco - Portal Tela Portugal<\/title>\n<meta name=\"robots\" content=\"index, follow, max-snippet:-1, max-image-preview:large, max-video-preview:-1\" \/>\n<meta property=\"og:locale\" content=\"pt_PT\" \/>\n<meta property=\"og:type\" content=\"article\" \/>\n<meta property=\"og:title\" content=\"Paul Seixas sucede Jo\u00e3o Almeida e vence a Volta ao Pa\u00eds Basco - Portal Tela Portugal\" \/>\n<meta property=\"og:description\" content=\"Paul Seixas (Decathlon) venceu a Volta ao Pa\u00eds Basco, tornando-se o mais jovem a conquistar uma corrida por etapas do World Tour, aos 19 anos. O franc\u00eas sucedeu a Jo\u00e3o Almeida na presid\u00eancia da prova, com a sexta e \u00faltima etapa vencida por Andrew August (Ineos) em Bergara ap\u00f3s 135,2 quil\u00f3metros. Seixas dominou todas as classifica\u00e7\u00f5es: geral individual, montanha, pontos e juventude, tornando-se o primeiro franc\u00eas a vencer a Volta ao Pa\u00eds Basco desde Laurent Jalabert, em 1999. O Time do vencedor celebrou o feito mesmo com chuva; Seixas atacou aos 56 quil\u00f3metros da meta, sem necessidade de mudan\u00e7a no resultado final. No p\u00f3dio, Seixas foi seguido por Florian Lipowitz (Red Bull-BORA-hansgrohe) a 2,30 minutos e Tobias Johannessen (Uno-X Mobility) a 2,33, enquanto a \u00faltima tirada foi vencida por Andrew August.\" \/>\n<meta property=\"og:url\" content=\"https:\/\/portaltela.pt\/noticias\/2026\/04\/11\/paul-seixas-sucede-joao-almeida-e-vence-a-volta-ao-pais-basco\/\" \/>\n<meta property=\"og:site_name\" content=\"Portal Tela Portugal\" \/>\n<meta property=\"article:published_time\" content=\"2026-04-11T19:46:48+00:00\" \/>\n<meta name=\"author\" content=\"Telinha\" \/>\n<meta name=\"twitter:card\" content=\"summary_large_image\" \/>\n<meta name=\"twitter:label1\" content=\"Escrito por\" \/>\n\t<meta name=\"twitter:data1\" content=\"Telinha\" \/>\n\t<meta name=\"twitter:label2\" content=\"Tempo estimado de leitura\" \/>\n\t<meta name=\"twitter:data2\" content=\"1 minuto\" \/>\n<script type=\"application\/ld+json\" class=\"yoast-schema-graph\">{\"@context\":\"https:\/\/schema.org\",\"@graph\":[{\"@type\":\"Article\",\"@id\":\"https:\/\/portaltela.pt\/noticias\/2026\/04\/11\/paul-seixas-sucede-joao-almeida-e-vence-a-volta-ao-pais-basco\/#article\",\"isPartOf\":{\"@id\":\"https:\/\/portaltela.pt\/noticias\/2026\/04\/11\/paul-seixas-sucede-joao-almeida-e-vence-a-volta-ao-pais-basco\/\"},\"author\":{\"name\":\"Telinha\",\"@id\":\"https:\/\/portaltela.pt\/#\/schema\/person\/c4278d4a6028830caff9ee44b42d32ed\"},\"headline\":\"Paul Seixas sucede Jo\u00e3o Almeida e vence a Volta ao Pa\u00eds Basco\",\"datePublished\":\"2026-04-11T19:46:48+00:00\",\"mainEntityOfPage\":{\"@id\":\"https:\/\/portaltela.pt\/noticias\/2026\/04\/11\/paul-seixas-sucede-joao-almeida-e-vence-a-volta-ao-pais-basco\/\"},\"wordCount\":203,\"image\":{\"@id\":\"https:\/\/portaltela.pt\/noticias\/2026\/04\/11\/paul-seixas-sucede-joao-almeida-e-vence-a-volta-ao-pais-basco\/#primaryimage\"},\"thumbnailUrl\":\"https:\/\/portaltela.pt\/s.01k8rhncp4jt1\/2026\/04\/2080755.jpg\",\"keywords\":[\"ciclismo\",\"Europa\",\"Portugal\",\"World Tour\"],\"articleSection\":[\"Desporto\",\"Futebol\"],\"inLanguage\":\"pt-PT\"},{\"@type\":\"WebPage\",\"@id\":\"https:\/\/portaltela.pt\/noticias\/2026\/04\/11\/paul-seixas-sucede-joao-almeida-e-vence-a-volta-ao-pais-basco\/\",\"url\":\"https:\/\/portaltela.pt\/noticias\/2026\/04\/11\/paul-seixas-sucede-joao-almeida-e-vence-a-volta-ao-pais-basco\/\",\"name\":\"Paul Seixas sucede Jo\u00e3o Almeida e vence a Volta ao Pa\u00eds Basco - Portal Tela Portugal\",\"isPartOf\":{\"@id\":\"https:\/\/portaltela.pt\/#website\"},\"primaryImageOfPage\":{\"@id\":\"https:\/\/portaltela.pt\/noticias\/2026\/04\/11\/paul-seixas-sucede-joao-almeida-e-vence-a-volta-ao-pais-basco\/#primaryimage\"},\"image\":{\"@id\":\"https:\/\/portaltela.pt\/noticias\/2026\/04\/11\/paul-seixas-sucede-joao-almeida-e-vence-a-volta-ao-pais-basco\/#primaryimage\"},\"thumbnailUrl\":\"https:\/\/portaltela.pt\/s.01k8rhncp4jt1\/2026\/04\/2080755.jpg\",\"datePublished\":\"2026-04-11T19:46:48+00:00\",\"author\":{\"@id\":\"https:\/\/portaltela.pt\/#\/schema\/person\/c4278d4a6028830caff9ee44b42d32ed\"},\"breadcrumb\":{\"@id\":\"https:\/\/portaltela.pt\/noticias\/2026\/04\/11\/paul-seixas-sucede-joao-almeida-e-vence-a-volta-ao-pais-basco\/#breadcrumb\"},\"inLanguage\":\"pt-PT\",\"potentialAction\":[{\"@type\":\"ReadAction\",\"target\":[\"https:\/\/portaltela.pt\/noticias\/2026\/04\/11\/paul-seixas-sucede-joao-almeida-e-vence-a-volta-ao-pais-basco\/\"]}]},{\"@type\":\"ImageObject\",\"inLanguage\":\"pt-PT\",\"@id\":\"https:\/\/portaltela.pt\/noticias\/2026\/04\/11\/paul-seixas-sucede-joao-almeida-e-vence-a-volta-ao-pais-basco\/#primaryimage\",\"url\":\"https:\/\/portaltela.pt\/s.01k8rhncp4jt1\/2026\/04\/2080755.jpg\",\"contentUrl\":\"https:\/\/portaltela.pt\/s.01k8rhncp4jt1\/2026\/04\/2080755.jpg\",\"width\":796,\"height\":448,\"caption\":\"Paul Seixas\"},{\"@type\":\"BreadcrumbList\",\"@id\":\"https:\/\/portaltela.pt\/noticias\/2026\/04\/11\/paul-seixas-sucede-joao-almeida-e-vence-a-volta-ao-pais-basco\/#breadcrumb\",\"itemListElement\":[{\"@type\":\"ListItem\",\"position\":1,\"name\":\"In\u00edcio\",\"item\":\"https:\/\/portaltela.pt\/\"},{\"@type\":\"ListItem\",\"position\":2,\"name\":\"Paul Seixas sucede Jo\u00e3o Almeida e vence a Volta ao Pa\u00eds Basco\"}]},{\"@type\":\"WebSite\",\"@id\":\"https:\/\/portaltela.pt\/#website\",\"url\":\"https:\/\/portaltela.pt\/\",\"name\":\"Portal Tela Portugal\",\"description\":\"\",\"potentialAction\":[{\"@type\":\"SearchAction\",\"target\":{\"@type\":\"EntryPoint\",\"urlTemplate\":\"https:\/\/portaltela.pt\/?s={search_term_string}\"},\"query-input\":{\"@type\":\"PropertyValueSpecification\",\"valueRequired\":true,\"valueName\":\"search_term_string\"}}],\"inLanguage\":\"pt-PT\"},{\"@type\":\"Person\",\"@id\":\"https:\/\/portaltela.pt\/#\/schema\/person\/c4278d4a6028830caff9ee44b42d32ed\",\"name\":\"Telinha\",\"image\":{\"@type\":\"ImageObject\",\"inLanguage\":\"pt-PT\",\"@id\":\"https:\/\/portaltela.pt\/s.01k8rhncp4jt1\/2025\/11\/talking-bot-125x125.png\",\"url\":\"https:\/\/portaltela.pt\/s.01k8rhncp4jt1\/2025\/11\/talking-bot-125x125.png\",\"contentUrl\":\"https:\/\/portaltela.pt\/s.01k8rhncp4jt1\/2025\/11\/talking-bot-125x125.png\",\"caption\":\"Telinha\"},\"sameAs\":[\"https:\/\/portaltela.pt\/\"],\"url\":\"https:\/\/portaltela.pt\/por\/367410592786\/\"}]}<\/script>\n<!-- \/ Yoast SEO plugin. -->","yoast_head_json":{"title":"Paul Seixas sucede Jo\u00e3o Almeida e vence a Volta ao Pa\u00eds Basco - Portal Tela Portugal","robots":{"index":"index","follow":"follow","max-snippet":"max-snippet:-1","max-image-preview":"max-image-preview:large","max-video-preview":"max-video-preview:-1"},"og_locale":"pt_PT","og_type":"article","og_title":"Paul Seixas sucede Jo\u00e3o Almeida e vence a Volta ao Pa\u00eds Basco - Portal Tela Portugal","og_description":"Paul Seixas (Decathlon) venceu a Volta ao Pa\u00eds Basco, tornando-se o mais jovem a conquistar uma corrida por etapas do World Tour, aos 19 anos. O franc\u00eas sucedeu a Jo\u00e3o Almeida na presid\u00eancia da prova, com a sexta e \u00faltima etapa vencida por Andrew August (Ineos) em Bergara ap\u00f3s 135,2 quil\u00f3metros. Seixas dominou todas as classifica\u00e7\u00f5es: geral individual, montanha, pontos e juventude, tornando-se o primeiro franc\u00eas a vencer a Volta ao Pa\u00eds Basco desde Laurent Jalabert, em 1999. O Time do vencedor celebrou o feito mesmo com chuva; Seixas atacou aos 56 quil\u00f3metros da meta, sem necessidade de mudan\u00e7a no resultado final. No p\u00f3dio, Seixas foi seguido por Florian Lipowitz (Red Bull-BORA-hansgrohe) a 2,30 minutos e Tobias Johannessen (Uno-X Mobility) a 2,33, enquanto a \u00faltima tirada foi vencida por Andrew August.","og_url":"https:\/\/portaltela.pt\/noticias\/2026\/04\/11\/paul-seixas-sucede-joao-almeida-e-vence-a-volta-ao-pais-basco\/","og_site_name":"Portal Tela Portugal","article_published_time":"2026-04-11T19:46:48+00:00","author":"Telinha","twitter_card":"summary_large_image","twitter_misc":{"Escrito por":"Telinha","Tempo estimado de leitura":"1 minuto"},"schema":{"@context":"https:\/\/schema.org","@graph":[{"@type":"Article","@id":"https:\/\/portaltela.pt\/noticias\/2026\/04\/11\/paul-seixas-sucede-joao-almeida-e-vence-a-volta-ao-pais-basco\/#article","isPartOf":{"@id":"https:\/\/portaltela.pt\/noticias\/2026\/04\/11\/paul-seixas-sucede-joao-almeida-e-vence-a-volta-ao-pais-basco\/"},"author":{"name":"Telinha","@id":"https:\/\/portaltela.pt\/#\/schema\/person\/c4278d4a6028830caff9ee44b42d32ed"},"headline":"Paul Seixas sucede Jo\u00e3o Almeida e vence a Volta ao Pa\u00eds Basco","datePublished":"2026-04-11T19:46:48+00:00","mainEntityOfPage":{"@id":"https:\/\/portaltela.pt\/noticias\/2026\/04\/11\/paul-seixas-sucede-joao-almeida-e-vence-a-volta-ao-pais-basco\/"},"wordCount":203,"image":{"@id":"https:\/\/portaltela.pt\/noticias\/2026\/04\/11\/paul-seixas-sucede-joao-almeida-e-vence-a-volta-ao-pais-basco\/#primaryimage"},"thumbnailUrl":"https:\/\/portaltela.pt\/s.01k8rhncp4jt1\/2026\/04\/2080755.jpg","keywords":["ciclismo","Europa","Portugal","World Tour"],"articleSection":["Desporto","Futebol"],"inLanguage":"pt-PT"},{"@type":"WebPage","@id":"https:\/\/portaltela.pt\/noticias\/2026\/04\/11\/paul-seixas-sucede-joao-almeida-e-vence-a-volta-ao-pais-basco\/","url":"https:\/\/portaltela.pt\/noticias\/2026\/04\/11\/paul-seixas-sucede-joao-almeida-e-vence-a-volta-ao-pais-basco\/","name":"Paul Seixas sucede Jo\u00e3o Almeida e vence a Volta ao Pa\u00eds Basco - Portal Tela Portugal","isPartOf":{"@id":"https:\/\/portaltela.pt\/#website"},"primaryImageOfPage":{"@id":"https:\/\/portaltela.pt\/noticias\/2026\/04\/11\/paul-seixas-sucede-joao-almeida-e-vence-a-volta-ao-pais-basco\/#primaryimage"},"image":{"@id":"https:\/\/portaltela.pt\/noticias\/2026\/04\/11\/paul-seixas-sucede-joao-almeida-e-vence-a-volta-ao-pais-basco\/#primaryimage"},"thumbnailUrl":"https:\/\/portaltela.pt\/s.01k8rhncp4jt1\/2026\/04\/2080755.jpg","datePublished":"2026-04-11T19:46:48+00:00","author":{"@id":"https:\/\/portaltela.pt\/#\/schema\/person\/c4278d4a6028830caff9ee44b42d32ed"},"breadcrumb":{"@id":"https:\/\/portaltela.pt\/noticias\/2026\/04\/11\/paul-seixas-sucede-joao-almeida-e-vence-a-volta-ao-pais-basco\/#breadcrumb"},"inLanguage":"pt-PT","potentialAction":[{"@type":"ReadAction","target":["https:\/\/portaltela.pt\/noticias\/2026\/04\/11\/paul-seixas-sucede-joao-almeida-e-vence-a-volta-ao-pais-basco\/"]}]},{"@type":"ImageObject","inLanguage":"pt-PT","@id":"https:\/\/portaltela.pt\/noticias\/2026\/04\/11\/paul-seixas-sucede-joao-almeida-e-vence-a-volta-ao-pais-basco\/#primaryimage","url":"https:\/\/portaltela.pt\/s.01k8rhncp4jt1\/2026\/04\/2080755.jpg","contentUrl":"https:\/\/portaltela.pt\/s.01k8rhncp4jt1\/2026\/04\/2080755.jpg","width":796,"height":448,"caption":"Paul Seixas"},{"@type":"BreadcrumbList","@id":"https:\/\/portaltela.pt\/noticias\/2026\/04\/11\/paul-seixas-sucede-joao-almeida-e-vence-a-volta-ao-pais-basco\/#breadcrumb","itemListElement":[{"@type":"ListItem","position":1,"name":"In\u00edcio","item":"https:\/\/portaltela.pt\/"},{"@type":"ListItem","position":2,"name":"Paul Seixas sucede Jo\u00e3o Almeida e vence a Volta ao Pa\u00eds Basco"}]},{"@type":"WebSite","@id":"https:\/\/portaltela.pt\/#website","url":"https:\/\/portaltela.pt\/","name":"Portal Tela Portugal","description":"","potentialAction":[{"@type":"SearchAction","target":{"@type":"EntryPoint","urlTemplate":"https:\/\/portaltela.pt\/?s={search_term_string}"},"query-input":{"@type":"PropertyValueSpecification","valueRequired":true,"valueName":"search_term_string"}}],"inLanguage":"pt-PT"},{"@type":"Person","@id":"https:\/\/portaltela.pt\/#\/schema\/person\/c4278d4a6028830caff9ee44b42d32ed","name":"Telinha","image":{"@type":"ImageObject","inLanguage":"pt-PT","@id":"https:\/\/portaltela.pt\/s.01k8rhncp4jt1\/2025\/11\/talking-bot-125x125.png","url":"https:\/\/portaltela.pt\/s.01k8rhncp4jt1\/2025\/11\/talking-bot-125x125.png","contentUrl":"https:\/\/portaltela.pt\/s.01k8rhncp4jt1\/2025\/11\/talking-bot-125x125.png","caption":"Telinha"},"sameAs":["https:\/\/portaltela.pt\/"],"url":"https:\/\/portaltela.pt\/por\/367410592786\/"}]}},"_links":{"self":[{"href":"https:\/\/portaltela.pt\/api\/wp\/v2\/posts\/440852","targetHints":{"allow":["GET"]}}],"collection":[{"href":"https:\/\/portaltela.pt\/api\/wp\/v2\/posts"}],"about":[{"href":"https:\/\/portaltela.pt\/api\/wp\/v2\/types\/post"}],"author":[{"embeddable":true,"href":"https:\/\/portaltela.pt\/api\/wp\/v2\/users\/2"}],"replies":[{"embeddable":true,"href":"https:\/\/portaltela.pt\/api\/wp\/v2\/comments?post=440852"}],"version-history":[{"count":0,"href":"https:\/\/portaltela.pt\/api\/wp\/v2\/posts\/440852\/revisions"}],"wp:featuredmedia":[{"embeddable":true,"href":"https:\/\/portaltela.pt\/api\/wp\/v2\/media\/440853"}],"wp:attachment":[{"href":"https:\/\/portaltela.pt\/api\/wp\/v2\/media?parent=440852"}],"wp:term":[{"taxonomy":"category","embeddable":true,"href":"https:\/\/portaltela.pt\/api\/wp\/v2\/categories?post=440852"},{"taxonomy":"post_tag","embeddable":true,"href":"https:\/\/portaltela.pt\/api\/wp\/v2\/tags?post=440852"}],"curies":[{"name":"wp","href":"https:\/\/api.w.org\/{rel}","templated":true}]}}