{"id":440782,"date":"2026-04-11T15:32:25","date_gmt":"2026-04-11T18:32:25","guid":{"rendered":"https:\/\/portaltela.pt\/noticias\/2026\/04\/11\/paul-seixas-conquista-a-volta-ao-pais-basco-com-tres-vitorias-de-etapa-e-geral\/"},"modified":"2026-04-11T15:32:25","modified_gmt":"2026-04-11T18:32:25","slug":"paul-seixas-conquista-a-volta-ao-pais-basco-com-tres-vitorias-de-etapa-e-geral","status":"publish","type":"post","link":"https:\/\/portaltela.pt\/desporto\/futebol\/2026\/04\/11\/paul-seixas-conquista-a-volta-ao-pais-basco-com-tres-vitorias-de-etapa-e-geral\/","title":{"rendered":"Paul Seixas conquista a Volta ao Pa\u00eds Basco com tr\u00eas vit\u00f3rias de etapa e geral"},"content":{"rendered":"<p>Paul Seixas, ciclista franc\u00eas de 19 anos da Decathlon, tornou-se no primeiro franc\u00eas desde 2007 a vencer uma prova por etapas do World Tour. Foi o destaque da Volta ao Pa\u00eds Basco, ao terminar a edi\u00e7\u00e3o com triunfo em tr\u00eas etapas e na geral.<\/p>\n<p>O triunfo ocorre ap\u00f3s uma corrida marcada pela consist\u00eancia do jovem, que assumiu a lideran\u00e7a durante a semana e consolidou-a na etapa final. A derradeira tirada decorreu sob dil\u00favio, e Seixas optou por atacar na subida para preparar a descida, mantendo a vantagem at\u00e9 ao final.<\/p>\n<p>A vit\u00f3ria foi atribu\u00edda tamb\u00e9m ao desenrolar da equipa t\u00e9cnica, que estudou meticulosamente o desfecho da prova. Seixas valorizou o apoio dos colegas e da estrutura da equipa, reconhecendo que a vit\u00f3ria exigiu uma forma\u00e7\u00e3o coesa e bem preparada.<\/p>\n<h3>Conquista hist\u00f3rica para a Fran\u00e7a<\/h3>\n<p>A edi\u00e7\u00e3o da Volta ao Pa\u00eds Basco ficou marcada pela estreia de Seixas no topo do p\u00f3dio e pela aus\u00eancia de franceses no primeiro lugar h\u00e1 quase duas d\u00e9cadas. O regresso p\u00fablico ao ciclismo de alto n\u00edvel permanece como objetivo para o jovem atleta e a equipa.<\/p>\n<h3>\u00daltima etapa sob chuva<\/h3>\n<p>Jo\u00e3o Almeida, o antecessor direto no palmar\u00e9s da competi\u00e7\u00e3o, foi citado indiretamente como refer\u00eancia hist\u00f3rica, refor\u00e7ando o feito de Seixas. A corrida manteve o ritmo acelerado at\u00e9 ao fim, com a vit\u00f3ria consolidada pelo esfor\u00e7o coletivo da equipa.<\/p>\n","protected":false},"excerpt":{"rendered":"<ul>\n<li>Paul Seixas, ciclista franc\u00eas de 19 anos, venceu a Volta ao Pa\u00eds Basco (Itzulia), tornando-se no primeiro franc\u00eas desde Christophe Moreau (2007) a ganhar uma prova por etapas do World Tour.<\/li>\n<li>Sucedeu a Jo\u00e3o Almeida e venceu a geral, somando tr\u00eas vit\u00f3rias de etapa na edi\u00e7\u00e3o.<\/li>\n<li>A derradeira etapa, disputada sob dil\u00favio, viu Seixas optar pelo ataque na subida para evitar riscos na descida.<\/li>\n<li>Destacou a import\u00e2ncia de uma equipa s\u00f3lida, elogiando o apoio dos colegas e da equipa t\u00e9cnica que planeou tudo ao pormenor.<\/li>\n<li>A conquista marca o auge de uma \u00e9poca em que Seixas j\u00e1 tinha ganhado tr\u00eas etapas e a classifica\u00e7\u00e3o geral da competi\u00e7\u00e3o.<\/li>\n<\/ul>\n","protected":false},"author":2,"featured_media":440784,"comment_status":"closed","ping_status":"closed","sticky":false,"template":"","format":"standard","meta":{"footnotes":""},"categories":[21,24],"tags":[923,1287,1856,81,6236,5902],"class_list":["post-440782","post","type-post","status-publish","format-standard","has-post-thumbnail","hentry","category-desporto","category-futebol","tag-ciclismo","tag-equipas","tag-franca","tag-internacionais","tag-paul-seixas","tag-world-tour"],"yoast_head":"<!-- This site is optimized with the Yoast SEO plugin v27.2 - https:\/\/yoast.com\/product\/yoast-seo-wordpress\/ -->\n<title>Paul Seixas conquista a Volta ao Pa\u00eds Basco com tr\u00eas vit\u00f3rias de etapa e geral - Portal Tela Portugal<\/title>\n<meta name=\"robots\" content=\"index, follow, max-snippet:-1, max-image-preview:large, max-video-preview:-1\" \/>\n<meta property=\"og:locale\" content=\"pt_PT\" \/>\n<meta property=\"og:type\" content=\"article\" \/>\n<meta property=\"og:title\" content=\"Paul Seixas conquista a Volta ao Pa\u00eds Basco com tr\u00eas vit\u00f3rias de etapa e geral - Portal Tela Portugal\" \/>\n<meta property=\"og:description\" content=\"Paul Seixas, ciclista franc\u00eas de 19 anos, venceu a Volta ao Pa\u00eds Basco (Itzulia), tornando-se no primeiro franc\u00eas desde Christophe Moreau (2007) a ganhar uma prova por etapas do World Tour. Sucedeu a Jo\u00e3o Almeida e venceu a geral, somando tr\u00eas vit\u00f3rias de etapa na edi\u00e7\u00e3o. A derradeira etapa, disputada sob dil\u00favio, viu Seixas optar pelo ataque na subida para evitar riscos na descida. Destacou a import\u00e2ncia de uma equipa s\u00f3lida, elogiando o apoio dos colegas e da equipa t\u00e9cnica que planeou tudo ao pormenor. A conquista marca o auge de uma \u00e9poca em que Seixas j\u00e1 tinha ganhado tr\u00eas etapas e a classifica\u00e7\u00e3o geral da competi\u00e7\u00e3o.\" \/>\n<meta property=\"og:url\" content=\"https:\/\/portaltela.pt\/noticias\/2026\/04\/11\/paul-seixas-conquista-a-volta-ao-pais-basco-com-tres-vitorias-de-etapa-e-geral\/\" \/>\n<meta property=\"og:site_name\" content=\"Portal Tela Portugal\" \/>\n<meta property=\"article:published_time\" content=\"2026-04-11T18:32:25+00:00\" \/>\n<meta name=\"author\" content=\"Telinha\" \/>\n<meta name=\"twitter:card\" content=\"summary_large_image\" \/>\n<meta name=\"twitter:label1\" content=\"Escrito por\" \/>\n\t<meta name=\"twitter:data1\" content=\"Telinha\" \/>\n\t<meta name=\"twitter:label2\" content=\"Tempo estimado de leitura\" \/>\n\t<meta name=\"twitter:data2\" content=\"1 minuto\" \/>\n<script type=\"application\/ld+json\" class=\"yoast-schema-graph\">{\"@context\":\"https:\/\/schema.org\",\"@graph\":[{\"@type\":\"Article\",\"@id\":\"https:\/\/portaltela.pt\/noticias\/2026\/04\/11\/paul-seixas-conquista-a-volta-ao-pais-basco-com-tres-vitorias-de-etapa-e-geral\/#article\",\"isPartOf\":{\"@id\":\"https:\/\/portaltela.pt\/noticias\/2026\/04\/11\/paul-seixas-conquista-a-volta-ao-pais-basco-com-tres-vitorias-de-etapa-e-geral\/\"},\"author\":{\"name\":\"Telinha\",\"@id\":\"https:\/\/portaltela.pt\/#\/schema\/person\/c4278d4a6028830caff9ee44b42d32ed\"},\"headline\":\"Paul Seixas conquista a Volta ao Pa\u00eds Basco com tr\u00eas vit\u00f3rias de etapa e geral\",\"datePublished\":\"2026-04-11T18:32:25+00:00\",\"mainEntityOfPage\":{\"@id\":\"https:\/\/portaltela.pt\/noticias\/2026\/04\/11\/paul-seixas-conquista-a-volta-ao-pais-basco-com-tres-vitorias-de-etapa-e-geral\/\"},\"wordCount\":271,\"image\":{\"@id\":\"https:\/\/portaltela.pt\/noticias\/2026\/04\/11\/paul-seixas-conquista-a-volta-ao-pais-basco-com-tres-vitorias-de-etapa-e-geral\/#primaryimage\"},\"thumbnailUrl\":\"https:\/\/portaltela.pt\/s.01k8rhncp4jt1\/2026\/04\/img_920x518uu2026-04-11-19-17-09-2432418-im-639115324175440247.jpg\",\"keywords\":[\"ciclismo\",\"equipas\",\"Fran\u00e7a\",\"internacionais\",\"Paul Seixas\",\"World Tour\"],\"articleSection\":[\"Desporto\",\"Futebol\"],\"inLanguage\":\"pt-PT\"},{\"@type\":\"WebPage\",\"@id\":\"https:\/\/portaltela.pt\/noticias\/2026\/04\/11\/paul-seixas-conquista-a-volta-ao-pais-basco-com-tres-vitorias-de-etapa-e-geral\/\",\"url\":\"https:\/\/portaltela.pt\/noticias\/2026\/04\/11\/paul-seixas-conquista-a-volta-ao-pais-basco-com-tres-vitorias-de-etapa-e-geral\/\",\"name\":\"Paul Seixas conquista a Volta ao Pa\u00eds Basco com tr\u00eas vit\u00f3rias de etapa e geral - Portal Tela Portugal\",\"isPartOf\":{\"@id\":\"https:\/\/portaltela.pt\/#website\"},\"primaryImageOfPage\":{\"@id\":\"https:\/\/portaltela.pt\/noticias\/2026\/04\/11\/paul-seixas-conquista-a-volta-ao-pais-basco-com-tres-vitorias-de-etapa-e-geral\/#primaryimage\"},\"image\":{\"@id\":\"https:\/\/portaltela.pt\/noticias\/2026\/04\/11\/paul-seixas-conquista-a-volta-ao-pais-basco-com-tres-vitorias-de-etapa-e-geral\/#primaryimage\"},\"thumbnailUrl\":\"https:\/\/portaltela.pt\/s.01k8rhncp4jt1\/2026\/04\/img_920x518uu2026-04-11-19-17-09-2432418-im-639115324175440247.jpg\",\"datePublished\":\"2026-04-11T18:32:25+00:00\",\"author\":{\"@id\":\"https:\/\/portaltela.pt\/#\/schema\/person\/c4278d4a6028830caff9ee44b42d32ed\"},\"breadcrumb\":{\"@id\":\"https:\/\/portaltela.pt\/noticias\/2026\/04\/11\/paul-seixas-conquista-a-volta-ao-pais-basco-com-tres-vitorias-de-etapa-e-geral\/#breadcrumb\"},\"inLanguage\":\"pt-PT\",\"potentialAction\":[{\"@type\":\"ReadAction\",\"target\":[\"https:\/\/portaltela.pt\/noticias\/2026\/04\/11\/paul-seixas-conquista-a-volta-ao-pais-basco-com-tres-vitorias-de-etapa-e-geral\/\"]}]},{\"@type\":\"ImageObject\",\"inLanguage\":\"pt-PT\",\"@id\":\"https:\/\/portaltela.pt\/noticias\/2026\/04\/11\/paul-seixas-conquista-a-volta-ao-pais-basco-com-tres-vitorias-de-etapa-e-geral\/#primaryimage\",\"url\":\"https:\/\/portaltela.pt\/s.01k8rhncp4jt1\/2026\/04\/img_920x518uu2026-04-11-19-17-09-2432418-im-639115324175440247.jpg\",\"contentUrl\":\"https:\/\/portaltela.pt\/s.01k8rhncp4jt1\/2026\/04\/img_920x518uu2026-04-11-19-17-09-2432418-im-639115324175440247.jpg\",\"width\":796,\"height\":448,\"caption\":\"Paul Seixas com o trof\u00e9u e a 'txapela'\"},{\"@type\":\"BreadcrumbList\",\"@id\":\"https:\/\/portaltela.pt\/noticias\/2026\/04\/11\/paul-seixas-conquista-a-volta-ao-pais-basco-com-tres-vitorias-de-etapa-e-geral\/#breadcrumb\",\"itemListElement\":[{\"@type\":\"ListItem\",\"position\":1,\"name\":\"In\u00edcio\",\"item\":\"https:\/\/portaltela.pt\/\"},{\"@type\":\"ListItem\",\"position\":2,\"name\":\"Paul Seixas conquista a Volta ao Pa\u00eds Basco com tr\u00eas vit\u00f3rias de etapa e geral\"}]},{\"@type\":\"WebSite\",\"@id\":\"https:\/\/portaltela.pt\/#website\",\"url\":\"https:\/\/portaltela.pt\/\",\"name\":\"Portal Tela Portugal\",\"description\":\"\",\"potentialAction\":[{\"@type\":\"SearchAction\",\"target\":{\"@type\":\"EntryPoint\",\"urlTemplate\":\"https:\/\/portaltela.pt\/?s={search_term_string}\"},\"query-input\":{\"@type\":\"PropertyValueSpecification\",\"valueRequired\":true,\"valueName\":\"search_term_string\"}}],\"inLanguage\":\"pt-PT\"},{\"@type\":\"Person\",\"@id\":\"https:\/\/portaltela.pt\/#\/schema\/person\/c4278d4a6028830caff9ee44b42d32ed\",\"name\":\"Telinha\",\"image\":{\"@type\":\"ImageObject\",\"inLanguage\":\"pt-PT\",\"@id\":\"https:\/\/portaltela.pt\/s.01k8rhncp4jt1\/2025\/11\/talking-bot-125x125.png\",\"url\":\"https:\/\/portaltela.pt\/s.01k8rhncp4jt1\/2025\/11\/talking-bot-125x125.png\",\"contentUrl\":\"https:\/\/portaltela.pt\/s.01k8rhncp4jt1\/2025\/11\/talking-bot-125x125.png\",\"caption\":\"Telinha\"},\"sameAs\":[\"https:\/\/portaltela.pt\/\"],\"url\":\"https:\/\/portaltela.pt\/por\/367410592786\/\"}]}<\/script>\n<!-- \/ Yoast SEO plugin. -->","yoast_head_json":{"title":"Paul Seixas conquista a Volta ao Pa\u00eds Basco com tr\u00eas vit\u00f3rias de etapa e geral - Portal Tela Portugal","robots":{"index":"index","follow":"follow","max-snippet":"max-snippet:-1","max-image-preview":"max-image-preview:large","max-video-preview":"max-video-preview:-1"},"og_locale":"pt_PT","og_type":"article","og_title":"Paul Seixas conquista a Volta ao Pa\u00eds Basco com tr\u00eas vit\u00f3rias de etapa e geral - Portal Tela Portugal","og_description":"Paul Seixas, ciclista franc\u00eas de 19 anos, venceu a Volta ao Pa\u00eds Basco (Itzulia), tornando-se no primeiro franc\u00eas desde Christophe Moreau (2007) a ganhar uma prova por etapas do World Tour. Sucedeu a Jo\u00e3o Almeida e venceu a geral, somando tr\u00eas vit\u00f3rias de etapa na edi\u00e7\u00e3o. A derradeira etapa, disputada sob dil\u00favio, viu Seixas optar pelo ataque na subida para evitar riscos na descida. Destacou a import\u00e2ncia de uma equipa s\u00f3lida, elogiando o apoio dos colegas e da equipa t\u00e9cnica que planeou tudo ao pormenor. A conquista marca o auge de uma \u00e9poca em que Seixas j\u00e1 tinha ganhado tr\u00eas etapas e a classifica\u00e7\u00e3o geral da competi\u00e7\u00e3o.","og_url":"https:\/\/portaltela.pt\/noticias\/2026\/04\/11\/paul-seixas-conquista-a-volta-ao-pais-basco-com-tres-vitorias-de-etapa-e-geral\/","og_site_name":"Portal Tela Portugal","article_published_time":"2026-04-11T18:32:25+00:00","author":"Telinha","twitter_card":"summary_large_image","twitter_misc":{"Escrito por":"Telinha","Tempo estimado de leitura":"1 minuto"},"schema":{"@context":"https:\/\/schema.org","@graph":[{"@type":"Article","@id":"https:\/\/portaltela.pt\/noticias\/2026\/04\/11\/paul-seixas-conquista-a-volta-ao-pais-basco-com-tres-vitorias-de-etapa-e-geral\/#article","isPartOf":{"@id":"https:\/\/portaltela.pt\/noticias\/2026\/04\/11\/paul-seixas-conquista-a-volta-ao-pais-basco-com-tres-vitorias-de-etapa-e-geral\/"},"author":{"name":"Telinha","@id":"https:\/\/portaltela.pt\/#\/schema\/person\/c4278d4a6028830caff9ee44b42d32ed"},"headline":"Paul Seixas conquista a Volta ao Pa\u00eds Basco com tr\u00eas vit\u00f3rias de etapa e geral","datePublished":"2026-04-11T18:32:25+00:00","mainEntityOfPage":{"@id":"https:\/\/portaltela.pt\/noticias\/2026\/04\/11\/paul-seixas-conquista-a-volta-ao-pais-basco-com-tres-vitorias-de-etapa-e-geral\/"},"wordCount":271,"image":{"@id":"https:\/\/portaltela.pt\/noticias\/2026\/04\/11\/paul-seixas-conquista-a-volta-ao-pais-basco-com-tres-vitorias-de-etapa-e-geral\/#primaryimage"},"thumbnailUrl":"https:\/\/portaltela.pt\/s.01k8rhncp4jt1\/2026\/04\/img_920x518uu2026-04-11-19-17-09-2432418-im-639115324175440247.jpg","keywords":["ciclismo","equipas","Fran\u00e7a","internacionais","Paul Seixas","World Tour"],"articleSection":["Desporto","Futebol"],"inLanguage":"pt-PT"},{"@type":"WebPage","@id":"https:\/\/portaltela.pt\/noticias\/2026\/04\/11\/paul-seixas-conquista-a-volta-ao-pais-basco-com-tres-vitorias-de-etapa-e-geral\/","url":"https:\/\/portaltela.pt\/noticias\/2026\/04\/11\/paul-seixas-conquista-a-volta-ao-pais-basco-com-tres-vitorias-de-etapa-e-geral\/","name":"Paul Seixas conquista a Volta ao Pa\u00eds Basco com tr\u00eas vit\u00f3rias de etapa e geral - Portal Tela Portugal","isPartOf":{"@id":"https:\/\/portaltela.pt\/#website"},"primaryImageOfPage":{"@id":"https:\/\/portaltela.pt\/noticias\/2026\/04\/11\/paul-seixas-conquista-a-volta-ao-pais-basco-com-tres-vitorias-de-etapa-e-geral\/#primaryimage"},"image":{"@id":"https:\/\/portaltela.pt\/noticias\/2026\/04\/11\/paul-seixas-conquista-a-volta-ao-pais-basco-com-tres-vitorias-de-etapa-e-geral\/#primaryimage"},"thumbnailUrl":"https:\/\/portaltela.pt\/s.01k8rhncp4jt1\/2026\/04\/img_920x518uu2026-04-11-19-17-09-2432418-im-639115324175440247.jpg","datePublished":"2026-04-11T18:32:25+00:00","author":{"@id":"https:\/\/portaltela.pt\/#\/schema\/person\/c4278d4a6028830caff9ee44b42d32ed"},"breadcrumb":{"@id":"https:\/\/portaltela.pt\/noticias\/2026\/04\/11\/paul-seixas-conquista-a-volta-ao-pais-basco-com-tres-vitorias-de-etapa-e-geral\/#breadcrumb"},"inLanguage":"pt-PT","potentialAction":[{"@type":"ReadAction","target":["https:\/\/portaltela.pt\/noticias\/2026\/04\/11\/paul-seixas-conquista-a-volta-ao-pais-basco-com-tres-vitorias-de-etapa-e-geral\/"]}]},{"@type":"ImageObject","inLanguage":"pt-PT","@id":"https:\/\/portaltela.pt\/noticias\/2026\/04\/11\/paul-seixas-conquista-a-volta-ao-pais-basco-com-tres-vitorias-de-etapa-e-geral\/#primaryimage","url":"https:\/\/portaltela.pt\/s.01k8rhncp4jt1\/2026\/04\/img_920x518uu2026-04-11-19-17-09-2432418-im-639115324175440247.jpg","contentUrl":"https:\/\/portaltela.pt\/s.01k8rhncp4jt1\/2026\/04\/img_920x518uu2026-04-11-19-17-09-2432418-im-639115324175440247.jpg","width":796,"height":448,"caption":"Paul Seixas com o trof\u00e9u e a 'txapela'"},{"@type":"BreadcrumbList","@id":"https:\/\/portaltela.pt\/noticias\/2026\/04\/11\/paul-seixas-conquista-a-volta-ao-pais-basco-com-tres-vitorias-de-etapa-e-geral\/#breadcrumb","itemListElement":[{"@type":"ListItem","position":1,"name":"In\u00edcio","item":"https:\/\/portaltela.pt\/"},{"@type":"ListItem","position":2,"name":"Paul Seixas conquista a Volta ao Pa\u00eds Basco com tr\u00eas vit\u00f3rias de etapa e geral"}]},{"@type":"WebSite","@id":"https:\/\/portaltela.pt\/#website","url":"https:\/\/portaltela.pt\/","name":"Portal Tela Portugal","description":"","potentialAction":[{"@type":"SearchAction","target":{"@type":"EntryPoint","urlTemplate":"https:\/\/portaltela.pt\/?s={search_term_string}"},"query-input":{"@type":"PropertyValueSpecification","valueRequired":true,"valueName":"search_term_string"}}],"inLanguage":"pt-PT"},{"@type":"Person","@id":"https:\/\/portaltela.pt\/#\/schema\/person\/c4278d4a6028830caff9ee44b42d32ed","name":"Telinha","image":{"@type":"ImageObject","inLanguage":"pt-PT","@id":"https:\/\/portaltela.pt\/s.01k8rhncp4jt1\/2025\/11\/talking-bot-125x125.png","url":"https:\/\/portaltela.pt\/s.01k8rhncp4jt1\/2025\/11\/talking-bot-125x125.png","contentUrl":"https:\/\/portaltela.pt\/s.01k8rhncp4jt1\/2025\/11\/talking-bot-125x125.png","caption":"Telinha"},"sameAs":["https:\/\/portaltela.pt\/"],"url":"https:\/\/portaltela.pt\/por\/367410592786\/"}]}},"_links":{"self":[{"href":"https:\/\/portaltela.pt\/api\/wp\/v2\/posts\/440782","targetHints":{"allow":["GET"]}}],"collection":[{"href":"https:\/\/portaltela.pt\/api\/wp\/v2\/posts"}],"about":[{"href":"https:\/\/portaltela.pt\/api\/wp\/v2\/types\/post"}],"author":[{"embeddable":true,"href":"https:\/\/portaltela.pt\/api\/wp\/v2\/users\/2"}],"replies":[{"embeddable":true,"href":"https:\/\/portaltela.pt\/api\/wp\/v2\/comments?post=440782"}],"version-history":[{"count":0,"href":"https:\/\/portaltela.pt\/api\/wp\/v2\/posts\/440782\/revisions"}],"wp:featuredmedia":[{"embeddable":true,"href":"https:\/\/portaltela.pt\/api\/wp\/v2\/media\/440784"}],"wp:attachment":[{"href":"https:\/\/portaltela.pt\/api\/wp\/v2\/media?parent=440782"}],"wp:term":[{"taxonomy":"category","embeddable":true,"href":"https:\/\/portaltela.pt\/api\/wp\/v2\/categories?post=440782"},{"taxonomy":"post_tag","embeddable":true,"href":"https:\/\/portaltela.pt\/api\/wp\/v2\/tags?post=440782"}],"curies":[{"name":"wp","href":"https:\/\/api.w.org\/{rel}","templated":true}]}}