{"id":440777,"date":"2026-04-11T15:32:19","date_gmt":"2026-04-11T18:32:19","guid":{"rendered":"https:\/\/portaltela.pt\/noticias\/2026\/04\/11\/braganca-recebe-projeto-piloto-para-integracao-de-migrantes\/"},"modified":"2026-04-11T15:32:19","modified_gmt":"2026-04-11T18:32:19","slug":"braganca-recebe-projeto-piloto-para-integracao-de-migrantes","status":"publish","type":"post","link":"https:\/\/portaltela.pt\/curiosidades\/2026\/04\/11\/braganca-recebe-projeto-piloto-para-integracao-de-migrantes\/","title":{"rendered":"Bragan\u00e7a recebe projeto-piloto para integra\u00e7\u00e3o de migrantes"},"content":{"rendered":"<p>O projeto-piloto para apoiar e integrar migrantes foi apresentado em Bragan\u00e7a, com foco no Nordeste Transmontano. A iniciativa visa identificar solu\u00e7\u00f5es concretas de emprego atrav\u00e9s do empreendedorismo, a m\u00e9dio prazo, nos pr\u00f3ximos tr\u00eas anos.<\/p>\n<p>Quem organiza o movimento \u00e9 a Plataforma da Associa\u00e7\u00e3o de Desenvolvimento dos Concelhos da Raia Nordestina. A estrutura pretende coordenar a\u00e7\u00f5es de apoio \u00e0 integra\u00e7\u00e3o de migrantes na regi\u00e3o, potenciando oportunidades de neg\u00f3cio local.<\/p>\n<p>A apresenta\u00e7\u00e3o ocorreu anteontem, na cidade de Bragan\u00e7a, em territ\u00f3rio portugu\u00eas. O objetivo \u00e9 orientar interven\u00e7\u00f5es que transmitam ferramentas de empreendedorismo aos migrantes, fortalecendo a economia regional.<\/p>\n<h3>Objetivos do projeto<\/h3>\n<p>A plataforma coordena atividades de apoio pr\u00e1tico ao empreendedorismo, incluindo forma\u00e7\u00e3o,Networking e acesso a recursos. O plano de implementa\u00e7\u00e3o estende-se pelos pr\u00f3ximos tr\u00eas anos, com avalia\u00e7\u00e3o peri\u00f3dica dos resultados.<\/p>\n<h3>Desdobramentos esperados<\/h3>\n<p>Entre os indicadores est\u00e3o a cria\u00e7\u00e3o de microempreendimentos, a gera\u00e7\u00e3o de emprego local e o aumento da perman\u00eancia de migrantes na regi\u00e3o. As entidades parceiras comprometem-se a monitorizar progressos e ajustar a\u00e7\u00f5es conforme necess\u00e1rio.<\/p>\n","protected":false},"excerpt":{"rendered":"<ul>\n<li>Bragan\u00e7a acolhe um projeto-piloto para apoiar e integrar migrantes no Nordeste Transmontano, visando solu\u00e7\u00f5es concretas de emprego.<\/li>\n<li>A iniciativa \u00e9 promovida pela Plataforma da Associa\u00e7\u00e3o de Desenvolvimento dos Concelhos da Raia Nordestina.<\/li>\n<li>O objetivo \u00e9 fomentar o empreendedorismo na regi\u00e3o nos pr\u00f3ximos tr\u00eas anos.<\/li>\n<li>A apresenta\u00e7\u00e3o ocorreu anteontem em Bragan\u00e7a.<\/li>\n<\/ul>\n","protected":false},"author":2,"featured_media":440780,"comment_status":"closed","ping_status":"closed","sticky":false,"template":"","format":"standard","meta":{"footnotes":""},"categories":[7372,7384],"tags":[906,1409,28,6213,1006,1456],"class_list":["post-440777","post","type-post","status-publish","format-standard","has-post-thumbnail","hentry","category-comunidade","category-curiosidades","tag-braganca","tag-desenvolvimento-regional","tag-economia","tag-empreendedorismo","tag-emprego","tag-migracao"],"yoast_head":"<!-- This site is optimized with the Yoast SEO plugin v27.2 - https:\/\/yoast.com\/product\/yoast-seo-wordpress\/ -->\n<title>Bragan\u00e7a recebe projeto-piloto para integra\u00e7\u00e3o de migrantes - Portal Tela Portugal<\/title>\n<meta name=\"robots\" content=\"index, follow, max-snippet:-1, max-image-preview:large, max-video-preview:-1\" \/>\n<meta property=\"og:locale\" content=\"pt_PT\" \/>\n<meta property=\"og:type\" content=\"article\" \/>\n<meta property=\"og:title\" content=\"Bragan\u00e7a recebe projeto-piloto para integra\u00e7\u00e3o de migrantes - Portal Tela Portugal\" \/>\n<meta property=\"og:description\" content=\"Bragan\u00e7a acolhe um projeto-piloto para apoiar e integrar migrantes no Nordeste Transmontano, visando solu\u00e7\u00f5es concretas de emprego. A iniciativa \u00e9 promovida pela Plataforma da Associa\u00e7\u00e3o de Desenvolvimento dos Concelhos da Raia Nordestina. O objetivo \u00e9 fomentar o empreendedorismo na regi\u00e3o nos pr\u00f3ximos tr\u00eas anos. A apresenta\u00e7\u00e3o ocorreu anteontem em Bragan\u00e7a.\" \/>\n<meta property=\"og:url\" content=\"https:\/\/portaltela.pt\/noticias\/2026\/04\/11\/braganca-recebe-projeto-piloto-para-integracao-de-migrantes\/\" \/>\n<meta property=\"og:site_name\" content=\"Portal Tela Portugal\" \/>\n<meta property=\"article:published_time\" content=\"2026-04-11T18:32:19+00:00\" \/>\n<meta name=\"author\" content=\"Telinha\" \/>\n<meta name=\"twitter:card\" content=\"summary_large_image\" \/>\n<meta name=\"twitter:label1\" content=\"Escrito por\" \/>\n\t<meta name=\"twitter:data1\" content=\"Telinha\" \/>\n\t<meta name=\"twitter:label2\" content=\"Tempo estimado de leitura\" \/>\n\t<meta name=\"twitter:data2\" content=\"1 minuto\" \/>\n<script type=\"application\/ld+json\" class=\"yoast-schema-graph\">{\"@context\":\"https:\/\/schema.org\",\"@graph\":[{\"@type\":\"Article\",\"@id\":\"https:\/\/portaltela.pt\/noticias\/2026\/04\/11\/braganca-recebe-projeto-piloto-para-integracao-de-migrantes\/#article\",\"isPartOf\":{\"@id\":\"https:\/\/portaltela.pt\/noticias\/2026\/04\/11\/braganca-recebe-projeto-piloto-para-integracao-de-migrantes\/\"},\"author\":{\"name\":\"Telinha\",\"@id\":\"https:\/\/portaltela.pt\/#\/schema\/person\/c4278d4a6028830caff9ee44b42d32ed\"},\"headline\":\"Bragan\u00e7a recebe projeto-piloto para integra\u00e7\u00e3o de migrantes\",\"datePublished\":\"2026-04-11T18:32:19+00:00\",\"mainEntityOfPage\":{\"@id\":\"https:\/\/portaltela.pt\/noticias\/2026\/04\/11\/braganca-recebe-projeto-piloto-para-integracao-de-migrantes\/\"},\"wordCount\":200,\"image\":{\"@id\":\"https:\/\/portaltela.pt\/noticias\/2026\/04\/11\/braganca-recebe-projeto-piloto-para-integracao-de-migrantes\/#primaryimage\"},\"thumbnailUrl\":\"https:\/\/portaltela.pt\/s.01k8rhncp4jt1\/2026\/04\/image-668.jpg\",\"keywords\":[\"Bragan\u00e7a\",\"desenvolvimento regional\",\"economia\",\"empreendedorismo\",\"emprego\",\"migra\u00e7\u00e3o\"],\"articleSection\":[\"Comunidade\",\"Curiosidades\"],\"inLanguage\":\"pt-PT\"},{\"@type\":\"WebPage\",\"@id\":\"https:\/\/portaltela.pt\/noticias\/2026\/04\/11\/braganca-recebe-projeto-piloto-para-integracao-de-migrantes\/\",\"url\":\"https:\/\/portaltela.pt\/noticias\/2026\/04\/11\/braganca-recebe-projeto-piloto-para-integracao-de-migrantes\/\",\"name\":\"Bragan\u00e7a recebe projeto-piloto para integra\u00e7\u00e3o de migrantes - Portal Tela Portugal\",\"isPartOf\":{\"@id\":\"https:\/\/portaltela.pt\/#website\"},\"primaryImageOfPage\":{\"@id\":\"https:\/\/portaltela.pt\/noticias\/2026\/04\/11\/braganca-recebe-projeto-piloto-para-integracao-de-migrantes\/#primaryimage\"},\"image\":{\"@id\":\"https:\/\/portaltela.pt\/noticias\/2026\/04\/11\/braganca-recebe-projeto-piloto-para-integracao-de-migrantes\/#primaryimage\"},\"thumbnailUrl\":\"https:\/\/portaltela.pt\/s.01k8rhncp4jt1\/2026\/04\/image-668.jpg\",\"datePublished\":\"2026-04-11T18:32:19+00:00\",\"author\":{\"@id\":\"https:\/\/portaltela.pt\/#\/schema\/person\/c4278d4a6028830caff9ee44b42d32ed\"},\"breadcrumb\":{\"@id\":\"https:\/\/portaltela.pt\/noticias\/2026\/04\/11\/braganca-recebe-projeto-piloto-para-integracao-de-migrantes\/#breadcrumb\"},\"inLanguage\":\"pt-PT\",\"potentialAction\":[{\"@type\":\"ReadAction\",\"target\":[\"https:\/\/portaltela.pt\/noticias\/2026\/04\/11\/braganca-recebe-projeto-piloto-para-integracao-de-migrantes\/\"]}]},{\"@type\":\"ImageObject\",\"inLanguage\":\"pt-PT\",\"@id\":\"https:\/\/portaltela.pt\/noticias\/2026\/04\/11\/braganca-recebe-projeto-piloto-para-integracao-de-migrantes\/#primaryimage\",\"url\":\"https:\/\/portaltela.pt\/s.01k8rhncp4jt1\/2026\/04\/image-668.jpg\",\"contentUrl\":\"https:\/\/portaltela.pt\/s.01k8rhncp4jt1\/2026\/04\/image-668.jpg\",\"width\":796,\"height\":448,\"caption\":\"Migrantes \\\"fazem falta\\\" na regi\u00e3o de Bragan\u00e7a\"},{\"@type\":\"BreadcrumbList\",\"@id\":\"https:\/\/portaltela.pt\/noticias\/2026\/04\/11\/braganca-recebe-projeto-piloto-para-integracao-de-migrantes\/#breadcrumb\",\"itemListElement\":[{\"@type\":\"ListItem\",\"position\":1,\"name\":\"In\u00edcio\",\"item\":\"https:\/\/portaltela.pt\/\"},{\"@type\":\"ListItem\",\"position\":2,\"name\":\"Bragan\u00e7a recebe projeto-piloto para integra\u00e7\u00e3o de migrantes\"}]},{\"@type\":\"WebSite\",\"@id\":\"https:\/\/portaltela.pt\/#website\",\"url\":\"https:\/\/portaltela.pt\/\",\"name\":\"Portal Tela Portugal\",\"description\":\"\",\"potentialAction\":[{\"@type\":\"SearchAction\",\"target\":{\"@type\":\"EntryPoint\",\"urlTemplate\":\"https:\/\/portaltela.pt\/?s={search_term_string}\"},\"query-input\":{\"@type\":\"PropertyValueSpecification\",\"valueRequired\":true,\"valueName\":\"search_term_string\"}}],\"inLanguage\":\"pt-PT\"},{\"@type\":\"Person\",\"@id\":\"https:\/\/portaltela.pt\/#\/schema\/person\/c4278d4a6028830caff9ee44b42d32ed\",\"name\":\"Telinha\",\"image\":{\"@type\":\"ImageObject\",\"inLanguage\":\"pt-PT\",\"@id\":\"https:\/\/portaltela.pt\/s.01k8rhncp4jt1\/2025\/11\/talking-bot-125x125.png\",\"url\":\"https:\/\/portaltela.pt\/s.01k8rhncp4jt1\/2025\/11\/talking-bot-125x125.png\",\"contentUrl\":\"https:\/\/portaltela.pt\/s.01k8rhncp4jt1\/2025\/11\/talking-bot-125x125.png\",\"caption\":\"Telinha\"},\"sameAs\":[\"https:\/\/portaltela.pt\/\"],\"url\":\"https:\/\/portaltela.pt\/por\/367410592786\/\"}]}<\/script>\n<!-- \/ Yoast SEO plugin. -->","yoast_head_json":{"title":"Bragan\u00e7a recebe projeto-piloto para integra\u00e7\u00e3o de migrantes - Portal Tela Portugal","robots":{"index":"index","follow":"follow","max-snippet":"max-snippet:-1","max-image-preview":"max-image-preview:large","max-video-preview":"max-video-preview:-1"},"og_locale":"pt_PT","og_type":"article","og_title":"Bragan\u00e7a recebe projeto-piloto para integra\u00e7\u00e3o de migrantes - Portal Tela Portugal","og_description":"Bragan\u00e7a acolhe um projeto-piloto para apoiar e integrar migrantes no Nordeste Transmontano, visando solu\u00e7\u00f5es concretas de emprego. A iniciativa \u00e9 promovida pela Plataforma da Associa\u00e7\u00e3o de Desenvolvimento dos Concelhos da Raia Nordestina. O objetivo \u00e9 fomentar o empreendedorismo na regi\u00e3o nos pr\u00f3ximos tr\u00eas anos. A apresenta\u00e7\u00e3o ocorreu anteontem em Bragan\u00e7a.","og_url":"https:\/\/portaltela.pt\/noticias\/2026\/04\/11\/braganca-recebe-projeto-piloto-para-integracao-de-migrantes\/","og_site_name":"Portal Tela Portugal","article_published_time":"2026-04-11T18:32:19+00:00","author":"Telinha","twitter_card":"summary_large_image","twitter_misc":{"Escrito por":"Telinha","Tempo estimado de leitura":"1 minuto"},"schema":{"@context":"https:\/\/schema.org","@graph":[{"@type":"Article","@id":"https:\/\/portaltela.pt\/noticias\/2026\/04\/11\/braganca-recebe-projeto-piloto-para-integracao-de-migrantes\/#article","isPartOf":{"@id":"https:\/\/portaltela.pt\/noticias\/2026\/04\/11\/braganca-recebe-projeto-piloto-para-integracao-de-migrantes\/"},"author":{"name":"Telinha","@id":"https:\/\/portaltela.pt\/#\/schema\/person\/c4278d4a6028830caff9ee44b42d32ed"},"headline":"Bragan\u00e7a recebe projeto-piloto para integra\u00e7\u00e3o de migrantes","datePublished":"2026-04-11T18:32:19+00:00","mainEntityOfPage":{"@id":"https:\/\/portaltela.pt\/noticias\/2026\/04\/11\/braganca-recebe-projeto-piloto-para-integracao-de-migrantes\/"},"wordCount":200,"image":{"@id":"https:\/\/portaltela.pt\/noticias\/2026\/04\/11\/braganca-recebe-projeto-piloto-para-integracao-de-migrantes\/#primaryimage"},"thumbnailUrl":"https:\/\/portaltela.pt\/s.01k8rhncp4jt1\/2026\/04\/image-668.jpg","keywords":["Bragan\u00e7a","desenvolvimento regional","economia","empreendedorismo","emprego","migra\u00e7\u00e3o"],"articleSection":["Comunidade","Curiosidades"],"inLanguage":"pt-PT"},{"@type":"WebPage","@id":"https:\/\/portaltela.pt\/noticias\/2026\/04\/11\/braganca-recebe-projeto-piloto-para-integracao-de-migrantes\/","url":"https:\/\/portaltela.pt\/noticias\/2026\/04\/11\/braganca-recebe-projeto-piloto-para-integracao-de-migrantes\/","name":"Bragan\u00e7a recebe projeto-piloto para integra\u00e7\u00e3o de migrantes - Portal Tela Portugal","isPartOf":{"@id":"https:\/\/portaltela.pt\/#website"},"primaryImageOfPage":{"@id":"https:\/\/portaltela.pt\/noticias\/2026\/04\/11\/braganca-recebe-projeto-piloto-para-integracao-de-migrantes\/#primaryimage"},"image":{"@id":"https:\/\/portaltela.pt\/noticias\/2026\/04\/11\/braganca-recebe-projeto-piloto-para-integracao-de-migrantes\/#primaryimage"},"thumbnailUrl":"https:\/\/portaltela.pt\/s.01k8rhncp4jt1\/2026\/04\/image-668.jpg","datePublished":"2026-04-11T18:32:19+00:00","author":{"@id":"https:\/\/portaltela.pt\/#\/schema\/person\/c4278d4a6028830caff9ee44b42d32ed"},"breadcrumb":{"@id":"https:\/\/portaltela.pt\/noticias\/2026\/04\/11\/braganca-recebe-projeto-piloto-para-integracao-de-migrantes\/#breadcrumb"},"inLanguage":"pt-PT","potentialAction":[{"@type":"ReadAction","target":["https:\/\/portaltela.pt\/noticias\/2026\/04\/11\/braganca-recebe-projeto-piloto-para-integracao-de-migrantes\/"]}]},{"@type":"ImageObject","inLanguage":"pt-PT","@id":"https:\/\/portaltela.pt\/noticias\/2026\/04\/11\/braganca-recebe-projeto-piloto-para-integracao-de-migrantes\/#primaryimage","url":"https:\/\/portaltela.pt\/s.01k8rhncp4jt1\/2026\/04\/image-668.jpg","contentUrl":"https:\/\/portaltela.pt\/s.01k8rhncp4jt1\/2026\/04\/image-668.jpg","width":796,"height":448,"caption":"Migrantes \"fazem falta\" na regi\u00e3o de Bragan\u00e7a"},{"@type":"BreadcrumbList","@id":"https:\/\/portaltela.pt\/noticias\/2026\/04\/11\/braganca-recebe-projeto-piloto-para-integracao-de-migrantes\/#breadcrumb","itemListElement":[{"@type":"ListItem","position":1,"name":"In\u00edcio","item":"https:\/\/portaltela.pt\/"},{"@type":"ListItem","position":2,"name":"Bragan\u00e7a recebe projeto-piloto para integra\u00e7\u00e3o de migrantes"}]},{"@type":"WebSite","@id":"https:\/\/portaltela.pt\/#website","url":"https:\/\/portaltela.pt\/","name":"Portal Tela Portugal","description":"","potentialAction":[{"@type":"SearchAction","target":{"@type":"EntryPoint","urlTemplate":"https:\/\/portaltela.pt\/?s={search_term_string}"},"query-input":{"@type":"PropertyValueSpecification","valueRequired":true,"valueName":"search_term_string"}}],"inLanguage":"pt-PT"},{"@type":"Person","@id":"https:\/\/portaltela.pt\/#\/schema\/person\/c4278d4a6028830caff9ee44b42d32ed","name":"Telinha","image":{"@type":"ImageObject","inLanguage":"pt-PT","@id":"https:\/\/portaltela.pt\/s.01k8rhncp4jt1\/2025\/11\/talking-bot-125x125.png","url":"https:\/\/portaltela.pt\/s.01k8rhncp4jt1\/2025\/11\/talking-bot-125x125.png","contentUrl":"https:\/\/portaltela.pt\/s.01k8rhncp4jt1\/2025\/11\/talking-bot-125x125.png","caption":"Telinha"},"sameAs":["https:\/\/portaltela.pt\/"],"url":"https:\/\/portaltela.pt\/por\/367410592786\/"}]}},"_links":{"self":[{"href":"https:\/\/portaltela.pt\/api\/wp\/v2\/posts\/440777","targetHints":{"allow":["GET"]}}],"collection":[{"href":"https:\/\/portaltela.pt\/api\/wp\/v2\/posts"}],"about":[{"href":"https:\/\/portaltela.pt\/api\/wp\/v2\/types\/post"}],"author":[{"embeddable":true,"href":"https:\/\/portaltela.pt\/api\/wp\/v2\/users\/2"}],"replies":[{"embeddable":true,"href":"https:\/\/portaltela.pt\/api\/wp\/v2\/comments?post=440777"}],"version-history":[{"count":0,"href":"https:\/\/portaltela.pt\/api\/wp\/v2\/posts\/440777\/revisions"}],"wp:featuredmedia":[{"embeddable":true,"href":"https:\/\/portaltela.pt\/api\/wp\/v2\/media\/440780"}],"wp:attachment":[{"href":"https:\/\/portaltela.pt\/api\/wp\/v2\/media?parent=440777"}],"wp:term":[{"taxonomy":"category","embeddable":true,"href":"https:\/\/portaltela.pt\/api\/wp\/v2\/categories?post=440777"},{"taxonomy":"post_tag","embeddable":true,"href":"https:\/\/portaltela.pt\/api\/wp\/v2\/tags?post=440777"}],"curies":[{"name":"wp","href":"https:\/\/api.w.org\/{rel}","templated":true}]}}