{"id":440774,"date":"2026-04-11T15:32:07","date_gmt":"2026-04-11T18:32:07","guid":{"rendered":"https:\/\/portaltela.pt\/noticias\/2026\/04\/11\/ventura-chega-e-governo-reunem-se-para-discutir-fim-do-visto-previo\/"},"modified":"2026-04-11T15:32:07","modified_gmt":"2026-04-11T18:32:07","slug":"ventura-chega-e-governo-reunem-se-para-discutir-fim-do-visto-previo","status":"publish","type":"post","link":"https:\/\/portaltela.pt\/noticias\/politica\/2026\/04\/11\/ventura-chega-e-governo-reunem-se-para-discutir-fim-do-visto-previo\/","title":{"rendered":"Ventura: Chega e Governo re\u00fanem-se para discutir fim do visto pr\u00e9vio"},"content":{"rendered":"<p>O l\u00edder do Chega, Andr\u00e9 Ventura, afirmou hoje que o Chega e o Governo v\u00e3o reunir-se para discutir o fim do visto pr\u00e9vio, num encontro ainda por marcar. A not\u00edcia foi avan\u00e7ada pelo pol\u00edtico em declara\u00e7\u00f5es p\u00fablicas.<\/p>\n<p>Segundo Ventura, a possibilidade de terminar com o visto pr\u00e9vio est\u00e1 sobre a mesa no \u00e2mbito de negocia\u00e7\u00f5es em curso com o Executivo. Ainda n\u00e3o existem pormenores sobre o formato, a data ou o local do encontro.<\/p>\n<p>As partes n\u00e3o divulgaram detalhes adicionais. O objetivo das conversas seria esclarecer alternativas legais e operacionais associadas \u00e0 eventual remo\u00e7\u00e3o do regime do visto pr\u00e9vio.<\/p>\n<h3>Contexto<\/h3>\n<p>A atual posi\u00e7\u00e3o sobre o visto pr\u00e9vio tem estado sujeita a diferentes leituras pol\u00edticas, com impactos esperados em procedimentos de imigra\u00e7\u00e3o e controle fronteiri\u00e7o. As negocia\u00e7\u00f5es entre o Chega e o Governo permanecem em segredo at\u00e9 divulga\u00e7\u00e3o oficial.<\/p>\n","protected":false},"excerpt":{"rendered":"<ul>\n<li>Andr\u00e9 Ventura afirmou que o Chega e o Governo v\u00e3o reunir-se para discutir o fim do visto pr\u00e9vio.<\/li>\n<li>A reuni\u00e3o visa debater poss\u00edveis medidas relacionadas com o fim do visto pr\u00e9vio.<\/li>\n<li>A informa\u00e7\u00e3o foi divulgada pela ag\u00eancia Lusa.<\/li>\n<li>N\u00e3o foram divulgados detalhes sobre data, local ou agenda da reuni\u00e3o.<\/li>\n<\/ul>\n","protected":false},"author":2,"featured_media":440775,"comment_status":"closed","ping_status":"closed","sticky":false,"template":"","format":"standard","meta":{"footnotes":""},"categories":[1,5],"tags":[7878,2453,34,712,6612,2832],"class_list":["post-440774","post","type-post","status-publish","format-standard","has-post-thumbnail","hentry","category-noticias","category-politica","tag-_seguranca-publica","tag-andre-ventura","tag-governo","tag-imigracao","tag-imigracao-internacional","tag-politica"],"yoast_head":"<!-- This site is optimized with the Yoast SEO plugin v27.2 - https:\/\/yoast.com\/product\/yoast-seo-wordpress\/ -->\n<title>Ventura: Chega e Governo re\u00fanem-se para discutir fim do visto pr\u00e9vio - Portal Tela Portugal<\/title>\n<meta name=\"robots\" content=\"index, follow, max-snippet:-1, max-image-preview:large, max-video-preview:-1\" \/>\n<meta property=\"og:locale\" content=\"pt_PT\" \/>\n<meta property=\"og:type\" content=\"article\" \/>\n<meta property=\"og:title\" content=\"Ventura: Chega e Governo re\u00fanem-se para discutir fim do visto pr\u00e9vio - Portal Tela Portugal\" \/>\n<meta property=\"og:description\" content=\"Andr\u00e9 Ventura afirmou que o Chega e o Governo v\u00e3o reunir-se para discutir o fim do visto pr\u00e9vio. A reuni\u00e3o visa debater poss\u00edveis medidas relacionadas com o fim do visto pr\u00e9vio. A informa\u00e7\u00e3o foi divulgada pela ag\u00eancia Lusa. N\u00e3o foram divulgados detalhes sobre data, local ou agenda da reuni\u00e3o.\" \/>\n<meta property=\"og:url\" content=\"https:\/\/portaltela.pt\/noticias\/2026\/04\/11\/ventura-chega-e-governo-reunem-se-para-discutir-fim-do-visto-previo\/\" \/>\n<meta property=\"og:site_name\" content=\"Portal Tela Portugal\" \/>\n<meta property=\"article:published_time\" content=\"2026-04-11T18:32:07+00:00\" \/>\n<meta name=\"author\" content=\"Telinha\" \/>\n<meta name=\"twitter:card\" content=\"summary_large_image\" \/>\n<meta name=\"twitter:label1\" content=\"Escrito por\" \/>\n\t<meta name=\"twitter:data1\" content=\"Telinha\" \/>\n\t<meta name=\"twitter:label2\" content=\"Tempo estimado de leitura\" \/>\n\t<meta name=\"twitter:data2\" content=\"1 minuto\" \/>\n<script type=\"application\/ld+json\" class=\"yoast-schema-graph\">{\"@context\":\"https:\/\/schema.org\",\"@graph\":[{\"@type\":\"Article\",\"@id\":\"https:\/\/portaltela.pt\/noticias\/2026\/04\/11\/ventura-chega-e-governo-reunem-se-para-discutir-fim-do-visto-previo\/#article\",\"isPartOf\":{\"@id\":\"https:\/\/portaltela.pt\/noticias\/2026\/04\/11\/ventura-chega-e-governo-reunem-se-para-discutir-fim-do-visto-previo\/\"},\"author\":{\"name\":\"Telinha\",\"@id\":\"https:\/\/portaltela.pt\/#\/schema\/person\/c4278d4a6028830caff9ee44b42d32ed\"},\"headline\":\"Ventura: Chega e Governo re\u00fanem-se para discutir fim do visto pr\u00e9vio\",\"datePublished\":\"2026-04-11T18:32:07+00:00\",\"mainEntityOfPage\":{\"@id\":\"https:\/\/portaltela.pt\/noticias\/2026\/04\/11\/ventura-chega-e-governo-reunem-se-para-discutir-fim-do-visto-previo\/\"},\"wordCount\":171,\"image\":{\"@id\":\"https:\/\/portaltela.pt\/noticias\/2026\/04\/11\/ventura-chega-e-governo-reunem-se-para-discutir-fim-do-visto-previo\/#primaryimage\"},\"thumbnailUrl\":\"https:\/\/portaltela.pt\/s.01k8rhncp4jt1\/2026\/04\/CACHE_780X1200_ANALOG_WATERMARKED_46851509_5213060_30032026053357.jpg\",\"keywords\":[\"_seguran\u00e7a p\u00fablica\",\"Andr\u00e9 Ventura\",\"governo\",\"imigra\u00e7\u00e3o\",\"imigra\u00e7\u00e3o internacional\",\"pol\u00edtica\"],\"articleSection\":[\"Not\u00edcias\",\"Pol\u00edtica\"],\"inLanguage\":\"pt-PT\"},{\"@type\":\"WebPage\",\"@id\":\"https:\/\/portaltela.pt\/noticias\/2026\/04\/11\/ventura-chega-e-governo-reunem-se-para-discutir-fim-do-visto-previo\/\",\"url\":\"https:\/\/portaltela.pt\/noticias\/2026\/04\/11\/ventura-chega-e-governo-reunem-se-para-discutir-fim-do-visto-previo\/\",\"name\":\"Ventura: Chega e Governo re\u00fanem-se para discutir fim do visto pr\u00e9vio - Portal Tela Portugal\",\"isPartOf\":{\"@id\":\"https:\/\/portaltela.pt\/#website\"},\"primaryImageOfPage\":{\"@id\":\"https:\/\/portaltela.pt\/noticias\/2026\/04\/11\/ventura-chega-e-governo-reunem-se-para-discutir-fim-do-visto-previo\/#primaryimage\"},\"image\":{\"@id\":\"https:\/\/portaltela.pt\/noticias\/2026\/04\/11\/ventura-chega-e-governo-reunem-se-para-discutir-fim-do-visto-previo\/#primaryimage\"},\"thumbnailUrl\":\"https:\/\/portaltela.pt\/s.01k8rhncp4jt1\/2026\/04\/CACHE_780X1200_ANALOG_WATERMARKED_46851509_5213060_30032026053357.jpg\",\"datePublished\":\"2026-04-11T18:32:07+00:00\",\"author\":{\"@id\":\"https:\/\/portaltela.pt\/#\/schema\/person\/c4278d4a6028830caff9ee44b42d32ed\"},\"breadcrumb\":{\"@id\":\"https:\/\/portaltela.pt\/noticias\/2026\/04\/11\/ventura-chega-e-governo-reunem-se-para-discutir-fim-do-visto-previo\/#breadcrumb\"},\"inLanguage\":\"pt-PT\",\"potentialAction\":[{\"@type\":\"ReadAction\",\"target\":[\"https:\/\/portaltela.pt\/noticias\/2026\/04\/11\/ventura-chega-e-governo-reunem-se-para-discutir-fim-do-visto-previo\/\"]}]},{\"@type\":\"ImageObject\",\"inLanguage\":\"pt-PT\",\"@id\":\"https:\/\/portaltela.pt\/noticias\/2026\/04\/11\/ventura-chega-e-governo-reunem-se-para-discutir-fim-do-visto-previo\/#primaryimage\",\"url\":\"https:\/\/portaltela.pt\/s.01k8rhncp4jt1\/2026\/04\/CACHE_780X1200_ANALOG_WATERMARKED_46851509_5213060_30032026053357.jpg\",\"contentUrl\":\"https:\/\/portaltela.pt\/s.01k8rhncp4jt1\/2026\/04\/CACHE_780X1200_ANALOG_WATERMARKED_46851509_5213060_30032026053357.jpg\",\"width\":796,\"height\":448,\"caption\":\"Ventura revela que Chega e Governo v\u00e3o reunir-se para discutir fim do visto pr\u00e9vio\"},{\"@type\":\"BreadcrumbList\",\"@id\":\"https:\/\/portaltela.pt\/noticias\/2026\/04\/11\/ventura-chega-e-governo-reunem-se-para-discutir-fim-do-visto-previo\/#breadcrumb\",\"itemListElement\":[{\"@type\":\"ListItem\",\"position\":1,\"name\":\"In\u00edcio\",\"item\":\"https:\/\/portaltela.pt\/\"},{\"@type\":\"ListItem\",\"position\":2,\"name\":\"Ventura: Chega e Governo re\u00fanem-se para discutir fim do visto pr\u00e9vio\"}]},{\"@type\":\"WebSite\",\"@id\":\"https:\/\/portaltela.pt\/#website\",\"url\":\"https:\/\/portaltela.pt\/\",\"name\":\"Portal Tela Portugal\",\"description\":\"\",\"potentialAction\":[{\"@type\":\"SearchAction\",\"target\":{\"@type\":\"EntryPoint\",\"urlTemplate\":\"https:\/\/portaltela.pt\/?s={search_term_string}\"},\"query-input\":{\"@type\":\"PropertyValueSpecification\",\"valueRequired\":true,\"valueName\":\"search_term_string\"}}],\"inLanguage\":\"pt-PT\"},{\"@type\":\"Person\",\"@id\":\"https:\/\/portaltela.pt\/#\/schema\/person\/c4278d4a6028830caff9ee44b42d32ed\",\"name\":\"Telinha\",\"image\":{\"@type\":\"ImageObject\",\"inLanguage\":\"pt-PT\",\"@id\":\"https:\/\/portaltela.pt\/s.01k8rhncp4jt1\/2025\/11\/talking-bot-125x125.png\",\"url\":\"https:\/\/portaltela.pt\/s.01k8rhncp4jt1\/2025\/11\/talking-bot-125x125.png\",\"contentUrl\":\"https:\/\/portaltela.pt\/s.01k8rhncp4jt1\/2025\/11\/talking-bot-125x125.png\",\"caption\":\"Telinha\"},\"sameAs\":[\"https:\/\/portaltela.pt\/\"],\"url\":\"https:\/\/portaltela.pt\/por\/367410592786\/\"}]}<\/script>\n<!-- \/ Yoast SEO plugin. -->","yoast_head_json":{"title":"Ventura: Chega e Governo re\u00fanem-se para discutir fim do visto pr\u00e9vio - Portal Tela Portugal","robots":{"index":"index","follow":"follow","max-snippet":"max-snippet:-1","max-image-preview":"max-image-preview:large","max-video-preview":"max-video-preview:-1"},"og_locale":"pt_PT","og_type":"article","og_title":"Ventura: Chega e Governo re\u00fanem-se para discutir fim do visto pr\u00e9vio - Portal Tela Portugal","og_description":"Andr\u00e9 Ventura afirmou que o Chega e o Governo v\u00e3o reunir-se para discutir o fim do visto pr\u00e9vio. A reuni\u00e3o visa debater poss\u00edveis medidas relacionadas com o fim do visto pr\u00e9vio. A informa\u00e7\u00e3o foi divulgada pela ag\u00eancia Lusa. N\u00e3o foram divulgados detalhes sobre data, local ou agenda da reuni\u00e3o.","og_url":"https:\/\/portaltela.pt\/noticias\/2026\/04\/11\/ventura-chega-e-governo-reunem-se-para-discutir-fim-do-visto-previo\/","og_site_name":"Portal Tela Portugal","article_published_time":"2026-04-11T18:32:07+00:00","author":"Telinha","twitter_card":"summary_large_image","twitter_misc":{"Escrito por":"Telinha","Tempo estimado de leitura":"1 minuto"},"schema":{"@context":"https:\/\/schema.org","@graph":[{"@type":"Article","@id":"https:\/\/portaltela.pt\/noticias\/2026\/04\/11\/ventura-chega-e-governo-reunem-se-para-discutir-fim-do-visto-previo\/#article","isPartOf":{"@id":"https:\/\/portaltela.pt\/noticias\/2026\/04\/11\/ventura-chega-e-governo-reunem-se-para-discutir-fim-do-visto-previo\/"},"author":{"name":"Telinha","@id":"https:\/\/portaltela.pt\/#\/schema\/person\/c4278d4a6028830caff9ee44b42d32ed"},"headline":"Ventura: Chega e Governo re\u00fanem-se para discutir fim do visto pr\u00e9vio","datePublished":"2026-04-11T18:32:07+00:00","mainEntityOfPage":{"@id":"https:\/\/portaltela.pt\/noticias\/2026\/04\/11\/ventura-chega-e-governo-reunem-se-para-discutir-fim-do-visto-previo\/"},"wordCount":171,"image":{"@id":"https:\/\/portaltela.pt\/noticias\/2026\/04\/11\/ventura-chega-e-governo-reunem-se-para-discutir-fim-do-visto-previo\/#primaryimage"},"thumbnailUrl":"https:\/\/portaltela.pt\/s.01k8rhncp4jt1\/2026\/04\/CACHE_780X1200_ANALOG_WATERMARKED_46851509_5213060_30032026053357.jpg","keywords":["_seguran\u00e7a p\u00fablica","Andr\u00e9 Ventura","governo","imigra\u00e7\u00e3o","imigra\u00e7\u00e3o internacional","pol\u00edtica"],"articleSection":["Not\u00edcias","Pol\u00edtica"],"inLanguage":"pt-PT"},{"@type":"WebPage","@id":"https:\/\/portaltela.pt\/noticias\/2026\/04\/11\/ventura-chega-e-governo-reunem-se-para-discutir-fim-do-visto-previo\/","url":"https:\/\/portaltela.pt\/noticias\/2026\/04\/11\/ventura-chega-e-governo-reunem-se-para-discutir-fim-do-visto-previo\/","name":"Ventura: Chega e Governo re\u00fanem-se para discutir fim do visto pr\u00e9vio - Portal Tela Portugal","isPartOf":{"@id":"https:\/\/portaltela.pt\/#website"},"primaryImageOfPage":{"@id":"https:\/\/portaltela.pt\/noticias\/2026\/04\/11\/ventura-chega-e-governo-reunem-se-para-discutir-fim-do-visto-previo\/#primaryimage"},"image":{"@id":"https:\/\/portaltela.pt\/noticias\/2026\/04\/11\/ventura-chega-e-governo-reunem-se-para-discutir-fim-do-visto-previo\/#primaryimage"},"thumbnailUrl":"https:\/\/portaltela.pt\/s.01k8rhncp4jt1\/2026\/04\/CACHE_780X1200_ANALOG_WATERMARKED_46851509_5213060_30032026053357.jpg","datePublished":"2026-04-11T18:32:07+00:00","author":{"@id":"https:\/\/portaltela.pt\/#\/schema\/person\/c4278d4a6028830caff9ee44b42d32ed"},"breadcrumb":{"@id":"https:\/\/portaltela.pt\/noticias\/2026\/04\/11\/ventura-chega-e-governo-reunem-se-para-discutir-fim-do-visto-previo\/#breadcrumb"},"inLanguage":"pt-PT","potentialAction":[{"@type":"ReadAction","target":["https:\/\/portaltela.pt\/noticias\/2026\/04\/11\/ventura-chega-e-governo-reunem-se-para-discutir-fim-do-visto-previo\/"]}]},{"@type":"ImageObject","inLanguage":"pt-PT","@id":"https:\/\/portaltela.pt\/noticias\/2026\/04\/11\/ventura-chega-e-governo-reunem-se-para-discutir-fim-do-visto-previo\/#primaryimage","url":"https:\/\/portaltela.pt\/s.01k8rhncp4jt1\/2026\/04\/CACHE_780X1200_ANALOG_WATERMARKED_46851509_5213060_30032026053357.jpg","contentUrl":"https:\/\/portaltela.pt\/s.01k8rhncp4jt1\/2026\/04\/CACHE_780X1200_ANALOG_WATERMARKED_46851509_5213060_30032026053357.jpg","width":796,"height":448,"caption":"Ventura revela que Chega e Governo v\u00e3o reunir-se para discutir fim do visto pr\u00e9vio"},{"@type":"BreadcrumbList","@id":"https:\/\/portaltela.pt\/noticias\/2026\/04\/11\/ventura-chega-e-governo-reunem-se-para-discutir-fim-do-visto-previo\/#breadcrumb","itemListElement":[{"@type":"ListItem","position":1,"name":"In\u00edcio","item":"https:\/\/portaltela.pt\/"},{"@type":"ListItem","position":2,"name":"Ventura: Chega e Governo re\u00fanem-se para discutir fim do visto pr\u00e9vio"}]},{"@type":"WebSite","@id":"https:\/\/portaltela.pt\/#website","url":"https:\/\/portaltela.pt\/","name":"Portal Tela Portugal","description":"","potentialAction":[{"@type":"SearchAction","target":{"@type":"EntryPoint","urlTemplate":"https:\/\/portaltela.pt\/?s={search_term_string}"},"query-input":{"@type":"PropertyValueSpecification","valueRequired":true,"valueName":"search_term_string"}}],"inLanguage":"pt-PT"},{"@type":"Person","@id":"https:\/\/portaltela.pt\/#\/schema\/person\/c4278d4a6028830caff9ee44b42d32ed","name":"Telinha","image":{"@type":"ImageObject","inLanguage":"pt-PT","@id":"https:\/\/portaltela.pt\/s.01k8rhncp4jt1\/2025\/11\/talking-bot-125x125.png","url":"https:\/\/portaltela.pt\/s.01k8rhncp4jt1\/2025\/11\/talking-bot-125x125.png","contentUrl":"https:\/\/portaltela.pt\/s.01k8rhncp4jt1\/2025\/11\/talking-bot-125x125.png","caption":"Telinha"},"sameAs":["https:\/\/portaltela.pt\/"],"url":"https:\/\/portaltela.pt\/por\/367410592786\/"}]}},"_links":{"self":[{"href":"https:\/\/portaltela.pt\/api\/wp\/v2\/posts\/440774","targetHints":{"allow":["GET"]}}],"collection":[{"href":"https:\/\/portaltela.pt\/api\/wp\/v2\/posts"}],"about":[{"href":"https:\/\/portaltela.pt\/api\/wp\/v2\/types\/post"}],"author":[{"embeddable":true,"href":"https:\/\/portaltela.pt\/api\/wp\/v2\/users\/2"}],"replies":[{"embeddable":true,"href":"https:\/\/portaltela.pt\/api\/wp\/v2\/comments?post=440774"}],"version-history":[{"count":0,"href":"https:\/\/portaltela.pt\/api\/wp\/v2\/posts\/440774\/revisions"}],"wp:featuredmedia":[{"embeddable":true,"href":"https:\/\/portaltela.pt\/api\/wp\/v2\/media\/440775"}],"wp:attachment":[{"href":"https:\/\/portaltela.pt\/api\/wp\/v2\/media?parent=440774"}],"wp:term":[{"taxonomy":"category","embeddable":true,"href":"https:\/\/portaltela.pt\/api\/wp\/v2\/categories?post=440774"},{"taxonomy":"post_tag","embeddable":true,"href":"https:\/\/portaltela.pt\/api\/wp\/v2\/tags?post=440774"}],"curies":[{"name":"wp","href":"https:\/\/api.w.org\/{rel}","templated":true}]}}