{"id":440765,"date":"2026-04-11T14:08:00","date_gmt":"2026-04-11T17:08:00","guid":{"rendered":"https:\/\/portaltela.pt\/noticias\/2026\/04\/11\/iranianos-em-lisboa-pedem-retomar-a-guerra-para-mudanca-de-regime\/"},"modified":"2026-04-11T14:08:00","modified_gmt":"2026-04-11T17:08:00","slug":"iranianos-em-lisboa-pedem-retomar-a-guerra-para-mudanca-de-regime","status":"publish","type":"post","link":"https:\/\/portaltela.pt\/noticias\/politica\/2026\/04\/11\/iranianos-em-lisboa-pedem-retomar-a-guerra-para-mudanca-de-regime\/","title":{"rendered":"Iranianos em Lisboa pedem retomar a guerra para mudan\u00e7a de regime"},"content":{"rendered":"<p>Dezenas de iranianos reuniram-se hoje em frente da embaixada dos EUA em Lisboa, pedindo o reatamento da guerra at\u00e9 que haja uma verdadeira mudan\u00e7a de regime no Ir\u00e3o, em plena fase de negocia\u00e7\u00f5es entre Teer\u00e3o e Washington. O protesto ocorreu pela manh\u00e3, em territ\u00f3rio portugu\u00eas.<\/p>\n<p>Segundo os organizadores, a a\u00e7\u00e3o visa pressionar pela renova\u00e7\u00e3o de esfor\u00e7os diplom\u00e1ticos que levem a altera\u00e7\u00f5es no contexto pol\u00edtico interno do Ir\u00e3o. N\u00e3o houve relatos de confrontationos ou incidentes relevantes at\u00e9 ao final do per\u00edodo de incid\u00eancia da not\u00edcia.<\/p>\n<p>A manifesta\u00e7\u00e3o, que decorreu sem autoriza\u00e7\u00e3o p\u00fablica de alto relevo, manteve-se pac\u00edfica e com participa\u00e7\u00e3o de membros da di\u00e1spora iraniana em Portugal. A cobertura \u00e9 baseada em informa\u00e7\u00f5es da ag\u00eancia Lusa.<\/p>\n<p>Fonte: Lusa.<\/p>\n","protected":false},"excerpt":{"rendered":"<ul>\n<li>Dezenas de iranianos reuniram-se hoje em frente da embaixada dos EUA, em Lisboa.<\/li>\n<li>O protesto pede o reatamento da guerra at\u00e9 ocorrer uma mudan\u00e7a de regime no Ir\u00e3o.<\/li>\n<li>A a\u00e7\u00e3o coincide com o in\u00edcio de negocia\u00e7\u00f5es entre Teer\u00e3o e Washington.<\/li>\n<li>O objetivo \u00e9 pressionar por altera\u00e7\u00f5es pol\u00edticas no Ir\u00e3o durante as negocia\u00e7\u00f5es entre os dois pa\u00edses.<\/li>\n<\/ul>\n","protected":false},"author":2,"featured_media":440769,"comment_status":"closed","ping_status":"closed","sticky":false,"template":"","format":"standard","meta":{"footnotes":""},"categories":[6912,5],"tags":[3205,3327,5698,2857,27],"class_list":["post-440765","post","type-post","status-publish","format-standard","has-post-thumbnail","hentry","category-internacionais","category-politica","tag-embaixadas","tag-iran","tag-politica-internacional","tag-protestos","tag-relacoes-internacionais"],"yoast_head":"<!-- This site is optimized with the Yoast SEO plugin v27.2 - https:\/\/yoast.com\/product\/yoast-seo-wordpress\/ -->\n<title>Iranianos em Lisboa pedem retomar a guerra para mudan\u00e7a de regime - Portal Tela Portugal<\/title>\n<meta name=\"robots\" content=\"index, follow, max-snippet:-1, max-image-preview:large, max-video-preview:-1\" \/>\n<meta property=\"og:locale\" content=\"pt_PT\" \/>\n<meta property=\"og:type\" content=\"article\" \/>\n<meta property=\"og:title\" content=\"Iranianos em Lisboa pedem retomar a guerra para mudan\u00e7a de regime - Portal Tela Portugal\" \/>\n<meta property=\"og:description\" content=\"Dezenas de iranianos reuniram-se hoje em frente da embaixada dos EUA, em Lisboa. O protesto pede o reatamento da guerra at\u00e9 ocorrer uma mudan\u00e7a de regime no Ir\u00e3o. A a\u00e7\u00e3o coincide com o in\u00edcio de negocia\u00e7\u00f5es entre Teer\u00e3o e Washington. O objetivo \u00e9 pressionar por altera\u00e7\u00f5es pol\u00edticas no Ir\u00e3o durante as negocia\u00e7\u00f5es entre os dois pa\u00edses.\" \/>\n<meta property=\"og:url\" content=\"https:\/\/portaltela.pt\/noticias\/2026\/04\/11\/iranianos-em-lisboa-pedem-retomar-a-guerra-para-mudanca-de-regime\/\" \/>\n<meta property=\"og:site_name\" content=\"Portal Tela Portugal\" \/>\n<meta property=\"article:published_time\" content=\"2026-04-11T17:08:00+00:00\" \/>\n<meta name=\"author\" content=\"Telinha\" \/>\n<meta name=\"twitter:card\" content=\"summary_large_image\" \/>\n<meta name=\"twitter:label1\" content=\"Escrito por\" \/>\n\t<meta name=\"twitter:data1\" content=\"Telinha\" \/>\n\t<meta name=\"twitter:label2\" content=\"Tempo estimado de leitura\" \/>\n\t<meta name=\"twitter:data2\" content=\"1 minuto\" \/>\n<script type=\"application\/ld+json\" class=\"yoast-schema-graph\">{\"@context\":\"https:\/\/schema.org\",\"@graph\":[{\"@type\":\"Article\",\"@id\":\"https:\/\/portaltela.pt\/noticias\/2026\/04\/11\/iranianos-em-lisboa-pedem-retomar-a-guerra-para-mudanca-de-regime\/#article\",\"isPartOf\":{\"@id\":\"https:\/\/portaltela.pt\/noticias\/2026\/04\/11\/iranianos-em-lisboa-pedem-retomar-a-guerra-para-mudanca-de-regime\/\"},\"author\":{\"name\":\"Telinha\",\"@id\":\"https:\/\/portaltela.pt\/#\/schema\/person\/c4278d4a6028830caff9ee44b42d32ed\"},\"headline\":\"Iranianos em Lisboa pedem retomar a guerra para mudan\u00e7a de regime\",\"datePublished\":\"2026-04-11T17:08:00+00:00\",\"mainEntityOfPage\":{\"@id\":\"https:\/\/portaltela.pt\/noticias\/2026\/04\/11\/iranianos-em-lisboa-pedem-retomar-a-guerra-para-mudanca-de-regime\/\"},\"wordCount\":153,\"image\":{\"@id\":\"https:\/\/portaltela.pt\/noticias\/2026\/04\/11\/iranianos-em-lisboa-pedem-retomar-a-guerra-para-mudanca-de-regime\/#primaryimage\"},\"thumbnailUrl\":\"https:\/\/portaltela.pt\/s.01k8rhncp4jt1\/2026\/04\/CACHE_780X1200_ANALOG_WATERMARKED_46912998_5729310_11042026031818.jpg\",\"keywords\":[\"embaixadas\",\"\u00cdr\u00e1n\",\"pol\u00edtica internacional\",\"protestos\",\"rela\u00e7\u00f5es internacionais\"],\"articleSection\":[\"Internacionais\",\"Pol\u00edtica\"],\"inLanguage\":\"pt-PT\"},{\"@type\":\"WebPage\",\"@id\":\"https:\/\/portaltela.pt\/noticias\/2026\/04\/11\/iranianos-em-lisboa-pedem-retomar-a-guerra-para-mudanca-de-regime\/\",\"url\":\"https:\/\/portaltela.pt\/noticias\/2026\/04\/11\/iranianos-em-lisboa-pedem-retomar-a-guerra-para-mudanca-de-regime\/\",\"name\":\"Iranianos em Lisboa pedem retomar a guerra para mudan\u00e7a de regime - Portal Tela Portugal\",\"isPartOf\":{\"@id\":\"https:\/\/portaltela.pt\/#website\"},\"primaryImageOfPage\":{\"@id\":\"https:\/\/portaltela.pt\/noticias\/2026\/04\/11\/iranianos-em-lisboa-pedem-retomar-a-guerra-para-mudanca-de-regime\/#primaryimage\"},\"image\":{\"@id\":\"https:\/\/portaltela.pt\/noticias\/2026\/04\/11\/iranianos-em-lisboa-pedem-retomar-a-guerra-para-mudanca-de-regime\/#primaryimage\"},\"thumbnailUrl\":\"https:\/\/portaltela.pt\/s.01k8rhncp4jt1\/2026\/04\/CACHE_780X1200_ANALOG_WATERMARKED_46912998_5729310_11042026031818.jpg\",\"datePublished\":\"2026-04-11T17:08:00+00:00\",\"author\":{\"@id\":\"https:\/\/portaltela.pt\/#\/schema\/person\/c4278d4a6028830caff9ee44b42d32ed\"},\"breadcrumb\":{\"@id\":\"https:\/\/portaltela.pt\/noticias\/2026\/04\/11\/iranianos-em-lisboa-pedem-retomar-a-guerra-para-mudanca-de-regime\/#breadcrumb\"},\"inLanguage\":\"pt-PT\",\"potentialAction\":[{\"@type\":\"ReadAction\",\"target\":[\"https:\/\/portaltela.pt\/noticias\/2026\/04\/11\/iranianos-em-lisboa-pedem-retomar-a-guerra-para-mudanca-de-regime\/\"]}]},{\"@type\":\"ImageObject\",\"inLanguage\":\"pt-PT\",\"@id\":\"https:\/\/portaltela.pt\/noticias\/2026\/04\/11\/iranianos-em-lisboa-pedem-retomar-a-guerra-para-mudanca-de-regime\/#primaryimage\",\"url\":\"https:\/\/portaltela.pt\/s.01k8rhncp4jt1\/2026\/04\/CACHE_780X1200_ANALOG_WATERMARKED_46912998_5729310_11042026031818.jpg\",\"contentUrl\":\"https:\/\/portaltela.pt\/s.01k8rhncp4jt1\/2026\/04\/CACHE_780X1200_ANALOG_WATERMARKED_46912998_5729310_11042026031818.jpg\",\"width\":796,\"height\":448,\"caption\":\"Iranianos em Lisboa pedem reatamento da guerra para efetiva mudan\u00e7a de regime\"},{\"@type\":\"BreadcrumbList\",\"@id\":\"https:\/\/portaltela.pt\/noticias\/2026\/04\/11\/iranianos-em-lisboa-pedem-retomar-a-guerra-para-mudanca-de-regime\/#breadcrumb\",\"itemListElement\":[{\"@type\":\"ListItem\",\"position\":1,\"name\":\"In\u00edcio\",\"item\":\"https:\/\/portaltela.pt\/\"},{\"@type\":\"ListItem\",\"position\":2,\"name\":\"Iranianos em Lisboa pedem retomar a guerra para mudan\u00e7a de regime\"}]},{\"@type\":\"WebSite\",\"@id\":\"https:\/\/portaltela.pt\/#website\",\"url\":\"https:\/\/portaltela.pt\/\",\"name\":\"Portal Tela Portugal\",\"description\":\"\",\"potentialAction\":[{\"@type\":\"SearchAction\",\"target\":{\"@type\":\"EntryPoint\",\"urlTemplate\":\"https:\/\/portaltela.pt\/?s={search_term_string}\"},\"query-input\":{\"@type\":\"PropertyValueSpecification\",\"valueRequired\":true,\"valueName\":\"search_term_string\"}}],\"inLanguage\":\"pt-PT\"},{\"@type\":\"Person\",\"@id\":\"https:\/\/portaltela.pt\/#\/schema\/person\/c4278d4a6028830caff9ee44b42d32ed\",\"name\":\"Telinha\",\"image\":{\"@type\":\"ImageObject\",\"inLanguage\":\"pt-PT\",\"@id\":\"https:\/\/portaltela.pt\/s.01k8rhncp4jt1\/2025\/11\/talking-bot-125x125.png\",\"url\":\"https:\/\/portaltela.pt\/s.01k8rhncp4jt1\/2025\/11\/talking-bot-125x125.png\",\"contentUrl\":\"https:\/\/portaltela.pt\/s.01k8rhncp4jt1\/2025\/11\/talking-bot-125x125.png\",\"caption\":\"Telinha\"},\"sameAs\":[\"https:\/\/portaltela.pt\/\"],\"url\":\"https:\/\/portaltela.pt\/por\/367410592786\/\"}]}<\/script>\n<!-- \/ Yoast SEO plugin. -->","yoast_head_json":{"title":"Iranianos em Lisboa pedem retomar a guerra para mudan\u00e7a de regime - Portal Tela Portugal","robots":{"index":"index","follow":"follow","max-snippet":"max-snippet:-1","max-image-preview":"max-image-preview:large","max-video-preview":"max-video-preview:-1"},"og_locale":"pt_PT","og_type":"article","og_title":"Iranianos em Lisboa pedem retomar a guerra para mudan\u00e7a de regime - Portal Tela Portugal","og_description":"Dezenas de iranianos reuniram-se hoje em frente da embaixada dos EUA, em Lisboa. O protesto pede o reatamento da guerra at\u00e9 ocorrer uma mudan\u00e7a de regime no Ir\u00e3o. A a\u00e7\u00e3o coincide com o in\u00edcio de negocia\u00e7\u00f5es entre Teer\u00e3o e Washington. O objetivo \u00e9 pressionar por altera\u00e7\u00f5es pol\u00edticas no Ir\u00e3o durante as negocia\u00e7\u00f5es entre os dois pa\u00edses.","og_url":"https:\/\/portaltela.pt\/noticias\/2026\/04\/11\/iranianos-em-lisboa-pedem-retomar-a-guerra-para-mudanca-de-regime\/","og_site_name":"Portal Tela Portugal","article_published_time":"2026-04-11T17:08:00+00:00","author":"Telinha","twitter_card":"summary_large_image","twitter_misc":{"Escrito por":"Telinha","Tempo estimado de leitura":"1 minuto"},"schema":{"@context":"https:\/\/schema.org","@graph":[{"@type":"Article","@id":"https:\/\/portaltela.pt\/noticias\/2026\/04\/11\/iranianos-em-lisboa-pedem-retomar-a-guerra-para-mudanca-de-regime\/#article","isPartOf":{"@id":"https:\/\/portaltela.pt\/noticias\/2026\/04\/11\/iranianos-em-lisboa-pedem-retomar-a-guerra-para-mudanca-de-regime\/"},"author":{"name":"Telinha","@id":"https:\/\/portaltela.pt\/#\/schema\/person\/c4278d4a6028830caff9ee44b42d32ed"},"headline":"Iranianos em Lisboa pedem retomar a guerra para mudan\u00e7a de regime","datePublished":"2026-04-11T17:08:00+00:00","mainEntityOfPage":{"@id":"https:\/\/portaltela.pt\/noticias\/2026\/04\/11\/iranianos-em-lisboa-pedem-retomar-a-guerra-para-mudanca-de-regime\/"},"wordCount":153,"image":{"@id":"https:\/\/portaltela.pt\/noticias\/2026\/04\/11\/iranianos-em-lisboa-pedem-retomar-a-guerra-para-mudanca-de-regime\/#primaryimage"},"thumbnailUrl":"https:\/\/portaltela.pt\/s.01k8rhncp4jt1\/2026\/04\/CACHE_780X1200_ANALOG_WATERMARKED_46912998_5729310_11042026031818.jpg","keywords":["embaixadas","\u00cdr\u00e1n","pol\u00edtica internacional","protestos","rela\u00e7\u00f5es internacionais"],"articleSection":["Internacionais","Pol\u00edtica"],"inLanguage":"pt-PT"},{"@type":"WebPage","@id":"https:\/\/portaltela.pt\/noticias\/2026\/04\/11\/iranianos-em-lisboa-pedem-retomar-a-guerra-para-mudanca-de-regime\/","url":"https:\/\/portaltela.pt\/noticias\/2026\/04\/11\/iranianos-em-lisboa-pedem-retomar-a-guerra-para-mudanca-de-regime\/","name":"Iranianos em Lisboa pedem retomar a guerra para mudan\u00e7a de regime - Portal Tela Portugal","isPartOf":{"@id":"https:\/\/portaltela.pt\/#website"},"primaryImageOfPage":{"@id":"https:\/\/portaltela.pt\/noticias\/2026\/04\/11\/iranianos-em-lisboa-pedem-retomar-a-guerra-para-mudanca-de-regime\/#primaryimage"},"image":{"@id":"https:\/\/portaltela.pt\/noticias\/2026\/04\/11\/iranianos-em-lisboa-pedem-retomar-a-guerra-para-mudanca-de-regime\/#primaryimage"},"thumbnailUrl":"https:\/\/portaltela.pt\/s.01k8rhncp4jt1\/2026\/04\/CACHE_780X1200_ANALOG_WATERMARKED_46912998_5729310_11042026031818.jpg","datePublished":"2026-04-11T17:08:00+00:00","author":{"@id":"https:\/\/portaltela.pt\/#\/schema\/person\/c4278d4a6028830caff9ee44b42d32ed"},"breadcrumb":{"@id":"https:\/\/portaltela.pt\/noticias\/2026\/04\/11\/iranianos-em-lisboa-pedem-retomar-a-guerra-para-mudanca-de-regime\/#breadcrumb"},"inLanguage":"pt-PT","potentialAction":[{"@type":"ReadAction","target":["https:\/\/portaltela.pt\/noticias\/2026\/04\/11\/iranianos-em-lisboa-pedem-retomar-a-guerra-para-mudanca-de-regime\/"]}]},{"@type":"ImageObject","inLanguage":"pt-PT","@id":"https:\/\/portaltela.pt\/noticias\/2026\/04\/11\/iranianos-em-lisboa-pedem-retomar-a-guerra-para-mudanca-de-regime\/#primaryimage","url":"https:\/\/portaltela.pt\/s.01k8rhncp4jt1\/2026\/04\/CACHE_780X1200_ANALOG_WATERMARKED_46912998_5729310_11042026031818.jpg","contentUrl":"https:\/\/portaltela.pt\/s.01k8rhncp4jt1\/2026\/04\/CACHE_780X1200_ANALOG_WATERMARKED_46912998_5729310_11042026031818.jpg","width":796,"height":448,"caption":"Iranianos em Lisboa pedem reatamento da guerra para efetiva mudan\u00e7a de regime"},{"@type":"BreadcrumbList","@id":"https:\/\/portaltela.pt\/noticias\/2026\/04\/11\/iranianos-em-lisboa-pedem-retomar-a-guerra-para-mudanca-de-regime\/#breadcrumb","itemListElement":[{"@type":"ListItem","position":1,"name":"In\u00edcio","item":"https:\/\/portaltela.pt\/"},{"@type":"ListItem","position":2,"name":"Iranianos em Lisboa pedem retomar a guerra para mudan\u00e7a de regime"}]},{"@type":"WebSite","@id":"https:\/\/portaltela.pt\/#website","url":"https:\/\/portaltela.pt\/","name":"Portal Tela Portugal","description":"","potentialAction":[{"@type":"SearchAction","target":{"@type":"EntryPoint","urlTemplate":"https:\/\/portaltela.pt\/?s={search_term_string}"},"query-input":{"@type":"PropertyValueSpecification","valueRequired":true,"valueName":"search_term_string"}}],"inLanguage":"pt-PT"},{"@type":"Person","@id":"https:\/\/portaltela.pt\/#\/schema\/person\/c4278d4a6028830caff9ee44b42d32ed","name":"Telinha","image":{"@type":"ImageObject","inLanguage":"pt-PT","@id":"https:\/\/portaltela.pt\/s.01k8rhncp4jt1\/2025\/11\/talking-bot-125x125.png","url":"https:\/\/portaltela.pt\/s.01k8rhncp4jt1\/2025\/11\/talking-bot-125x125.png","contentUrl":"https:\/\/portaltela.pt\/s.01k8rhncp4jt1\/2025\/11\/talking-bot-125x125.png","caption":"Telinha"},"sameAs":["https:\/\/portaltela.pt\/"],"url":"https:\/\/portaltela.pt\/por\/367410592786\/"}]}},"_links":{"self":[{"href":"https:\/\/portaltela.pt\/api\/wp\/v2\/posts\/440765","targetHints":{"allow":["GET"]}}],"collection":[{"href":"https:\/\/portaltela.pt\/api\/wp\/v2\/posts"}],"about":[{"href":"https:\/\/portaltela.pt\/api\/wp\/v2\/types\/post"}],"author":[{"embeddable":true,"href":"https:\/\/portaltela.pt\/api\/wp\/v2\/users\/2"}],"replies":[{"embeddable":true,"href":"https:\/\/portaltela.pt\/api\/wp\/v2\/comments?post=440765"}],"version-history":[{"count":0,"href":"https:\/\/portaltela.pt\/api\/wp\/v2\/posts\/440765\/revisions"}],"wp:featuredmedia":[{"embeddable":true,"href":"https:\/\/portaltela.pt\/api\/wp\/v2\/media\/440769"}],"wp:attachment":[{"href":"https:\/\/portaltela.pt\/api\/wp\/v2\/media?parent=440765"}],"wp:term":[{"taxonomy":"category","embeddable":true,"href":"https:\/\/portaltela.pt\/api\/wp\/v2\/categories?post=440765"},{"taxonomy":"post_tag","embeddable":true,"href":"https:\/\/portaltela.pt\/api\/wp\/v2\/tags?post=440765"}],"curies":[{"name":"wp","href":"https:\/\/api.w.org\/{rel}","templated":true}]}}