{"id":440748,"date":"2026-04-11T15:02:30","date_gmt":"2026-04-11T18:02:30","guid":{"rendered":"https:\/\/portaltela.pt\/noticias\/2026\/04\/11\/il-de-coimbra-acusa-abrunhosa-de-ameacar-liberdade-de-imprensa\/"},"modified":"2026-04-11T15:02:30","modified_gmt":"2026-04-11T18:02:30","slug":"il-de-coimbra-acusa-abrunhosa-de-ameacar-liberdade-de-imprensa","status":"publish","type":"post","link":"https:\/\/portaltela.pt\/noticias\/politica\/2026\/04\/11\/il-de-coimbra-acusa-abrunhosa-de-ameacar-liberdade-de-imprensa\/","title":{"rendered":"IL de Coimbra acusa Abrunhosa de amea\u00e7ar liberdade de imprensa"},"content":{"rendered":"<p>A Iniciativa Liberal de Coimbra (IL\/Coimbra) acusa a presidente da C\u00e2mara, Ana Abrunhosa, de amea\u00e7ar a liberdade de imprensa, ap\u00f3s um incidente na \u00faltima reuni\u00e3o camar\u00e1ria. A contesta\u00e7\u00e3o surge na sequ\u00eancia de uma not\u00edcia sobre a Casa do Cinema de Coimbra publicada pela Lusa.<\/p>\n<p>A not\u00edcia revela que o espa\u00e7o pode perder a licen\u00e7a por o munic\u00edpio n\u00e3o avan\u00e7ar com o plano de reabilita\u00e7\u00e3o acordado. O jornalista da Lusa questionou o executivo municipal, sem obter resposta durante a sess\u00e3o.<\/p>\n<p>A IL\/Coimbra sustenta que Ana Abrunhosa atacou publicamente o jornalista, acusando-o de falhar \u00e0 verdade e de cometer uma falha deontol\u00f3gica grave, retirando-lhe a confian\u00e7a. A organiza\u00e7\u00e3o afirma que o jornalista n\u00e3o precisa da confian\u00e7a de pol\u00edticos para cumprir o seu trabalho.<\/p>\n<p>O partido liberais salienta que o jornalismo serve para escrutinar o poder e n\u00e3o para o validar. Regista ainda que o jornalista enviou perguntas ao munic\u00edpio a 1 de abril e aguardou mais de uma semana pela resposta.<\/p>\n<h3>Contexto<\/h3>\n<p>A IL\/Coimbra solidariza-se com Jo\u00e3o Gaspar, mantendo que fez o seu trabalho com rigor e dentro das regras deontol\u00f3gicas. O grupo recorda que outros jornalistas abandonaram a sala em protesto.<\/p>\n<p>Tamb\u00e9m o PCP criticou a presidente da C\u00e2mara, acusando-a de tentar condicionar o livre exerc\u00edcio do jornalismo ao dirigir acusa\u00e7\u00f5es ao jornalista Jo\u00e3o Gaspar com tra\u00e7os de prepot\u00eancia.<\/p>\n<p>Numa rea\u00e7\u00e3o publicada na sexta-feira, a Dire\u00e7\u00e3o de Informa\u00e7\u00e3o da ag\u00eancia Lusa repudiou as acusa\u00e7\u00f5es dirigidas ao jornalista durante a reuni\u00e3o p\u00fablica e expressou a sua confian\u00e7a em Gaspar, citado como percurso irrepreens\u00edvel na reda\u00e7\u00e3o.<\/p>\n<p>A DI refor\u00e7ou que Gaspar limitou-se a reportar as preocupa\u00e7\u00f5es do coordenador da Casa do Cinema e procurou o contradit\u00f3rio junto da C\u00e2mara, tendo publicado a not\u00edcia apenas nove dias depois, ap\u00f3s nova dilig\u00eancia junto do gabinete de comunica\u00e7\u00e3o.<\/p>\n","protected":false},"excerpt":{"rendered":"<ul>\n<li>A Iniciativa Liberal de Coimbra acusa a presidente da c\u00e2mara, Ana Abrunhosa, de atacar a liberdade de imprensa e exige que se retrate pelo ataque p\u00fablico a um jornalista da Lusa.<\/li>\n<li>O epis\u00f3dio ocorreu na \u00faltima reuni\u00e3o camar\u00e1ria, ap\u00f3s uma not\u00edcia sobre a Casa do Cinema de Coimbra, que indicava risco de perder a licen\u00e7a por falta de reabilita\u00e7\u00e3o acordada.<\/li>\n<li>A IL\/Coimbra afirma que Abrunhosa alegou que o jornalista &#8220;falhou \u00e0 verdade&#8221;, cometeu uma &#8220;falha deontol\u00f3gica grave&#8221;, retirou-lhe a confian\u00e7a e sugeriu que, se quisesse fazer pol\u00edtica, entregasse a carteira de jornalista.<\/li>\n<li>Os liberais defendem que um jornalista n\u00e3o precisa da confian\u00e7a de quem est\u00e1 no poder para cumprir o seu trabalho, e mostram solidariedade com Jo\u00e3o Gaspar e com os outros jornalistas que abandonaram a sala.<\/li>\n<li>O PCP tamb\u00e9m criticou a presidente, e a Dire\u00e7\u00e3o de Informa\u00e7\u00e3o da Lusa enviou uma carta \u00e0 autarca denunciando as acusa\u00e7\u00f5es como difamat\u00f3rias, reafirmando a confian\u00e7a no jornalista e dizendo que ele apenas reportou preocupa\u00e7\u00f5es sobre a Casa do Cinema de Coimbra.<\/li>\n<\/ul>\n","protected":false},"author":2,"featured_media":440752,"comment_status":"closed","ping_status":"closed","sticky":false,"template":"","format":"standard","meta":{"footnotes":""},"categories":[1,5],"tags":[5449,1070,506,5707,3512,2832],"class_list":["post-440748","post","type-post","status-publish","format-standard","has-post-thumbnail","hentry","category-noticias","category-politica","tag-camara-municipal","tag-coimbra","tag-imprensa","tag-jornalistas","tag-liberdade-de-imprensa","tag-politica"],"yoast_head":"<!-- This site is optimized with the Yoast SEO plugin v27.2 - https:\/\/yoast.com\/product\/yoast-seo-wordpress\/ -->\n<title>IL de Coimbra acusa Abrunhosa de amea\u00e7ar liberdade de imprensa - Portal Tela Portugal<\/title>\n<meta name=\"robots\" content=\"index, follow, max-snippet:-1, max-image-preview:large, max-video-preview:-1\" \/>\n<meta property=\"og:locale\" content=\"pt_PT\" \/>\n<meta property=\"og:type\" content=\"article\" \/>\n<meta property=\"og:title\" content=\"IL de Coimbra acusa Abrunhosa de amea\u00e7ar liberdade de imprensa - Portal Tela Portugal\" \/>\n<meta property=\"og:description\" content=\"A Iniciativa Liberal de Coimbra acusa a presidente da c\u00e2mara, Ana Abrunhosa, de atacar a liberdade de imprensa e exige que se retrate pelo ataque p\u00fablico a um jornalista da Lusa. O epis\u00f3dio ocorreu na \u00faltima reuni\u00e3o camar\u00e1ria, ap\u00f3s uma not\u00edcia sobre a Casa do Cinema de Coimbra, que indicava risco de perder a licen\u00e7a por falta de reabilita\u00e7\u00e3o acordada. A IL\/Coimbra afirma que Abrunhosa alegou que o jornalista &quot;falhou \u00e0 verdade&quot;, cometeu uma &quot;falha deontol\u00f3gica grave&quot;, retirou-lhe a confian\u00e7a e sugeriu que, se quisesse fazer pol\u00edtica, entregasse a carteira de jornalista. Os liberais defendem que um jornalista n\u00e3o precisa da confian\u00e7a de quem est\u00e1 no poder para cumprir o seu trabalho, e mostram solidariedade com Jo\u00e3o Gaspar e com os outros jornalistas que abandonaram a sala. O PCP tamb\u00e9m criticou a presidente, e a Dire\u00e7\u00e3o de Informa\u00e7\u00e3o da Lusa enviou uma carta \u00e0 autarca denunciando as acusa\u00e7\u00f5es como difamat\u00f3rias, reafirmando a confian\u00e7a no jornalista e dizendo que ele apenas reportou preocupa\u00e7\u00f5es sobre a Casa do Cinema de Coimbra.\" \/>\n<meta property=\"og:url\" content=\"https:\/\/portaltela.pt\/noticias\/2026\/04\/11\/il-de-coimbra-acusa-abrunhosa-de-ameacar-liberdade-de-imprensa\/\" \/>\n<meta property=\"og:site_name\" content=\"Portal Tela Portugal\" \/>\n<meta property=\"article:published_time\" content=\"2026-04-11T18:02:30+00:00\" \/>\n<meta name=\"author\" content=\"Telinha\" \/>\n<meta name=\"twitter:card\" content=\"summary_large_image\" \/>\n<meta name=\"twitter:label1\" content=\"Escrito por\" \/>\n\t<meta name=\"twitter:data1\" content=\"Telinha\" \/>\n\t<meta name=\"twitter:label2\" content=\"Tempo estimado de leitura\" \/>\n\t<meta name=\"twitter:data2\" content=\"2 minutos\" \/>\n<script type=\"application\/ld+json\" class=\"yoast-schema-graph\">{\"@context\":\"https:\/\/schema.org\",\"@graph\":[{\"@type\":\"Article\",\"@id\":\"https:\/\/portaltela.pt\/noticias\/2026\/04\/11\/il-de-coimbra-acusa-abrunhosa-de-ameacar-liberdade-de-imprensa\/#article\",\"isPartOf\":{\"@id\":\"https:\/\/portaltela.pt\/noticias\/2026\/04\/11\/il-de-coimbra-acusa-abrunhosa-de-ameacar-liberdade-de-imprensa\/\"},\"author\":{\"name\":\"Telinha\",\"@id\":\"https:\/\/portaltela.pt\/#\/schema\/person\/c4278d4a6028830caff9ee44b42d32ed\"},\"headline\":\"IL de Coimbra acusa Abrunhosa de amea\u00e7ar liberdade de imprensa\",\"datePublished\":\"2026-04-11T18:02:30+00:00\",\"mainEntityOfPage\":{\"@id\":\"https:\/\/portaltela.pt\/noticias\/2026\/04\/11\/il-de-coimbra-acusa-abrunhosa-de-ameacar-liberdade-de-imprensa\/\"},\"wordCount\":355,\"image\":{\"@id\":\"https:\/\/portaltela.pt\/noticias\/2026\/04\/11\/il-de-coimbra-acusa-abrunhosa-de-ameacar-liberdade-de-imprensa\/#primaryimage\"},\"thumbnailUrl\":\"https:\/\/portaltela.pt\/s.01k8rhncp4jt1\/2026\/04\/img_1500x1000uu2025-11-02-20-58-18-2245022.jpg\",\"keywords\":[\"C\u00e2mara Municipal\",\"Coimbra\",\"imprensa\",\"jornalistas\",\"liberdade de imprensa\",\"pol\u00edtica\"],\"articleSection\":[\"Not\u00edcias\",\"Pol\u00edtica\"],\"inLanguage\":\"pt-PT\"},{\"@type\":\"WebPage\",\"@id\":\"https:\/\/portaltela.pt\/noticias\/2026\/04\/11\/il-de-coimbra-acusa-abrunhosa-de-ameacar-liberdade-de-imprensa\/\",\"url\":\"https:\/\/portaltela.pt\/noticias\/2026\/04\/11\/il-de-coimbra-acusa-abrunhosa-de-ameacar-liberdade-de-imprensa\/\",\"name\":\"IL de Coimbra acusa Abrunhosa de amea\u00e7ar liberdade de imprensa - Portal Tela Portugal\",\"isPartOf\":{\"@id\":\"https:\/\/portaltela.pt\/#website\"},\"primaryImageOfPage\":{\"@id\":\"https:\/\/portaltela.pt\/noticias\/2026\/04\/11\/il-de-coimbra-acusa-abrunhosa-de-ameacar-liberdade-de-imprensa\/#primaryimage\"},\"image\":{\"@id\":\"https:\/\/portaltela.pt\/noticias\/2026\/04\/11\/il-de-coimbra-acusa-abrunhosa-de-ameacar-liberdade-de-imprensa\/#primaryimage\"},\"thumbnailUrl\":\"https:\/\/portaltela.pt\/s.01k8rhncp4jt1\/2026\/04\/img_1500x1000uu2025-11-02-20-58-18-2245022.jpg\",\"datePublished\":\"2026-04-11T18:02:30+00:00\",\"author\":{\"@id\":\"https:\/\/portaltela.pt\/#\/schema\/person\/c4278d4a6028830caff9ee44b42d32ed\"},\"breadcrumb\":{\"@id\":\"https:\/\/portaltela.pt\/noticias\/2026\/04\/11\/il-de-coimbra-acusa-abrunhosa-de-ameacar-liberdade-de-imprensa\/#breadcrumb\"},\"inLanguage\":\"pt-PT\",\"potentialAction\":[{\"@type\":\"ReadAction\",\"target\":[\"https:\/\/portaltela.pt\/noticias\/2026\/04\/11\/il-de-coimbra-acusa-abrunhosa-de-ameacar-liberdade-de-imprensa\/\"]}]},{\"@type\":\"ImageObject\",\"inLanguage\":\"pt-PT\",\"@id\":\"https:\/\/portaltela.pt\/noticias\/2026\/04\/11\/il-de-coimbra-acusa-abrunhosa-de-ameacar-liberdade-de-imprensa\/#primaryimage\",\"url\":\"https:\/\/portaltela.pt\/s.01k8rhncp4jt1\/2026\/04\/img_1500x1000uu2025-11-02-20-58-18-2245022.jpg\",\"contentUrl\":\"https:\/\/portaltela.pt\/s.01k8rhncp4jt1\/2026\/04\/img_1500x1000uu2025-11-02-20-58-18-2245022.jpg\",\"width\":796,\"height\":448,\"caption\":\"Ana Abrunhosa foi eleita presidente da C\u00e2mara de Coimbra\"},{\"@type\":\"BreadcrumbList\",\"@id\":\"https:\/\/portaltela.pt\/noticias\/2026\/04\/11\/il-de-coimbra-acusa-abrunhosa-de-ameacar-liberdade-de-imprensa\/#breadcrumb\",\"itemListElement\":[{\"@type\":\"ListItem\",\"position\":1,\"name\":\"In\u00edcio\",\"item\":\"https:\/\/portaltela.pt\/\"},{\"@type\":\"ListItem\",\"position\":2,\"name\":\"IL de Coimbra acusa Abrunhosa de amea\u00e7ar liberdade de imprensa\"}]},{\"@type\":\"WebSite\",\"@id\":\"https:\/\/portaltela.pt\/#website\",\"url\":\"https:\/\/portaltela.pt\/\",\"name\":\"Portal Tela Portugal\",\"description\":\"\",\"potentialAction\":[{\"@type\":\"SearchAction\",\"target\":{\"@type\":\"EntryPoint\",\"urlTemplate\":\"https:\/\/portaltela.pt\/?s={search_term_string}\"},\"query-input\":{\"@type\":\"PropertyValueSpecification\",\"valueRequired\":true,\"valueName\":\"search_term_string\"}}],\"inLanguage\":\"pt-PT\"},{\"@type\":\"Person\",\"@id\":\"https:\/\/portaltela.pt\/#\/schema\/person\/c4278d4a6028830caff9ee44b42d32ed\",\"name\":\"Telinha\",\"image\":{\"@type\":\"ImageObject\",\"inLanguage\":\"pt-PT\",\"@id\":\"https:\/\/portaltela.pt\/s.01k8rhncp4jt1\/2025\/11\/talking-bot-125x125.png\",\"url\":\"https:\/\/portaltela.pt\/s.01k8rhncp4jt1\/2025\/11\/talking-bot-125x125.png\",\"contentUrl\":\"https:\/\/portaltela.pt\/s.01k8rhncp4jt1\/2025\/11\/talking-bot-125x125.png\",\"caption\":\"Telinha\"},\"sameAs\":[\"https:\/\/portaltela.pt\/\"],\"url\":\"https:\/\/portaltela.pt\/por\/367410592786\/\"}]}<\/script>\n<!-- \/ Yoast SEO plugin. -->","yoast_head_json":{"title":"IL de Coimbra acusa Abrunhosa de amea\u00e7ar liberdade de imprensa - Portal Tela Portugal","robots":{"index":"index","follow":"follow","max-snippet":"max-snippet:-1","max-image-preview":"max-image-preview:large","max-video-preview":"max-video-preview:-1"},"og_locale":"pt_PT","og_type":"article","og_title":"IL de Coimbra acusa Abrunhosa de amea\u00e7ar liberdade de imprensa - Portal Tela Portugal","og_description":"A Iniciativa Liberal de Coimbra acusa a presidente da c\u00e2mara, Ana Abrunhosa, de atacar a liberdade de imprensa e exige que se retrate pelo ataque p\u00fablico a um jornalista da Lusa. O epis\u00f3dio ocorreu na \u00faltima reuni\u00e3o camar\u00e1ria, ap\u00f3s uma not\u00edcia sobre a Casa do Cinema de Coimbra, que indicava risco de perder a licen\u00e7a por falta de reabilita\u00e7\u00e3o acordada. A IL\/Coimbra afirma que Abrunhosa alegou que o jornalista \"falhou \u00e0 verdade\", cometeu uma \"falha deontol\u00f3gica grave\", retirou-lhe a confian\u00e7a e sugeriu que, se quisesse fazer pol\u00edtica, entregasse a carteira de jornalista. Os liberais defendem que um jornalista n\u00e3o precisa da confian\u00e7a de quem est\u00e1 no poder para cumprir o seu trabalho, e mostram solidariedade com Jo\u00e3o Gaspar e com os outros jornalistas que abandonaram a sala. O PCP tamb\u00e9m criticou a presidente, e a Dire\u00e7\u00e3o de Informa\u00e7\u00e3o da Lusa enviou uma carta \u00e0 autarca denunciando as acusa\u00e7\u00f5es como difamat\u00f3rias, reafirmando a confian\u00e7a no jornalista e dizendo que ele apenas reportou preocupa\u00e7\u00f5es sobre a Casa do Cinema de Coimbra.","og_url":"https:\/\/portaltela.pt\/noticias\/2026\/04\/11\/il-de-coimbra-acusa-abrunhosa-de-ameacar-liberdade-de-imprensa\/","og_site_name":"Portal Tela Portugal","article_published_time":"2026-04-11T18:02:30+00:00","author":"Telinha","twitter_card":"summary_large_image","twitter_misc":{"Escrito por":"Telinha","Tempo estimado de leitura":"2 minutos"},"schema":{"@context":"https:\/\/schema.org","@graph":[{"@type":"Article","@id":"https:\/\/portaltela.pt\/noticias\/2026\/04\/11\/il-de-coimbra-acusa-abrunhosa-de-ameacar-liberdade-de-imprensa\/#article","isPartOf":{"@id":"https:\/\/portaltela.pt\/noticias\/2026\/04\/11\/il-de-coimbra-acusa-abrunhosa-de-ameacar-liberdade-de-imprensa\/"},"author":{"name":"Telinha","@id":"https:\/\/portaltela.pt\/#\/schema\/person\/c4278d4a6028830caff9ee44b42d32ed"},"headline":"IL de Coimbra acusa Abrunhosa de amea\u00e7ar liberdade de imprensa","datePublished":"2026-04-11T18:02:30+00:00","mainEntityOfPage":{"@id":"https:\/\/portaltela.pt\/noticias\/2026\/04\/11\/il-de-coimbra-acusa-abrunhosa-de-ameacar-liberdade-de-imprensa\/"},"wordCount":355,"image":{"@id":"https:\/\/portaltela.pt\/noticias\/2026\/04\/11\/il-de-coimbra-acusa-abrunhosa-de-ameacar-liberdade-de-imprensa\/#primaryimage"},"thumbnailUrl":"https:\/\/portaltela.pt\/s.01k8rhncp4jt1\/2026\/04\/img_1500x1000uu2025-11-02-20-58-18-2245022.jpg","keywords":["C\u00e2mara Municipal","Coimbra","imprensa","jornalistas","liberdade de imprensa","pol\u00edtica"],"articleSection":["Not\u00edcias","Pol\u00edtica"],"inLanguage":"pt-PT"},{"@type":"WebPage","@id":"https:\/\/portaltela.pt\/noticias\/2026\/04\/11\/il-de-coimbra-acusa-abrunhosa-de-ameacar-liberdade-de-imprensa\/","url":"https:\/\/portaltela.pt\/noticias\/2026\/04\/11\/il-de-coimbra-acusa-abrunhosa-de-ameacar-liberdade-de-imprensa\/","name":"IL de Coimbra acusa Abrunhosa de amea\u00e7ar liberdade de imprensa - Portal Tela Portugal","isPartOf":{"@id":"https:\/\/portaltela.pt\/#website"},"primaryImageOfPage":{"@id":"https:\/\/portaltela.pt\/noticias\/2026\/04\/11\/il-de-coimbra-acusa-abrunhosa-de-ameacar-liberdade-de-imprensa\/#primaryimage"},"image":{"@id":"https:\/\/portaltela.pt\/noticias\/2026\/04\/11\/il-de-coimbra-acusa-abrunhosa-de-ameacar-liberdade-de-imprensa\/#primaryimage"},"thumbnailUrl":"https:\/\/portaltela.pt\/s.01k8rhncp4jt1\/2026\/04\/img_1500x1000uu2025-11-02-20-58-18-2245022.jpg","datePublished":"2026-04-11T18:02:30+00:00","author":{"@id":"https:\/\/portaltela.pt\/#\/schema\/person\/c4278d4a6028830caff9ee44b42d32ed"},"breadcrumb":{"@id":"https:\/\/portaltela.pt\/noticias\/2026\/04\/11\/il-de-coimbra-acusa-abrunhosa-de-ameacar-liberdade-de-imprensa\/#breadcrumb"},"inLanguage":"pt-PT","potentialAction":[{"@type":"ReadAction","target":["https:\/\/portaltela.pt\/noticias\/2026\/04\/11\/il-de-coimbra-acusa-abrunhosa-de-ameacar-liberdade-de-imprensa\/"]}]},{"@type":"ImageObject","inLanguage":"pt-PT","@id":"https:\/\/portaltela.pt\/noticias\/2026\/04\/11\/il-de-coimbra-acusa-abrunhosa-de-ameacar-liberdade-de-imprensa\/#primaryimage","url":"https:\/\/portaltela.pt\/s.01k8rhncp4jt1\/2026\/04\/img_1500x1000uu2025-11-02-20-58-18-2245022.jpg","contentUrl":"https:\/\/portaltela.pt\/s.01k8rhncp4jt1\/2026\/04\/img_1500x1000uu2025-11-02-20-58-18-2245022.jpg","width":796,"height":448,"caption":"Ana Abrunhosa foi eleita presidente da C\u00e2mara de Coimbra"},{"@type":"BreadcrumbList","@id":"https:\/\/portaltela.pt\/noticias\/2026\/04\/11\/il-de-coimbra-acusa-abrunhosa-de-ameacar-liberdade-de-imprensa\/#breadcrumb","itemListElement":[{"@type":"ListItem","position":1,"name":"In\u00edcio","item":"https:\/\/portaltela.pt\/"},{"@type":"ListItem","position":2,"name":"IL de Coimbra acusa Abrunhosa de amea\u00e7ar liberdade de imprensa"}]},{"@type":"WebSite","@id":"https:\/\/portaltela.pt\/#website","url":"https:\/\/portaltela.pt\/","name":"Portal Tela Portugal","description":"","potentialAction":[{"@type":"SearchAction","target":{"@type":"EntryPoint","urlTemplate":"https:\/\/portaltela.pt\/?s={search_term_string}"},"query-input":{"@type":"PropertyValueSpecification","valueRequired":true,"valueName":"search_term_string"}}],"inLanguage":"pt-PT"},{"@type":"Person","@id":"https:\/\/portaltela.pt\/#\/schema\/person\/c4278d4a6028830caff9ee44b42d32ed","name":"Telinha","image":{"@type":"ImageObject","inLanguage":"pt-PT","@id":"https:\/\/portaltela.pt\/s.01k8rhncp4jt1\/2025\/11\/talking-bot-125x125.png","url":"https:\/\/portaltela.pt\/s.01k8rhncp4jt1\/2025\/11\/talking-bot-125x125.png","contentUrl":"https:\/\/portaltela.pt\/s.01k8rhncp4jt1\/2025\/11\/talking-bot-125x125.png","caption":"Telinha"},"sameAs":["https:\/\/portaltela.pt\/"],"url":"https:\/\/portaltela.pt\/por\/367410592786\/"}]}},"_links":{"self":[{"href":"https:\/\/portaltela.pt\/api\/wp\/v2\/posts\/440748","targetHints":{"allow":["GET"]}}],"collection":[{"href":"https:\/\/portaltela.pt\/api\/wp\/v2\/posts"}],"about":[{"href":"https:\/\/portaltela.pt\/api\/wp\/v2\/types\/post"}],"author":[{"embeddable":true,"href":"https:\/\/portaltela.pt\/api\/wp\/v2\/users\/2"}],"replies":[{"embeddable":true,"href":"https:\/\/portaltela.pt\/api\/wp\/v2\/comments?post=440748"}],"version-history":[{"count":0,"href":"https:\/\/portaltela.pt\/api\/wp\/v2\/posts\/440748\/revisions"}],"wp:featuredmedia":[{"embeddable":true,"href":"https:\/\/portaltela.pt\/api\/wp\/v2\/media\/440752"}],"wp:attachment":[{"href":"https:\/\/portaltela.pt\/api\/wp\/v2\/media?parent=440748"}],"wp:term":[{"taxonomy":"category","embeddable":true,"href":"https:\/\/portaltela.pt\/api\/wp\/v2\/categories?post=440748"},{"taxonomy":"post_tag","embeddable":true,"href":"https:\/\/portaltela.pt\/api\/wp\/v2\/tags?post=440748"}],"curies":[{"name":"wp","href":"https:\/\/api.w.org\/{rel}","templated":true}]}}