{"id":440747,"date":"2026-04-11T15:02:30","date_gmt":"2026-04-11T18:02:30","guid":{"rendered":"https:\/\/portaltela.pt\/noticias\/2026\/04\/11\/condenacao-de-mais-de-380-islamistas-na-nigeria\/"},"modified":"2026-04-11T15:02:30","modified_gmt":"2026-04-11T18:02:30","slug":"condenacao-de-mais-de-380-islamistas-na-nigeria","status":"publish","type":"post","link":"https:\/\/portaltela.pt\/noticias\/2026\/04\/11\/condenacao-de-mais-de-380-islamistas-na-nigeria\/","title":{"rendered":"Condena\u00e7\u00e3o de mais de 380 islamistas na Nig\u00e9ria"},"content":{"rendered":"<p>Na Nig\u00e9ria, a Justi\u00e7a condenou 386 membros de grupos islamistas ap\u00f3s uma s\u00e9rie de julgamentos em Abuja. Os r\u00e9us est\u00e3o ligados ao Boko Haram e ao ISWAP, que pretendem estabelecer um Estado isl\u00e2mico no pa\u00eds.<\/p>\n<p>Segundo Lateef Fagbemi, procurador-geral, mais de 500 casos foram apresentados ao Tribunal Federal Superior durante as audi\u00eancias desta semana. Dos processos, houve 386 condena\u00e7\u00f5es, oito arquivamentos, duas absolvi\u00e7\u00f5es e 112 adiamentos.<\/p>\n<p>As penas variaram entre cinco anos de pris\u00e3o e cadeia perp\u00e9tua. Os condenados dever\u00e3o participar em programas de reabilita\u00e7\u00e3o e desradicaliza\u00e7\u00e3o, com foco na reintegra\u00e7\u00e3o social.<\/p>\n<h3>Subt\u00edtulo: Contexto do conflito<\/h3>\n<p>A insurg\u00eancia do Boko Haram iniciou em 2009 no Nordeste da Nig\u00e9ria. O grupo \u00e9 respons\u00e1vel por dezenas de milhares de mortes e pelo deslocamento de mais de dois milh\u00f5es de pessoas, segundo organiza\u00e7\u00f5es humanit\u00e1rias.<\/p>\n<p>A coopera\u00e7\u00e3o internacional acompanhou as audi\u00eancias, com observadores de entidades como a ONU, Amnistia Internacional e a associa\u00e7\u00e3o de advogados locais presentes para assegurar a condu\u00e7\u00e3o dos julgamentos.<\/p>\n<h3>Subt\u00edtulo: Pr\u00f3xima fase<\/h3>\n<p>A pr\u00f3xima fase dos julgamentos dever\u00e1 arrancar na segunda metade de maio, conforme informou o procurador-geral. Autoridades afirmam que o objetivo \u00e9 manter o conte\u00fado processual claro e eficiente.<\/p>\n<p>Observadores indicam que o processo busca demonstrar o cumprimento de vias legais para casos de crimes extremistas, mantendo o devido processo e a transpar\u00eancia.<\/p>\n","protected":false},"excerpt":{"rendered":"<ul>\n<li>Na Nig\u00e9ria, a Justi\u00e7a condenou 386 membros de Boko Haram e ISWAP ap\u00f3s julgamentos em Abuja.<\/li>\n<li>Entre 508 casos apresentados ao Tribunal Federal Superior, houve 386 condena\u00e7\u00f5es, oito arquivamentos, duas absolvi\u00e7\u00f5es e 112 adiamentos.<\/li>\n<li>As penas v\u00e3o de cinco anos de c\u00e1rcere a pris\u00e3o perp\u00e9tua, com condenados a participar em programas de reabilita\u00e7\u00e3o e desradicaliza\u00e7\u00e3o.<\/li>\n<li>O Boko Haram atua desde 2009 no Nordeste, j\u00e1 causou dezenas de milhares de mortes e deslocou mais de dois milh\u00f5es de pessoas.<\/li>\n<li>A pr\u00f3xima fase dos julgamentos inicia na segunda metade de maio, com observadores internacionais presentes.<\/li>\n<\/ul>\n","protected":false},"author":2,"featured_media":440751,"comment_status":"closed","ping_status":"closed","sticky":false,"template":"","format":"standard","meta":{"footnotes":""},"categories":[6815,1],"tags":[5227,6543,147,803,250,4989],"class_list":["post-440747","post","type-post","status-publish","format-standard","has-post-thumbnail","hentry","category-justica","category-noticias","tag-africa","tag-condenacao","tag-crime","tag-justica","tag-seguranca-publica","tag-terrorismo"],"yoast_head":"<!-- This site is optimized with the Yoast SEO plugin v27.2 - https:\/\/yoast.com\/product\/yoast-seo-wordpress\/ -->\n<title>Condena\u00e7\u00e3o de mais de 380 islamistas na Nig\u00e9ria - Portal Tela Portugal<\/title>\n<meta name=\"robots\" content=\"index, follow, max-snippet:-1, max-image-preview:large, max-video-preview:-1\" \/>\n<meta property=\"og:locale\" content=\"pt_PT\" \/>\n<meta property=\"og:type\" content=\"article\" \/>\n<meta property=\"og:title\" content=\"Condena\u00e7\u00e3o de mais de 380 islamistas na Nig\u00e9ria - Portal Tela Portugal\" \/>\n<meta property=\"og:description\" content=\"Na Nig\u00e9ria, a Justi\u00e7a condenou 386 membros de Boko Haram e ISWAP ap\u00f3s julgamentos em Abuja. Entre 508 casos apresentados ao Tribunal Federal Superior, houve 386 condena\u00e7\u00f5es, oito arquivamentos, duas absolvi\u00e7\u00f5es e 112 adiamentos. As penas v\u00e3o de cinco anos de c\u00e1rcere a pris\u00e3o perp\u00e9tua, com condenados a participar em programas de reabilita\u00e7\u00e3o e desradicaliza\u00e7\u00e3o. O Boko Haram atua desde 2009 no Nordeste, j\u00e1 causou dezenas de milhares de mortes e deslocou mais de dois milh\u00f5es de pessoas. A pr\u00f3xima fase dos julgamentos inicia na segunda metade de maio, com observadores internacionais presentes.\" \/>\n<meta property=\"og:url\" content=\"https:\/\/portaltela.pt\/noticias\/2026\/04\/11\/condenacao-de-mais-de-380-islamistas-na-nigeria\/\" \/>\n<meta property=\"og:site_name\" content=\"Portal Tela Portugal\" \/>\n<meta property=\"article:published_time\" content=\"2026-04-11T18:02:30+00:00\" \/>\n<meta name=\"author\" content=\"Telinha\" \/>\n<meta name=\"twitter:card\" content=\"summary_large_image\" \/>\n<meta name=\"twitter:label1\" content=\"Escrito por\" \/>\n\t<meta name=\"twitter:data1\" content=\"Telinha\" \/>\n\t<meta name=\"twitter:label2\" content=\"Tempo estimado de leitura\" \/>\n\t<meta name=\"twitter:data2\" content=\"1 minuto\" \/>\n<script type=\"application\/ld+json\" class=\"yoast-schema-graph\">{\"@context\":\"https:\/\/schema.org\",\"@graph\":[{\"@type\":\"Article\",\"@id\":\"https:\/\/portaltela.pt\/noticias\/2026\/04\/11\/condenacao-de-mais-de-380-islamistas-na-nigeria\/#article\",\"isPartOf\":{\"@id\":\"https:\/\/portaltela.pt\/noticias\/2026\/04\/11\/condenacao-de-mais-de-380-islamistas-na-nigeria\/\"},\"author\":{\"name\":\"Telinha\",\"@id\":\"https:\/\/portaltela.pt\/#\/schema\/person\/c4278d4a6028830caff9ee44b42d32ed\"},\"headline\":\"Condena\u00e7\u00e3o de mais de 380 islamistas na Nig\u00e9ria\",\"datePublished\":\"2026-04-11T18:02:30+00:00\",\"mainEntityOfPage\":{\"@id\":\"https:\/\/portaltela.pt\/noticias\/2026\/04\/11\/condenacao-de-mais-de-380-islamistas-na-nigeria\/\"},\"wordCount\":250,\"image\":{\"@id\":\"https:\/\/portaltela.pt\/noticias\/2026\/04\/11\/condenacao-de-mais-de-380-islamistas-na-nigeria\/#primaryimage\"},\"thumbnailUrl\":\"https:\/\/portaltela.pt\/s.01k8rhncp4jt1\/2026\/04\/2080740.jpg\",\"keywords\":[\"\u00c1frica\",\"condena\u00e7\u00e3o\",\"crime\",\"justi\u00e7a\",\"seguran\u00e7a p\u00fablica\",\"terrorismo\"],\"articleSection\":[\"Justi\u00e7a\",\"Not\u00edcias\"],\"inLanguage\":\"pt-PT\"},{\"@type\":\"WebPage\",\"@id\":\"https:\/\/portaltela.pt\/noticias\/2026\/04\/11\/condenacao-de-mais-de-380-islamistas-na-nigeria\/\",\"url\":\"https:\/\/portaltela.pt\/noticias\/2026\/04\/11\/condenacao-de-mais-de-380-islamistas-na-nigeria\/\",\"name\":\"Condena\u00e7\u00e3o de mais de 380 islamistas na Nig\u00e9ria - Portal Tela Portugal\",\"isPartOf\":{\"@id\":\"https:\/\/portaltela.pt\/#website\"},\"primaryImageOfPage\":{\"@id\":\"https:\/\/portaltela.pt\/noticias\/2026\/04\/11\/condenacao-de-mais-de-380-islamistas-na-nigeria\/#primaryimage\"},\"image\":{\"@id\":\"https:\/\/portaltela.pt\/noticias\/2026\/04\/11\/condenacao-de-mais-de-380-islamistas-na-nigeria\/#primaryimage\"},\"thumbnailUrl\":\"https:\/\/portaltela.pt\/s.01k8rhncp4jt1\/2026\/04\/2080740.jpg\",\"datePublished\":\"2026-04-11T18:02:30+00:00\",\"author\":{\"@id\":\"https:\/\/portaltela.pt\/#\/schema\/person\/c4278d4a6028830caff9ee44b42d32ed\"},\"breadcrumb\":{\"@id\":\"https:\/\/portaltela.pt\/noticias\/2026\/04\/11\/condenacao-de-mais-de-380-islamistas-na-nigeria\/#breadcrumb\"},\"inLanguage\":\"pt-PT\",\"potentialAction\":[{\"@type\":\"ReadAction\",\"target\":[\"https:\/\/portaltela.pt\/noticias\/2026\/04\/11\/condenacao-de-mais-de-380-islamistas-na-nigeria\/\"]}]},{\"@type\":\"ImageObject\",\"inLanguage\":\"pt-PT\",\"@id\":\"https:\/\/portaltela.pt\/noticias\/2026\/04\/11\/condenacao-de-mais-de-380-islamistas-na-nigeria\/#primaryimage\",\"url\":\"https:\/\/portaltela.pt\/s.01k8rhncp4jt1\/2026\/04\/2080740.jpg\",\"contentUrl\":\"https:\/\/portaltela.pt\/s.01k8rhncp4jt1\/2026\/04\/2080740.jpg\",\"width\":796,\"height\":448,\"caption\":\"Vista do exterior do Supremo Tribunal Federal de Abuja, na Nig\u00e9ria\"},{\"@type\":\"BreadcrumbList\",\"@id\":\"https:\/\/portaltela.pt\/noticias\/2026\/04\/11\/condenacao-de-mais-de-380-islamistas-na-nigeria\/#breadcrumb\",\"itemListElement\":[{\"@type\":\"ListItem\",\"position\":1,\"name\":\"In\u00edcio\",\"item\":\"https:\/\/portaltela.pt\/\"},{\"@type\":\"ListItem\",\"position\":2,\"name\":\"Condena\u00e7\u00e3o de mais de 380 islamistas na Nig\u00e9ria\"}]},{\"@type\":\"WebSite\",\"@id\":\"https:\/\/portaltela.pt\/#website\",\"url\":\"https:\/\/portaltela.pt\/\",\"name\":\"Portal Tela Portugal\",\"description\":\"\",\"potentialAction\":[{\"@type\":\"SearchAction\",\"target\":{\"@type\":\"EntryPoint\",\"urlTemplate\":\"https:\/\/portaltela.pt\/?s={search_term_string}\"},\"query-input\":{\"@type\":\"PropertyValueSpecification\",\"valueRequired\":true,\"valueName\":\"search_term_string\"}}],\"inLanguage\":\"pt-PT\"},{\"@type\":\"Person\",\"@id\":\"https:\/\/portaltela.pt\/#\/schema\/person\/c4278d4a6028830caff9ee44b42d32ed\",\"name\":\"Telinha\",\"image\":{\"@type\":\"ImageObject\",\"inLanguage\":\"pt-PT\",\"@id\":\"https:\/\/portaltela.pt\/s.01k8rhncp4jt1\/2025\/11\/talking-bot-125x125.png\",\"url\":\"https:\/\/portaltela.pt\/s.01k8rhncp4jt1\/2025\/11\/talking-bot-125x125.png\",\"contentUrl\":\"https:\/\/portaltela.pt\/s.01k8rhncp4jt1\/2025\/11\/talking-bot-125x125.png\",\"caption\":\"Telinha\"},\"sameAs\":[\"https:\/\/portaltela.pt\/\"],\"url\":\"https:\/\/portaltela.pt\/por\/367410592786\/\"}]}<\/script>\n<!-- \/ Yoast SEO plugin. -->","yoast_head_json":{"title":"Condena\u00e7\u00e3o de mais de 380 islamistas na Nig\u00e9ria - Portal Tela Portugal","robots":{"index":"index","follow":"follow","max-snippet":"max-snippet:-1","max-image-preview":"max-image-preview:large","max-video-preview":"max-video-preview:-1"},"og_locale":"pt_PT","og_type":"article","og_title":"Condena\u00e7\u00e3o de mais de 380 islamistas na Nig\u00e9ria - Portal Tela Portugal","og_description":"Na Nig\u00e9ria, a Justi\u00e7a condenou 386 membros de Boko Haram e ISWAP ap\u00f3s julgamentos em Abuja. Entre 508 casos apresentados ao Tribunal Federal Superior, houve 386 condena\u00e7\u00f5es, oito arquivamentos, duas absolvi\u00e7\u00f5es e 112 adiamentos. As penas v\u00e3o de cinco anos de c\u00e1rcere a pris\u00e3o perp\u00e9tua, com condenados a participar em programas de reabilita\u00e7\u00e3o e desradicaliza\u00e7\u00e3o. O Boko Haram atua desde 2009 no Nordeste, j\u00e1 causou dezenas de milhares de mortes e deslocou mais de dois milh\u00f5es de pessoas. A pr\u00f3xima fase dos julgamentos inicia na segunda metade de maio, com observadores internacionais presentes.","og_url":"https:\/\/portaltela.pt\/noticias\/2026\/04\/11\/condenacao-de-mais-de-380-islamistas-na-nigeria\/","og_site_name":"Portal Tela Portugal","article_published_time":"2026-04-11T18:02:30+00:00","author":"Telinha","twitter_card":"summary_large_image","twitter_misc":{"Escrito por":"Telinha","Tempo estimado de leitura":"1 minuto"},"schema":{"@context":"https:\/\/schema.org","@graph":[{"@type":"Article","@id":"https:\/\/portaltela.pt\/noticias\/2026\/04\/11\/condenacao-de-mais-de-380-islamistas-na-nigeria\/#article","isPartOf":{"@id":"https:\/\/portaltela.pt\/noticias\/2026\/04\/11\/condenacao-de-mais-de-380-islamistas-na-nigeria\/"},"author":{"name":"Telinha","@id":"https:\/\/portaltela.pt\/#\/schema\/person\/c4278d4a6028830caff9ee44b42d32ed"},"headline":"Condena\u00e7\u00e3o de mais de 380 islamistas na Nig\u00e9ria","datePublished":"2026-04-11T18:02:30+00:00","mainEntityOfPage":{"@id":"https:\/\/portaltela.pt\/noticias\/2026\/04\/11\/condenacao-de-mais-de-380-islamistas-na-nigeria\/"},"wordCount":250,"image":{"@id":"https:\/\/portaltela.pt\/noticias\/2026\/04\/11\/condenacao-de-mais-de-380-islamistas-na-nigeria\/#primaryimage"},"thumbnailUrl":"https:\/\/portaltela.pt\/s.01k8rhncp4jt1\/2026\/04\/2080740.jpg","keywords":["\u00c1frica","condena\u00e7\u00e3o","crime","justi\u00e7a","seguran\u00e7a p\u00fablica","terrorismo"],"articleSection":["Justi\u00e7a","Not\u00edcias"],"inLanguage":"pt-PT"},{"@type":"WebPage","@id":"https:\/\/portaltela.pt\/noticias\/2026\/04\/11\/condenacao-de-mais-de-380-islamistas-na-nigeria\/","url":"https:\/\/portaltela.pt\/noticias\/2026\/04\/11\/condenacao-de-mais-de-380-islamistas-na-nigeria\/","name":"Condena\u00e7\u00e3o de mais de 380 islamistas na Nig\u00e9ria - Portal Tela Portugal","isPartOf":{"@id":"https:\/\/portaltela.pt\/#website"},"primaryImageOfPage":{"@id":"https:\/\/portaltela.pt\/noticias\/2026\/04\/11\/condenacao-de-mais-de-380-islamistas-na-nigeria\/#primaryimage"},"image":{"@id":"https:\/\/portaltela.pt\/noticias\/2026\/04\/11\/condenacao-de-mais-de-380-islamistas-na-nigeria\/#primaryimage"},"thumbnailUrl":"https:\/\/portaltela.pt\/s.01k8rhncp4jt1\/2026\/04\/2080740.jpg","datePublished":"2026-04-11T18:02:30+00:00","author":{"@id":"https:\/\/portaltela.pt\/#\/schema\/person\/c4278d4a6028830caff9ee44b42d32ed"},"breadcrumb":{"@id":"https:\/\/portaltela.pt\/noticias\/2026\/04\/11\/condenacao-de-mais-de-380-islamistas-na-nigeria\/#breadcrumb"},"inLanguage":"pt-PT","potentialAction":[{"@type":"ReadAction","target":["https:\/\/portaltela.pt\/noticias\/2026\/04\/11\/condenacao-de-mais-de-380-islamistas-na-nigeria\/"]}]},{"@type":"ImageObject","inLanguage":"pt-PT","@id":"https:\/\/portaltela.pt\/noticias\/2026\/04\/11\/condenacao-de-mais-de-380-islamistas-na-nigeria\/#primaryimage","url":"https:\/\/portaltela.pt\/s.01k8rhncp4jt1\/2026\/04\/2080740.jpg","contentUrl":"https:\/\/portaltela.pt\/s.01k8rhncp4jt1\/2026\/04\/2080740.jpg","width":796,"height":448,"caption":"Vista do exterior do Supremo Tribunal Federal de Abuja, na Nig\u00e9ria"},{"@type":"BreadcrumbList","@id":"https:\/\/portaltela.pt\/noticias\/2026\/04\/11\/condenacao-de-mais-de-380-islamistas-na-nigeria\/#breadcrumb","itemListElement":[{"@type":"ListItem","position":1,"name":"In\u00edcio","item":"https:\/\/portaltela.pt\/"},{"@type":"ListItem","position":2,"name":"Condena\u00e7\u00e3o de mais de 380 islamistas na Nig\u00e9ria"}]},{"@type":"WebSite","@id":"https:\/\/portaltela.pt\/#website","url":"https:\/\/portaltela.pt\/","name":"Portal Tela Portugal","description":"","potentialAction":[{"@type":"SearchAction","target":{"@type":"EntryPoint","urlTemplate":"https:\/\/portaltela.pt\/?s={search_term_string}"},"query-input":{"@type":"PropertyValueSpecification","valueRequired":true,"valueName":"search_term_string"}}],"inLanguage":"pt-PT"},{"@type":"Person","@id":"https:\/\/portaltela.pt\/#\/schema\/person\/c4278d4a6028830caff9ee44b42d32ed","name":"Telinha","image":{"@type":"ImageObject","inLanguage":"pt-PT","@id":"https:\/\/portaltela.pt\/s.01k8rhncp4jt1\/2025\/11\/talking-bot-125x125.png","url":"https:\/\/portaltela.pt\/s.01k8rhncp4jt1\/2025\/11\/talking-bot-125x125.png","contentUrl":"https:\/\/portaltela.pt\/s.01k8rhncp4jt1\/2025\/11\/talking-bot-125x125.png","caption":"Telinha"},"sameAs":["https:\/\/portaltela.pt\/"],"url":"https:\/\/portaltela.pt\/por\/367410592786\/"}]}},"_links":{"self":[{"href":"https:\/\/portaltela.pt\/api\/wp\/v2\/posts\/440747","targetHints":{"allow":["GET"]}}],"collection":[{"href":"https:\/\/portaltela.pt\/api\/wp\/v2\/posts"}],"about":[{"href":"https:\/\/portaltela.pt\/api\/wp\/v2\/types\/post"}],"author":[{"embeddable":true,"href":"https:\/\/portaltela.pt\/api\/wp\/v2\/users\/2"}],"replies":[{"embeddable":true,"href":"https:\/\/portaltela.pt\/api\/wp\/v2\/comments?post=440747"}],"version-history":[{"count":0,"href":"https:\/\/portaltela.pt\/api\/wp\/v2\/posts\/440747\/revisions"}],"wp:featuredmedia":[{"embeddable":true,"href":"https:\/\/portaltela.pt\/api\/wp\/v2\/media\/440751"}],"wp:attachment":[{"href":"https:\/\/portaltela.pt\/api\/wp\/v2\/media?parent=440747"}],"wp:term":[{"taxonomy":"category","embeddable":true,"href":"https:\/\/portaltela.pt\/api\/wp\/v2\/categories?post=440747"},{"taxonomy":"post_tag","embeddable":true,"href":"https:\/\/portaltela.pt\/api\/wp\/v2\/tags?post=440747"}],"curies":[{"name":"wp","href":"https:\/\/api.w.org\/{rel}","templated":true}]}}