{"id":440742,"date":"2026-04-11T15:02:22","date_gmt":"2026-04-11T18:02:22","guid":{"rendered":"https:\/\/portaltela.pt\/noticias\/2026\/04\/11\/greve-de-pilotos-afeta-grupo-lufthansa-na-segunda-e-terca-feira\/"},"modified":"2026-04-11T15:02:22","modified_gmt":"2026-04-11T18:02:22","slug":"greve-de-pilotos-afeta-grupo-lufthansa-na-segunda-e-terca-feira","status":"publish","type":"post","link":"https:\/\/portaltela.pt\/noticias\/economia\/2026\/04\/11\/greve-de-pilotos-afeta-grupo-lufthansa-na-segunda-e-terca-feira\/","title":{"rendered":"Greve de pilotos afeta Grupo Lufthansa na segunda e ter\u00e7a-feira"},"content":{"rendered":"<p>A associa\u00e7\u00e3o alem\u00e3 de pilotos Vereinigung Cockpit (VC) convocou uma nova greve que afetar\u00e1 o grupo Lufthansa e as suas empresas associadas. A paralisa\u00e7\u00e3o decorre nos pr\u00f3ximos dois dias, entre 00h01 de segunda-feira e 23h59 locais de ter\u00e7a-feira, abrangendo Lufthansa, Lufthansa Cargo, Lufthansa CityLine e Eurowings.<\/p>\n<p>Os pilotos das quatro companhias est\u00e3o em greve em todos os voos com partida da Alemanha durante o per\u00edodo. As rotas para alguns destinos internacionais ficam exclu\u00eddas, devido \u00e0 situa\u00e7\u00e3o provocada pela guerra no Ir\u00e3o, incluindo Ar\u00e1bia Saudita, Azerbaij\u00e3o, Bahrein, Qatar, Egipto, Emirados e outros.<\/p>\n<p>A paralisa\u00e7\u00e3o surge na sequ\u00eancia de negocia\u00e7\u00f5es laborais sobre pens\u00f5es complementares e acordos salariais. O sindicato exige melhorias nas pens\u00f5es para as tr\u00eas primeiras companhias e um novo acordo coletivo com aumentos salariais para a Lufthansa CityLine.<\/p>\n<h3>Impacto e detalhes operacionais<\/h3>\n<p>Centenas de voos foram j\u00e1 afetados pela greve de tripulantes na Alemanha, com cancelamentos pr\u00e9vios a ocorrer. O sindicato indica que a administra\u00e7\u00e3o tem a possibilidade de evitar a greve caso apresente propostas dignas de negocia\u00e7\u00e3o.<\/p>\n","protected":false},"excerpt":{"rendered":"<ul>\n<li>O Grupo Lufthansa enfrenta greve de pilotos nas pr\u00f3xima segunda e ter\u00e7a-feira, das 00h01 de segunda-feira \u00e0s 23h59 locais de ter\u00e7a-feira, afetando as companhias Lufthansa, Lufthansa Cargo, Lufthansa CityLine e Eurowings.<\/li>\n<li>O Sindicato Vereinigung Cockpit (VC) exige melhorias nas pens\u00f5es complementares de reforma para as tr\u00eas primeiras empresas e um novo acordo coletivo com aumentos salariais para a Lufthansa CityLine.<\/li>\n<li>A paralisa\u00e7\u00e3o exclui voos para v\u00e1rios pa\u00edses da regi\u00e3o do Golfo e M\u00e9dio Oriente (Ar\u00e1bia Saudita, Azerbaij\u00e3o, Bahrein, Qatar, Egito, Emirados, Iraque, Israel, Jord\u00e2nia, Kuwait, L\u00edbano, Om\u00e3 e I\u00e9men) devido \u00e0 guerra no Ir\u00e3o.<\/li>\n<li>O TC afirma que a administra\u00e7\u00e3o pode evitar a greve se apresentar propostas s\u00e9rias de negocia\u00e7\u00e3o, conforme declarado pelo presidente do VC, Andreas Pinheiro.<\/li>\n<li>A medida surge ap\u00f3s uma greve de tripulantes de cabine que levou ao cancelamento de centenas de voos, com a \u00faltima greve de pilotos do grupo ocorrendo entre 12 e 13 de mar\u00e7o.<\/li>\n<\/ul>\n","protected":false},"author":2,"featured_media":440743,"comment_status":"closed","ping_status":"closed","sticky":false,"template":"","format":"standard","meta":{"footnotes":""},"categories":[2,6735],"tags":[1603,7183,28,1164,2841,4559],"class_list":["post-440742","post","type-post","status-publish","format-standard","has-post-thumbnail","hentry","category-economia","category-negocios","tag-alemanha","tag-aviacao","tag-economia","tag-greve","tag-trabalhadores","tag-transporte-internacional"],"yoast_head":"<!-- This site is optimized with the Yoast SEO plugin v27.2 - https:\/\/yoast.com\/product\/yoast-seo-wordpress\/ -->\n<title>Greve de pilotos afeta Grupo Lufthansa na segunda e ter\u00e7a-feira - Portal Tela Portugal<\/title>\n<meta name=\"robots\" content=\"index, follow, max-snippet:-1, max-image-preview:large, max-video-preview:-1\" \/>\n<meta property=\"og:locale\" content=\"pt_PT\" \/>\n<meta property=\"og:type\" content=\"article\" \/>\n<meta property=\"og:title\" content=\"Greve de pilotos afeta Grupo Lufthansa na segunda e ter\u00e7a-feira - Portal Tela Portugal\" \/>\n<meta property=\"og:description\" content=\"O Grupo Lufthansa enfrenta greve de pilotos nas pr\u00f3xima segunda e ter\u00e7a-feira, das 00h01 de segunda-feira \u00e0s 23h59 locais de ter\u00e7a-feira, afetando as companhias Lufthansa, Lufthansa Cargo, Lufthansa CityLine e Eurowings. O Sindicato Vereinigung Cockpit (VC) exige melhorias nas pens\u00f5es complementares de reforma para as tr\u00eas primeiras empresas e um novo acordo coletivo com aumentos salariais para a Lufthansa CityLine. A paralisa\u00e7\u00e3o exclui voos para v\u00e1rios pa\u00edses da regi\u00e3o do Golfo e M\u00e9dio Oriente (Ar\u00e1bia Saudita, Azerbaij\u00e3o, Bahrein, Qatar, Egito, Emirados, Iraque, Israel, Jord\u00e2nia, Kuwait, L\u00edbano, Om\u00e3 e I\u00e9men) devido \u00e0 guerra no Ir\u00e3o. O TC afirma que a administra\u00e7\u00e3o pode evitar a greve se apresentar propostas s\u00e9rias de negocia\u00e7\u00e3o, conforme declarado pelo presidente do VC, Andreas Pinheiro. A medida surge ap\u00f3s uma greve de tripulantes de cabine que levou ao cancelamento de centenas de voos, com a \u00faltima greve de pilotos do grupo ocorrendo entre 12 e 13 de mar\u00e7o.\" \/>\n<meta property=\"og:url\" content=\"https:\/\/portaltela.pt\/noticias\/2026\/04\/11\/greve-de-pilotos-afeta-grupo-lufthansa-na-segunda-e-terca-feira\/\" \/>\n<meta property=\"og:site_name\" content=\"Portal Tela Portugal\" \/>\n<meta property=\"article:published_time\" content=\"2026-04-11T18:02:22+00:00\" \/>\n<meta name=\"author\" content=\"Telinha\" \/>\n<meta name=\"twitter:card\" content=\"summary_large_image\" \/>\n<meta name=\"twitter:label1\" content=\"Escrito por\" \/>\n\t<meta name=\"twitter:data1\" content=\"Telinha\" \/>\n\t<meta name=\"twitter:label2\" content=\"Tempo estimado de leitura\" \/>\n\t<meta name=\"twitter:data2\" content=\"1 minuto\" \/>\n<script type=\"application\/ld+json\" class=\"yoast-schema-graph\">{\"@context\":\"https:\/\/schema.org\",\"@graph\":[{\"@type\":\"Article\",\"@id\":\"https:\/\/portaltela.pt\/noticias\/2026\/04\/11\/greve-de-pilotos-afeta-grupo-lufthansa-na-segunda-e-terca-feira\/#article\",\"isPartOf\":{\"@id\":\"https:\/\/portaltela.pt\/noticias\/2026\/04\/11\/greve-de-pilotos-afeta-grupo-lufthansa-na-segunda-e-terca-feira\/\"},\"author\":{\"name\":\"Telinha\",\"@id\":\"https:\/\/portaltela.pt\/#\/schema\/person\/c4278d4a6028830caff9ee44b42d32ed\"},\"headline\":\"Greve de pilotos afeta Grupo Lufthansa na segunda e ter\u00e7a-feira\",\"datePublished\":\"2026-04-11T18:02:22+00:00\",\"mainEntityOfPage\":{\"@id\":\"https:\/\/portaltela.pt\/noticias\/2026\/04\/11\/greve-de-pilotos-afeta-grupo-lufthansa-na-segunda-e-terca-feira\/\"},\"wordCount\":198,\"image\":{\"@id\":\"https:\/\/portaltela.pt\/noticias\/2026\/04\/11\/greve-de-pilotos-afeta-grupo-lufthansa-na-segunda-e-terca-feira\/#primaryimage\"},\"thumbnailUrl\":\"https:\/\/portaltela.pt\/s.01k8rhncp4jt1\/2026\/04\/2080742.jpg\",\"keywords\":[\"Alemanha\",\"avia\u00e7\u00e3o\",\"economia\",\"greve\",\"trabalhadores\",\"transporte internacional\"],\"articleSection\":[\"Economia\",\"Neg\u00f3cios\"],\"inLanguage\":\"pt-PT\"},{\"@type\":\"WebPage\",\"@id\":\"https:\/\/portaltela.pt\/noticias\/2026\/04\/11\/greve-de-pilotos-afeta-grupo-lufthansa-na-segunda-e-terca-feira\/\",\"url\":\"https:\/\/portaltela.pt\/noticias\/2026\/04\/11\/greve-de-pilotos-afeta-grupo-lufthansa-na-segunda-e-terca-feira\/\",\"name\":\"Greve de pilotos afeta Grupo Lufthansa na segunda e ter\u00e7a-feira - Portal Tela Portugal\",\"isPartOf\":{\"@id\":\"https:\/\/portaltela.pt\/#website\"},\"primaryImageOfPage\":{\"@id\":\"https:\/\/portaltela.pt\/noticias\/2026\/04\/11\/greve-de-pilotos-afeta-grupo-lufthansa-na-segunda-e-terca-feira\/#primaryimage\"},\"image\":{\"@id\":\"https:\/\/portaltela.pt\/noticias\/2026\/04\/11\/greve-de-pilotos-afeta-grupo-lufthansa-na-segunda-e-terca-feira\/#primaryimage\"},\"thumbnailUrl\":\"https:\/\/portaltela.pt\/s.01k8rhncp4jt1\/2026\/04\/2080742.jpg\",\"datePublished\":\"2026-04-11T18:02:22+00:00\",\"author\":{\"@id\":\"https:\/\/portaltela.pt\/#\/schema\/person\/c4278d4a6028830caff9ee44b42d32ed\"},\"breadcrumb\":{\"@id\":\"https:\/\/portaltela.pt\/noticias\/2026\/04\/11\/greve-de-pilotos-afeta-grupo-lufthansa-na-segunda-e-terca-feira\/#breadcrumb\"},\"inLanguage\":\"pt-PT\",\"potentialAction\":[{\"@type\":\"ReadAction\",\"target\":[\"https:\/\/portaltela.pt\/noticias\/2026\/04\/11\/greve-de-pilotos-afeta-grupo-lufthansa-na-segunda-e-terca-feira\/\"]}]},{\"@type\":\"ImageObject\",\"inLanguage\":\"pt-PT\",\"@id\":\"https:\/\/portaltela.pt\/noticias\/2026\/04\/11\/greve-de-pilotos-afeta-grupo-lufthansa-na-segunda-e-terca-feira\/#primaryimage\",\"url\":\"https:\/\/portaltela.pt\/s.01k8rhncp4jt1\/2026\/04\/2080742.jpg\",\"contentUrl\":\"https:\/\/portaltela.pt\/s.01k8rhncp4jt1\/2026\/04\/2080742.jpg\",\"width\":796,\"height\":448,\"caption\":\"Tripulantes manifestaram-se (na foto, em Munique) e fizeram greve na sexta-feira, pilotos convocaram uma nova paralisa\u00e7\u00e3o para segunda e ter\u00e7a-feira\"},{\"@type\":\"BreadcrumbList\",\"@id\":\"https:\/\/portaltela.pt\/noticias\/2026\/04\/11\/greve-de-pilotos-afeta-grupo-lufthansa-na-segunda-e-terca-feira\/#breadcrumb\",\"itemListElement\":[{\"@type\":\"ListItem\",\"position\":1,\"name\":\"In\u00edcio\",\"item\":\"https:\/\/portaltela.pt\/\"},{\"@type\":\"ListItem\",\"position\":2,\"name\":\"Greve de pilotos afeta Grupo Lufthansa na segunda e ter\u00e7a-feira\"}]},{\"@type\":\"WebSite\",\"@id\":\"https:\/\/portaltela.pt\/#website\",\"url\":\"https:\/\/portaltela.pt\/\",\"name\":\"Portal Tela Portugal\",\"description\":\"\",\"potentialAction\":[{\"@type\":\"SearchAction\",\"target\":{\"@type\":\"EntryPoint\",\"urlTemplate\":\"https:\/\/portaltela.pt\/?s={search_term_string}\"},\"query-input\":{\"@type\":\"PropertyValueSpecification\",\"valueRequired\":true,\"valueName\":\"search_term_string\"}}],\"inLanguage\":\"pt-PT\"},{\"@type\":\"Person\",\"@id\":\"https:\/\/portaltela.pt\/#\/schema\/person\/c4278d4a6028830caff9ee44b42d32ed\",\"name\":\"Telinha\",\"image\":{\"@type\":\"ImageObject\",\"inLanguage\":\"pt-PT\",\"@id\":\"https:\/\/portaltela.pt\/s.01k8rhncp4jt1\/2025\/11\/talking-bot-125x125.png\",\"url\":\"https:\/\/portaltela.pt\/s.01k8rhncp4jt1\/2025\/11\/talking-bot-125x125.png\",\"contentUrl\":\"https:\/\/portaltela.pt\/s.01k8rhncp4jt1\/2025\/11\/talking-bot-125x125.png\",\"caption\":\"Telinha\"},\"sameAs\":[\"https:\/\/portaltela.pt\/\"],\"url\":\"https:\/\/portaltela.pt\/por\/367410592786\/\"}]}<\/script>\n<!-- \/ Yoast SEO plugin. -->","yoast_head_json":{"title":"Greve de pilotos afeta Grupo Lufthansa na segunda e ter\u00e7a-feira - Portal Tela Portugal","robots":{"index":"index","follow":"follow","max-snippet":"max-snippet:-1","max-image-preview":"max-image-preview:large","max-video-preview":"max-video-preview:-1"},"og_locale":"pt_PT","og_type":"article","og_title":"Greve de pilotos afeta Grupo Lufthansa na segunda e ter\u00e7a-feira - Portal Tela Portugal","og_description":"O Grupo Lufthansa enfrenta greve de pilotos nas pr\u00f3xima segunda e ter\u00e7a-feira, das 00h01 de segunda-feira \u00e0s 23h59 locais de ter\u00e7a-feira, afetando as companhias Lufthansa, Lufthansa Cargo, Lufthansa CityLine e Eurowings. O Sindicato Vereinigung Cockpit (VC) exige melhorias nas pens\u00f5es complementares de reforma para as tr\u00eas primeiras empresas e um novo acordo coletivo com aumentos salariais para a Lufthansa CityLine. A paralisa\u00e7\u00e3o exclui voos para v\u00e1rios pa\u00edses da regi\u00e3o do Golfo e M\u00e9dio Oriente (Ar\u00e1bia Saudita, Azerbaij\u00e3o, Bahrein, Qatar, Egito, Emirados, Iraque, Israel, Jord\u00e2nia, Kuwait, L\u00edbano, Om\u00e3 e I\u00e9men) devido \u00e0 guerra no Ir\u00e3o. O TC afirma que a administra\u00e7\u00e3o pode evitar a greve se apresentar propostas s\u00e9rias de negocia\u00e7\u00e3o, conforme declarado pelo presidente do VC, Andreas Pinheiro. A medida surge ap\u00f3s uma greve de tripulantes de cabine que levou ao cancelamento de centenas de voos, com a \u00faltima greve de pilotos do grupo ocorrendo entre 12 e 13 de mar\u00e7o.","og_url":"https:\/\/portaltela.pt\/noticias\/2026\/04\/11\/greve-de-pilotos-afeta-grupo-lufthansa-na-segunda-e-terca-feira\/","og_site_name":"Portal Tela Portugal","article_published_time":"2026-04-11T18:02:22+00:00","author":"Telinha","twitter_card":"summary_large_image","twitter_misc":{"Escrito por":"Telinha","Tempo estimado de leitura":"1 minuto"},"schema":{"@context":"https:\/\/schema.org","@graph":[{"@type":"Article","@id":"https:\/\/portaltela.pt\/noticias\/2026\/04\/11\/greve-de-pilotos-afeta-grupo-lufthansa-na-segunda-e-terca-feira\/#article","isPartOf":{"@id":"https:\/\/portaltela.pt\/noticias\/2026\/04\/11\/greve-de-pilotos-afeta-grupo-lufthansa-na-segunda-e-terca-feira\/"},"author":{"name":"Telinha","@id":"https:\/\/portaltela.pt\/#\/schema\/person\/c4278d4a6028830caff9ee44b42d32ed"},"headline":"Greve de pilotos afeta Grupo Lufthansa na segunda e ter\u00e7a-feira","datePublished":"2026-04-11T18:02:22+00:00","mainEntityOfPage":{"@id":"https:\/\/portaltela.pt\/noticias\/2026\/04\/11\/greve-de-pilotos-afeta-grupo-lufthansa-na-segunda-e-terca-feira\/"},"wordCount":198,"image":{"@id":"https:\/\/portaltela.pt\/noticias\/2026\/04\/11\/greve-de-pilotos-afeta-grupo-lufthansa-na-segunda-e-terca-feira\/#primaryimage"},"thumbnailUrl":"https:\/\/portaltela.pt\/s.01k8rhncp4jt1\/2026\/04\/2080742.jpg","keywords":["Alemanha","avia\u00e7\u00e3o","economia","greve","trabalhadores","transporte internacional"],"articleSection":["Economia","Neg\u00f3cios"],"inLanguage":"pt-PT"},{"@type":"WebPage","@id":"https:\/\/portaltela.pt\/noticias\/2026\/04\/11\/greve-de-pilotos-afeta-grupo-lufthansa-na-segunda-e-terca-feira\/","url":"https:\/\/portaltela.pt\/noticias\/2026\/04\/11\/greve-de-pilotos-afeta-grupo-lufthansa-na-segunda-e-terca-feira\/","name":"Greve de pilotos afeta Grupo Lufthansa na segunda e ter\u00e7a-feira - Portal Tela Portugal","isPartOf":{"@id":"https:\/\/portaltela.pt\/#website"},"primaryImageOfPage":{"@id":"https:\/\/portaltela.pt\/noticias\/2026\/04\/11\/greve-de-pilotos-afeta-grupo-lufthansa-na-segunda-e-terca-feira\/#primaryimage"},"image":{"@id":"https:\/\/portaltela.pt\/noticias\/2026\/04\/11\/greve-de-pilotos-afeta-grupo-lufthansa-na-segunda-e-terca-feira\/#primaryimage"},"thumbnailUrl":"https:\/\/portaltela.pt\/s.01k8rhncp4jt1\/2026\/04\/2080742.jpg","datePublished":"2026-04-11T18:02:22+00:00","author":{"@id":"https:\/\/portaltela.pt\/#\/schema\/person\/c4278d4a6028830caff9ee44b42d32ed"},"breadcrumb":{"@id":"https:\/\/portaltela.pt\/noticias\/2026\/04\/11\/greve-de-pilotos-afeta-grupo-lufthansa-na-segunda-e-terca-feira\/#breadcrumb"},"inLanguage":"pt-PT","potentialAction":[{"@type":"ReadAction","target":["https:\/\/portaltela.pt\/noticias\/2026\/04\/11\/greve-de-pilotos-afeta-grupo-lufthansa-na-segunda-e-terca-feira\/"]}]},{"@type":"ImageObject","inLanguage":"pt-PT","@id":"https:\/\/portaltela.pt\/noticias\/2026\/04\/11\/greve-de-pilotos-afeta-grupo-lufthansa-na-segunda-e-terca-feira\/#primaryimage","url":"https:\/\/portaltela.pt\/s.01k8rhncp4jt1\/2026\/04\/2080742.jpg","contentUrl":"https:\/\/portaltela.pt\/s.01k8rhncp4jt1\/2026\/04\/2080742.jpg","width":796,"height":448,"caption":"Tripulantes manifestaram-se (na foto, em Munique) e fizeram greve na sexta-feira, pilotos convocaram uma nova paralisa\u00e7\u00e3o para segunda e ter\u00e7a-feira"},{"@type":"BreadcrumbList","@id":"https:\/\/portaltela.pt\/noticias\/2026\/04\/11\/greve-de-pilotos-afeta-grupo-lufthansa-na-segunda-e-terca-feira\/#breadcrumb","itemListElement":[{"@type":"ListItem","position":1,"name":"In\u00edcio","item":"https:\/\/portaltela.pt\/"},{"@type":"ListItem","position":2,"name":"Greve de pilotos afeta Grupo Lufthansa na segunda e ter\u00e7a-feira"}]},{"@type":"WebSite","@id":"https:\/\/portaltela.pt\/#website","url":"https:\/\/portaltela.pt\/","name":"Portal Tela Portugal","description":"","potentialAction":[{"@type":"SearchAction","target":{"@type":"EntryPoint","urlTemplate":"https:\/\/portaltela.pt\/?s={search_term_string}"},"query-input":{"@type":"PropertyValueSpecification","valueRequired":true,"valueName":"search_term_string"}}],"inLanguage":"pt-PT"},{"@type":"Person","@id":"https:\/\/portaltela.pt\/#\/schema\/person\/c4278d4a6028830caff9ee44b42d32ed","name":"Telinha","image":{"@type":"ImageObject","inLanguage":"pt-PT","@id":"https:\/\/portaltela.pt\/s.01k8rhncp4jt1\/2025\/11\/talking-bot-125x125.png","url":"https:\/\/portaltela.pt\/s.01k8rhncp4jt1\/2025\/11\/talking-bot-125x125.png","contentUrl":"https:\/\/portaltela.pt\/s.01k8rhncp4jt1\/2025\/11\/talking-bot-125x125.png","caption":"Telinha"},"sameAs":["https:\/\/portaltela.pt\/"],"url":"https:\/\/portaltela.pt\/por\/367410592786\/"}]}},"_links":{"self":[{"href":"https:\/\/portaltela.pt\/api\/wp\/v2\/posts\/440742","targetHints":{"allow":["GET"]}}],"collection":[{"href":"https:\/\/portaltela.pt\/api\/wp\/v2\/posts"}],"about":[{"href":"https:\/\/portaltela.pt\/api\/wp\/v2\/types\/post"}],"author":[{"embeddable":true,"href":"https:\/\/portaltela.pt\/api\/wp\/v2\/users\/2"}],"replies":[{"embeddable":true,"href":"https:\/\/portaltela.pt\/api\/wp\/v2\/comments?post=440742"}],"version-history":[{"count":0,"href":"https:\/\/portaltela.pt\/api\/wp\/v2\/posts\/440742\/revisions"}],"wp:featuredmedia":[{"embeddable":true,"href":"https:\/\/portaltela.pt\/api\/wp\/v2\/media\/440743"}],"wp:attachment":[{"href":"https:\/\/portaltela.pt\/api\/wp\/v2\/media?parent=440742"}],"wp:term":[{"taxonomy":"category","embeddable":true,"href":"https:\/\/portaltela.pt\/api\/wp\/v2\/categories?post=440742"},{"taxonomy":"post_tag","embeddable":true,"href":"https:\/\/portaltela.pt\/api\/wp\/v2\/tags?post=440742"}],"curies":[{"name":"wp","href":"https:\/\/api.w.org\/{rel}","templated":true}]}}