{"id":440731,"date":"2026-04-11T14:47:13","date_gmt":"2026-04-11T17:47:13","guid":{"rendered":"https:\/\/portaltela.pt\/noticias\/2026\/04\/11\/gustavo-silva-critica-a-equipa-apos-empate-em-aves-faltou-carater\/"},"modified":"2026-04-11T14:47:13","modified_gmt":"2026-04-11T17:47:13","slug":"gustavo-silva-critica-a-equipa-apos-empate-em-aves-faltou-carater","status":"publish","type":"post","link":"https:\/\/portaltela.pt\/desporto\/futebol\/2026\/04\/11\/gustavo-silva-critica-a-equipa-apos-empate-em-aves-faltou-carater\/","title":{"rendered":"Gustavo Silva critica a equipa ap\u00f3s empate em Aves: faltou car\u00e1ter"},"content":{"rendered":"<p>Gustavo Silva marcou o golo do V. Guimar\u00e3es no AVS SAD, mas o encontro terminou 1-1, mantendo o clube sem vit\u00f3ria diante dos avenses. O jogo decorreu na tarde de s\u00e1bado, em Aves, com o empate a n\u00e3o satisfazer a equipa minhota.<\/p>\n<p>O avan\u00e7ado brasileiro criticou a atua\u00e7\u00e3o do conjunto, afirmando que faltou car\u00e1ter no campo e que os assobios dos adeptos s\u00e3o justos quando n\u00e3o h\u00e1 resposta. Disse ainda que \u00e9 preciso responder dentro de campo para evitar cobran\u00e7as.<\/p>\n<p>Recordou que a semana foi orientada para obter os tr\u00eas pontos e pediu desculpas aos adeptos, destacando a necessidade de voltar com energia e disposi\u00e7\u00e3o. A \u00e9poca tem sido marcada por oscila\u00e7\u00f5es, e o objetivo \u00e9 manter-se no topo.<\/p>\n<p>A equipa pretende manter-se na luta por objetivos relevantes e defender o t\u00edtulo da Allianz Cup, trabalhando jogo a jogo at\u00e9 ao final da temporada. No momento, o foco est\u00e1 na recupera\u00e7\u00e3o e no pr\u00f3ximo desafio.<\/p>\n","protected":false},"excerpt":{"rendered":"<ul>\n<li>O Vit\u00f3ria de Guimar\u00e3es empatou 1-1 com o AVS SAD, numa tarde em que o avan\u00e7ado Gustavo Silva marcou o golo vitoriano.<\/li>\n<li>O jogo ficou decidido pelo empate, n\u00e3o assegurando a vit\u00f3ria nem o objetivo de manter a competi\u00e7\u00e3o europeia.<\/li>\n<li>Em declara\u00e7\u00f5es \u00e0 Sport TV, Gustavo Silva criticou o desempenho da equipa e afirmou que faltou car\u00e1ter em campo.<\/li>\n<li>Disse que os adeptos t\u00eam direito aos assobios quando a equipa n\u00e3o responde dentro do campo, e que \u00e9 preciso levantar a cabe\u00e7a.<\/li>\n<li>O jogador referiu a turbul\u00eancia da \u00e9poca, a necessidade de trabalhar jogo a jogo e de manter o clube competitivo para lutar por objetivos.<\/li>\n<\/ul>\n","protected":false},"author":2,"featured_media":440734,"comment_status":"closed","ping_status":"closed","sticky":false,"template":"","format":"standard","meta":{"footnotes":""},"categories":[21,24],"tags":[4073,7206,6810,32,1145,5393],"class_list":["post-440731","post","type-post","status-publish","format-standard","has-post-thumbnail","hentry","category-desporto","category-futebol","tag-allianz-cup","tag-aves","tag-empates","tag-futebol","tag-guimaraes","tag-v-guimaraes"],"yoast_head":"<!-- This site is optimized with the Yoast SEO plugin v27.2 - https:\/\/yoast.com\/product\/yoast-seo-wordpress\/ -->\n<title>Gustavo Silva critica a equipa ap\u00f3s empate em Aves: faltou car\u00e1ter - Portal Tela Portugal<\/title>\n<meta name=\"robots\" content=\"index, follow, max-snippet:-1, max-image-preview:large, max-video-preview:-1\" \/>\n<meta property=\"og:locale\" content=\"pt_PT\" \/>\n<meta property=\"og:type\" content=\"article\" \/>\n<meta property=\"og:title\" content=\"Gustavo Silva critica a equipa ap\u00f3s empate em Aves: faltou car\u00e1ter - Portal Tela Portugal\" \/>\n<meta property=\"og:description\" content=\"O Vit\u00f3ria de Guimar\u00e3es empatou 1-1 com o AVS SAD, numa tarde em que o avan\u00e7ado Gustavo Silva marcou o golo vitoriano. O jogo ficou decidido pelo empate, n\u00e3o assegurando a vit\u00f3ria nem o objetivo de manter a competi\u00e7\u00e3o europeia. Em declara\u00e7\u00f5es \u00e0 Sport TV, Gustavo Silva criticou o desempenho da equipa e afirmou que faltou car\u00e1ter em campo. Disse que os adeptos t\u00eam direito aos assobios quando a equipa n\u00e3o responde dentro do campo, e que \u00e9 preciso levantar a cabe\u00e7a. O jogador referiu a turbul\u00eancia da \u00e9poca, a necessidade de trabalhar jogo a jogo e de manter o clube competitivo para lutar por objetivos.\" \/>\n<meta property=\"og:url\" content=\"https:\/\/portaltela.pt\/noticias\/2026\/04\/11\/gustavo-silva-critica-a-equipa-apos-empate-em-aves-faltou-carater\/\" \/>\n<meta property=\"og:site_name\" content=\"Portal Tela Portugal\" \/>\n<meta property=\"article:published_time\" content=\"2026-04-11T17:47:13+00:00\" \/>\n<meta name=\"author\" content=\"Telinha\" \/>\n<meta name=\"twitter:card\" content=\"summary_large_image\" \/>\n<meta name=\"twitter:label1\" content=\"Escrito por\" \/>\n\t<meta name=\"twitter:data1\" content=\"Telinha\" \/>\n\t<meta name=\"twitter:label2\" content=\"Tempo estimado de leitura\" \/>\n\t<meta name=\"twitter:data2\" content=\"1 minuto\" \/>\n<script type=\"application\/ld+json\" class=\"yoast-schema-graph\">{\"@context\":\"https:\/\/schema.org\",\"@graph\":[{\"@type\":\"Article\",\"@id\":\"https:\/\/portaltela.pt\/noticias\/2026\/04\/11\/gustavo-silva-critica-a-equipa-apos-empate-em-aves-faltou-carater\/#article\",\"isPartOf\":{\"@id\":\"https:\/\/portaltela.pt\/noticias\/2026\/04\/11\/gustavo-silva-critica-a-equipa-apos-empate-em-aves-faltou-carater\/\"},\"author\":{\"name\":\"Telinha\",\"@id\":\"https:\/\/portaltela.pt\/#\/schema\/person\/c4278d4a6028830caff9ee44b42d32ed\"},\"headline\":\"Gustavo Silva critica a equipa ap\u00f3s empate em Aves: faltou car\u00e1ter\",\"datePublished\":\"2026-04-11T17:47:13+00:00\",\"mainEntityOfPage\":{\"@id\":\"https:\/\/portaltela.pt\/noticias\/2026\/04\/11\/gustavo-silva-critica-a-equipa-apos-empate-em-aves-faltou-carater\/\"},\"wordCount\":182,\"image\":{\"@id\":\"https:\/\/portaltela.pt\/noticias\/2026\/04\/11\/gustavo-silva-critica-a-equipa-apos-empate-em-aves-faltou-carater\/#primaryimage\"},\"thumbnailUrl\":\"https:\/\/portaltela.pt\/s.01k8rhncp4jt1\/2026\/04\/img_920x518uu2025-04-14-00-40-09-2356165.jpg\",\"keywords\":[\"Allianz Cup\",\"Aves\",\"empates\",\"futebol\",\"Guimar\u00e3es\",\"V. Guimar\u00e3es\"],\"articleSection\":[\"Desporto\",\"Futebol\"],\"inLanguage\":\"pt-PT\"},{\"@type\":\"WebPage\",\"@id\":\"https:\/\/portaltela.pt\/noticias\/2026\/04\/11\/gustavo-silva-critica-a-equipa-apos-empate-em-aves-faltou-carater\/\",\"url\":\"https:\/\/portaltela.pt\/noticias\/2026\/04\/11\/gustavo-silva-critica-a-equipa-apos-empate-em-aves-faltou-carater\/\",\"name\":\"Gustavo Silva critica a equipa ap\u00f3s empate em Aves: faltou car\u00e1ter - Portal Tela Portugal\",\"isPartOf\":{\"@id\":\"https:\/\/portaltela.pt\/#website\"},\"primaryImageOfPage\":{\"@id\":\"https:\/\/portaltela.pt\/noticias\/2026\/04\/11\/gustavo-silva-critica-a-equipa-apos-empate-em-aves-faltou-carater\/#primaryimage\"},\"image\":{\"@id\":\"https:\/\/portaltela.pt\/noticias\/2026\/04\/11\/gustavo-silva-critica-a-equipa-apos-empate-em-aves-faltou-carater\/#primaryimage\"},\"thumbnailUrl\":\"https:\/\/portaltela.pt\/s.01k8rhncp4jt1\/2026\/04\/img_920x518uu2025-04-14-00-40-09-2356165.jpg\",\"datePublished\":\"2026-04-11T17:47:13+00:00\",\"author\":{\"@id\":\"https:\/\/portaltela.pt\/#\/schema\/person\/c4278d4a6028830caff9ee44b42d32ed\"},\"breadcrumb\":{\"@id\":\"https:\/\/portaltela.pt\/noticias\/2026\/04\/11\/gustavo-silva-critica-a-equipa-apos-empate-em-aves-faltou-carater\/#breadcrumb\"},\"inLanguage\":\"pt-PT\",\"potentialAction\":[{\"@type\":\"ReadAction\",\"target\":[\"https:\/\/portaltela.pt\/noticias\/2026\/04\/11\/gustavo-silva-critica-a-equipa-apos-empate-em-aves-faltou-carater\/\"]}]},{\"@type\":\"ImageObject\",\"inLanguage\":\"pt-PT\",\"@id\":\"https:\/\/portaltela.pt\/noticias\/2026\/04\/11\/gustavo-silva-critica-a-equipa-apos-empate-em-aves-faltou-carater\/#primaryimage\",\"url\":\"https:\/\/portaltela.pt\/s.01k8rhncp4jt1\/2026\/04\/img_920x518uu2025-04-14-00-40-09-2356165.jpg\",\"contentUrl\":\"https:\/\/portaltela.pt\/s.01k8rhncp4jt1\/2026\/04\/img_920x518uu2025-04-14-00-40-09-2356165.jpg\",\"width\":796,\"height\":448,\"caption\":\"Gustavo Silva marcou o golo dos minhotos\"},{\"@type\":\"BreadcrumbList\",\"@id\":\"https:\/\/portaltela.pt\/noticias\/2026\/04\/11\/gustavo-silva-critica-a-equipa-apos-empate-em-aves-faltou-carater\/#breadcrumb\",\"itemListElement\":[{\"@type\":\"ListItem\",\"position\":1,\"name\":\"In\u00edcio\",\"item\":\"https:\/\/portaltela.pt\/\"},{\"@type\":\"ListItem\",\"position\":2,\"name\":\"Gustavo Silva critica a equipa ap\u00f3s empate em Aves: faltou car\u00e1ter\"}]},{\"@type\":\"WebSite\",\"@id\":\"https:\/\/portaltela.pt\/#website\",\"url\":\"https:\/\/portaltela.pt\/\",\"name\":\"Portal Tela Portugal\",\"description\":\"\",\"potentialAction\":[{\"@type\":\"SearchAction\",\"target\":{\"@type\":\"EntryPoint\",\"urlTemplate\":\"https:\/\/portaltela.pt\/?s={search_term_string}\"},\"query-input\":{\"@type\":\"PropertyValueSpecification\",\"valueRequired\":true,\"valueName\":\"search_term_string\"}}],\"inLanguage\":\"pt-PT\"},{\"@type\":\"Person\",\"@id\":\"https:\/\/portaltela.pt\/#\/schema\/person\/c4278d4a6028830caff9ee44b42d32ed\",\"name\":\"Telinha\",\"image\":{\"@type\":\"ImageObject\",\"inLanguage\":\"pt-PT\",\"@id\":\"https:\/\/portaltela.pt\/s.01k8rhncp4jt1\/2025\/11\/talking-bot-125x125.png\",\"url\":\"https:\/\/portaltela.pt\/s.01k8rhncp4jt1\/2025\/11\/talking-bot-125x125.png\",\"contentUrl\":\"https:\/\/portaltela.pt\/s.01k8rhncp4jt1\/2025\/11\/talking-bot-125x125.png\",\"caption\":\"Telinha\"},\"sameAs\":[\"https:\/\/portaltela.pt\/\"],\"url\":\"https:\/\/portaltela.pt\/por\/367410592786\/\"}]}<\/script>\n<!-- \/ Yoast SEO plugin. -->","yoast_head_json":{"title":"Gustavo Silva critica a equipa ap\u00f3s empate em Aves: faltou car\u00e1ter - Portal Tela Portugal","robots":{"index":"index","follow":"follow","max-snippet":"max-snippet:-1","max-image-preview":"max-image-preview:large","max-video-preview":"max-video-preview:-1"},"og_locale":"pt_PT","og_type":"article","og_title":"Gustavo Silva critica a equipa ap\u00f3s empate em Aves: faltou car\u00e1ter - Portal Tela Portugal","og_description":"O Vit\u00f3ria de Guimar\u00e3es empatou 1-1 com o AVS SAD, numa tarde em que o avan\u00e7ado Gustavo Silva marcou o golo vitoriano. O jogo ficou decidido pelo empate, n\u00e3o assegurando a vit\u00f3ria nem o objetivo de manter a competi\u00e7\u00e3o europeia. Em declara\u00e7\u00f5es \u00e0 Sport TV, Gustavo Silva criticou o desempenho da equipa e afirmou que faltou car\u00e1ter em campo. Disse que os adeptos t\u00eam direito aos assobios quando a equipa n\u00e3o responde dentro do campo, e que \u00e9 preciso levantar a cabe\u00e7a. O jogador referiu a turbul\u00eancia da \u00e9poca, a necessidade de trabalhar jogo a jogo e de manter o clube competitivo para lutar por objetivos.","og_url":"https:\/\/portaltela.pt\/noticias\/2026\/04\/11\/gustavo-silva-critica-a-equipa-apos-empate-em-aves-faltou-carater\/","og_site_name":"Portal Tela Portugal","article_published_time":"2026-04-11T17:47:13+00:00","author":"Telinha","twitter_card":"summary_large_image","twitter_misc":{"Escrito por":"Telinha","Tempo estimado de leitura":"1 minuto"},"schema":{"@context":"https:\/\/schema.org","@graph":[{"@type":"Article","@id":"https:\/\/portaltela.pt\/noticias\/2026\/04\/11\/gustavo-silva-critica-a-equipa-apos-empate-em-aves-faltou-carater\/#article","isPartOf":{"@id":"https:\/\/portaltela.pt\/noticias\/2026\/04\/11\/gustavo-silva-critica-a-equipa-apos-empate-em-aves-faltou-carater\/"},"author":{"name":"Telinha","@id":"https:\/\/portaltela.pt\/#\/schema\/person\/c4278d4a6028830caff9ee44b42d32ed"},"headline":"Gustavo Silva critica a equipa ap\u00f3s empate em Aves: faltou car\u00e1ter","datePublished":"2026-04-11T17:47:13+00:00","mainEntityOfPage":{"@id":"https:\/\/portaltela.pt\/noticias\/2026\/04\/11\/gustavo-silva-critica-a-equipa-apos-empate-em-aves-faltou-carater\/"},"wordCount":182,"image":{"@id":"https:\/\/portaltela.pt\/noticias\/2026\/04\/11\/gustavo-silva-critica-a-equipa-apos-empate-em-aves-faltou-carater\/#primaryimage"},"thumbnailUrl":"https:\/\/portaltela.pt\/s.01k8rhncp4jt1\/2026\/04\/img_920x518uu2025-04-14-00-40-09-2356165.jpg","keywords":["Allianz Cup","Aves","empates","futebol","Guimar\u00e3es","V. Guimar\u00e3es"],"articleSection":["Desporto","Futebol"],"inLanguage":"pt-PT"},{"@type":"WebPage","@id":"https:\/\/portaltela.pt\/noticias\/2026\/04\/11\/gustavo-silva-critica-a-equipa-apos-empate-em-aves-faltou-carater\/","url":"https:\/\/portaltela.pt\/noticias\/2026\/04\/11\/gustavo-silva-critica-a-equipa-apos-empate-em-aves-faltou-carater\/","name":"Gustavo Silva critica a equipa ap\u00f3s empate em Aves: faltou car\u00e1ter - Portal Tela Portugal","isPartOf":{"@id":"https:\/\/portaltela.pt\/#website"},"primaryImageOfPage":{"@id":"https:\/\/portaltela.pt\/noticias\/2026\/04\/11\/gustavo-silva-critica-a-equipa-apos-empate-em-aves-faltou-carater\/#primaryimage"},"image":{"@id":"https:\/\/portaltela.pt\/noticias\/2026\/04\/11\/gustavo-silva-critica-a-equipa-apos-empate-em-aves-faltou-carater\/#primaryimage"},"thumbnailUrl":"https:\/\/portaltela.pt\/s.01k8rhncp4jt1\/2026\/04\/img_920x518uu2025-04-14-00-40-09-2356165.jpg","datePublished":"2026-04-11T17:47:13+00:00","author":{"@id":"https:\/\/portaltela.pt\/#\/schema\/person\/c4278d4a6028830caff9ee44b42d32ed"},"breadcrumb":{"@id":"https:\/\/portaltela.pt\/noticias\/2026\/04\/11\/gustavo-silva-critica-a-equipa-apos-empate-em-aves-faltou-carater\/#breadcrumb"},"inLanguage":"pt-PT","potentialAction":[{"@type":"ReadAction","target":["https:\/\/portaltela.pt\/noticias\/2026\/04\/11\/gustavo-silva-critica-a-equipa-apos-empate-em-aves-faltou-carater\/"]}]},{"@type":"ImageObject","inLanguage":"pt-PT","@id":"https:\/\/portaltela.pt\/noticias\/2026\/04\/11\/gustavo-silva-critica-a-equipa-apos-empate-em-aves-faltou-carater\/#primaryimage","url":"https:\/\/portaltela.pt\/s.01k8rhncp4jt1\/2026\/04\/img_920x518uu2025-04-14-00-40-09-2356165.jpg","contentUrl":"https:\/\/portaltela.pt\/s.01k8rhncp4jt1\/2026\/04\/img_920x518uu2025-04-14-00-40-09-2356165.jpg","width":796,"height":448,"caption":"Gustavo Silva marcou o golo dos minhotos"},{"@type":"BreadcrumbList","@id":"https:\/\/portaltela.pt\/noticias\/2026\/04\/11\/gustavo-silva-critica-a-equipa-apos-empate-em-aves-faltou-carater\/#breadcrumb","itemListElement":[{"@type":"ListItem","position":1,"name":"In\u00edcio","item":"https:\/\/portaltela.pt\/"},{"@type":"ListItem","position":2,"name":"Gustavo Silva critica a equipa ap\u00f3s empate em Aves: faltou car\u00e1ter"}]},{"@type":"WebSite","@id":"https:\/\/portaltela.pt\/#website","url":"https:\/\/portaltela.pt\/","name":"Portal Tela Portugal","description":"","potentialAction":[{"@type":"SearchAction","target":{"@type":"EntryPoint","urlTemplate":"https:\/\/portaltela.pt\/?s={search_term_string}"},"query-input":{"@type":"PropertyValueSpecification","valueRequired":true,"valueName":"search_term_string"}}],"inLanguage":"pt-PT"},{"@type":"Person","@id":"https:\/\/portaltela.pt\/#\/schema\/person\/c4278d4a6028830caff9ee44b42d32ed","name":"Telinha","image":{"@type":"ImageObject","inLanguage":"pt-PT","@id":"https:\/\/portaltela.pt\/s.01k8rhncp4jt1\/2025\/11\/talking-bot-125x125.png","url":"https:\/\/portaltela.pt\/s.01k8rhncp4jt1\/2025\/11\/talking-bot-125x125.png","contentUrl":"https:\/\/portaltela.pt\/s.01k8rhncp4jt1\/2025\/11\/talking-bot-125x125.png","caption":"Telinha"},"sameAs":["https:\/\/portaltela.pt\/"],"url":"https:\/\/portaltela.pt\/por\/367410592786\/"}]}},"_links":{"self":[{"href":"https:\/\/portaltela.pt\/api\/wp\/v2\/posts\/440731","targetHints":{"allow":["GET"]}}],"collection":[{"href":"https:\/\/portaltela.pt\/api\/wp\/v2\/posts"}],"about":[{"href":"https:\/\/portaltela.pt\/api\/wp\/v2\/types\/post"}],"author":[{"embeddable":true,"href":"https:\/\/portaltela.pt\/api\/wp\/v2\/users\/2"}],"replies":[{"embeddable":true,"href":"https:\/\/portaltela.pt\/api\/wp\/v2\/comments?post=440731"}],"version-history":[{"count":0,"href":"https:\/\/portaltela.pt\/api\/wp\/v2\/posts\/440731\/revisions"}],"wp:featuredmedia":[{"embeddable":true,"href":"https:\/\/portaltela.pt\/api\/wp\/v2\/media\/440734"}],"wp:attachment":[{"href":"https:\/\/portaltela.pt\/api\/wp\/v2\/media?parent=440731"}],"wp:term":[{"taxonomy":"category","embeddable":true,"href":"https:\/\/portaltela.pt\/api\/wp\/v2\/categories?post=440731"},{"taxonomy":"post_tag","embeddable":true,"href":"https:\/\/portaltela.pt\/api\/wp\/v2\/tags?post=440731"}],"curies":[{"name":"wp","href":"https:\/\/api.w.org\/{rel}","templated":true}]}}