{"id":440725,"date":"2026-04-11T14:32:29","date_gmt":"2026-04-11T17:32:29","guid":{"rendered":"https:\/\/portaltela.pt\/noticias\/2026\/04\/11\/camara-de-braga-aprova-requalificacao-da-zona-do-populo\/"},"modified":"2026-04-11T14:32:29","modified_gmt":"2026-04-11T17:32:29","slug":"camara-de-braga-aprova-requalificacao-da-zona-do-populo","status":"publish","type":"post","link":"https:\/\/portaltela.pt\/noticias\/2026\/04\/11\/camara-de-braga-aprova-requalificacao-da-zona-do-populo\/","title":{"rendered":"C\u00e2mara de Braga aprova requalifica\u00e7\u00e3o da zona do P\u00f3pulo"},"content":{"rendered":"<p>O Executivo Municipal de Braga prev\u00ea adjudicar amanh\u00e3 a obra de requalifica\u00e7\u00e3o da zona do P\u00f3pulo, por 2,5 milh\u00f5es de euros. A interven\u00e7\u00e3o inclui a fachada do Convento e as vias envolventes, que ficaram por executar ap\u00f3s a rejei\u00e7\u00e3o do projeto em novembro.<\/p>\n<p>A delibera\u00e7\u00e3o ser\u00e1 debatida e votada na pr\u00f3xima segunda-feira, numa reuni\u00e3o de vereadores. A empresa escolhida pela C\u00e2mara \u00e9 a Alexandre Barbosa Borges, respons\u00e1vel pela empreitada intitulada Requalifica\u00e7\u00e3o do espa\u00e7o p\u00fablico do P\u00f3pulo e vias envolventes. O objetivo \u00e9 recuperar o espa\u00e7o p\u00fablico da \u00e1rea e melhorar a circula\u00e7\u00e3o pedonal e vi\u00e1ria.<\/p>\n<p>Entre os elementos a incluir no projeto est\u00e3o interven\u00e7\u00f5es na fachada do Convento, bem como reorganiza\u00e7\u00e3o de itiner\u00e1rios de acesso e \u00e1reas de perman\u00eancia. O processo decorreu no \u00e2mbito de um financiamento que visa potenciar a requalifica\u00e7\u00e3o de espa\u00e7os urbanos no centro da cidade.<\/p>\n<h3>Detalhes da adjudica\u00e7\u00e3o<\/h3>\n<p>A proposta mant\u00e9m-se sujeita a aprova\u00e7\u00e3o final pela verea\u00e7\u00e3o, com 2,5 milh\u00f5es de euros estimados para a totalidade da obra. A C\u00e2mara de Braga refor\u00e7a que a interven\u00e7\u00e3o est\u00e1 alinhada com planos de recupera\u00e7\u00e3o de espa\u00e7os hist\u00f3ricos e de navega\u00e7\u00e3o pedonal no centro urbano.<\/p>\n","protected":false},"excerpt":{"rendered":"<ul>\n<li>C\u00e2mara de Braga prepara a adjudica\u00e7\u00e3o de 2,5 milh\u00f5es de euros \u00e0 empresa Alexandre Barbosa Borges para a requalifica\u00e7\u00e3o do espa\u00e7o p\u00fablico do P\u00f3pulo e vias envolventes, incluindo a fachada do Convento.<\/li>\n<li>O projeto j\u00e1 tinha sido chumbado em novembro.<\/li>\n<li>A decis\u00e3o ser\u00e1 discutida e votada na pr\u00f3xima reuni\u00e3o de verea\u00e7\u00e3o, marcada para segunda-feira.<\/li>\n<li>A interven\u00e7\u00e3o \u00e9 financiada com fundos europeus.<\/li>\n<li>O objetivo \u00e9 requalificar a zona do P\u00f3pulo e as vias envolventes.<\/li>\n<\/ul>\n","protected":false},"author":2,"featured_media":440727,"comment_status":"closed","ping_status":"closed","sticky":false,"template":"","format":"standard","meta":{"footnotes":""},"categories":[7372,1],"tags":[6115,7767,142,7443,2257,3148],"class_list":["post-440725","post","type-post","status-publish","format-standard","has-post-thumbnail","hentry","category-comunidade","category-noticias","tag-_economia","tag-_meio-ambiente","tag-arquitetura","tag-desenvolvimento-urbano","tag-espacos-publicos","tag-planeamento-urbano"],"yoast_head":"<!-- This site is optimized with the Yoast SEO plugin v27.2 - https:\/\/yoast.com\/product\/yoast-seo-wordpress\/ -->\n<title>C\u00e2mara de Braga aprova requalifica\u00e7\u00e3o da zona do P\u00f3pulo - Portal Tela Portugal<\/title>\n<meta name=\"robots\" content=\"index, follow, max-snippet:-1, max-image-preview:large, max-video-preview:-1\" \/>\n<meta property=\"og:locale\" content=\"pt_PT\" \/>\n<meta property=\"og:type\" content=\"article\" \/>\n<meta property=\"og:title\" content=\"C\u00e2mara de Braga aprova requalifica\u00e7\u00e3o da zona do P\u00f3pulo - Portal Tela Portugal\" \/>\n<meta property=\"og:description\" content=\"C\u00e2mara de Braga prepara a adjudica\u00e7\u00e3o de 2,5 milh\u00f5es de euros \u00e0 empresa Alexandre Barbosa Borges para a requalifica\u00e7\u00e3o do espa\u00e7o p\u00fablico do P\u00f3pulo e vias envolventes, incluindo a fachada do Convento. O projeto j\u00e1 tinha sido chumbado em novembro. A decis\u00e3o ser\u00e1 discutida e votada na pr\u00f3xima reuni\u00e3o de verea\u00e7\u00e3o, marcada para segunda-feira. A interven\u00e7\u00e3o \u00e9 financiada com fundos europeus. O objetivo \u00e9 requalificar a zona do P\u00f3pulo e as vias envolventes.\" \/>\n<meta property=\"og:url\" content=\"https:\/\/portaltela.pt\/noticias\/2026\/04\/11\/camara-de-braga-aprova-requalificacao-da-zona-do-populo\/\" \/>\n<meta property=\"og:site_name\" content=\"Portal Tela Portugal\" \/>\n<meta property=\"article:published_time\" content=\"2026-04-11T17:32:29+00:00\" \/>\n<meta name=\"author\" content=\"Telinha\" \/>\n<meta name=\"twitter:card\" content=\"summary_large_image\" \/>\n<meta name=\"twitter:label1\" content=\"Escrito por\" \/>\n\t<meta name=\"twitter:data1\" content=\"Telinha\" \/>\n\t<meta name=\"twitter:label2\" content=\"Tempo estimado de leitura\" \/>\n\t<meta name=\"twitter:data2\" content=\"1 minuto\" \/>\n<script type=\"application\/ld+json\" class=\"yoast-schema-graph\">{\"@context\":\"https:\/\/schema.org\",\"@graph\":[{\"@type\":\"Article\",\"@id\":\"https:\/\/portaltela.pt\/noticias\/2026\/04\/11\/camara-de-braga-aprova-requalificacao-da-zona-do-populo\/#article\",\"isPartOf\":{\"@id\":\"https:\/\/portaltela.pt\/noticias\/2026\/04\/11\/camara-de-braga-aprova-requalificacao-da-zona-do-populo\/\"},\"author\":{\"name\":\"Telinha\",\"@id\":\"https:\/\/portaltela.pt\/#\/schema\/person\/c4278d4a6028830caff9ee44b42d32ed\"},\"headline\":\"C\u00e2mara de Braga aprova requalifica\u00e7\u00e3o da zona do P\u00f3pulo\",\"datePublished\":\"2026-04-11T17:32:29+00:00\",\"mainEntityOfPage\":{\"@id\":\"https:\/\/portaltela.pt\/noticias\/2026\/04\/11\/camara-de-braga-aprova-requalificacao-da-zona-do-populo\/\"},\"wordCount\":232,\"image\":{\"@id\":\"https:\/\/portaltela.pt\/noticias\/2026\/04\/11\/camara-de-braga-aprova-requalificacao-da-zona-do-populo\/#primaryimage\"},\"thumbnailUrl\":\"https:\/\/portaltela.pt\/s.01k8rhncp4jt1\/2026\/04\/image-665.jpg\",\"keywords\":[\"_economia\",\"_meio-ambiente\",\"arquitetura\",\"desenvolvimento urbano\",\"Espa\u00e7os p\u00fablicos\",\"planeamento urbano\"],\"articleSection\":[\"Comunidade\",\"Not\u00edcias\"],\"inLanguage\":\"pt-PT\"},{\"@type\":\"WebPage\",\"@id\":\"https:\/\/portaltela.pt\/noticias\/2026\/04\/11\/camara-de-braga-aprova-requalificacao-da-zona-do-populo\/\",\"url\":\"https:\/\/portaltela.pt\/noticias\/2026\/04\/11\/camara-de-braga-aprova-requalificacao-da-zona-do-populo\/\",\"name\":\"C\u00e2mara de Braga aprova requalifica\u00e7\u00e3o da zona do P\u00f3pulo - Portal Tela Portugal\",\"isPartOf\":{\"@id\":\"https:\/\/portaltela.pt\/#website\"},\"primaryImageOfPage\":{\"@id\":\"https:\/\/portaltela.pt\/noticias\/2026\/04\/11\/camara-de-braga-aprova-requalificacao-da-zona-do-populo\/#primaryimage\"},\"image\":{\"@id\":\"https:\/\/portaltela.pt\/noticias\/2026\/04\/11\/camara-de-braga-aprova-requalificacao-da-zona-do-populo\/#primaryimage\"},\"thumbnailUrl\":\"https:\/\/portaltela.pt\/s.01k8rhncp4jt1\/2026\/04\/image-665.jpg\",\"datePublished\":\"2026-04-11T17:32:29+00:00\",\"author\":{\"@id\":\"https:\/\/portaltela.pt\/#\/schema\/person\/c4278d4a6028830caff9ee44b42d32ed\"},\"breadcrumb\":{\"@id\":\"https:\/\/portaltela.pt\/noticias\/2026\/04\/11\/camara-de-braga-aprova-requalificacao-da-zona-do-populo\/#breadcrumb\"},\"inLanguage\":\"pt-PT\",\"potentialAction\":[{\"@type\":\"ReadAction\",\"target\":[\"https:\/\/portaltela.pt\/noticias\/2026\/04\/11\/camara-de-braga-aprova-requalificacao-da-zona-do-populo\/\"]}]},{\"@type\":\"ImageObject\",\"inLanguage\":\"pt-PT\",\"@id\":\"https:\/\/portaltela.pt\/noticias\/2026\/04\/11\/camara-de-braga-aprova-requalificacao-da-zona-do-populo\/#primaryimage\",\"url\":\"https:\/\/portaltela.pt\/s.01k8rhncp4jt1\/2026\/04\/image-665.jpg\",\"contentUrl\":\"https:\/\/portaltela.pt\/s.01k8rhncp4jt1\/2026\/04\/image-665.jpg\",\"width\":796,\"height\":448,\"caption\":\"Interven\u00e7\u00e3o no espa\u00e7o p\u00fablico do P\u00f3pulo tem fundos europeus\"},{\"@type\":\"BreadcrumbList\",\"@id\":\"https:\/\/portaltela.pt\/noticias\/2026\/04\/11\/camara-de-braga-aprova-requalificacao-da-zona-do-populo\/#breadcrumb\",\"itemListElement\":[{\"@type\":\"ListItem\",\"position\":1,\"name\":\"In\u00edcio\",\"item\":\"https:\/\/portaltela.pt\/\"},{\"@type\":\"ListItem\",\"position\":2,\"name\":\"C\u00e2mara de Braga aprova requalifica\u00e7\u00e3o da zona do P\u00f3pulo\"}]},{\"@type\":\"WebSite\",\"@id\":\"https:\/\/portaltela.pt\/#website\",\"url\":\"https:\/\/portaltela.pt\/\",\"name\":\"Portal Tela Portugal\",\"description\":\"\",\"potentialAction\":[{\"@type\":\"SearchAction\",\"target\":{\"@type\":\"EntryPoint\",\"urlTemplate\":\"https:\/\/portaltela.pt\/?s={search_term_string}\"},\"query-input\":{\"@type\":\"PropertyValueSpecification\",\"valueRequired\":true,\"valueName\":\"search_term_string\"}}],\"inLanguage\":\"pt-PT\"},{\"@type\":\"Person\",\"@id\":\"https:\/\/portaltela.pt\/#\/schema\/person\/c4278d4a6028830caff9ee44b42d32ed\",\"name\":\"Telinha\",\"image\":{\"@type\":\"ImageObject\",\"inLanguage\":\"pt-PT\",\"@id\":\"https:\/\/portaltela.pt\/s.01k8rhncp4jt1\/2025\/11\/talking-bot-125x125.png\",\"url\":\"https:\/\/portaltela.pt\/s.01k8rhncp4jt1\/2025\/11\/talking-bot-125x125.png\",\"contentUrl\":\"https:\/\/portaltela.pt\/s.01k8rhncp4jt1\/2025\/11\/talking-bot-125x125.png\",\"caption\":\"Telinha\"},\"sameAs\":[\"https:\/\/portaltela.pt\/\"],\"url\":\"https:\/\/portaltela.pt\/por\/367410592786\/\"}]}<\/script>\n<!-- \/ Yoast SEO plugin. -->","yoast_head_json":{"title":"C\u00e2mara de Braga aprova requalifica\u00e7\u00e3o da zona do P\u00f3pulo - Portal Tela Portugal","robots":{"index":"index","follow":"follow","max-snippet":"max-snippet:-1","max-image-preview":"max-image-preview:large","max-video-preview":"max-video-preview:-1"},"og_locale":"pt_PT","og_type":"article","og_title":"C\u00e2mara de Braga aprova requalifica\u00e7\u00e3o da zona do P\u00f3pulo - Portal Tela Portugal","og_description":"C\u00e2mara de Braga prepara a adjudica\u00e7\u00e3o de 2,5 milh\u00f5es de euros \u00e0 empresa Alexandre Barbosa Borges para a requalifica\u00e7\u00e3o do espa\u00e7o p\u00fablico do P\u00f3pulo e vias envolventes, incluindo a fachada do Convento. O projeto j\u00e1 tinha sido chumbado em novembro. A decis\u00e3o ser\u00e1 discutida e votada na pr\u00f3xima reuni\u00e3o de verea\u00e7\u00e3o, marcada para segunda-feira. A interven\u00e7\u00e3o \u00e9 financiada com fundos europeus. O objetivo \u00e9 requalificar a zona do P\u00f3pulo e as vias envolventes.","og_url":"https:\/\/portaltela.pt\/noticias\/2026\/04\/11\/camara-de-braga-aprova-requalificacao-da-zona-do-populo\/","og_site_name":"Portal Tela Portugal","article_published_time":"2026-04-11T17:32:29+00:00","author":"Telinha","twitter_card":"summary_large_image","twitter_misc":{"Escrito por":"Telinha","Tempo estimado de leitura":"1 minuto"},"schema":{"@context":"https:\/\/schema.org","@graph":[{"@type":"Article","@id":"https:\/\/portaltela.pt\/noticias\/2026\/04\/11\/camara-de-braga-aprova-requalificacao-da-zona-do-populo\/#article","isPartOf":{"@id":"https:\/\/portaltela.pt\/noticias\/2026\/04\/11\/camara-de-braga-aprova-requalificacao-da-zona-do-populo\/"},"author":{"name":"Telinha","@id":"https:\/\/portaltela.pt\/#\/schema\/person\/c4278d4a6028830caff9ee44b42d32ed"},"headline":"C\u00e2mara de Braga aprova requalifica\u00e7\u00e3o da zona do P\u00f3pulo","datePublished":"2026-04-11T17:32:29+00:00","mainEntityOfPage":{"@id":"https:\/\/portaltela.pt\/noticias\/2026\/04\/11\/camara-de-braga-aprova-requalificacao-da-zona-do-populo\/"},"wordCount":232,"image":{"@id":"https:\/\/portaltela.pt\/noticias\/2026\/04\/11\/camara-de-braga-aprova-requalificacao-da-zona-do-populo\/#primaryimage"},"thumbnailUrl":"https:\/\/portaltela.pt\/s.01k8rhncp4jt1\/2026\/04\/image-665.jpg","keywords":["_economia","_meio-ambiente","arquitetura","desenvolvimento urbano","Espa\u00e7os p\u00fablicos","planeamento urbano"],"articleSection":["Comunidade","Not\u00edcias"],"inLanguage":"pt-PT"},{"@type":"WebPage","@id":"https:\/\/portaltela.pt\/noticias\/2026\/04\/11\/camara-de-braga-aprova-requalificacao-da-zona-do-populo\/","url":"https:\/\/portaltela.pt\/noticias\/2026\/04\/11\/camara-de-braga-aprova-requalificacao-da-zona-do-populo\/","name":"C\u00e2mara de Braga aprova requalifica\u00e7\u00e3o da zona do P\u00f3pulo - Portal Tela Portugal","isPartOf":{"@id":"https:\/\/portaltela.pt\/#website"},"primaryImageOfPage":{"@id":"https:\/\/portaltela.pt\/noticias\/2026\/04\/11\/camara-de-braga-aprova-requalificacao-da-zona-do-populo\/#primaryimage"},"image":{"@id":"https:\/\/portaltela.pt\/noticias\/2026\/04\/11\/camara-de-braga-aprova-requalificacao-da-zona-do-populo\/#primaryimage"},"thumbnailUrl":"https:\/\/portaltela.pt\/s.01k8rhncp4jt1\/2026\/04\/image-665.jpg","datePublished":"2026-04-11T17:32:29+00:00","author":{"@id":"https:\/\/portaltela.pt\/#\/schema\/person\/c4278d4a6028830caff9ee44b42d32ed"},"breadcrumb":{"@id":"https:\/\/portaltela.pt\/noticias\/2026\/04\/11\/camara-de-braga-aprova-requalificacao-da-zona-do-populo\/#breadcrumb"},"inLanguage":"pt-PT","potentialAction":[{"@type":"ReadAction","target":["https:\/\/portaltela.pt\/noticias\/2026\/04\/11\/camara-de-braga-aprova-requalificacao-da-zona-do-populo\/"]}]},{"@type":"ImageObject","inLanguage":"pt-PT","@id":"https:\/\/portaltela.pt\/noticias\/2026\/04\/11\/camara-de-braga-aprova-requalificacao-da-zona-do-populo\/#primaryimage","url":"https:\/\/portaltela.pt\/s.01k8rhncp4jt1\/2026\/04\/image-665.jpg","contentUrl":"https:\/\/portaltela.pt\/s.01k8rhncp4jt1\/2026\/04\/image-665.jpg","width":796,"height":448,"caption":"Interven\u00e7\u00e3o no espa\u00e7o p\u00fablico do P\u00f3pulo tem fundos europeus"},{"@type":"BreadcrumbList","@id":"https:\/\/portaltela.pt\/noticias\/2026\/04\/11\/camara-de-braga-aprova-requalificacao-da-zona-do-populo\/#breadcrumb","itemListElement":[{"@type":"ListItem","position":1,"name":"In\u00edcio","item":"https:\/\/portaltela.pt\/"},{"@type":"ListItem","position":2,"name":"C\u00e2mara de Braga aprova requalifica\u00e7\u00e3o da zona do P\u00f3pulo"}]},{"@type":"WebSite","@id":"https:\/\/portaltela.pt\/#website","url":"https:\/\/portaltela.pt\/","name":"Portal Tela Portugal","description":"","potentialAction":[{"@type":"SearchAction","target":{"@type":"EntryPoint","urlTemplate":"https:\/\/portaltela.pt\/?s={search_term_string}"},"query-input":{"@type":"PropertyValueSpecification","valueRequired":true,"valueName":"search_term_string"}}],"inLanguage":"pt-PT"},{"@type":"Person","@id":"https:\/\/portaltela.pt\/#\/schema\/person\/c4278d4a6028830caff9ee44b42d32ed","name":"Telinha","image":{"@type":"ImageObject","inLanguage":"pt-PT","@id":"https:\/\/portaltela.pt\/s.01k8rhncp4jt1\/2025\/11\/talking-bot-125x125.png","url":"https:\/\/portaltela.pt\/s.01k8rhncp4jt1\/2025\/11\/talking-bot-125x125.png","contentUrl":"https:\/\/portaltela.pt\/s.01k8rhncp4jt1\/2025\/11\/talking-bot-125x125.png","caption":"Telinha"},"sameAs":["https:\/\/portaltela.pt\/"],"url":"https:\/\/portaltela.pt\/por\/367410592786\/"}]}},"_links":{"self":[{"href":"https:\/\/portaltela.pt\/api\/wp\/v2\/posts\/440725","targetHints":{"allow":["GET"]}}],"collection":[{"href":"https:\/\/portaltela.pt\/api\/wp\/v2\/posts"}],"about":[{"href":"https:\/\/portaltela.pt\/api\/wp\/v2\/types\/post"}],"author":[{"embeddable":true,"href":"https:\/\/portaltela.pt\/api\/wp\/v2\/users\/2"}],"replies":[{"embeddable":true,"href":"https:\/\/portaltela.pt\/api\/wp\/v2\/comments?post=440725"}],"version-history":[{"count":0,"href":"https:\/\/portaltela.pt\/api\/wp\/v2\/posts\/440725\/revisions"}],"wp:featuredmedia":[{"embeddable":true,"href":"https:\/\/portaltela.pt\/api\/wp\/v2\/media\/440727"}],"wp:attachment":[{"href":"https:\/\/portaltela.pt\/api\/wp\/v2\/media?parent=440725"}],"wp:term":[{"taxonomy":"category","embeddable":true,"href":"https:\/\/portaltela.pt\/api\/wp\/v2\/categories?post=440725"},{"taxonomy":"post_tag","embeddable":true,"href":"https:\/\/portaltela.pt\/api\/wp\/v2\/tags?post=440725"}],"curies":[{"name":"wp","href":"https:\/\/api.w.org\/{rel}","templated":true}]}}